{"id":39184,"date":"2022-11-28T11:32:47","date_gmt":"2022-11-28T11:32:47","guid":{"rendered":"http:\/\/socialchangeschool.org\/28\/11\/2022\/sergio-vecchiarelli\/"},"modified":"2022-11-28T11:38:02","modified_gmt":"2022-11-28T11:38:02","slug":"sergio-vecchiarelli","status":"publish","type":"post","link":"https:\/\/www.socialchangeschool.org\/it\/28\/11\/2022\/sergio-vecchiarelli\/","title":{"rendered":"Sergio Vecchiarelli"},"content":{"rendered":"\t\t<div data-elementor-type=\"wp-post\" data-elementor-id=\"39184\" class=\"elementor elementor-39184 elementor-39176\" data-elementor-post-type=\"post\">\n\t\t\t\t\t\t<section class=\"elementor-section elementor-top-section elementor-element elementor-element-5a898344 elementor-section-boxed elementor-section-height-default elementor-section-height-default\" data-id=\"5a898344\" data-element_type=\"section\" data-e-type=\"section\">\n\t\t\t\t\t\t<div class=\"elementor-container elementor-column-gap-default\">\n\t\t\t\t\t<div class=\"elementor-column elementor-col-100 elementor-top-column elementor-element elementor-element-207873e2\" data-id=\"207873e2\" data-element_type=\"column\" data-e-type=\"column\">\n\t\t\t<div class=\"elementor-widget-wrap elementor-element-populated\">\n\t\t\t\t\t\t<div class=\"elementor-element elementor-element-5dafd24 elementor-flip-box--direction-down elementor-flip-box--3d elementor-flip-box--effect-flip elementor-widget elementor-widget-flip-box\" data-id=\"5dafd24\" data-element_type=\"widget\" data-e-type=\"widget\" data-widget_type=\"flip-box.default\">\n\t\t\t\t<div class=\"elementor-widget-container\">\n\t\t\t\t\t\t\t<div class=\"elementor-flip-box\" tabindex=\"0\">\n\t\t\t<div class=\"elementor-flip-box__layer elementor-flip-box__front\">\n\t\t\t\t<div class=\"elementor-flip-box__layer__overlay\">\n\t\t\t\t\t<div class=\"elementor-flip-box__layer__inner\">\n\t\t\t\t\t\t\n\t\t\t\t\t\t\t\t\t\t\t\t\t<h3 class=\"elementor-flip-box__layer__title\">\n\t\t\t\t\t\t\t\tSergio Vecchiarelli\t\t\t\t\t\t\t<\/h3>\n\t\t\t\t\t\t\n\t\t\t\t\t\t\t\t\t\t\t\t\t<div class=\"elementor-flip-box__layer__description\">\n\t\t\t\t\t\t\t\tBudgeting and Accounting, PMC\t\t\t\t\t\t\t<\/div>\n\t\t\t\t\t\t\t\t\t\t\t<\/div>\n\t\t\t\t<\/div>\n\t\t\t<\/div>\n\t\t\t<div class=\"elementor-flip-box__layer elementor-flip-box__back\">\n\t\t\t<div class=\"elementor-flip-box__layer__overlay\">\n\t\t\t\t<div class=\"elementor-flip-box__layer__inner\">\n\t\t\t\t\t\n\t\t\t\t\t\n\t\t\t\t\t\t\t\t<\/div>\n\t\t<\/div>\n\t\t<\/div>\n\t\t<\/div>\n\t\t\t\t\t\t<\/div>\n\t\t\t\t<\/div>\n\t\t\t\t<div class=\"elementor-element elementor-element-6760cb68 elementor-widget elementor-widget-text-editor\" data-id=\"6760cb68\" data-element_type=\"widget\" data-e-type=\"widget\" data-widget_type=\"text-editor.default\">\n\t\t\t\t<div class=\"elementor-widget-container\">\n\t\t\t\t\t\t\t\t\t<p>Laureato in Economia e Commercio, sin dai tempi universitari, \u00e8 sempre stato attratto dal mondo della cooperazione internazionale.<br \/> Laureato con una tesi sperimentale sull\u2019equilibrio gestionale delle ONG italiane, costruisce una piattaforma operativa basata sullo studio delle diversit\u00e0 e dei punti di contatto, utilizzando tecniche di gestione aziendale, tra le aziende profit e no profit.<\/p>\r\n<p>\u00c8 da sempre stato un sostenitore della necessit\u00e0, di un avvicinamento dei due mondi, per troppo tempo separati da una volont\u00e0 precisa, che segna il passo tra etica e profitto.<\/p>\r\n<p>Il percorso post universitario \u00e8 segnato da numerose partecipazioni a corsi di specializzazione sulla cooperazione internazionale e decentrata.<\/p>\r\n<p>Inizia la sua carriera nel 2002 con <strong>Ricerca e Cooperazione<\/strong>, come<strong> responsabile amministrativo<\/strong> dei <strong>progetti di educazione allo sviluppo<\/strong>, per poi passare a responsabile amministrativo dei <strong>progetti in America Latina<\/strong>. Ricoprir\u00e0 tale incarico per quattro anni, per poi ricoprire quello di\u00a0<strong>Direttore Amministrativo<\/strong>.<\/p>\r\n<p><strong>Dopo otto anni<\/strong>, costellati di missioni in Bolivia, Colombia, Argentina, Libano, Ghana e Malawi, <strong>decide di cambiare<\/strong> settore, passando <strong>dallo sviluppo<\/strong> a quello delle <strong>emergenze umanitarie<\/strong>.<\/p>\r\n<p>Nel 2010 entra a far parte dello staff di INTERSOS in qualit\u00e0 di responsabile del miglioramento dei processi amministrativi e dell\u2019informatizzazione degli stessi. Dopo due anni diventa Direttore Amministrativo Italia.<br \/> <strong>Dal 2014<\/strong> ricopre il ruolo di <strong>Direttore Amministrativo<\/strong>, sia dei processi in Italia sia delle attivit\u00e0 estere, fa parte della Segreteria Esecutiva di\u00a0<strong>INTERSOS<\/strong>, contribuendo al processo decisionale delle strategie generali dell\u2019Organizzazione.<\/p>\r\n<p>Il principio con cui guida la sua attivit\u00e0 lavorativa \u00e8 quello espresso compiutamente da Muhammad Yunus nel suo \u201cUn modo senza povert\u00e0\u201d: l\u2019implementazione di una qualsiasi attivit\u00e0 con finalit\u00e0 sociale deve essere concepita e condotta come una vera azienda, con prodotti, servizi, clienti, mercati, spese e ricavi, in grado di riuscire a recuperare completamente i propri costi, pena il suo fallimento, ma con l\u2019imperativo del vantaggio sociale al posto di quello della massimizzazione del profitto.<\/p>\t\t\t\t\t\t\t\t<\/div>\n\t\t\t\t<\/div>\n\t\t\t\t\t<\/div>\n\t\t<\/div>\n\t\t\t\t\t<\/div>\n\t\t<\/section>\n\t\t\t\t<\/div>\n\t\t","protected":false},"excerpt":{"rendered":"<p>Sergio Vecchiarelli Budgeting and Accounting, PMC Laureato in Economia e Commercio, sin dai tempi universitari, \u00e8 sempre stato attratto dal mondo della cooperazione internazionale. Laureato con una tesi sperimentale sull\u2019equilibrio gestionale delle ONG italiane, costruisce una piattaforma operativa basata sullo studio delle diversit\u00e0 e dei punti di contatto, utilizzando tecniche di gestione aziendale, tra le [&hellip;]<\/p>\n","protected":false},"author":2,"featured_media":39179,"comment_status":"closed","ping_status":"closed","sticky":false,"template":"","format":"standard","meta":{"site-sidebar-layout":"default","site-content-layout":"","ast-site-content-layout":"default","site-content-style":"default","site-sidebar-style":"default","ast-global-header-display":"","ast-banner-title-visibility":"","ast-main-header-display":"","ast-hfb-above-header-display":"","ast-hfb-below-header-display":"","ast-hfb-mobile-header-display":"","site-post-title":"","ast-breadcrumbs-content":"","ast-featured-img":"disabled","footer-sml-layout":"","ast-disable-related-posts":"","theme-transparent-header-meta":"","adv-header-id-meta":"","stick-header-meta":"","header-above-stick-meta":"","header-main-stick-meta":"","header-below-stick-meta":"","astra-migrate-meta-layouts":"default","ast-page-background-enabled":"default","ast-page-background-meta":{"desktop":{"background-color":"","background-image":"","background-repeat":"repeat","background-position":"center center","background-size":"auto","background-attachment":"scroll","background-type":"","background-media":"","overlay-type":"","overlay-color":"","overlay-opacity":"","overlay-gradient":""},"tablet":{"background-color":"","background-image":"","background-repeat":"repeat","background-position":"center center","background-size":"auto","background-attachment":"scroll","background-type":"","background-media":"","overlay-type":"","overlay-color":"","overlay-opacity":"","overlay-gradient":""},"mobile":{"background-color":"","background-image":"","background-repeat":"repeat","background-position":"center center","background-size":"auto","background-attachment":"scroll","background-type":"","background-media":"","overlay-type":"","overlay-color":"","overlay-opacity":"","overlay-gradient":""}},"ast-content-background-meta":{"desktop":{"background-color":"var(--ast-global-color-5)","background-image":"","background-repeat":"repeat","background-position":"center center","background-size":"auto","background-attachment":"scroll","background-type":"","background-media":"","overlay-type":"","overlay-color":"","overlay-opacity":"","overlay-gradient":""},"tablet":{"background-color":"var(--ast-global-color-5)","background-image":"","background-repeat":"repeat","background-position":"center center","background-size":"auto","background-attachment":"scroll","background-type":"","background-media":"","overlay-type":"","overlay-color":"","overlay-opacity":"","overlay-gradient":""},"mobile":{"background-color":"var(--ast-global-color-5)","background-image":"","background-repeat":"repeat","background-position":"center center","background-size":"auto","background-attachment":"scroll","background-type":"","background-media":"","overlay-type":"","overlay-color":"","overlay-opacity":"","overlay-gradient":""}},"footnotes":""},"categories":[275],"tags":[267,248,146],"class_list":["post-39184","post","type-post","status-publish","format-standard","has-post-thumbnail","hentry","category-scs-docente-it","tag-budgeting-and-accounting-it","tag-docente-it","tag-pmc-it"],"yoast_head":"<!-- This site is optimized with the Yoast SEO Premium plugin v27.2 (Yoast SEO v27.5) - https:\/\/yoast.com\/product\/yoast-seo-premium-wordpress\/ -->\n<title>Sergio Vecchiarelli - SocialChangeSchool<\/title>\n<meta name=\"description\" content=\"Inizia la sua carriera con Ricerca e Cooperazione, come responsabile amministrativo dei progetti di educazione allo sviluppo, entra in INTERSOS nel 2010.\" \/>\n<meta name=\"robots\" content=\"index, follow, max-snippet:-1, max-image-preview:large, max-video-preview:-1\" \/>\n<link rel=\"canonical\" href=\"https:\/\/www.socialchangeschool.org\/it\/28\/11\/2022\/sergio-vecchiarelli\/\" \/>\n<meta property=\"og:locale\" content=\"it_IT\" \/>\n<meta property=\"og:type\" content=\"article\" \/>\n<meta property=\"og:title\" content=\"Sergio Vecchiarelli\" \/>\n<meta property=\"og:description\" content=\"Inizia la sua carriera con Ricerca e Cooperazione, come responsabile amministrativo dei progetti di educazione allo sviluppo, entra in INTERSOS nel 2010.\" \/>\n<meta property=\"og:url\" content=\"https:\/\/www.socialchangeschool.org\/it\/28\/11\/2022\/sergio-vecchiarelli\/\" \/>\n<meta property=\"og:site_name\" content=\"SocialChangeSchool\" \/>\n<meta property=\"article:published_time\" content=\"2022-11-28T11:32:47+00:00\" \/>\n<meta property=\"article:modified_time\" content=\"2022-11-28T11:38:02+00:00\" \/>\n<meta property=\"og:image\" content=\"https:\/\/www.socialchangeschool.org\/wp-content\/uploads\/2022\/11\/SCS-Docente-Sergio-Vecchiarelli.jpg\" \/>\n\t<meta property=\"og:image:width\" content=\"632\" \/>\n\t<meta property=\"og:image:height\" content=\"632\" \/>\n\t<meta property=\"og:image:type\" content=\"image\/jpeg\" \/>\n<meta name=\"author\" content=\"Laura Reiss\" \/>\n<meta name=\"twitter:card\" content=\"summary_large_image\" \/>\n<meta name=\"twitter:label1\" content=\"Scritto da\" \/>\n\t<meta name=\"twitter:data1\" content=\"Laura Reiss\" \/>\n\t<meta name=\"twitter:label2\" content=\"Tempo di lettura stimato\" \/>\n\t<meta name=\"twitter:data2\" content=\"2 minuti\" \/>\n<script type=\"application\/ld+json\" class=\"yoast-schema-graph\">{\"@context\":\"https:\\\/\\\/schema.org\",\"@graph\":[{\"@type\":\"Article\",\"@id\":\"https:\\\/\\\/www.socialchangeschool.org\\\/it\\\/28\\\/11\\\/2022\\\/sergio-vecchiarelli\\\/#article\",\"isPartOf\":{\"@id\":\"https:\\\/\\\/www.socialchangeschool.org\\\/it\\\/28\\\/11\\\/2022\\\/sergio-vecchiarelli\\\/\"},\"author\":{\"name\":\"Laura Reiss\",\"@id\":\"https:\\\/\\\/www.socialchangeschool.org\\\/it\\\/#\\\/schema\\\/person\\\/830e0c463a7c51633e79f9b14aadf794\"},\"headline\":\"Sergio Vecchiarelli\",\"datePublished\":\"2022-11-28T11:32:47+00:00\",\"dateModified\":\"2022-11-28T11:38:02+00:00\",\"mainEntityOfPage\":{\"@id\":\"https:\\\/\\\/www.socialchangeschool.org\\\/it\\\/28\\\/11\\\/2022\\\/sergio-vecchiarelli\\\/\"},\"wordCount\":314,\"publisher\":{\"@id\":\"https:\\\/\\\/www.socialchangeschool.org\\\/it\\\/#organization\"},\"image\":{\"@id\":\"https:\\\/\\\/www.socialchangeschool.org\\\/it\\\/28\\\/11\\\/2022\\\/sergio-vecchiarelli\\\/#primaryimage\"},\"thumbnailUrl\":\"https:\\\/\\\/www.socialchangeschool.org\\\/wp-content\\\/uploads\\\/2022\\\/11\\\/SCS-Docente-Sergio-Vecchiarelli.jpg\",\"keywords\":[\"Budgeting and Accounting\",\"Docente\",\"PMC\"],\"articleSection\":[\"SCS - Docente\"],\"inLanguage\":\"it-IT\"},{\"@type\":\"WebPage\",\"@id\":\"https:\\\/\\\/www.socialchangeschool.org\\\/it\\\/28\\\/11\\\/2022\\\/sergio-vecchiarelli\\\/\",\"url\":\"https:\\\/\\\/www.socialchangeschool.org\\\/it\\\/28\\\/11\\\/2022\\\/sergio-vecchiarelli\\\/\",\"name\":\"Sergio Vecchiarelli - SocialChangeSchool\",\"isPartOf\":{\"@id\":\"https:\\\/\\\/www.socialchangeschool.org\\\/it\\\/#website\"},\"primaryImageOfPage\":{\"@id\":\"https:\\\/\\\/www.socialchangeschool.org\\\/it\\\/28\\\/11\\\/2022\\\/sergio-vecchiarelli\\\/#primaryimage\"},\"image\":{\"@id\":\"https:\\\/\\\/www.socialchangeschool.org\\\/it\\\/28\\\/11\\\/2022\\\/sergio-vecchiarelli\\\/#primaryimage\"},\"thumbnailUrl\":\"https:\\\/\\\/www.socialchangeschool.org\\\/wp-content\\\/uploads\\\/2022\\\/11\\\/SCS-Docente-Sergio-Vecchiarelli.jpg\",\"datePublished\":\"2022-11-28T11:32:47+00:00\",\"dateModified\":\"2022-11-28T11:38:02+00:00\",\"description\":\"Inizia la sua carriera con Ricerca e Cooperazione, come responsabile amministrativo dei progetti di educazione allo sviluppo, entra in INTERSOS nel 2010.\",\"breadcrumb\":{\"@id\":\"https:\\\/\\\/www.socialchangeschool.org\\\/it\\\/28\\\/11\\\/2022\\\/sergio-vecchiarelli\\\/#breadcrumb\"},\"inLanguage\":\"it-IT\",\"potentialAction\":[{\"@type\":\"ReadAction\",\"target\":[\"https:\\\/\\\/www.socialchangeschool.org\\\/it\\\/28\\\/11\\\/2022\\\/sergio-vecchiarelli\\\/\"]}]},{\"@type\":\"ImageObject\",\"inLanguage\":\"it-IT\",\"@id\":\"https:\\\/\\\/www.socialchangeschool.org\\\/it\\\/28\\\/11\\\/2022\\\/sergio-vecchiarelli\\\/#primaryimage\",\"url\":\"https:\\\/\\\/www.socialchangeschool.org\\\/wp-content\\\/uploads\\\/2022\\\/11\\\/SCS-Docente-Sergio-Vecchiarelli.jpg\",\"contentUrl\":\"https:\\\/\\\/www.socialchangeschool.org\\\/wp-content\\\/uploads\\\/2022\\\/11\\\/SCS-Docente-Sergio-Vecchiarelli.jpg\",\"width\":632,\"height\":632,\"caption\":\"SCS - Docente - Sergio Vecchiarelli\"},{\"@type\":\"BreadcrumbList\",\"@id\":\"https:\\\/\\\/www.socialchangeschool.org\\\/it\\\/28\\\/11\\\/2022\\\/sergio-vecchiarelli\\\/#breadcrumb\",\"itemListElement\":[{\"@type\":\"ListItem\",\"position\":1,\"name\":\"Home\",\"item\":\"https:\\\/\\\/www.socialchangeschool.org\\\/it\\\/\"},{\"@type\":\"ListItem\",\"position\":2,\"name\":\"Sergio Vecchiarelli\"}]},{\"@type\":\"WebSite\",\"@id\":\"https:\\\/\\\/www.socialchangeschool.org\\\/it\\\/#website\",\"url\":\"https:\\\/\\\/www.socialchangeschool.org\\\/it\\\/\",\"name\":\"Social Change School\",\"description\":\"worldwide leader for training, connecting and certificating all professionals of Non Profit sector\",\"publisher\":{\"@id\":\"https:\\\/\\\/www.socialchangeschool.org\\\/it\\\/#organization\"},\"alternateName\":\"Leverage of Social Change transformational training institution\",\"potentialAction\":[{\"@type\":\"SearchAction\",\"target\":{\"@type\":\"EntryPoint\",\"urlTemplate\":\"https:\\\/\\\/www.socialchangeschool.org\\\/it\\\/?s={search_term_string}\"},\"query-input\":{\"@type\":\"PropertyValueSpecification\",\"valueRequired\":true,\"valueName\":\"search_term_string\"}}],\"inLanguage\":\"it-IT\"},{\"@type\":\"Organization\",\"@id\":\"https:\\\/\\\/www.socialchangeschool.org\\\/it\\\/#organization\",\"name\":\"Social Change School\",\"alternateName\":\"worldwide leader for training, connecting and certificating all professionals\",\"url\":\"https:\\\/\\\/www.socialchangeschool.org\\\/it\\\/\",\"logo\":{\"@type\":\"ImageObject\",\"inLanguage\":\"it-IT\",\"@id\":\"https:\\\/\\\/www.socialchangeschool.org\\\/it\\\/#\\\/schema\\\/logo\\\/image\\\/\",\"url\":\"https:\\\/\\\/www.socialchangeschool.org\\\/wp-content\\\/uploads\\\/2022\\\/06\\\/Logo-SocialChangeSchool.png\",\"contentUrl\":\"https:\\\/\\\/www.socialchangeschool.org\\\/wp-content\\\/uploads\\\/2022\\\/06\\\/Logo-SocialChangeSchool.png\",\"width\":1721,\"height\":1721,\"caption\":\"Social Change School\"},\"image\":{\"@id\":\"https:\\\/\\\/www.socialchangeschool.org\\\/it\\\/#\\\/schema\\\/logo\\\/image\\\/\"}},{\"@type\":\"Person\",\"@id\":\"https:\\\/\\\/www.socialchangeschool.org\\\/it\\\/#\\\/schema\\\/person\\\/830e0c463a7c51633e79f9b14aadf794\",\"name\":\"Laura Reiss\",\"url\":\"https:\\\/\\\/www.socialchangeschool.org\\\/it\\\/author\\\/ghost\\\/\"}]}<\/script>\n<!-- \/ Yoast SEO Premium plugin. -->","yoast_head_json":{"title":"Sergio Vecchiarelli - SocialChangeSchool","description":"Inizia la sua carriera con Ricerca e Cooperazione, come responsabile amministrativo dei progetti di educazione allo sviluppo, entra in INTERSOS nel 2010.","robots":{"index":"index","follow":"follow","max-snippet":"max-snippet:-1","max-image-preview":"max-image-preview:large","max-video-preview":"max-video-preview:-1"},"canonical":"https:\/\/www.socialchangeschool.org\/it\/28\/11\/2022\/sergio-vecchiarelli\/","og_locale":"it_IT","og_type":"article","og_title":"Sergio Vecchiarelli","og_description":"Inizia la sua carriera con Ricerca e Cooperazione, come responsabile amministrativo dei progetti di educazione allo sviluppo, entra in INTERSOS nel 2010.","og_url":"https:\/\/www.socialchangeschool.org\/it\/28\/11\/2022\/sergio-vecchiarelli\/","og_site_name":"SocialChangeSchool","article_published_time":"2022-11-28T11:32:47+00:00","article_modified_time":"2022-11-28T11:38:02+00:00","og_image":[{"width":632,"height":632,"url":"https:\/\/www.socialchangeschool.org\/wp-content\/uploads\/2022\/11\/SCS-Docente-Sergio-Vecchiarelli.jpg","type":"image\/jpeg"}],"author":"Laura Reiss","twitter_card":"summary_large_image","twitter_misc":{"Scritto da":"Laura Reiss","Tempo di lettura stimato":"2 minuti"},"schema":{"@context":"https:\/\/schema.org","@graph":[{"@type":"Article","@id":"https:\/\/www.socialchangeschool.org\/it\/28\/11\/2022\/sergio-vecchiarelli\/#article","isPartOf":{"@id":"https:\/\/www.socialchangeschool.org\/it\/28\/11\/2022\/sergio-vecchiarelli\/"},"author":{"name":"Laura Reiss","@id":"https:\/\/www.socialchangeschool.org\/it\/#\/schema\/person\/830e0c463a7c51633e79f9b14aadf794"},"headline":"Sergio Vecchiarelli","datePublished":"2022-11-28T11:32:47+00:00","dateModified":"2022-11-28T11:38:02+00:00","mainEntityOfPage":{"@id":"https:\/\/www.socialchangeschool.org\/it\/28\/11\/2022\/sergio-vecchiarelli\/"},"wordCount":314,"publisher":{"@id":"https:\/\/www.socialchangeschool.org\/it\/#organization"},"image":{"@id":"https:\/\/www.socialchangeschool.org\/it\/28\/11\/2022\/sergio-vecchiarelli\/#primaryimage"},"thumbnailUrl":"https:\/\/www.socialchangeschool.org\/wp-content\/uploads\/2022\/11\/SCS-Docente-Sergio-Vecchiarelli.jpg","keywords":["Budgeting and Accounting","Docente","PMC"],"articleSection":["SCS - Docente"],"inLanguage":"it-IT"},{"@type":"WebPage","@id":"https:\/\/www.socialchangeschool.org\/it\/28\/11\/2022\/sergio-vecchiarelli\/","url":"https:\/\/www.socialchangeschool.org\/it\/28\/11\/2022\/sergio-vecchiarelli\/","name":"Sergio Vecchiarelli - SocialChangeSchool","isPartOf":{"@id":"https:\/\/www.socialchangeschool.org\/it\/#website"},"primaryImageOfPage":{"@id":"https:\/\/www.socialchangeschool.org\/it\/28\/11\/2022\/sergio-vecchiarelli\/#primaryimage"},"image":{"@id":"https:\/\/www.socialchangeschool.org\/it\/28\/11\/2022\/sergio-vecchiarelli\/#primaryimage"},"thumbnailUrl":"https:\/\/www.socialchangeschool.org\/wp-content\/uploads\/2022\/11\/SCS-Docente-Sergio-Vecchiarelli.jpg","datePublished":"2022-11-28T11:32:47+00:00","dateModified":"2022-11-28T11:38:02+00:00","description":"Inizia la sua carriera con Ricerca e Cooperazione, come responsabile amministrativo dei progetti di educazione allo sviluppo, entra in INTERSOS nel 2010.","breadcrumb":{"@id":"https:\/\/www.socialchangeschool.org\/it\/28\/11\/2022\/sergio-vecchiarelli\/#breadcrumb"},"inLanguage":"it-IT","potentialAction":[{"@type":"ReadAction","target":["https:\/\/www.socialchangeschool.org\/it\/28\/11\/2022\/sergio-vecchiarelli\/"]}]},{"@type":"ImageObject","inLanguage":"it-IT","@id":"https:\/\/www.socialchangeschool.org\/it\/28\/11\/2022\/sergio-vecchiarelli\/#primaryimage","url":"https:\/\/www.socialchangeschool.org\/wp-content\/uploads\/2022\/11\/SCS-Docente-Sergio-Vecchiarelli.jpg","contentUrl":"https:\/\/www.socialchangeschool.org\/wp-content\/uploads\/2022\/11\/SCS-Docente-Sergio-Vecchiarelli.jpg","width":632,"height":632,"caption":"SCS - Docente - Sergio Vecchiarelli"},{"@type":"BreadcrumbList","@id":"https:\/\/www.socialchangeschool.org\/it\/28\/11\/2022\/sergio-vecchiarelli\/#breadcrumb","itemListElement":[{"@type":"ListItem","position":1,"name":"Home","item":"https:\/\/www.socialchangeschool.org\/it\/"},{"@type":"ListItem","position":2,"name":"Sergio Vecchiarelli"}]},{"@type":"WebSite","@id":"https:\/\/www.socialchangeschool.org\/it\/#website","url":"https:\/\/www.socialchangeschool.org\/it\/","name":"Social Change School","description":"worldwide leader for training, connecting and certificating all professionals of Non Profit sector","publisher":{"@id":"https:\/\/www.socialchangeschool.org\/it\/#organization"},"alternateName":"Leverage of Social Change transformational training institution","potentialAction":[{"@type":"SearchAction","target":{"@type":"EntryPoint","urlTemplate":"https:\/\/www.socialchangeschool.org\/it\/?s={search_term_string}"},"query-input":{"@type":"PropertyValueSpecification","valueRequired":true,"valueName":"search_term_string"}}],"inLanguage":"it-IT"},{"@type":"Organization","@id":"https:\/\/www.socialchangeschool.org\/it\/#organization","name":"Social Change School","alternateName":"worldwide leader for training, connecting and certificating all professionals","url":"https:\/\/www.socialchangeschool.org\/it\/","logo":{"@type":"ImageObject","inLanguage":"it-IT","@id":"https:\/\/www.socialchangeschool.org\/it\/#\/schema\/logo\/image\/","url":"https:\/\/www.socialchangeschool.org\/wp-content\/uploads\/2022\/06\/Logo-SocialChangeSchool.png","contentUrl":"https:\/\/www.socialchangeschool.org\/wp-content\/uploads\/2022\/06\/Logo-SocialChangeSchool.png","width":1721,"height":1721,"caption":"Social Change School"},"image":{"@id":"https:\/\/www.socialchangeschool.org\/it\/#\/schema\/logo\/image\/"}},{"@type":"Person","@id":"https:\/\/www.socialchangeschool.org\/it\/#\/schema\/person\/830e0c463a7c51633e79f9b14aadf794","name":"Laura Reiss","url":"https:\/\/www.socialchangeschool.org\/it\/author\/ghost\/"}]}},"_links":{"self":[{"href":"https:\/\/www.socialchangeschool.org\/it\/wp-json\/wp\/v2\/posts\/39184","targetHints":{"allow":["GET"]}}],"collection":[{"href":"https:\/\/www.socialchangeschool.org\/it\/wp-json\/wp\/v2\/posts"}],"about":[{"href":"https:\/\/www.socialchangeschool.org\/it\/wp-json\/wp\/v2\/types\/post"}],"author":[{"embeddable":true,"href":"https:\/\/www.socialchangeschool.org\/it\/wp-json\/wp\/v2\/users\/2"}],"replies":[{"embeddable":true,"href":"https:\/\/www.socialchangeschool.org\/it\/wp-json\/wp\/v2\/comments?post=39184"}],"version-history":[{"count":0,"href":"https:\/\/www.socialchangeschool.org\/it\/wp-json\/wp\/v2\/posts\/39184\/revisions"}],"wp:featuredmedia":[{"embeddable":true,"href":"https:\/\/www.socialchangeschool.org\/it\/wp-json\/wp\/v2\/media\/39179"}],"wp:attachment":[{"href":"https:\/\/www.socialchangeschool.org\/it\/wp-json\/wp\/v2\/media?parent=39184"}],"wp:term":[{"taxonomy":"category","embeddable":true,"href":"https:\/\/www.socialchangeschool.org\/it\/wp-json\/wp\/v2\/categories?post=39184"},{"taxonomy":"post_tag","embeddable":true,"href":"https:\/\/www.socialchangeschool.org\/it\/wp-json\/wp\/v2\/tags?post=39184"}],"curies":[{"name":"wp","href":"https:\/\/api.w.org\/{rel}","templated":true}]}}