{"id":38442,"date":"2020-05-13T09:39:37","date_gmt":"2020-05-13T09:39:37","guid":{"rendered":"http:\/\/socialchangeschool.org\/13\/05\/2020\/blog-de-il-fatto-quotidiano-m-crescenzi-coronavirus-il-futuro-e-new-global\/"},"modified":"2020-05-13T09:39:37","modified_gmt":"2020-05-13T09:39:37","slug":"blog-de-il-fatto-quotidiano-m-crescenzi-coronavirus-il-futuro-e-new-global","status":"publish","type":"post","link":"https:\/\/www.socialchangeschool.org\/it\/13\/05\/2020\/blog-de-il-fatto-quotidiano-m-crescenzi-coronavirus-il-futuro-e-new-global\/","title":{"rendered":"Blog de Il Fatto Quotidiano-M. Crescenzi: Coronavirus, il futuro \u00e8 &#8220;new global&#8221;"},"content":{"rendered":"<p><span><a href=\"https:\/\/www.socialchangeschool.org\/it\/faculty\/marco-crescenzi\/\" target=\"_blank\" rel=\"noopener\"><strong>Marco Crescenzi<\/strong><\/a>, Presidente di Social Change School, nel suo articolo comparso su <strong>Il Fatto Quotidiano<\/strong> ci pone davanti a un forte impeto: \u201cora il futuro \u00e8 nelle nostre mani: l\u2019unica strada da seguire \u00e8 un &#8220;new global&#8221;. Terminato il lockdown fisico, deve concludersi anche quello mentale e culturale. Quindi, qual \u00e8 il mondo che ci aspetta? E&#8217; quello delle scelte consapevoli, fatte con la coscienza che ci\u00f2 che si decide oggi avr\u00e0 un grandissimo impatto nel futuro. <\/span><\/p>\n<p>Leggi l&#8217;articolo sul Blog de Il Fatto Quotidiano e scopri di pi\u00f9:\u00a0<b>&#8220;<a href=\"https:\/\/www.ilfattoquotidiano.it\/2020\/05\/05\/coronavirus-ora-il-futuro-e-nelle-nostre-mani-lunica-strada-da-seguire-e-un-new-global\/5790519\/\" target=\"_blank\" rel=\"noopener\">Coronavirus, ora il futuro \u00e8 nelle nostre mani: l\u2019unica strada da seguire \u00e8 un \u2018new global\u2019<\/a>&#8220;<\/b><\/p>\n","protected":false},"excerpt":{"rendered":"<p>Marco Crescenzi, Presidente di Social Change School, nel suo articolo comparso su Il Fatto Quotidiano ci pone davanti a un forte impeto: \u201cora il futuro \u00e8 nelle nostre mani: l\u2019unica strada da seguire \u00e8 un &#8220;new global&#8221;. Terminato il lockdown fisico, deve concludersi anche quello mentale e culturale. Quindi, qual \u00e8 il mondo che ci [&hellip;]<\/p>\n","protected":false},"author":2,"featured_media":2352,"comment_status":"closed","ping_status":"closed","sticky":false,"template":"","format":"standard","meta":{"site-sidebar-layout":"default","site-content-layout":"","ast-site-content-layout":"default","site-content-style":"default","site-sidebar-style":"default","ast-global-header-display":"","ast-banner-title-visibility":"","ast-main-header-display":"","ast-hfb-above-header-display":"","ast-hfb-below-header-display":"","ast-hfb-mobile-header-display":"","site-post-title":"","ast-breadcrumbs-content":"","ast-featured-img":"","footer-sml-layout":"","ast-disable-related-posts":"","theme-transparent-header-meta":"","adv-header-id-meta":"","stick-header-meta":"","header-above-stick-meta":"","header-main-stick-meta":"","header-below-stick-meta":"","astra-migrate-meta-layouts":"default","ast-page-background-enabled":"default","ast-page-background-meta":{"desktop":{"background-color":"","background-image":"","background-repeat":"repeat","background-position":"center center","background-size":"auto","background-attachment":"scroll","background-type":"","background-media":"","overlay-type":"","overlay-color":"","overlay-opacity":"","overlay-gradient":""},"tablet":{"background-color":"","background-image":"","background-repeat":"repeat","background-position":"center center","background-size":"auto","background-attachment":"scroll","background-type":"","background-media":"","overlay-type":"","overlay-color":"","overlay-opacity":"","overlay-gradient":""},"mobile":{"background-color":"","background-image":"","background-repeat":"repeat","background-position":"center center","background-size":"auto","background-attachment":"scroll","background-type":"","background-media":"","overlay-type":"","overlay-color":"","overlay-opacity":"","overlay-gradient":""}},"ast-content-background-meta":{"desktop":{"background-color":"var(--ast-global-color-5)","background-image":"","background-repeat":"repeat","background-position":"center center","background-size":"auto","background-attachment":"scroll","background-type":"","background-media":"","overlay-type":"","overlay-color":"","overlay-opacity":"","overlay-gradient":""},"tablet":{"background-color":"var(--ast-global-color-5)","background-image":"","background-repeat":"repeat","background-position":"center center","background-size":"auto","background-attachment":"scroll","background-type":"","background-media":"","overlay-type":"","overlay-color":"","overlay-opacity":"","overlay-gradient":""},"mobile":{"background-color":"var(--ast-global-color-5)","background-image":"","background-repeat":"repeat","background-position":"center center","background-size":"auto","background-attachment":"scroll","background-type":"","background-media":"","overlay-type":"","overlay-color":"","overlay-opacity":"","overlay-gradient":""}},"footnotes":""},"categories":[117],"tags":[],"class_list":["post-38442","post","type-post","status-publish","format-standard","has-post-thumbnail","hentry","category-news-it"],"yoast_head":"<!-- This site is optimized with the Yoast SEO Premium plugin v27.2 (Yoast SEO v27.5) - https:\/\/yoast.com\/product\/yoast-seo-premium-wordpress\/ -->\n<title>Blog de Il Fatto Quotidiano-M. Crescenzi: Coronavirus, il futuro \u00e8 &quot;new global&quot; - SocialChangeSchool<\/title>\n<meta name=\"robots\" content=\"index, follow, max-snippet:-1, max-image-preview:large, max-video-preview:-1\" \/>\n<link rel=\"canonical\" href=\"https:\/\/www.socialchangeschool.org\/it\/13\/05\/2020\/blog-de-il-fatto-quotidiano-m-crescenzi-coronavirus-il-futuro-e-new-global\/\" \/>\n<meta property=\"og:locale\" content=\"it_IT\" \/>\n<meta property=\"og:type\" content=\"article\" \/>\n<meta property=\"og:title\" content=\"Blog de Il Fatto Quotidiano-M. Crescenzi: Coronavirus, il futuro \u00e8 &quot;new global&quot;\" \/>\n<meta property=\"og:description\" content=\"Marco Crescenzi, Presidente di Social Change School, nel suo articolo comparso su Il Fatto Quotidiano ci pone davanti a un forte impeto: \u201cora il futuro \u00e8 nelle nostre mani: l\u2019unica strada da seguire \u00e8 un &#8220;new global&#8221;. Terminato il lockdown fisico, deve concludersi anche quello mentale e culturale. Quindi, qual \u00e8 il mondo che ci [&hellip;]\" \/>\n<meta property=\"og:url\" content=\"https:\/\/www.socialchangeschool.org\/it\/13\/05\/2020\/blog-de-il-fatto-quotidiano-m-crescenzi-coronavirus-il-futuro-e-new-global\/\" \/>\n<meta property=\"og:site_name\" content=\"SocialChangeSchool\" \/>\n<meta property=\"article:published_time\" content=\"2020-05-13T09:39:37+00:00\" \/>\n<meta property=\"og:image\" content=\"https:\/\/www.socialchangeschool.org\/wp-content\/uploads\/2022\/08\/climate-posters-fight-outdoors-2990612.jpg\" \/>\n\t<meta property=\"og:image:width\" content=\"1200\" \/>\n\t<meta property=\"og:image:height\" content=\"689\" \/>\n\t<meta property=\"og:image:type\" content=\"image\/jpeg\" \/>\n<meta name=\"author\" content=\"Laura Reiss\" \/>\n<meta name=\"twitter:card\" content=\"summary_large_image\" \/>\n<meta name=\"twitter:label1\" content=\"Scritto da\" \/>\n\t<meta name=\"twitter:data1\" content=\"Laura Reiss\" \/>\n\t<meta name=\"twitter:label2\" content=\"Tempo di lettura stimato\" \/>\n\t<meta name=\"twitter:data2\" content=\"1 minuto\" \/>\n<script type=\"application\/ld+json\" class=\"yoast-schema-graph\">{\"@context\":\"https:\\\/\\\/schema.org\",\"@graph\":[{\"@type\":\"Article\",\"@id\":\"https:\\\/\\\/www.socialchangeschool.org\\\/it\\\/13\\\/05\\\/2020\\\/blog-de-il-fatto-quotidiano-m-crescenzi-coronavirus-il-futuro-e-new-global\\\/#article\",\"isPartOf\":{\"@id\":\"https:\\\/\\\/www.socialchangeschool.org\\\/it\\\/13\\\/05\\\/2020\\\/blog-de-il-fatto-quotidiano-m-crescenzi-coronavirus-il-futuro-e-new-global\\\/\"},\"author\":{\"name\":\"Laura Reiss\",\"@id\":\"https:\\\/\\\/www.socialchangeschool.org\\\/it\\\/#\\\/schema\\\/person\\\/830e0c463a7c51633e79f9b14aadf794\"},\"headline\":\"Blog de Il Fatto Quotidiano-M. Crescenzi: Coronavirus, il futuro \u00e8 &#8220;new global&#8221;\",\"datePublished\":\"2020-05-13T09:39:37+00:00\",\"mainEntityOfPage\":{\"@id\":\"https:\\\/\\\/www.socialchangeschool.org\\\/it\\\/13\\\/05\\\/2020\\\/blog-de-il-fatto-quotidiano-m-crescenzi-coronavirus-il-futuro-e-new-global\\\/\"},\"wordCount\":114,\"publisher\":{\"@id\":\"https:\\\/\\\/www.socialchangeschool.org\\\/it\\\/#organization\"},\"image\":{\"@id\":\"https:\\\/\\\/www.socialchangeschool.org\\\/it\\\/13\\\/05\\\/2020\\\/blog-de-il-fatto-quotidiano-m-crescenzi-coronavirus-il-futuro-e-new-global\\\/#primaryimage\"},\"thumbnailUrl\":\"https:\\\/\\\/www.socialchangeschool.org\\\/wp-content\\\/uploads\\\/2022\\\/08\\\/climate-posters-fight-outdoors-2990612.jpg\",\"articleSection\":[\"News\"],\"inLanguage\":\"it-IT\"},{\"@type\":\"WebPage\",\"@id\":\"https:\\\/\\\/www.socialchangeschool.org\\\/it\\\/13\\\/05\\\/2020\\\/blog-de-il-fatto-quotidiano-m-crescenzi-coronavirus-il-futuro-e-new-global\\\/\",\"url\":\"https:\\\/\\\/www.socialchangeschool.org\\\/it\\\/13\\\/05\\\/2020\\\/blog-de-il-fatto-quotidiano-m-crescenzi-coronavirus-il-futuro-e-new-global\\\/\",\"name\":\"Blog de Il Fatto Quotidiano-M. Crescenzi: Coronavirus, il futuro \u00e8 \\\"new global\\\" - SocialChangeSchool\",\"isPartOf\":{\"@id\":\"https:\\\/\\\/www.socialchangeschool.org\\\/it\\\/#website\"},\"primaryImageOfPage\":{\"@id\":\"https:\\\/\\\/www.socialchangeschool.org\\\/it\\\/13\\\/05\\\/2020\\\/blog-de-il-fatto-quotidiano-m-crescenzi-coronavirus-il-futuro-e-new-global\\\/#primaryimage\"},\"image\":{\"@id\":\"https:\\\/\\\/www.socialchangeschool.org\\\/it\\\/13\\\/05\\\/2020\\\/blog-de-il-fatto-quotidiano-m-crescenzi-coronavirus-il-futuro-e-new-global\\\/#primaryimage\"},\"thumbnailUrl\":\"https:\\\/\\\/www.socialchangeschool.org\\\/wp-content\\\/uploads\\\/2022\\\/08\\\/climate-posters-fight-outdoors-2990612.jpg\",\"datePublished\":\"2020-05-13T09:39:37+00:00\",\"breadcrumb\":{\"@id\":\"https:\\\/\\\/www.socialchangeschool.org\\\/it\\\/13\\\/05\\\/2020\\\/blog-de-il-fatto-quotidiano-m-crescenzi-coronavirus-il-futuro-e-new-global\\\/#breadcrumb\"},\"inLanguage\":\"it-IT\",\"potentialAction\":[{\"@type\":\"ReadAction\",\"target\":[\"https:\\\/\\\/www.socialchangeschool.org\\\/it\\\/13\\\/05\\\/2020\\\/blog-de-il-fatto-quotidiano-m-crescenzi-coronavirus-il-futuro-e-new-global\\\/\"]}]},{\"@type\":\"ImageObject\",\"inLanguage\":\"it-IT\",\"@id\":\"https:\\\/\\\/www.socialchangeschool.org\\\/it\\\/13\\\/05\\\/2020\\\/blog-de-il-fatto-quotidiano-m-crescenzi-coronavirus-il-futuro-e-new-global\\\/#primaryimage\",\"url\":\"https:\\\/\\\/www.socialchangeschool.org\\\/wp-content\\\/uploads\\\/2022\\\/08\\\/climate-posters-fight-outdoors-2990612.jpg\",\"contentUrl\":\"https:\\\/\\\/www.socialchangeschool.org\\\/wp-content\\\/uploads\\\/2022\\\/08\\\/climate-posters-fight-outdoors-2990612.jpg\",\"width\":1200,\"height\":689,\"caption\":\"Blog de Il Fatto Quotidiano-M. Crescenzi: Coronavirus\"},{\"@type\":\"BreadcrumbList\",\"@id\":\"https:\\\/\\\/www.socialchangeschool.org\\\/it\\\/13\\\/05\\\/2020\\\/blog-de-il-fatto-quotidiano-m-crescenzi-coronavirus-il-futuro-e-new-global\\\/#breadcrumb\",\"itemListElement\":[{\"@type\":\"ListItem\",\"position\":1,\"name\":\"Home\",\"item\":\"https:\\\/\\\/www.socialchangeschool.org\\\/it\\\/\"},{\"@type\":\"ListItem\",\"position\":2,\"name\":\"Blog de Il Fatto Quotidiano-M. Crescenzi: Coronavirus, il futuro \u00e8 &#8220;new global&#8221;\"}]},{\"@type\":\"WebSite\",\"@id\":\"https:\\\/\\\/www.socialchangeschool.org\\\/it\\\/#website\",\"url\":\"https:\\\/\\\/www.socialchangeschool.org\\\/it\\\/\",\"name\":\"Social Change School\",\"description\":\"worldwide leader for training, connecting and certificating all professionals of Non Profit sector\",\"publisher\":{\"@id\":\"https:\\\/\\\/www.socialchangeschool.org\\\/it\\\/#organization\"},\"alternateName\":\"Leverage of Social Change transformational training institution\",\"potentialAction\":[{\"@type\":\"SearchAction\",\"target\":{\"@type\":\"EntryPoint\",\"urlTemplate\":\"https:\\\/\\\/www.socialchangeschool.org\\\/it\\\/?s={search_term_string}\"},\"query-input\":{\"@type\":\"PropertyValueSpecification\",\"valueRequired\":true,\"valueName\":\"search_term_string\"}}],\"inLanguage\":\"it-IT\"},{\"@type\":\"Organization\",\"@id\":\"https:\\\/\\\/www.socialchangeschool.org\\\/it\\\/#organization\",\"name\":\"Social Change School\",\"alternateName\":\"worldwide leader for training, connecting and certificating all professionals\",\"url\":\"https:\\\/\\\/www.socialchangeschool.org\\\/it\\\/\",\"logo\":{\"@type\":\"ImageObject\",\"inLanguage\":\"it-IT\",\"@id\":\"https:\\\/\\\/www.socialchangeschool.org\\\/it\\\/#\\\/schema\\\/logo\\\/image\\\/\",\"url\":\"https:\\\/\\\/www.socialchangeschool.org\\\/wp-content\\\/uploads\\\/2022\\\/06\\\/Logo-SocialChangeSchool.png\",\"contentUrl\":\"https:\\\/\\\/www.socialchangeschool.org\\\/wp-content\\\/uploads\\\/2022\\\/06\\\/Logo-SocialChangeSchool.png\",\"width\":1721,\"height\":1721,\"caption\":\"Social Change School\"},\"image\":{\"@id\":\"https:\\\/\\\/www.socialchangeschool.org\\\/it\\\/#\\\/schema\\\/logo\\\/image\\\/\"}},{\"@type\":\"Person\",\"@id\":\"https:\\\/\\\/www.socialchangeschool.org\\\/it\\\/#\\\/schema\\\/person\\\/830e0c463a7c51633e79f9b14aadf794\",\"name\":\"Laura Reiss\",\"url\":\"https:\\\/\\\/www.socialchangeschool.org\\\/it\\\/author\\\/ghost\\\/\"}]}<\/script>\n<!-- \/ Yoast SEO Premium plugin. -->","yoast_head_json":{"title":"Blog de Il Fatto Quotidiano-M. Crescenzi: Coronavirus, il futuro \u00e8 \"new global\" - SocialChangeSchool","robots":{"index":"index","follow":"follow","max-snippet":"max-snippet:-1","max-image-preview":"max-image-preview:large","max-video-preview":"max-video-preview:-1"},"canonical":"https:\/\/www.socialchangeschool.org\/it\/13\/05\/2020\/blog-de-il-fatto-quotidiano-m-crescenzi-coronavirus-il-futuro-e-new-global\/","og_locale":"it_IT","og_type":"article","og_title":"Blog de Il Fatto Quotidiano-M. Crescenzi: Coronavirus, il futuro \u00e8 \"new global\"","og_description":"Marco Crescenzi, Presidente di Social Change School, nel suo articolo comparso su Il Fatto Quotidiano ci pone davanti a un forte impeto: \u201cora il futuro \u00e8 nelle nostre mani: l\u2019unica strada da seguire \u00e8 un &#8220;new global&#8221;. Terminato il lockdown fisico, deve concludersi anche quello mentale e culturale. Quindi, qual \u00e8 il mondo che ci [&hellip;]","og_url":"https:\/\/www.socialchangeschool.org\/it\/13\/05\/2020\/blog-de-il-fatto-quotidiano-m-crescenzi-coronavirus-il-futuro-e-new-global\/","og_site_name":"SocialChangeSchool","article_published_time":"2020-05-13T09:39:37+00:00","og_image":[{"width":1200,"height":689,"url":"https:\/\/www.socialchangeschool.org\/wp-content\/uploads\/2022\/08\/climate-posters-fight-outdoors-2990612.jpg","type":"image\/jpeg"}],"author":"Laura Reiss","twitter_card":"summary_large_image","twitter_misc":{"Scritto da":"Laura Reiss","Tempo di lettura stimato":"1 minuto"},"schema":{"@context":"https:\/\/schema.org","@graph":[{"@type":"Article","@id":"https:\/\/www.socialchangeschool.org\/it\/13\/05\/2020\/blog-de-il-fatto-quotidiano-m-crescenzi-coronavirus-il-futuro-e-new-global\/#article","isPartOf":{"@id":"https:\/\/www.socialchangeschool.org\/it\/13\/05\/2020\/blog-de-il-fatto-quotidiano-m-crescenzi-coronavirus-il-futuro-e-new-global\/"},"author":{"name":"Laura Reiss","@id":"https:\/\/www.socialchangeschool.org\/it\/#\/schema\/person\/830e0c463a7c51633e79f9b14aadf794"},"headline":"Blog de Il Fatto Quotidiano-M. Crescenzi: Coronavirus, il futuro \u00e8 &#8220;new global&#8221;","datePublished":"2020-05-13T09:39:37+00:00","mainEntityOfPage":{"@id":"https:\/\/www.socialchangeschool.org\/it\/13\/05\/2020\/blog-de-il-fatto-quotidiano-m-crescenzi-coronavirus-il-futuro-e-new-global\/"},"wordCount":114,"publisher":{"@id":"https:\/\/www.socialchangeschool.org\/it\/#organization"},"image":{"@id":"https:\/\/www.socialchangeschool.org\/it\/13\/05\/2020\/blog-de-il-fatto-quotidiano-m-crescenzi-coronavirus-il-futuro-e-new-global\/#primaryimage"},"thumbnailUrl":"https:\/\/www.socialchangeschool.org\/wp-content\/uploads\/2022\/08\/climate-posters-fight-outdoors-2990612.jpg","articleSection":["News"],"inLanguage":"it-IT"},{"@type":"WebPage","@id":"https:\/\/www.socialchangeschool.org\/it\/13\/05\/2020\/blog-de-il-fatto-quotidiano-m-crescenzi-coronavirus-il-futuro-e-new-global\/","url":"https:\/\/www.socialchangeschool.org\/it\/13\/05\/2020\/blog-de-il-fatto-quotidiano-m-crescenzi-coronavirus-il-futuro-e-new-global\/","name":"Blog de Il Fatto Quotidiano-M. Crescenzi: Coronavirus, il futuro \u00e8 \"new global\" - SocialChangeSchool","isPartOf":{"@id":"https:\/\/www.socialchangeschool.org\/it\/#website"},"primaryImageOfPage":{"@id":"https:\/\/www.socialchangeschool.org\/it\/13\/05\/2020\/blog-de-il-fatto-quotidiano-m-crescenzi-coronavirus-il-futuro-e-new-global\/#primaryimage"},"image":{"@id":"https:\/\/www.socialchangeschool.org\/it\/13\/05\/2020\/blog-de-il-fatto-quotidiano-m-crescenzi-coronavirus-il-futuro-e-new-global\/#primaryimage"},"thumbnailUrl":"https:\/\/www.socialchangeschool.org\/wp-content\/uploads\/2022\/08\/climate-posters-fight-outdoors-2990612.jpg","datePublished":"2020-05-13T09:39:37+00:00","breadcrumb":{"@id":"https:\/\/www.socialchangeschool.org\/it\/13\/05\/2020\/blog-de-il-fatto-quotidiano-m-crescenzi-coronavirus-il-futuro-e-new-global\/#breadcrumb"},"inLanguage":"it-IT","potentialAction":[{"@type":"ReadAction","target":["https:\/\/www.socialchangeschool.org\/it\/13\/05\/2020\/blog-de-il-fatto-quotidiano-m-crescenzi-coronavirus-il-futuro-e-new-global\/"]}]},{"@type":"ImageObject","inLanguage":"it-IT","@id":"https:\/\/www.socialchangeschool.org\/it\/13\/05\/2020\/blog-de-il-fatto-quotidiano-m-crescenzi-coronavirus-il-futuro-e-new-global\/#primaryimage","url":"https:\/\/www.socialchangeschool.org\/wp-content\/uploads\/2022\/08\/climate-posters-fight-outdoors-2990612.jpg","contentUrl":"https:\/\/www.socialchangeschool.org\/wp-content\/uploads\/2022\/08\/climate-posters-fight-outdoors-2990612.jpg","width":1200,"height":689,"caption":"Blog de Il Fatto Quotidiano-M. Crescenzi: Coronavirus"},{"@type":"BreadcrumbList","@id":"https:\/\/www.socialchangeschool.org\/it\/13\/05\/2020\/blog-de-il-fatto-quotidiano-m-crescenzi-coronavirus-il-futuro-e-new-global\/#breadcrumb","itemListElement":[{"@type":"ListItem","position":1,"name":"Home","item":"https:\/\/www.socialchangeschool.org\/it\/"},{"@type":"ListItem","position":2,"name":"Blog de Il Fatto Quotidiano-M. Crescenzi: Coronavirus, il futuro \u00e8 &#8220;new global&#8221;"}]},{"@type":"WebSite","@id":"https:\/\/www.socialchangeschool.org\/it\/#website","url":"https:\/\/www.socialchangeschool.org\/it\/","name":"Social Change School","description":"worldwide leader for training, connecting and certificating all professionals of Non Profit sector","publisher":{"@id":"https:\/\/www.socialchangeschool.org\/it\/#organization"},"alternateName":"Leverage of Social Change transformational training institution","potentialAction":[{"@type":"SearchAction","target":{"@type":"EntryPoint","urlTemplate":"https:\/\/www.socialchangeschool.org\/it\/?s={search_term_string}"},"query-input":{"@type":"PropertyValueSpecification","valueRequired":true,"valueName":"search_term_string"}}],"inLanguage":"it-IT"},{"@type":"Organization","@id":"https:\/\/www.socialchangeschool.org\/it\/#organization","name":"Social Change School","alternateName":"worldwide leader for training, connecting and certificating all professionals","url":"https:\/\/www.socialchangeschool.org\/it\/","logo":{"@type":"ImageObject","inLanguage":"it-IT","@id":"https:\/\/www.socialchangeschool.org\/it\/#\/schema\/logo\/image\/","url":"https:\/\/www.socialchangeschool.org\/wp-content\/uploads\/2022\/06\/Logo-SocialChangeSchool.png","contentUrl":"https:\/\/www.socialchangeschool.org\/wp-content\/uploads\/2022\/06\/Logo-SocialChangeSchool.png","width":1721,"height":1721,"caption":"Social Change School"},"image":{"@id":"https:\/\/www.socialchangeschool.org\/it\/#\/schema\/logo\/image\/"}},{"@type":"Person","@id":"https:\/\/www.socialchangeschool.org\/it\/#\/schema\/person\/830e0c463a7c51633e79f9b14aadf794","name":"Laura Reiss","url":"https:\/\/www.socialchangeschool.org\/it\/author\/ghost\/"}]}},"_links":{"self":[{"href":"https:\/\/www.socialchangeschool.org\/it\/wp-json\/wp\/v2\/posts\/38442","targetHints":{"allow":["GET"]}}],"collection":[{"href":"https:\/\/www.socialchangeschool.org\/it\/wp-json\/wp\/v2\/posts"}],"about":[{"href":"https:\/\/www.socialchangeschool.org\/it\/wp-json\/wp\/v2\/types\/post"}],"author":[{"embeddable":true,"href":"https:\/\/www.socialchangeschool.org\/it\/wp-json\/wp\/v2\/users\/2"}],"replies":[{"embeddable":true,"href":"https:\/\/www.socialchangeschool.org\/it\/wp-json\/wp\/v2\/comments?post=38442"}],"version-history":[{"count":0,"href":"https:\/\/www.socialchangeschool.org\/it\/wp-json\/wp\/v2\/posts\/38442\/revisions"}],"wp:featuredmedia":[{"embeddable":true,"href":"https:\/\/www.socialchangeschool.org\/it\/wp-json\/wp\/v2\/media\/2352"}],"wp:attachment":[{"href":"https:\/\/www.socialchangeschool.org\/it\/wp-json\/wp\/v2\/media?parent=38442"}],"wp:term":[{"taxonomy":"category","embeddable":true,"href":"https:\/\/www.socialchangeschool.org\/it\/wp-json\/wp\/v2\/categories?post=38442"},{"taxonomy":"post_tag","embeddable":true,"href":"https:\/\/www.socialchangeschool.org\/it\/wp-json\/wp\/v2\/tags?post=38442"}],"curies":[{"name":"wp","href":"https:\/\/api.w.org\/{rel}","templated":true}]}}