{"id":38420,"date":"2019-04-25T08:06:07","date_gmt":"2019-04-25T08:06:07","guid":{"rendered":"http:\/\/socialchangeschool.org\/25\/04\/2019\/autoefficacia-e-assertivita-un-workshop-sul-management-development\/"},"modified":"2019-04-25T08:06:07","modified_gmt":"2019-04-25T08:06:07","slug":"autoefficacia-e-assertivita-un-workshop-sul-management-development","status":"publish","type":"post","link":"https:\/\/www.socialchangeschool.org\/it\/25\/04\/2019\/autoefficacia-e-assertivita-un-workshop-sul-management-development\/","title":{"rendered":"Autoefficacia e Assertivit\u00e0: un workshop sul Management Development"},"content":{"rendered":"<p style=\"text-align: justify\">Cosa \u00e8 l&#8217;<strong>autoefficacia<\/strong>? E&#8217; la fiducia che le persone hanno in se stesse quando vogliono raggiungere un\u00a0 obiettivo. Il senso di autoefficacia corrisponde alle convinzioni circa le proprie capacit\u00e0 di organizzare ed eseguire le sequenze di azioni necessarie per produrre determinati risultati.<\/p>\n<p style=\"text-align: justify\"><a href=\"https:\/\/www.socialchangeschool.org\/it\/wp-content\/uploads\/sites\/2\/2019\/04\/copia1.jpeg\"><img fetchpriority=\"high\" decoding=\"async\" src=\"https:\/\/www.socialchangeschool.org\/it\/wp-content\/uploads\/sites\/2\/2019\/04\/copia1.jpeg\" alt=\"Autoefficacia e Assertivit\u00e0: un workshop sul Management Development\" width=\"299\" height=\"429\" class=\"alignleft  wp-image-34908\" \/><\/a>E cosa \u00e8 l&#8217;<strong>assertivit\u00e0<\/strong>? E&#8217; la capacit\u00e0 di saper esprimere in modo chiaro ed efficace le proprie emozioni e opinioni, senza tuttavia offendere n\u00e9 aggredire l&#8217;interlocutore. \u00c8 un comportamento che permette a una persona di agire nel suo pieno interesse, di difendere il suo punto di vista senza ansia esagerata, di esprimere con sincerit\u00e0 e disinvoltura i propri sentimenti e di difendere i suoi diritti senza ignorare quelli altrui.<\/p>\n<p style=\"text-align: justify\">Di questo hanno parlato <strong>Alfonso Basco<\/strong> e <strong>Tirso Puig<\/strong> durante il <strong>workshop Management Development<\/strong> alla presenza di quaranta studenti dei <strong>Master <a href=\"https:\/\/www.socialchangeschool.org\/it\/master\/master-in-cooperazione-internazionale-europrogettazione-sviluppo-locale\/\" target=\"_blank\" rel=\"noopener\">PMC &#8211; Project Management for International Cooperation<\/a><\/strong>, <a href=\"https:\/\/www.socialchangeschool.org\/it\/master\/master-in-humanitarian-operations-in-emergencies-managing-projects-people-administration-logistic-in-the-field\/\" target=\"_blank\" rel=\"noopener\"><strong>HOPE &#8211; Humanitarian Operations in Emergencies<\/strong><\/a> e <a href=\"https:\/\/www.socialchangeschool.org\/it\/master\/master-in-fundraising-management-comunicazione-marketing-campaigning\/\" target=\"_blank\" rel=\"noopener\"><strong>FRAME &#8211; Fundraising Management<\/strong><\/a>. Il primo weekend di Aprile ha visto gli studenti dei Master Social Change School incontrarsi a Madrid per il workshop, alla presenza dello staff della Scuola.<\/p>\n<p style=\"text-align: justify\">Il<strong> commento del docente Alfonso Basco<\/strong> a fine workshop ha mostrato tutto il suo apprezzamento per gli alunni della Scuola: &#8220;Abbiamo imparato molto oggi, in buona parte grazie alla <strong>grande proattivit\u00e0<\/strong> dimostrata dai corsisti, che hanno fatto molte domande interessanti e pertinenti. Questo atteggiamento ha avuto un impatto molto positivo sulla sessione. Gli studenti dei Master hanno dei profili diversi tra loro e fa proprio parte del workshop capire come siano tutti comunque connessi e come possano <strong>collaborare per il raggiungimento di un unico obiettivo comune<\/strong>&#8220;.\u00a0<\/p>\n","protected":false},"excerpt":{"rendered":"<p>Cosa \u00e8 l&#8217;autoefficacia? E&#8217; la fiducia che le persone hanno in se stesse quando vogliono raggiungere un\u00a0 obiettivo. Il senso di autoefficacia corrisponde alle convinzioni circa le proprie capacit\u00e0 di organizzare ed eseguire le sequenze di azioni necessarie per produrre determinati risultati. E cosa \u00e8 l&#8217;assertivit\u00e0? E&#8217; la capacit\u00e0 di saper esprimere in modo chiaro [&hellip;]<\/p>\n","protected":false},"author":2,"featured_media":0,"comment_status":"closed","ping_status":"closed","sticky":false,"template":"","format":"standard","meta":{"site-sidebar-layout":"default","site-content-layout":"","ast-site-content-layout":"default","site-content-style":"default","site-sidebar-style":"default","ast-global-header-display":"","ast-banner-title-visibility":"","ast-main-header-display":"","ast-hfb-above-header-display":"","ast-hfb-below-header-display":"","ast-hfb-mobile-header-display":"","site-post-title":"","ast-breadcrumbs-content":"","ast-featured-img":"","footer-sml-layout":"","ast-disable-related-posts":"","theme-transparent-header-meta":"","adv-header-id-meta":"","stick-header-meta":"","header-above-stick-meta":"","header-main-stick-meta":"","header-below-stick-meta":"","astra-migrate-meta-layouts":"default","ast-page-background-enabled":"default","ast-page-background-meta":{"desktop":{"background-color":"","background-image":"","background-repeat":"repeat","background-position":"center center","background-size":"auto","background-attachment":"scroll","background-type":"","background-media":"","overlay-type":"","overlay-color":"","overlay-opacity":"","overlay-gradient":""},"tablet":{"background-color":"","background-image":"","background-repeat":"repeat","background-position":"center center","background-size":"auto","background-attachment":"scroll","background-type":"","background-media":"","overlay-type":"","overlay-color":"","overlay-opacity":"","overlay-gradient":""},"mobile":{"background-color":"","background-image":"","background-repeat":"repeat","background-position":"center center","background-size":"auto","background-attachment":"scroll","background-type":"","background-media":"","overlay-type":"","overlay-color":"","overlay-opacity":"","overlay-gradient":""}},"ast-content-background-meta":{"desktop":{"background-color":"var(--ast-global-color-5)","background-image":"","background-repeat":"repeat","background-position":"center center","background-size":"auto","background-attachment":"scroll","background-type":"","background-media":"","overlay-type":"","overlay-color":"","overlay-opacity":"","overlay-gradient":""},"tablet":{"background-color":"var(--ast-global-color-5)","background-image":"","background-repeat":"repeat","background-position":"center center","background-size":"auto","background-attachment":"scroll","background-type":"","background-media":"","overlay-type":"","overlay-color":"","overlay-opacity":"","overlay-gradient":""},"mobile":{"background-color":"var(--ast-global-color-5)","background-image":"","background-repeat":"repeat","background-position":"center center","background-size":"auto","background-attachment":"scroll","background-type":"","background-media":"","overlay-type":"","overlay-color":"","overlay-opacity":"","overlay-gradient":""}},"footnotes":""},"categories":[117,76],"tags":[],"class_list":["post-38420","post","type-post","status-publish","format-standard","hentry","category-news-it","category-workshop"],"yoast_head":"<!-- This site is optimized with the Yoast SEO Premium plugin v27.2 (Yoast SEO v27.5) - https:\/\/yoast.com\/product\/yoast-seo-premium-wordpress\/ -->\n<title>Autoefficacia e Assertivit\u00e0: un workshop sul Management Development - SocialChangeSchool<\/title>\n<meta name=\"robots\" content=\"index, follow, max-snippet:-1, max-image-preview:large, max-video-preview:-1\" \/>\n<link rel=\"canonical\" href=\"https:\/\/www.socialchangeschool.org\/it\/25\/04\/2019\/autoefficacia-e-assertivita-un-workshop-sul-management-development\/\" \/>\n<meta property=\"og:locale\" content=\"it_IT\" \/>\n<meta property=\"og:type\" content=\"article\" \/>\n<meta property=\"og:title\" content=\"Autoefficacia e Assertivit\u00e0: un workshop sul Management Development\" \/>\n<meta property=\"og:description\" content=\"Cosa \u00e8 l&#8217;autoefficacia? E&#8217; la fiducia che le persone hanno in se stesse quando vogliono raggiungere un\u00a0 obiettivo. Il senso di autoefficacia corrisponde alle convinzioni circa le proprie capacit\u00e0 di organizzare ed eseguire le sequenze di azioni necessarie per produrre determinati risultati. E cosa \u00e8 l&#8217;assertivit\u00e0? E&#8217; la capacit\u00e0 di saper esprimere in modo chiaro [&hellip;]\" \/>\n<meta property=\"og:url\" content=\"https:\/\/www.socialchangeschool.org\/it\/25\/04\/2019\/autoefficacia-e-assertivita-un-workshop-sul-management-development\/\" \/>\n<meta property=\"og:site_name\" content=\"SocialChangeSchool\" \/>\n<meta property=\"article:published_time\" content=\"2019-04-25T08:06:07+00:00\" \/>\n<meta property=\"og:image\" content=\"http:\/\/www.socialchangeschool.org\/it\/wp-content\/uploads\/sites\/2\/2019\/04\/copia1.jpeg\" \/>\n<meta name=\"author\" content=\"Laura Reiss\" \/>\n<meta name=\"twitter:card\" content=\"summary_large_image\" \/>\n<meta name=\"twitter:label1\" content=\"Scritto da\" \/>\n\t<meta name=\"twitter:data1\" content=\"Laura Reiss\" \/>\n\t<meta name=\"twitter:label2\" content=\"Tempo di lettura stimato\" \/>\n\t<meta name=\"twitter:data2\" content=\"1 minuto\" \/>\n<script type=\"application\/ld+json\" class=\"yoast-schema-graph\">{\"@context\":\"https:\\\/\\\/schema.org\",\"@graph\":[{\"@type\":\"Article\",\"@id\":\"https:\\\/\\\/www.socialchangeschool.org\\\/it\\\/25\\\/04\\\/2019\\\/autoefficacia-e-assertivita-un-workshop-sul-management-development\\\/#article\",\"isPartOf\":{\"@id\":\"https:\\\/\\\/www.socialchangeschool.org\\\/it\\\/25\\\/04\\\/2019\\\/autoefficacia-e-assertivita-un-workshop-sul-management-development\\\/\"},\"author\":{\"name\":\"Laura Reiss\",\"@id\":\"https:\\\/\\\/www.socialchangeschool.org\\\/it\\\/#\\\/schema\\\/person\\\/830e0c463a7c51633e79f9b14aadf794\"},\"headline\":\"Autoefficacia e Assertivit\u00e0: un workshop sul Management Development\",\"datePublished\":\"2019-04-25T08:06:07+00:00\",\"mainEntityOfPage\":{\"@id\":\"https:\\\/\\\/www.socialchangeschool.org\\\/it\\\/25\\\/04\\\/2019\\\/autoefficacia-e-assertivita-un-workshop-sul-management-development\\\/\"},\"wordCount\":270,\"publisher\":{\"@id\":\"https:\\\/\\\/www.socialchangeschool.org\\\/it\\\/#organization\"},\"image\":{\"@id\":\"https:\\\/\\\/www.socialchangeschool.org\\\/it\\\/25\\\/04\\\/2019\\\/autoefficacia-e-assertivita-un-workshop-sul-management-development\\\/#primaryimage\"},\"thumbnailUrl\":\"http:\\\/\\\/www.socialchangeschool.org\\\/it\\\/wp-content\\\/uploads\\\/sites\\\/2\\\/2019\\\/04\\\/copia1.jpeg\",\"articleSection\":[\"News\",\"Workshop\"],\"inLanguage\":\"it-IT\"},{\"@type\":\"WebPage\",\"@id\":\"https:\\\/\\\/www.socialchangeschool.org\\\/it\\\/25\\\/04\\\/2019\\\/autoefficacia-e-assertivita-un-workshop-sul-management-development\\\/\",\"url\":\"https:\\\/\\\/www.socialchangeschool.org\\\/it\\\/25\\\/04\\\/2019\\\/autoefficacia-e-assertivita-un-workshop-sul-management-development\\\/\",\"name\":\"Autoefficacia e Assertivit\u00e0: un workshop sul Management Development - SocialChangeSchool\",\"isPartOf\":{\"@id\":\"https:\\\/\\\/www.socialchangeschool.org\\\/it\\\/#website\"},\"primaryImageOfPage\":{\"@id\":\"https:\\\/\\\/www.socialchangeschool.org\\\/it\\\/25\\\/04\\\/2019\\\/autoefficacia-e-assertivita-un-workshop-sul-management-development\\\/#primaryimage\"},\"image\":{\"@id\":\"https:\\\/\\\/www.socialchangeschool.org\\\/it\\\/25\\\/04\\\/2019\\\/autoefficacia-e-assertivita-un-workshop-sul-management-development\\\/#primaryimage\"},\"thumbnailUrl\":\"http:\\\/\\\/www.socialchangeschool.org\\\/it\\\/wp-content\\\/uploads\\\/sites\\\/2\\\/2019\\\/04\\\/copia1.jpeg\",\"datePublished\":\"2019-04-25T08:06:07+00:00\",\"breadcrumb\":{\"@id\":\"https:\\\/\\\/www.socialchangeschool.org\\\/it\\\/25\\\/04\\\/2019\\\/autoefficacia-e-assertivita-un-workshop-sul-management-development\\\/#breadcrumb\"},\"inLanguage\":\"it-IT\",\"potentialAction\":[{\"@type\":\"ReadAction\",\"target\":[\"https:\\\/\\\/www.socialchangeschool.org\\\/it\\\/25\\\/04\\\/2019\\\/autoefficacia-e-assertivita-un-workshop-sul-management-development\\\/\"]}]},{\"@type\":\"ImageObject\",\"inLanguage\":\"it-IT\",\"@id\":\"https:\\\/\\\/www.socialchangeschool.org\\\/it\\\/25\\\/04\\\/2019\\\/autoefficacia-e-assertivita-un-workshop-sul-management-development\\\/#primaryimage\",\"url\":\"http:\\\/\\\/www.socialchangeschool.org\\\/it\\\/wp-content\\\/uploads\\\/sites\\\/2\\\/2019\\\/04\\\/copia1.jpeg\",\"contentUrl\":\"http:\\\/\\\/www.socialchangeschool.org\\\/it\\\/wp-content\\\/uploads\\\/sites\\\/2\\\/2019\\\/04\\\/copia1.jpeg\"},{\"@type\":\"BreadcrumbList\",\"@id\":\"https:\\\/\\\/www.socialchangeschool.org\\\/it\\\/25\\\/04\\\/2019\\\/autoefficacia-e-assertivita-un-workshop-sul-management-development\\\/#breadcrumb\",\"itemListElement\":[{\"@type\":\"ListItem\",\"position\":1,\"name\":\"Home\",\"item\":\"https:\\\/\\\/www.socialchangeschool.org\\\/it\\\/\"},{\"@type\":\"ListItem\",\"position\":2,\"name\":\"Autoefficacia e Assertivit\u00e0: un workshop sul Management Development\"}]},{\"@type\":\"WebSite\",\"@id\":\"https:\\\/\\\/www.socialchangeschool.org\\\/it\\\/#website\",\"url\":\"https:\\\/\\\/www.socialchangeschool.org\\\/it\\\/\",\"name\":\"Social Change School\",\"description\":\"worldwide leader for training, connecting and certificating all professionals of Non Profit sector\",\"publisher\":{\"@id\":\"https:\\\/\\\/www.socialchangeschool.org\\\/it\\\/#organization\"},\"alternateName\":\"Leverage of Social Change transformational training institution\",\"potentialAction\":[{\"@type\":\"SearchAction\",\"target\":{\"@type\":\"EntryPoint\",\"urlTemplate\":\"https:\\\/\\\/www.socialchangeschool.org\\\/it\\\/?s={search_term_string}\"},\"query-input\":{\"@type\":\"PropertyValueSpecification\",\"valueRequired\":true,\"valueName\":\"search_term_string\"}}],\"inLanguage\":\"it-IT\"},{\"@type\":\"Organization\",\"@id\":\"https:\\\/\\\/www.socialchangeschool.org\\\/it\\\/#organization\",\"name\":\"Social Change School\",\"alternateName\":\"worldwide leader for training, connecting and certificating all professionals\",\"url\":\"https:\\\/\\\/www.socialchangeschool.org\\\/it\\\/\",\"logo\":{\"@type\":\"ImageObject\",\"inLanguage\":\"it-IT\",\"@id\":\"https:\\\/\\\/www.socialchangeschool.org\\\/it\\\/#\\\/schema\\\/logo\\\/image\\\/\",\"url\":\"https:\\\/\\\/www.socialchangeschool.org\\\/wp-content\\\/uploads\\\/2022\\\/06\\\/Logo-SocialChangeSchool.png\",\"contentUrl\":\"https:\\\/\\\/www.socialchangeschool.org\\\/wp-content\\\/uploads\\\/2022\\\/06\\\/Logo-SocialChangeSchool.png\",\"width\":1721,\"height\":1721,\"caption\":\"Social Change School\"},\"image\":{\"@id\":\"https:\\\/\\\/www.socialchangeschool.org\\\/it\\\/#\\\/schema\\\/logo\\\/image\\\/\"}},{\"@type\":\"Person\",\"@id\":\"https:\\\/\\\/www.socialchangeschool.org\\\/it\\\/#\\\/schema\\\/person\\\/830e0c463a7c51633e79f9b14aadf794\",\"name\":\"Laura Reiss\",\"url\":\"https:\\\/\\\/www.socialchangeschool.org\\\/it\\\/author\\\/ghost\\\/\"}]}<\/script>\n<!-- \/ Yoast SEO Premium plugin. -->","yoast_head_json":{"title":"Autoefficacia e Assertivit\u00e0: un workshop sul Management Development - SocialChangeSchool","robots":{"index":"index","follow":"follow","max-snippet":"max-snippet:-1","max-image-preview":"max-image-preview:large","max-video-preview":"max-video-preview:-1"},"canonical":"https:\/\/www.socialchangeschool.org\/it\/25\/04\/2019\/autoefficacia-e-assertivita-un-workshop-sul-management-development\/","og_locale":"it_IT","og_type":"article","og_title":"Autoefficacia e Assertivit\u00e0: un workshop sul Management Development","og_description":"Cosa \u00e8 l&#8217;autoefficacia? E&#8217; la fiducia che le persone hanno in se stesse quando vogliono raggiungere un\u00a0 obiettivo. Il senso di autoefficacia corrisponde alle convinzioni circa le proprie capacit\u00e0 di organizzare ed eseguire le sequenze di azioni necessarie per produrre determinati risultati. E cosa \u00e8 l&#8217;assertivit\u00e0? E&#8217; la capacit\u00e0 di saper esprimere in modo chiaro [&hellip;]","og_url":"https:\/\/www.socialchangeschool.org\/it\/25\/04\/2019\/autoefficacia-e-assertivita-un-workshop-sul-management-development\/","og_site_name":"SocialChangeSchool","article_published_time":"2019-04-25T08:06:07+00:00","og_image":[{"url":"http:\/\/www.socialchangeschool.org\/it\/wp-content\/uploads\/sites\/2\/2019\/04\/copia1.jpeg","type":"","width":"","height":""}],"author":"Laura Reiss","twitter_card":"summary_large_image","twitter_misc":{"Scritto da":"Laura Reiss","Tempo di lettura stimato":"1 minuto"},"schema":{"@context":"https:\/\/schema.org","@graph":[{"@type":"Article","@id":"https:\/\/www.socialchangeschool.org\/it\/25\/04\/2019\/autoefficacia-e-assertivita-un-workshop-sul-management-development\/#article","isPartOf":{"@id":"https:\/\/www.socialchangeschool.org\/it\/25\/04\/2019\/autoefficacia-e-assertivita-un-workshop-sul-management-development\/"},"author":{"name":"Laura Reiss","@id":"https:\/\/www.socialchangeschool.org\/it\/#\/schema\/person\/830e0c463a7c51633e79f9b14aadf794"},"headline":"Autoefficacia e Assertivit\u00e0: un workshop sul Management Development","datePublished":"2019-04-25T08:06:07+00:00","mainEntityOfPage":{"@id":"https:\/\/www.socialchangeschool.org\/it\/25\/04\/2019\/autoefficacia-e-assertivita-un-workshop-sul-management-development\/"},"wordCount":270,"publisher":{"@id":"https:\/\/www.socialchangeschool.org\/it\/#organization"},"image":{"@id":"https:\/\/www.socialchangeschool.org\/it\/25\/04\/2019\/autoefficacia-e-assertivita-un-workshop-sul-management-development\/#primaryimage"},"thumbnailUrl":"http:\/\/www.socialchangeschool.org\/it\/wp-content\/uploads\/sites\/2\/2019\/04\/copia1.jpeg","articleSection":["News","Workshop"],"inLanguage":"it-IT"},{"@type":"WebPage","@id":"https:\/\/www.socialchangeschool.org\/it\/25\/04\/2019\/autoefficacia-e-assertivita-un-workshop-sul-management-development\/","url":"https:\/\/www.socialchangeschool.org\/it\/25\/04\/2019\/autoefficacia-e-assertivita-un-workshop-sul-management-development\/","name":"Autoefficacia e Assertivit\u00e0: un workshop sul Management Development - SocialChangeSchool","isPartOf":{"@id":"https:\/\/www.socialchangeschool.org\/it\/#website"},"primaryImageOfPage":{"@id":"https:\/\/www.socialchangeschool.org\/it\/25\/04\/2019\/autoefficacia-e-assertivita-un-workshop-sul-management-development\/#primaryimage"},"image":{"@id":"https:\/\/www.socialchangeschool.org\/it\/25\/04\/2019\/autoefficacia-e-assertivita-un-workshop-sul-management-development\/#primaryimage"},"thumbnailUrl":"http:\/\/www.socialchangeschool.org\/it\/wp-content\/uploads\/sites\/2\/2019\/04\/copia1.jpeg","datePublished":"2019-04-25T08:06:07+00:00","breadcrumb":{"@id":"https:\/\/www.socialchangeschool.org\/it\/25\/04\/2019\/autoefficacia-e-assertivita-un-workshop-sul-management-development\/#breadcrumb"},"inLanguage":"it-IT","potentialAction":[{"@type":"ReadAction","target":["https:\/\/www.socialchangeschool.org\/it\/25\/04\/2019\/autoefficacia-e-assertivita-un-workshop-sul-management-development\/"]}]},{"@type":"ImageObject","inLanguage":"it-IT","@id":"https:\/\/www.socialchangeschool.org\/it\/25\/04\/2019\/autoefficacia-e-assertivita-un-workshop-sul-management-development\/#primaryimage","url":"http:\/\/www.socialchangeschool.org\/it\/wp-content\/uploads\/sites\/2\/2019\/04\/copia1.jpeg","contentUrl":"http:\/\/www.socialchangeschool.org\/it\/wp-content\/uploads\/sites\/2\/2019\/04\/copia1.jpeg"},{"@type":"BreadcrumbList","@id":"https:\/\/www.socialchangeschool.org\/it\/25\/04\/2019\/autoefficacia-e-assertivita-un-workshop-sul-management-development\/#breadcrumb","itemListElement":[{"@type":"ListItem","position":1,"name":"Home","item":"https:\/\/www.socialchangeschool.org\/it\/"},{"@type":"ListItem","position":2,"name":"Autoefficacia e Assertivit\u00e0: un workshop sul Management Development"}]},{"@type":"WebSite","@id":"https:\/\/www.socialchangeschool.org\/it\/#website","url":"https:\/\/www.socialchangeschool.org\/it\/","name":"Social Change School","description":"worldwide leader for training, connecting and certificating all professionals of Non Profit sector","publisher":{"@id":"https:\/\/www.socialchangeschool.org\/it\/#organization"},"alternateName":"Leverage of Social Change transformational training institution","potentialAction":[{"@type":"SearchAction","target":{"@type":"EntryPoint","urlTemplate":"https:\/\/www.socialchangeschool.org\/it\/?s={search_term_string}"},"query-input":{"@type":"PropertyValueSpecification","valueRequired":true,"valueName":"search_term_string"}}],"inLanguage":"it-IT"},{"@type":"Organization","@id":"https:\/\/www.socialchangeschool.org\/it\/#organization","name":"Social Change School","alternateName":"worldwide leader for training, connecting and certificating all professionals","url":"https:\/\/www.socialchangeschool.org\/it\/","logo":{"@type":"ImageObject","inLanguage":"it-IT","@id":"https:\/\/www.socialchangeschool.org\/it\/#\/schema\/logo\/image\/","url":"https:\/\/www.socialchangeschool.org\/wp-content\/uploads\/2022\/06\/Logo-SocialChangeSchool.png","contentUrl":"https:\/\/www.socialchangeschool.org\/wp-content\/uploads\/2022\/06\/Logo-SocialChangeSchool.png","width":1721,"height":1721,"caption":"Social Change School"},"image":{"@id":"https:\/\/www.socialchangeschool.org\/it\/#\/schema\/logo\/image\/"}},{"@type":"Person","@id":"https:\/\/www.socialchangeschool.org\/it\/#\/schema\/person\/830e0c463a7c51633e79f9b14aadf794","name":"Laura Reiss","url":"https:\/\/www.socialchangeschool.org\/it\/author\/ghost\/"}]}},"_links":{"self":[{"href":"https:\/\/www.socialchangeschool.org\/it\/wp-json\/wp\/v2\/posts\/38420","targetHints":{"allow":["GET"]}}],"collection":[{"href":"https:\/\/www.socialchangeschool.org\/it\/wp-json\/wp\/v2\/posts"}],"about":[{"href":"https:\/\/www.socialchangeschool.org\/it\/wp-json\/wp\/v2\/types\/post"}],"author":[{"embeddable":true,"href":"https:\/\/www.socialchangeschool.org\/it\/wp-json\/wp\/v2\/users\/2"}],"replies":[{"embeddable":true,"href":"https:\/\/www.socialchangeschool.org\/it\/wp-json\/wp\/v2\/comments?post=38420"}],"version-history":[{"count":0,"href":"https:\/\/www.socialchangeschool.org\/it\/wp-json\/wp\/v2\/posts\/38420\/revisions"}],"wp:attachment":[{"href":"https:\/\/www.socialchangeschool.org\/it\/wp-json\/wp\/v2\/media?parent=38420"}],"wp:term":[{"taxonomy":"category","embeddable":true,"href":"https:\/\/www.socialchangeschool.org\/it\/wp-json\/wp\/v2\/categories?post=38420"},{"taxonomy":"post_tag","embeddable":true,"href":"https:\/\/www.socialchangeschool.org\/it\/wp-json\/wp\/v2\/tags?post=38420"}],"curies":[{"name":"wp","href":"https:\/\/api.w.org\/{rel}","templated":true}]}}