{"id":38417,"date":"2019-04-03T17:30:37","date_gmt":"2019-04-03T17:30:37","guid":{"rendered":"http:\/\/socialchangeschool.org\/03\/04\/2019\/ciclone-idai-lex-corsista-antonella-ci-parla-dal-campo\/"},"modified":"2023-03-28T09:09:31","modified_gmt":"2023-03-28T09:09:31","slug":"ciclone-idai-lex-corsista-antonella-ci-parla-dal-campo","status":"publish","type":"post","link":"https:\/\/www.socialchangeschool.org\/it\/03\/04\/2019\/ciclone-idai-lex-corsista-antonella-ci-parla-dal-campo\/","title":{"rendered":"Ciclone Idai: l&#8217;ex corsista Antonella ci parla dal campo"},"content":{"rendered":"<p style=\"text-align: justify\"><span><strong>Antonella<\/strong>, nostra ex studentessa del <strong>Master PMC &#8211; Project Management per la Cooperazione Internazionale<\/strong>, era in Mozambico con <\/span><strong><a class=\"profileLink\" href=\"https:\/\/www.avsi.org\/it\/\" target=\"_blank\" rel=\"noopener\">AVSI<\/a><\/strong><span>\u00a0quando il <strong>Ciclone Idai<\/strong> si \u00e8 abbattuto sul paese. Siamo riusciti a metterci in contatto con lei, che \u00e8 ancora <strong>sul campo in Mozambico<\/strong>, nel cuore dell&#8217;emergenza, per farci descrivere la situazione sul territorio in questo momento.\u00a0<\/span><\/p>\n<p><img fetchpriority=\"high\" decoding=\"async\" src=\"https:\/\/www.socialchangeschool.org\/it\/wp-content\/uploads\/sites\/2\/2019\/04\/fvfhfCOPY.jpeg\" alt=\"Ciclone Idai: l'ex corsista Antonella ci parla dal campo\" width=\"400\" height=\"400\" class=\"alignleft wp-image-34839\" \/><\/p>\n<p style=\"text-align: justify\"><span>Il 14 Marzo, il Ciclone Idai ha colpito il Mozambico. In 20 ore, Idai ha sommerso villaggi interi e ha completamente distrutto la citt\u00e0 portuale di Beira e la citt\u00e0 interna di Chimoio. Ad oggi l\u2019istituto nazionale di gestione calamit\u00e0 parla di <strong>598 morti<\/strong>, ma \u00e8 un numero che sembra destinato a salire. &#8220;<strong>Il 90% degli edifici nella citt\u00e0 di Beira \u00e8 stato distrutto<\/strong>. La situazione continua a peggiorare di giorno in giorno&#8230; <\/span> Questa zona ha visto l\u2019apertura delle dighe ed \u00e8 tutto allagato. In alcune zone sta tornando l\u2019elettricit\u00e0 solo adesso.\u00a0\u00c8\u00a0davvero tragico, ed ora si deve affrontare la parte pi\u00f9 rilevante: la <strong>ricostruzione<\/strong>. Prima di questo disastro, noi di AVSI non avevamo un ufficio qui, ma in questa situazione ci siamo sentiti di intervenire. Un Emergency Coordinator sta lavorando proprio in questo momento sul campo ed io come <strong>Operations Manager<\/strong> lavoro quasi senza pausa. Siamo partiti con attivit\u00e0 di <strong>child protection e primo aiuto<\/strong> a Beira, ma stiamo davvero facendo tutto quello che possiamo per aiutare&#8221;.\u00a0<\/p>\n<p style=\"text-align: justify\"><span class=\"text_exposed_show\">Siamo vicini ad Antonella e a tutte le persone che lavorano sul campo e ogni giorno prestano il loro servizio a favore di fasce di mondo dimenticate.<\/span><\/p>\n","protected":false},"excerpt":{"rendered":"<p>Antonella, nostra ex studentessa del Master PMC &#8211; Project Management per la Cooperazione Internazionale, era in Mozambico con AVSI\u00a0quando il Ciclone Idai si \u00e8 abbattuto sul paese. Siamo riusciti a metterci in contatto con lei, che \u00e8 ancora sul campo in Mozambico, nel cuore dell&#8217;emergenza, per farci descrivere la situazione sul territorio in questo momento.\u00a0 [&hellip;]<\/p>\n","protected":false},"author":2,"featured_media":0,"comment_status":"closed","ping_status":"closed","sticky":false,"template":"","format":"standard","meta":{"site-sidebar-layout":"default","site-content-layout":"","ast-site-content-layout":"default","site-content-style":"default","site-sidebar-style":"default","ast-global-header-display":"","ast-banner-title-visibility":"","ast-main-header-display":"","ast-hfb-above-header-display":"","ast-hfb-below-header-display":"","ast-hfb-mobile-header-display":"","site-post-title":"","ast-breadcrumbs-content":"","ast-featured-img":"","footer-sml-layout":"","ast-disable-related-posts":"","theme-transparent-header-meta":"","adv-header-id-meta":"","stick-header-meta":"","header-above-stick-meta":"","header-main-stick-meta":"","header-below-stick-meta":"","astra-migrate-meta-layouts":"default","ast-page-background-enabled":"default","ast-page-background-meta":{"desktop":{"background-color":"","background-image":"","background-repeat":"repeat","background-position":"center center","background-size":"auto","background-attachment":"scroll","background-type":"","background-media":"","overlay-type":"","overlay-color":"","overlay-opacity":"","overlay-gradient":""},"tablet":{"background-color":"","background-image":"","background-repeat":"repeat","background-position":"center center","background-size":"auto","background-attachment":"scroll","background-type":"","background-media":"","overlay-type":"","overlay-color":"","overlay-opacity":"","overlay-gradient":""},"mobile":{"background-color":"","background-image":"","background-repeat":"repeat","background-position":"center center","background-size":"auto","background-attachment":"scroll","background-type":"","background-media":"","overlay-type":"","overlay-color":"","overlay-opacity":"","overlay-gradient":""}},"ast-content-background-meta":{"desktop":{"background-color":"var(--ast-global-color-5)","background-image":"","background-repeat":"repeat","background-position":"center center","background-size":"auto","background-attachment":"scroll","background-type":"","background-media":"","overlay-type":"","overlay-color":"","overlay-opacity":"","overlay-gradient":""},"tablet":{"background-color":"var(--ast-global-color-5)","background-image":"","background-repeat":"repeat","background-position":"center center","background-size":"auto","background-attachment":"scroll","background-type":"","background-media":"","overlay-type":"","overlay-color":"","overlay-opacity":"","overlay-gradient":""},"mobile":{"background-color":"var(--ast-global-color-5)","background-image":"","background-repeat":"repeat","background-position":"center center","background-size":"auto","background-attachment":"scroll","background-type":"","background-media":"","overlay-type":"","overlay-color":"","overlay-opacity":"","overlay-gradient":""}},"footnotes":""},"categories":[202,117],"tags":[278],"class_list":["post-38417","post","type-post","status-publish","format-standard","hentry","category-emergenza-umanitaria","category-news-it","tag-blog-it"],"yoast_head":"<!-- This site is optimized with the Yoast SEO Premium plugin v27.2 (Yoast SEO v27.5) - https:\/\/yoast.com\/product\/yoast-seo-premium-wordpress\/ -->\n<title>Ciclone Idai: l&#039;ex corsista Antonella ci parla dal campo - SocialChangeSchool<\/title>\n<meta name=\"robots\" content=\"index, follow, max-snippet:-1, max-image-preview:large, max-video-preview:-1\" \/>\n<link rel=\"canonical\" href=\"https:\/\/www.socialchangeschool.org\/it\/03\/04\/2019\/ciclone-idai-lex-corsista-antonella-ci-parla-dal-campo\/\" \/>\n<meta property=\"og:locale\" content=\"it_IT\" \/>\n<meta property=\"og:type\" content=\"article\" \/>\n<meta property=\"og:title\" content=\"Ciclone Idai: l&#039;ex corsista Antonella ci parla dal campo\" \/>\n<meta property=\"og:description\" content=\"Antonella, nostra ex studentessa del Master PMC &#8211; Project Management per la Cooperazione Internazionale, era in Mozambico con AVSI\u00a0quando il Ciclone Idai si \u00e8 abbattuto sul paese. Siamo riusciti a metterci in contatto con lei, che \u00e8 ancora sul campo in Mozambico, nel cuore dell&#8217;emergenza, per farci descrivere la situazione sul territorio in questo momento.\u00a0 [&hellip;]\" \/>\n<meta property=\"og:url\" content=\"https:\/\/www.socialchangeschool.org\/it\/03\/04\/2019\/ciclone-idai-lex-corsista-antonella-ci-parla-dal-campo\/\" \/>\n<meta property=\"og:site_name\" content=\"SocialChangeSchool\" \/>\n<meta property=\"article:published_time\" content=\"2019-04-03T17:30:37+00:00\" \/>\n<meta property=\"article:modified_time\" content=\"2023-03-28T09:09:31+00:00\" \/>\n<meta property=\"og:image\" content=\"http:\/\/www.socialchangeschool.org\/it\/wp-content\/uploads\/sites\/2\/2019\/04\/fvfhfCOPY.jpeg\" \/>\n<meta name=\"author\" content=\"Laura Reiss\" \/>\n<meta name=\"twitter:card\" content=\"summary_large_image\" \/>\n<meta name=\"twitter:label1\" content=\"Scritto da\" \/>\n\t<meta name=\"twitter:data1\" content=\"Laura Reiss\" \/>\n\t<meta name=\"twitter:label2\" content=\"Tempo di lettura stimato\" \/>\n\t<meta name=\"twitter:data2\" content=\"1 minuto\" \/>\n<script type=\"application\/ld+json\" class=\"yoast-schema-graph\">{\"@context\":\"https:\\\/\\\/schema.org\",\"@graph\":[{\"@type\":\"Article\",\"@id\":\"https:\\\/\\\/www.socialchangeschool.org\\\/it\\\/03\\\/04\\\/2019\\\/ciclone-idai-lex-corsista-antonella-ci-parla-dal-campo\\\/#article\",\"isPartOf\":{\"@id\":\"https:\\\/\\\/www.socialchangeschool.org\\\/it\\\/03\\\/04\\\/2019\\\/ciclone-idai-lex-corsista-antonella-ci-parla-dal-campo\\\/\"},\"author\":{\"name\":\"Laura Reiss\",\"@id\":\"https:\\\/\\\/www.socialchangeschool.org\\\/it\\\/#\\\/schema\\\/person\\\/830e0c463a7c51633e79f9b14aadf794\"},\"headline\":\"Ciclone Idai: l&#8217;ex corsista Antonella ci parla dal campo\",\"datePublished\":\"2019-04-03T17:30:37+00:00\",\"dateModified\":\"2023-03-28T09:09:31+00:00\",\"mainEntityOfPage\":{\"@id\":\"https:\\\/\\\/www.socialchangeschool.org\\\/it\\\/03\\\/04\\\/2019\\\/ciclone-idai-lex-corsista-antonella-ci-parla-dal-campo\\\/\"},\"wordCount\":256,\"publisher\":{\"@id\":\"https:\\\/\\\/www.socialchangeschool.org\\\/it\\\/#organization\"},\"image\":{\"@id\":\"https:\\\/\\\/www.socialchangeschool.org\\\/it\\\/03\\\/04\\\/2019\\\/ciclone-idai-lex-corsista-antonella-ci-parla-dal-campo\\\/#primaryimage\"},\"thumbnailUrl\":\"http:\\\/\\\/www.socialchangeschool.org\\\/it\\\/wp-content\\\/uploads\\\/sites\\\/2\\\/2019\\\/04\\\/fvfhfCOPY.jpeg\",\"keywords\":[\"Blog\"],\"articleSection\":[\"Emergenza Umanitaria\",\"News\"],\"inLanguage\":\"it-IT\"},{\"@type\":\"WebPage\",\"@id\":\"https:\\\/\\\/www.socialchangeschool.org\\\/it\\\/03\\\/04\\\/2019\\\/ciclone-idai-lex-corsista-antonella-ci-parla-dal-campo\\\/\",\"url\":\"https:\\\/\\\/www.socialchangeschool.org\\\/it\\\/03\\\/04\\\/2019\\\/ciclone-idai-lex-corsista-antonella-ci-parla-dal-campo\\\/\",\"name\":\"Ciclone Idai: l'ex corsista Antonella ci parla dal campo - SocialChangeSchool\",\"isPartOf\":{\"@id\":\"https:\\\/\\\/www.socialchangeschool.org\\\/it\\\/#website\"},\"primaryImageOfPage\":{\"@id\":\"https:\\\/\\\/www.socialchangeschool.org\\\/it\\\/03\\\/04\\\/2019\\\/ciclone-idai-lex-corsista-antonella-ci-parla-dal-campo\\\/#primaryimage\"},\"image\":{\"@id\":\"https:\\\/\\\/www.socialchangeschool.org\\\/it\\\/03\\\/04\\\/2019\\\/ciclone-idai-lex-corsista-antonella-ci-parla-dal-campo\\\/#primaryimage\"},\"thumbnailUrl\":\"http:\\\/\\\/www.socialchangeschool.org\\\/it\\\/wp-content\\\/uploads\\\/sites\\\/2\\\/2019\\\/04\\\/fvfhfCOPY.jpeg\",\"datePublished\":\"2019-04-03T17:30:37+00:00\",\"dateModified\":\"2023-03-28T09:09:31+00:00\",\"breadcrumb\":{\"@id\":\"https:\\\/\\\/www.socialchangeschool.org\\\/it\\\/03\\\/04\\\/2019\\\/ciclone-idai-lex-corsista-antonella-ci-parla-dal-campo\\\/#breadcrumb\"},\"inLanguage\":\"it-IT\",\"potentialAction\":[{\"@type\":\"ReadAction\",\"target\":[\"https:\\\/\\\/www.socialchangeschool.org\\\/it\\\/03\\\/04\\\/2019\\\/ciclone-idai-lex-corsista-antonella-ci-parla-dal-campo\\\/\"]}]},{\"@type\":\"ImageObject\",\"inLanguage\":\"it-IT\",\"@id\":\"https:\\\/\\\/www.socialchangeschool.org\\\/it\\\/03\\\/04\\\/2019\\\/ciclone-idai-lex-corsista-antonella-ci-parla-dal-campo\\\/#primaryimage\",\"url\":\"http:\\\/\\\/www.socialchangeschool.org\\\/it\\\/wp-content\\\/uploads\\\/sites\\\/2\\\/2019\\\/04\\\/fvfhfCOPY.jpeg\",\"contentUrl\":\"http:\\\/\\\/www.socialchangeschool.org\\\/it\\\/wp-content\\\/uploads\\\/sites\\\/2\\\/2019\\\/04\\\/fvfhfCOPY.jpeg\"},{\"@type\":\"BreadcrumbList\",\"@id\":\"https:\\\/\\\/www.socialchangeschool.org\\\/it\\\/03\\\/04\\\/2019\\\/ciclone-idai-lex-corsista-antonella-ci-parla-dal-campo\\\/#breadcrumb\",\"itemListElement\":[{\"@type\":\"ListItem\",\"position\":1,\"name\":\"Home\",\"item\":\"https:\\\/\\\/www.socialchangeschool.org\\\/it\\\/\"},{\"@type\":\"ListItem\",\"position\":2,\"name\":\"Ciclone Idai: l&#8217;ex corsista Antonella ci parla dal campo\"}]},{\"@type\":\"WebSite\",\"@id\":\"https:\\\/\\\/www.socialchangeschool.org\\\/it\\\/#website\",\"url\":\"https:\\\/\\\/www.socialchangeschool.org\\\/it\\\/\",\"name\":\"Social Change School\",\"description\":\"worldwide leader for training, connecting and certificating all professionals of Non Profit sector\",\"publisher\":{\"@id\":\"https:\\\/\\\/www.socialchangeschool.org\\\/it\\\/#organization\"},\"alternateName\":\"Leverage of Social Change transformational training institution\",\"potentialAction\":[{\"@type\":\"SearchAction\",\"target\":{\"@type\":\"EntryPoint\",\"urlTemplate\":\"https:\\\/\\\/www.socialchangeschool.org\\\/it\\\/?s={search_term_string}\"},\"query-input\":{\"@type\":\"PropertyValueSpecification\",\"valueRequired\":true,\"valueName\":\"search_term_string\"}}],\"inLanguage\":\"it-IT\"},{\"@type\":\"Organization\",\"@id\":\"https:\\\/\\\/www.socialchangeschool.org\\\/it\\\/#organization\",\"name\":\"Social Change School\",\"alternateName\":\"worldwide leader for training, connecting and certificating all professionals\",\"url\":\"https:\\\/\\\/www.socialchangeschool.org\\\/it\\\/\",\"logo\":{\"@type\":\"ImageObject\",\"inLanguage\":\"it-IT\",\"@id\":\"https:\\\/\\\/www.socialchangeschool.org\\\/it\\\/#\\\/schema\\\/logo\\\/image\\\/\",\"url\":\"https:\\\/\\\/www.socialchangeschool.org\\\/wp-content\\\/uploads\\\/2022\\\/06\\\/Logo-SocialChangeSchool.png\",\"contentUrl\":\"https:\\\/\\\/www.socialchangeschool.org\\\/wp-content\\\/uploads\\\/2022\\\/06\\\/Logo-SocialChangeSchool.png\",\"width\":1721,\"height\":1721,\"caption\":\"Social Change School\"},\"image\":{\"@id\":\"https:\\\/\\\/www.socialchangeschool.org\\\/it\\\/#\\\/schema\\\/logo\\\/image\\\/\"}},{\"@type\":\"Person\",\"@id\":\"https:\\\/\\\/www.socialchangeschool.org\\\/it\\\/#\\\/schema\\\/person\\\/830e0c463a7c51633e79f9b14aadf794\",\"name\":\"Laura Reiss\",\"url\":\"https:\\\/\\\/www.socialchangeschool.org\\\/it\\\/author\\\/ghost\\\/\"}]}<\/script>\n<!-- \/ Yoast SEO Premium plugin. -->","yoast_head_json":{"title":"Ciclone Idai: l'ex corsista Antonella ci parla dal campo - SocialChangeSchool","robots":{"index":"index","follow":"follow","max-snippet":"max-snippet:-1","max-image-preview":"max-image-preview:large","max-video-preview":"max-video-preview:-1"},"canonical":"https:\/\/www.socialchangeschool.org\/it\/03\/04\/2019\/ciclone-idai-lex-corsista-antonella-ci-parla-dal-campo\/","og_locale":"it_IT","og_type":"article","og_title":"Ciclone Idai: l'ex corsista Antonella ci parla dal campo","og_description":"Antonella, nostra ex studentessa del Master PMC &#8211; Project Management per la Cooperazione Internazionale, era in Mozambico con AVSI\u00a0quando il Ciclone Idai si \u00e8 abbattuto sul paese. Siamo riusciti a metterci in contatto con lei, che \u00e8 ancora sul campo in Mozambico, nel cuore dell&#8217;emergenza, per farci descrivere la situazione sul territorio in questo momento.\u00a0 [&hellip;]","og_url":"https:\/\/www.socialchangeschool.org\/it\/03\/04\/2019\/ciclone-idai-lex-corsista-antonella-ci-parla-dal-campo\/","og_site_name":"SocialChangeSchool","article_published_time":"2019-04-03T17:30:37+00:00","article_modified_time":"2023-03-28T09:09:31+00:00","og_image":[{"url":"http:\/\/www.socialchangeschool.org\/it\/wp-content\/uploads\/sites\/2\/2019\/04\/fvfhfCOPY.jpeg","type":"","width":"","height":""}],"author":"Laura Reiss","twitter_card":"summary_large_image","twitter_misc":{"Scritto da":"Laura Reiss","Tempo di lettura stimato":"1 minuto"},"schema":{"@context":"https:\/\/schema.org","@graph":[{"@type":"Article","@id":"https:\/\/www.socialchangeschool.org\/it\/03\/04\/2019\/ciclone-idai-lex-corsista-antonella-ci-parla-dal-campo\/#article","isPartOf":{"@id":"https:\/\/www.socialchangeschool.org\/it\/03\/04\/2019\/ciclone-idai-lex-corsista-antonella-ci-parla-dal-campo\/"},"author":{"name":"Laura Reiss","@id":"https:\/\/www.socialchangeschool.org\/it\/#\/schema\/person\/830e0c463a7c51633e79f9b14aadf794"},"headline":"Ciclone Idai: l&#8217;ex corsista Antonella ci parla dal campo","datePublished":"2019-04-03T17:30:37+00:00","dateModified":"2023-03-28T09:09:31+00:00","mainEntityOfPage":{"@id":"https:\/\/www.socialchangeschool.org\/it\/03\/04\/2019\/ciclone-idai-lex-corsista-antonella-ci-parla-dal-campo\/"},"wordCount":256,"publisher":{"@id":"https:\/\/www.socialchangeschool.org\/it\/#organization"},"image":{"@id":"https:\/\/www.socialchangeschool.org\/it\/03\/04\/2019\/ciclone-idai-lex-corsista-antonella-ci-parla-dal-campo\/#primaryimage"},"thumbnailUrl":"http:\/\/www.socialchangeschool.org\/it\/wp-content\/uploads\/sites\/2\/2019\/04\/fvfhfCOPY.jpeg","keywords":["Blog"],"articleSection":["Emergenza Umanitaria","News"],"inLanguage":"it-IT"},{"@type":"WebPage","@id":"https:\/\/www.socialchangeschool.org\/it\/03\/04\/2019\/ciclone-idai-lex-corsista-antonella-ci-parla-dal-campo\/","url":"https:\/\/www.socialchangeschool.org\/it\/03\/04\/2019\/ciclone-idai-lex-corsista-antonella-ci-parla-dal-campo\/","name":"Ciclone Idai: l'ex corsista Antonella ci parla dal campo - SocialChangeSchool","isPartOf":{"@id":"https:\/\/www.socialchangeschool.org\/it\/#website"},"primaryImageOfPage":{"@id":"https:\/\/www.socialchangeschool.org\/it\/03\/04\/2019\/ciclone-idai-lex-corsista-antonella-ci-parla-dal-campo\/#primaryimage"},"image":{"@id":"https:\/\/www.socialchangeschool.org\/it\/03\/04\/2019\/ciclone-idai-lex-corsista-antonella-ci-parla-dal-campo\/#primaryimage"},"thumbnailUrl":"http:\/\/www.socialchangeschool.org\/it\/wp-content\/uploads\/sites\/2\/2019\/04\/fvfhfCOPY.jpeg","datePublished":"2019-04-03T17:30:37+00:00","dateModified":"2023-03-28T09:09:31+00:00","breadcrumb":{"@id":"https:\/\/www.socialchangeschool.org\/it\/03\/04\/2019\/ciclone-idai-lex-corsista-antonella-ci-parla-dal-campo\/#breadcrumb"},"inLanguage":"it-IT","potentialAction":[{"@type":"ReadAction","target":["https:\/\/www.socialchangeschool.org\/it\/03\/04\/2019\/ciclone-idai-lex-corsista-antonella-ci-parla-dal-campo\/"]}]},{"@type":"ImageObject","inLanguage":"it-IT","@id":"https:\/\/www.socialchangeschool.org\/it\/03\/04\/2019\/ciclone-idai-lex-corsista-antonella-ci-parla-dal-campo\/#primaryimage","url":"http:\/\/www.socialchangeschool.org\/it\/wp-content\/uploads\/sites\/2\/2019\/04\/fvfhfCOPY.jpeg","contentUrl":"http:\/\/www.socialchangeschool.org\/it\/wp-content\/uploads\/sites\/2\/2019\/04\/fvfhfCOPY.jpeg"},{"@type":"BreadcrumbList","@id":"https:\/\/www.socialchangeschool.org\/it\/03\/04\/2019\/ciclone-idai-lex-corsista-antonella-ci-parla-dal-campo\/#breadcrumb","itemListElement":[{"@type":"ListItem","position":1,"name":"Home","item":"https:\/\/www.socialchangeschool.org\/it\/"},{"@type":"ListItem","position":2,"name":"Ciclone Idai: l&#8217;ex corsista Antonella ci parla dal campo"}]},{"@type":"WebSite","@id":"https:\/\/www.socialchangeschool.org\/it\/#website","url":"https:\/\/www.socialchangeschool.org\/it\/","name":"Social Change School","description":"worldwide leader for training, connecting and certificating all professionals of Non Profit sector","publisher":{"@id":"https:\/\/www.socialchangeschool.org\/it\/#organization"},"alternateName":"Leverage of Social Change transformational training institution","potentialAction":[{"@type":"SearchAction","target":{"@type":"EntryPoint","urlTemplate":"https:\/\/www.socialchangeschool.org\/it\/?s={search_term_string}"},"query-input":{"@type":"PropertyValueSpecification","valueRequired":true,"valueName":"search_term_string"}}],"inLanguage":"it-IT"},{"@type":"Organization","@id":"https:\/\/www.socialchangeschool.org\/it\/#organization","name":"Social Change School","alternateName":"worldwide leader for training, connecting and certificating all professionals","url":"https:\/\/www.socialchangeschool.org\/it\/","logo":{"@type":"ImageObject","inLanguage":"it-IT","@id":"https:\/\/www.socialchangeschool.org\/it\/#\/schema\/logo\/image\/","url":"https:\/\/www.socialchangeschool.org\/wp-content\/uploads\/2022\/06\/Logo-SocialChangeSchool.png","contentUrl":"https:\/\/www.socialchangeschool.org\/wp-content\/uploads\/2022\/06\/Logo-SocialChangeSchool.png","width":1721,"height":1721,"caption":"Social Change School"},"image":{"@id":"https:\/\/www.socialchangeschool.org\/it\/#\/schema\/logo\/image\/"}},{"@type":"Person","@id":"https:\/\/www.socialchangeschool.org\/it\/#\/schema\/person\/830e0c463a7c51633e79f9b14aadf794","name":"Laura Reiss","url":"https:\/\/www.socialchangeschool.org\/it\/author\/ghost\/"}]}},"_links":{"self":[{"href":"https:\/\/www.socialchangeschool.org\/it\/wp-json\/wp\/v2\/posts\/38417","targetHints":{"allow":["GET"]}}],"collection":[{"href":"https:\/\/www.socialchangeschool.org\/it\/wp-json\/wp\/v2\/posts"}],"about":[{"href":"https:\/\/www.socialchangeschool.org\/it\/wp-json\/wp\/v2\/types\/post"}],"author":[{"embeddable":true,"href":"https:\/\/www.socialchangeschool.org\/it\/wp-json\/wp\/v2\/users\/2"}],"replies":[{"embeddable":true,"href":"https:\/\/www.socialchangeschool.org\/it\/wp-json\/wp\/v2\/comments?post=38417"}],"version-history":[{"count":0,"href":"https:\/\/www.socialchangeschool.org\/it\/wp-json\/wp\/v2\/posts\/38417\/revisions"}],"wp:attachment":[{"href":"https:\/\/www.socialchangeschool.org\/it\/wp-json\/wp\/v2\/media?parent=38417"}],"wp:term":[{"taxonomy":"category","embeddable":true,"href":"https:\/\/www.socialchangeschool.org\/it\/wp-json\/wp\/v2\/categories?post=38417"},{"taxonomy":"post_tag","embeddable":true,"href":"https:\/\/www.socialchangeschool.org\/it\/wp-json\/wp\/v2\/tags?post=38417"}],"curies":[{"name":"wp","href":"https:\/\/api.w.org\/{rel}","templated":true}]}}