{"id":38403,"date":"2019-01-09T14:03:06","date_gmt":"2019-01-09T14:03:06","guid":{"rendered":"http:\/\/socialchangeschool.org\/09\/01\/2019\/titti-andriani-alumna-della-scuola-nominata-ufficiale-dellordine-al-merito-della-repubblica-italiana\/"},"modified":"2019-01-09T14:03:06","modified_gmt":"2019-01-09T14:03:06","slug":"titti-andriani-alumna-della-scuola-nominata-ufficiale-dellordine-al-merito-della-repubblica-italiana","status":"publish","type":"post","link":"https:\/\/www.socialchangeschool.org\/it\/09\/01\/2019\/titti-andriani-alumna-della-scuola-nominata-ufficiale-dellordine-al-merito-della-repubblica-italiana\/","title":{"rendered":"Titti Andriani, alumna SCS, nominata &#8216;Ufficiale dell\u2019Ordine al Merito della Repubblica Italiana\u2019"},"content":{"rendered":"<p style=\"text-align: justify\"><span>Titti Andriani, nostra Alumna <strong>del Master in Fundraising Management<\/strong> ed. 2009, \u00e8 stata\u00a0nominata\u00a0<strong>\u2018Ufficiale dell\u2019Ordine al Merito della Repubblica Italiana\u2019\u00a0<\/strong>dal\u00a0<strong>Presidente della Repubblica Sergio Mattarella<\/strong> <strong>per il suo lavoro con Afron Associazione Onlus, da lei fondata subito dopo il Master<\/strong>. \u00a0La notizia \u00e8 stata resa nota al pubblico anche attraverso un\u00a0 <a href=\"https:\/\/www.repubblica.it\/oncologia\/testimonianze\/2019\/01\/07\/news\/il_presidente_mattarella_premia_maria_tiziana_andriani_che_in_africa_combatte_il_cancro-216010466\/?fbclid=IwAR3vki3O7DcOTKopvsXBJBIUuhLWuYDGc7nsqoor4-pNTFPgrw5aweRoE9c\" target=\"_blank\" rel=\"noopener\"><strong>articolo de La Repubblica<\/strong><\/a>.<\/span><\/p>\n<p>Le scrive cos\u00ec <strong>Marco Crescenzi, Presidente della Social Change School<\/strong>:<\/p>\n<blockquote><p><img fetchpriority=\"high\" decoding=\"async\" src=\"https:\/\/www.socialchangeschool.org\/it\/wp-content\/uploads\/sites\/2\/2019\/01\/BCO9313.jpg\" alt=\"Titti Andriani, alumna della Scuola, nominata 'Ufficiale dell\u2019Ordine al Merito della Repubblica Italiana\u2019\" width=\"351\" height=\"281\" class=\"alignleft wp-image-34153\" \/><\/p>\n<p style=\"text-align: justify\">Cara Titti, ti esprimo le mie <strong>congratulazioni a nome della Social Change School<\/strong> per il meritato riconoscimento del tuo impegno contro il cancro in Africa. Con la tua Associazione avete salvato e migliorato moltissime vite, in particolare di donne e bambini. Conservo nitido \u00a0il <strong>ricordo dei primi passi per la creazione dell&#8217;Associazione, <\/strong>lo scambio telefonico di opinioni, di quello che sembrava un sogno immenso, ma di cui avevamo tutti percepito le potenzialit\u00e0 e sulla cui realizzazione non abbiamo mai avuto dubbi. Credo che sia un bellissimo esempio sia per chi, come te, viene dal profit per cambiare vita, sia per i giovani, affinch\u00e9 non pongano limiti alle loro ambizioni sociali. Un esempio che tu, come tanti altri nostri corsisti, porti\u00a0avanti tenendo alto il valore di un impegno sociale professionale in tempi cos\u00ec complessi ed avversi&#8221;.\u00a0\u00a0<\/p>\n<\/blockquote>\n<p style=\"text-align: justify\">\n<p style=\"text-align: justify\">La <strong><a href=\"https:\/\/www.afron.org\/it\/news\/eroi-per-forza-racconta-titti-andriani-appena-nominata-ufficiale-dell-ordine-al-merito-della-repubblica-italiana\" target=\"_blank\" rel=\"noopener\">testimonianza di Titti Andriani<\/a><\/strong>, ex corsista Social Change School del Master in Fundraising Management nel 2009 e attuale Presidente (nonch\u00e9 Fondatrice) di<span>\u00a0<\/span><strong><a href=\"https:\/\/www.afron.org\/it\/home\" target=\"_blank\" rel=\"noopener\">AFRON, Oncologia per L\u2019Africa Onlus<\/a><\/strong>, sa di forza di volont\u00e0, spirito di iniziativa, fratellanza e umanit\u00e0.<\/p>\n<p>A chi la chiama &#8220;eroe&#8221;, <strong>Titti risponde<\/strong>:<\/p>\n<blockquote>\n<p><span>Chi ha veramente coraggio e vive la fatale abnegazione dei propri diritti sono i bambini che sosteniamo negli ospedali oncologici in Uganda.\u00a0<\/span>Perch\u00e9 essere eroe comporta anche sacrificio, mentre quello che pi\u00f9 desiderano questi bambini \u00e8 essere normali, come tanti altri.<br \/><strong>Ai nostri \u201ceroi per forza\u201d<\/strong>, fra le lacrime di commozione, oggi <strong>dedico questa importante onorificenza<\/strong>.<\/p>\n<\/blockquote>\n<p style=\"text-align: justify\">Titti nel 2006 lavorava da 11 anni, come Responsabile della Formazione Aziendale, in una multinazionale e organizzava congressi medici. Amante dell\u2019Africa da sempre, un giorno parte per un\u2019<strong>esperienza di volontariato in Uganda<\/strong>, come molti nostri corsisti, occupandosi di un progetto di adozioni a distanza di bambini orfani e della costruzione di una scuola nel nord del paese. Questa esperienza le lascia un segno talmente profondo nell&#8217;anima che promette a se stessa di offrire in futuro maggiore impegno verso la popolazione africana.<a href=\"https:\/\/www.socialchangeschool.org\/it\/wp-content\/uploads\/sites\/2\/2019\/01\/DSC_8617.jpg\"><img decoding=\"async\" src=\"https:\/\/www.socialchangeschool.org\/it\/wp-content\/uploads\/sites\/2\/2019\/01\/DSC_8617.jpg\" alt=\"Titti Andriani, alumna della Scuola, nominata 'Ufficiale dell\u2019Ordine al Merito della Repubblica Italiana\u2019\" width=\"351\" height=\"233\" class=\"alignright wp-image-34154\" \/><\/a><\/p>\n<p style=\"text-align: justify\">Tra il 2006 e il 2009 il sogno continua, ma per realizzarlo sente di aver bisogno di maggiori competenze. Decide quindi di iscriversi al<span>\u00a0<\/span><a href=\"https:\/\/www.socialchangeschool.org\/it\/master\/master-in-fundraising-management-comunicazione-marketing-campaigning\/\" target=\"_blank\" rel=\"noopener\"><strong>Master in Fundraising Management<\/strong><\/a>\u00a0della Social Change School.<br \/>Mentre organizzava un Congresso di Oncologia, scopre quanto si muore di cancro in Africa e decide cos\u00ec di recarsi in\u00a0<strong>Uganda<\/strong>\u00a0per raccogliere dati. Un allarme dell\u2019Organizzazione Mondiale della Sanit\u00e0 le conferma la necessit\u00e0 di intervenire tempestivamente con opportuni programmi di prevenzione e cura, per evitare che l\u2019Africa si trovi a fronteggiare, entro il 2020, 13 milioni di nuovi casi di\u00a0cancro\u00a0e circa 1 milione di decessi l\u2019anno. <strong>In Uganda<\/strong> scopre anche con sgomento ed indignazione che su <strong>10 donne malate di cancro alla cervice uterina, 9 ne muoiono, a causa dell\u2019assenza di conoscenza della malattia e di diagnosi precoce<\/strong>.<\/p>\n<p style=\"text-align: justify\">Nel settembre 2009, all&#8217;apice di una brillante carriera,<span>\u00a0<\/span><strong>lascia definitivamente l\u2019azienda<\/strong><span>\u00a0<\/span>e si impegna a tempo pieno alla realizzazione di un\u2019associazione dedicata alla prevenzione e alla cura dei tumori femminili nei paesi africani.<\/p>\n<p style=\"text-align: justify\"><strong><a href=\"https:\/\/www.socialchangeschool.org\/it\/wp-content\/uploads\/sites\/2\/2019\/01\/DSC_9070.jpg\"><img decoding=\"async\" src=\"https:\/\/www.socialchangeschool.org\/it\/wp-content\/uploads\/sites\/2\/2019\/01\/DSC_9070.jpg\" alt=\"Titti Andriani, alumna della Scuola, nominata 'Ufficiale dell\u2019Ordine al Merito della Repubblica Italiana\u2019\" width=\"351\" height=\"233\" class=\"alignleft wp-image-34155\" \/><\/a>Il 10 maggio 2010 viene fondata AFRON, Oncologia per l\u2019Africa Onlus e da quel momento diventa portavoce del diritto alle cure oncologiche per le donne africane.<\/strong><br \/>Il sogno di Titti finalmente si realizza, grazie alle competenze maturate in anni di managerialit\u00e0 e alle conoscenze acquisite durante il master, grazie alla voglia di dare un nuovo senso alla sua vita ed una speranza di vita alle donne africane, ma soprattutto grazie a tanta passione, determinazione, coraggio e tenacia.<\/p>\n<p style=\"text-align: justify\"><strong>AFRON, Oncologia per l\u2019Africa Onlus\u00a0<\/strong>opera in Africa per sostenere le donne ed i bambini durante il lungo cammino nella malattia oncologica.<br \/>Gli interventi mirano a:<br \/>\u2022 Sensibilizzare le donne africane e la comunit\u00e0 di riferimento sul riconoscimento della malattia e l\u2019abbattimento dello stigma del cancro<br \/>\u2022 Promuovere la prevenzione e la diagnosi precoce, quale mezzo prioritario per sconfiggere il cancro<br \/>\u2022 Favorire l\u2019accesso ai trattamenti oncologici non coperti dai sistemi sanitari africani<br \/>\u2022 Garantire la formazione oncologica del personale medico e infermieristico locale.<br \/>AFRON lavora, in partnership, con le comunit\u00e0 africane e le strutture ospedaliere locali, in un\u2019ottica di sostenibilit\u00e0 di lungo periodo degli interventi effettuati.<\/p>\n<p><a href=\"https:\/\/www.socialchangeschool.org\/it\/wp-content\/uploads\/sites\/2\/2019\/01\/yhgf.jpg\"><img loading=\"lazy\" decoding=\"async\" src=\"https:\/\/www.socialchangeschool.org\/it\/wp-content\/uploads\/sites\/2\/2019\/01\/yhgf.jpg\" alt=\"Titti Andriani, alumna della Scuola, nominata 'Ufficiale dell\u2019Ordine al Merito della Repubblica Italiana\u2019\" width=\"351\" height=\"171\" class=\"alignright wp-image-34157\" \/><\/a>Durante questi anni di lavoro in Africa, Titti ha pi\u00f9 volte condiviso con la Scuola storie e racconti del tempo trascorso in Africa con AFRON: puoi leggere gli altri articoli sul blog, come &#8220;<a href=\"https:\/\/www.socialchangeschool.org\/it\/19\/04\/2017\/storiedalcampo-il-progetto-con-afron-in-rwanda-di-titti-andriani\/\" target=\"_blank\" rel=\"noopener\">#StoriedalCampo: Il progetto con AFRON in Rwanda di Titti Andriani<\/a>&#8220;, &#8220;<a href=\"https:\/\/www.socialchangeschool.org\/it\/15\/02\/2017\/storiedalcampo-in-africa-per-sconfiggere-il-cancro-diario-dellultimo-viaggio-in-uganda-di-titti-andriani-afron-oncologia-per-lafrica-onlus\/\" target=\"_blank\" rel=\"noopener\">#StoriedalCampo: In Africa per sconfiggere il cancro<\/a>&#8221; e &#8220;<a href=\"https:\/\/www.socialchangeschool.org\/it\/17\/02\/2017\/cambio-vita-dalle-multinazionali-alla-cooperazione-internazionale-titti-andriani-e-gli-altri\/\" target=\"_blank\" rel=\"noopener\">EDITORIALE. Cambio vita dalle multinazionali alla cooperazione internazionale: Titti Andriani e gli altri<\/a>&#8220;.<\/p>\n","protected":false},"excerpt":{"rendered":"<p>Titti Andriani, nostra Alumna del Master in Fundraising Management ed. 2009, \u00e8 stata\u00a0nominata\u00a0\u2018Ufficiale dell\u2019Ordine al Merito della Repubblica Italiana\u2019\u00a0dal\u00a0Presidente della Repubblica Sergio Mattarella per il suo lavoro con Afron Associazione Onlus, da lei fondata subito dopo il Master. \u00a0La notizia \u00e8 stata resa nota al pubblico anche attraverso un\u00a0 articolo de La Repubblica. Le scrive [&hellip;]<\/p>\n","protected":false},"author":2,"featured_media":0,"comment_status":"closed","ping_status":"closed","sticky":false,"template":"","format":"standard","meta":{"site-sidebar-layout":"default","site-content-layout":"","ast-site-content-layout":"default","site-content-style":"default","site-sidebar-style":"default","ast-global-header-display":"","ast-banner-title-visibility":"","ast-main-header-display":"","ast-hfb-above-header-display":"","ast-hfb-below-header-display":"","ast-hfb-mobile-header-display":"","site-post-title":"","ast-breadcrumbs-content":"","ast-featured-img":"","footer-sml-layout":"","ast-disable-related-posts":"","theme-transparent-header-meta":"","adv-header-id-meta":"","stick-header-meta":"","header-above-stick-meta":"","header-main-stick-meta":"","header-below-stick-meta":"","astra-migrate-meta-layouts":"default","ast-page-background-enabled":"default","ast-page-background-meta":{"desktop":{"background-color":"","background-image":"","background-repeat":"repeat","background-position":"center center","background-size":"auto","background-attachment":"scroll","background-type":"","background-media":"","overlay-type":"","overlay-color":"","overlay-opacity":"","overlay-gradient":""},"tablet":{"background-color":"","background-image":"","background-repeat":"repeat","background-position":"center center","background-size":"auto","background-attachment":"scroll","background-type":"","background-media":"","overlay-type":"","overlay-color":"","overlay-opacity":"","overlay-gradient":""},"mobile":{"background-color":"","background-image":"","background-repeat":"repeat","background-position":"center center","background-size":"auto","background-attachment":"scroll","background-type":"","background-media":"","overlay-type":"","overlay-color":"","overlay-opacity":"","overlay-gradient":""}},"ast-content-background-meta":{"desktop":{"background-color":"var(--ast-global-color-5)","background-image":"","background-repeat":"repeat","background-position":"center center","background-size":"auto","background-attachment":"scroll","background-type":"","background-media":"","overlay-type":"","overlay-color":"","overlay-opacity":"","overlay-gradient":""},"tablet":{"background-color":"var(--ast-global-color-5)","background-image":"","background-repeat":"repeat","background-position":"center center","background-size":"auto","background-attachment":"scroll","background-type":"","background-media":"","overlay-type":"","overlay-color":"","overlay-opacity":"","overlay-gradient":""},"mobile":{"background-color":"var(--ast-global-color-5)","background-image":"","background-repeat":"repeat","background-position":"center center","background-size":"auto","background-attachment":"scroll","background-type":"","background-media":"","overlay-type":"","overlay-color":"","overlay-opacity":"","overlay-gradient":""}},"footnotes":""},"categories":[117],"tags":[],"class_list":["post-38403","post","type-post","status-publish","format-standard","hentry","category-news-it"],"yoast_head":"<!-- This site is optimized with the Yoast SEO Premium plugin v27.2 (Yoast SEO v27.5) - https:\/\/yoast.com\/product\/yoast-seo-premium-wordpress\/ -->\n<title>Titti Andriani, alumna SCS, nominata &#039;Ufficiale dell\u2019Ordine al Merito della Repubblica Italiana\u2019 - SocialChangeSchool<\/title>\n<meta name=\"robots\" content=\"index, follow, max-snippet:-1, max-image-preview:large, max-video-preview:-1\" \/>\n<link rel=\"canonical\" href=\"https:\/\/www.socialchangeschool.org\/it\/09\/01\/2019\/titti-andriani-alumna-della-scuola-nominata-ufficiale-dellordine-al-merito-della-repubblica-italiana\/\" \/>\n<meta property=\"og:locale\" content=\"it_IT\" \/>\n<meta property=\"og:type\" content=\"article\" \/>\n<meta property=\"og:title\" content=\"Titti Andriani, alumna SCS, nominata &#039;Ufficiale dell\u2019Ordine al Merito della Repubblica Italiana\u2019\" \/>\n<meta property=\"og:description\" content=\"Titti Andriani, nostra Alumna del Master in Fundraising Management ed. 2009, \u00e8 stata\u00a0nominata\u00a0\u2018Ufficiale dell\u2019Ordine al Merito della Repubblica Italiana\u2019\u00a0dal\u00a0Presidente della Repubblica Sergio Mattarella per il suo lavoro con Afron Associazione Onlus, da lei fondata subito dopo il Master. \u00a0La notizia \u00e8 stata resa nota al pubblico anche attraverso un\u00a0 articolo de La Repubblica. Le scrive [&hellip;]\" \/>\n<meta property=\"og:url\" content=\"https:\/\/www.socialchangeschool.org\/it\/09\/01\/2019\/titti-andriani-alumna-della-scuola-nominata-ufficiale-dellordine-al-merito-della-repubblica-italiana\/\" \/>\n<meta property=\"og:site_name\" content=\"SocialChangeSchool\" \/>\n<meta property=\"article:published_time\" content=\"2019-01-09T14:03:06+00:00\" \/>\n<meta property=\"og:image\" content=\"http:\/\/www.socialchangeschool.org\/it\/wp-content\/uploads\/sites\/2\/2019\/01\/BCO9313.jpg\" \/>\n<meta name=\"author\" content=\"Laura Reiss\" \/>\n<meta name=\"twitter:card\" content=\"summary_large_image\" \/>\n<meta name=\"twitter:label1\" content=\"Scritto da\" \/>\n\t<meta name=\"twitter:data1\" content=\"Laura Reiss\" \/>\n\t<meta name=\"twitter:label2\" content=\"Tempo di lettura stimato\" \/>\n\t<meta name=\"twitter:data2\" content=\"4 minuti\" \/>\n<script type=\"application\/ld+json\" class=\"yoast-schema-graph\">{\"@context\":\"https:\\\/\\\/schema.org\",\"@graph\":[{\"@type\":\"Article\",\"@id\":\"https:\\\/\\\/www.socialchangeschool.org\\\/it\\\/09\\\/01\\\/2019\\\/titti-andriani-alumna-della-scuola-nominata-ufficiale-dellordine-al-merito-della-repubblica-italiana\\\/#article\",\"isPartOf\":{\"@id\":\"https:\\\/\\\/www.socialchangeschool.org\\\/it\\\/09\\\/01\\\/2019\\\/titti-andriani-alumna-della-scuola-nominata-ufficiale-dellordine-al-merito-della-repubblica-italiana\\\/\"},\"author\":{\"name\":\"Laura Reiss\",\"@id\":\"https:\\\/\\\/www.socialchangeschool.org\\\/it\\\/#\\\/schema\\\/person\\\/830e0c463a7c51633e79f9b14aadf794\"},\"headline\":\"Titti Andriani, alumna SCS, nominata &#8216;Ufficiale dell\u2019Ordine al Merito della Repubblica Italiana\u2019\",\"datePublished\":\"2019-01-09T14:03:06+00:00\",\"mainEntityOfPage\":{\"@id\":\"https:\\\/\\\/www.socialchangeschool.org\\\/it\\\/09\\\/01\\\/2019\\\/titti-andriani-alumna-della-scuola-nominata-ufficiale-dellordine-al-merito-della-repubblica-italiana\\\/\"},\"wordCount\":810,\"publisher\":{\"@id\":\"https:\\\/\\\/www.socialchangeschool.org\\\/it\\\/#organization\"},\"image\":{\"@id\":\"https:\\\/\\\/www.socialchangeschool.org\\\/it\\\/09\\\/01\\\/2019\\\/titti-andriani-alumna-della-scuola-nominata-ufficiale-dellordine-al-merito-della-repubblica-italiana\\\/#primaryimage\"},\"thumbnailUrl\":\"http:\\\/\\\/www.socialchangeschool.org\\\/it\\\/wp-content\\\/uploads\\\/sites\\\/2\\\/2019\\\/01\\\/BCO9313.jpg\",\"articleSection\":[\"News\"],\"inLanguage\":\"it-IT\"},{\"@type\":\"WebPage\",\"@id\":\"https:\\\/\\\/www.socialchangeschool.org\\\/it\\\/09\\\/01\\\/2019\\\/titti-andriani-alumna-della-scuola-nominata-ufficiale-dellordine-al-merito-della-repubblica-italiana\\\/\",\"url\":\"https:\\\/\\\/www.socialchangeschool.org\\\/it\\\/09\\\/01\\\/2019\\\/titti-andriani-alumna-della-scuola-nominata-ufficiale-dellordine-al-merito-della-repubblica-italiana\\\/\",\"name\":\"Titti Andriani, alumna SCS, nominata 'Ufficiale dell\u2019Ordine al Merito della Repubblica Italiana\u2019 - SocialChangeSchool\",\"isPartOf\":{\"@id\":\"https:\\\/\\\/www.socialchangeschool.org\\\/it\\\/#website\"},\"primaryImageOfPage\":{\"@id\":\"https:\\\/\\\/www.socialchangeschool.org\\\/it\\\/09\\\/01\\\/2019\\\/titti-andriani-alumna-della-scuola-nominata-ufficiale-dellordine-al-merito-della-repubblica-italiana\\\/#primaryimage\"},\"image\":{\"@id\":\"https:\\\/\\\/www.socialchangeschool.org\\\/it\\\/09\\\/01\\\/2019\\\/titti-andriani-alumna-della-scuola-nominata-ufficiale-dellordine-al-merito-della-repubblica-italiana\\\/#primaryimage\"},\"thumbnailUrl\":\"http:\\\/\\\/www.socialchangeschool.org\\\/it\\\/wp-content\\\/uploads\\\/sites\\\/2\\\/2019\\\/01\\\/BCO9313.jpg\",\"datePublished\":\"2019-01-09T14:03:06+00:00\",\"breadcrumb\":{\"@id\":\"https:\\\/\\\/www.socialchangeschool.org\\\/it\\\/09\\\/01\\\/2019\\\/titti-andriani-alumna-della-scuola-nominata-ufficiale-dellordine-al-merito-della-repubblica-italiana\\\/#breadcrumb\"},\"inLanguage\":\"it-IT\",\"potentialAction\":[{\"@type\":\"ReadAction\",\"target\":[\"https:\\\/\\\/www.socialchangeschool.org\\\/it\\\/09\\\/01\\\/2019\\\/titti-andriani-alumna-della-scuola-nominata-ufficiale-dellordine-al-merito-della-repubblica-italiana\\\/\"]}]},{\"@type\":\"ImageObject\",\"inLanguage\":\"it-IT\",\"@id\":\"https:\\\/\\\/www.socialchangeschool.org\\\/it\\\/09\\\/01\\\/2019\\\/titti-andriani-alumna-della-scuola-nominata-ufficiale-dellordine-al-merito-della-repubblica-italiana\\\/#primaryimage\",\"url\":\"http:\\\/\\\/www.socialchangeschool.org\\\/it\\\/wp-content\\\/uploads\\\/sites\\\/2\\\/2019\\\/01\\\/BCO9313.jpg\",\"contentUrl\":\"http:\\\/\\\/www.socialchangeschool.org\\\/it\\\/wp-content\\\/uploads\\\/sites\\\/2\\\/2019\\\/01\\\/BCO9313.jpg\"},{\"@type\":\"BreadcrumbList\",\"@id\":\"https:\\\/\\\/www.socialchangeschool.org\\\/it\\\/09\\\/01\\\/2019\\\/titti-andriani-alumna-della-scuola-nominata-ufficiale-dellordine-al-merito-della-repubblica-italiana\\\/#breadcrumb\",\"itemListElement\":[{\"@type\":\"ListItem\",\"position\":1,\"name\":\"Home\",\"item\":\"https:\\\/\\\/www.socialchangeschool.org\\\/it\\\/\"},{\"@type\":\"ListItem\",\"position\":2,\"name\":\"Titti Andriani, alumna SCS, nominata &#8216;Ufficiale dell\u2019Ordine al Merito della Repubblica Italiana\u2019\"}]},{\"@type\":\"WebSite\",\"@id\":\"https:\\\/\\\/www.socialchangeschool.org\\\/it\\\/#website\",\"url\":\"https:\\\/\\\/www.socialchangeschool.org\\\/it\\\/\",\"name\":\"Social Change School\",\"description\":\"worldwide leader for training, connecting and certificating all professionals of Non Profit sector\",\"publisher\":{\"@id\":\"https:\\\/\\\/www.socialchangeschool.org\\\/it\\\/#organization\"},\"alternateName\":\"Leverage of Social Change transformational training institution\",\"potentialAction\":[{\"@type\":\"SearchAction\",\"target\":{\"@type\":\"EntryPoint\",\"urlTemplate\":\"https:\\\/\\\/www.socialchangeschool.org\\\/it\\\/?s={search_term_string}\"},\"query-input\":{\"@type\":\"PropertyValueSpecification\",\"valueRequired\":true,\"valueName\":\"search_term_string\"}}],\"inLanguage\":\"it-IT\"},{\"@type\":\"Organization\",\"@id\":\"https:\\\/\\\/www.socialchangeschool.org\\\/it\\\/#organization\",\"name\":\"Social Change School\",\"alternateName\":\"worldwide leader for training, connecting and certificating all professionals\",\"url\":\"https:\\\/\\\/www.socialchangeschool.org\\\/it\\\/\",\"logo\":{\"@type\":\"ImageObject\",\"inLanguage\":\"it-IT\",\"@id\":\"https:\\\/\\\/www.socialchangeschool.org\\\/it\\\/#\\\/schema\\\/logo\\\/image\\\/\",\"url\":\"https:\\\/\\\/www.socialchangeschool.org\\\/wp-content\\\/uploads\\\/2022\\\/06\\\/Logo-SocialChangeSchool.png\",\"contentUrl\":\"https:\\\/\\\/www.socialchangeschool.org\\\/wp-content\\\/uploads\\\/2022\\\/06\\\/Logo-SocialChangeSchool.png\",\"width\":1721,\"height\":1721,\"caption\":\"Social Change School\"},\"image\":{\"@id\":\"https:\\\/\\\/www.socialchangeschool.org\\\/it\\\/#\\\/schema\\\/logo\\\/image\\\/\"}},{\"@type\":\"Person\",\"@id\":\"https:\\\/\\\/www.socialchangeschool.org\\\/it\\\/#\\\/schema\\\/person\\\/830e0c463a7c51633e79f9b14aadf794\",\"name\":\"Laura Reiss\",\"url\":\"https:\\\/\\\/www.socialchangeschool.org\\\/it\\\/author\\\/ghost\\\/\"}]}<\/script>\n<!-- \/ Yoast SEO Premium plugin. -->","yoast_head_json":{"title":"Titti Andriani, alumna SCS, nominata 'Ufficiale dell\u2019Ordine al Merito della Repubblica Italiana\u2019 - SocialChangeSchool","robots":{"index":"index","follow":"follow","max-snippet":"max-snippet:-1","max-image-preview":"max-image-preview:large","max-video-preview":"max-video-preview:-1"},"canonical":"https:\/\/www.socialchangeschool.org\/it\/09\/01\/2019\/titti-andriani-alumna-della-scuola-nominata-ufficiale-dellordine-al-merito-della-repubblica-italiana\/","og_locale":"it_IT","og_type":"article","og_title":"Titti Andriani, alumna SCS, nominata 'Ufficiale dell\u2019Ordine al Merito della Repubblica Italiana\u2019","og_description":"Titti Andriani, nostra Alumna del Master in Fundraising Management ed. 2009, \u00e8 stata\u00a0nominata\u00a0\u2018Ufficiale dell\u2019Ordine al Merito della Repubblica Italiana\u2019\u00a0dal\u00a0Presidente della Repubblica Sergio Mattarella per il suo lavoro con Afron Associazione Onlus, da lei fondata subito dopo il Master. \u00a0La notizia \u00e8 stata resa nota al pubblico anche attraverso un\u00a0 articolo de La Repubblica. Le scrive [&hellip;]","og_url":"https:\/\/www.socialchangeschool.org\/it\/09\/01\/2019\/titti-andriani-alumna-della-scuola-nominata-ufficiale-dellordine-al-merito-della-repubblica-italiana\/","og_site_name":"SocialChangeSchool","article_published_time":"2019-01-09T14:03:06+00:00","og_image":[{"url":"http:\/\/www.socialchangeschool.org\/it\/wp-content\/uploads\/sites\/2\/2019\/01\/BCO9313.jpg","type":"","width":"","height":""}],"author":"Laura Reiss","twitter_card":"summary_large_image","twitter_misc":{"Scritto da":"Laura Reiss","Tempo di lettura stimato":"4 minuti"},"schema":{"@context":"https:\/\/schema.org","@graph":[{"@type":"Article","@id":"https:\/\/www.socialchangeschool.org\/it\/09\/01\/2019\/titti-andriani-alumna-della-scuola-nominata-ufficiale-dellordine-al-merito-della-repubblica-italiana\/#article","isPartOf":{"@id":"https:\/\/www.socialchangeschool.org\/it\/09\/01\/2019\/titti-andriani-alumna-della-scuola-nominata-ufficiale-dellordine-al-merito-della-repubblica-italiana\/"},"author":{"name":"Laura Reiss","@id":"https:\/\/www.socialchangeschool.org\/it\/#\/schema\/person\/830e0c463a7c51633e79f9b14aadf794"},"headline":"Titti Andriani, alumna SCS, nominata &#8216;Ufficiale dell\u2019Ordine al Merito della Repubblica Italiana\u2019","datePublished":"2019-01-09T14:03:06+00:00","mainEntityOfPage":{"@id":"https:\/\/www.socialchangeschool.org\/it\/09\/01\/2019\/titti-andriani-alumna-della-scuola-nominata-ufficiale-dellordine-al-merito-della-repubblica-italiana\/"},"wordCount":810,"publisher":{"@id":"https:\/\/www.socialchangeschool.org\/it\/#organization"},"image":{"@id":"https:\/\/www.socialchangeschool.org\/it\/09\/01\/2019\/titti-andriani-alumna-della-scuola-nominata-ufficiale-dellordine-al-merito-della-repubblica-italiana\/#primaryimage"},"thumbnailUrl":"http:\/\/www.socialchangeschool.org\/it\/wp-content\/uploads\/sites\/2\/2019\/01\/BCO9313.jpg","articleSection":["News"],"inLanguage":"it-IT"},{"@type":"WebPage","@id":"https:\/\/www.socialchangeschool.org\/it\/09\/01\/2019\/titti-andriani-alumna-della-scuola-nominata-ufficiale-dellordine-al-merito-della-repubblica-italiana\/","url":"https:\/\/www.socialchangeschool.org\/it\/09\/01\/2019\/titti-andriani-alumna-della-scuola-nominata-ufficiale-dellordine-al-merito-della-repubblica-italiana\/","name":"Titti Andriani, alumna SCS, nominata 'Ufficiale dell\u2019Ordine al Merito della Repubblica Italiana\u2019 - SocialChangeSchool","isPartOf":{"@id":"https:\/\/www.socialchangeschool.org\/it\/#website"},"primaryImageOfPage":{"@id":"https:\/\/www.socialchangeschool.org\/it\/09\/01\/2019\/titti-andriani-alumna-della-scuola-nominata-ufficiale-dellordine-al-merito-della-repubblica-italiana\/#primaryimage"},"image":{"@id":"https:\/\/www.socialchangeschool.org\/it\/09\/01\/2019\/titti-andriani-alumna-della-scuola-nominata-ufficiale-dellordine-al-merito-della-repubblica-italiana\/#primaryimage"},"thumbnailUrl":"http:\/\/www.socialchangeschool.org\/it\/wp-content\/uploads\/sites\/2\/2019\/01\/BCO9313.jpg","datePublished":"2019-01-09T14:03:06+00:00","breadcrumb":{"@id":"https:\/\/www.socialchangeschool.org\/it\/09\/01\/2019\/titti-andriani-alumna-della-scuola-nominata-ufficiale-dellordine-al-merito-della-repubblica-italiana\/#breadcrumb"},"inLanguage":"it-IT","potentialAction":[{"@type":"ReadAction","target":["https:\/\/www.socialchangeschool.org\/it\/09\/01\/2019\/titti-andriani-alumna-della-scuola-nominata-ufficiale-dellordine-al-merito-della-repubblica-italiana\/"]}]},{"@type":"ImageObject","inLanguage":"it-IT","@id":"https:\/\/www.socialchangeschool.org\/it\/09\/01\/2019\/titti-andriani-alumna-della-scuola-nominata-ufficiale-dellordine-al-merito-della-repubblica-italiana\/#primaryimage","url":"http:\/\/www.socialchangeschool.org\/it\/wp-content\/uploads\/sites\/2\/2019\/01\/BCO9313.jpg","contentUrl":"http:\/\/www.socialchangeschool.org\/it\/wp-content\/uploads\/sites\/2\/2019\/01\/BCO9313.jpg"},{"@type":"BreadcrumbList","@id":"https:\/\/www.socialchangeschool.org\/it\/09\/01\/2019\/titti-andriani-alumna-della-scuola-nominata-ufficiale-dellordine-al-merito-della-repubblica-italiana\/#breadcrumb","itemListElement":[{"@type":"ListItem","position":1,"name":"Home","item":"https:\/\/www.socialchangeschool.org\/it\/"},{"@type":"ListItem","position":2,"name":"Titti Andriani, alumna SCS, nominata &#8216;Ufficiale dell\u2019Ordine al Merito della Repubblica Italiana\u2019"}]},{"@type":"WebSite","@id":"https:\/\/www.socialchangeschool.org\/it\/#website","url":"https:\/\/www.socialchangeschool.org\/it\/","name":"Social Change School","description":"worldwide leader for training, connecting and certificating all professionals of Non Profit sector","publisher":{"@id":"https:\/\/www.socialchangeschool.org\/it\/#organization"},"alternateName":"Leverage of Social Change transformational training institution","potentialAction":[{"@type":"SearchAction","target":{"@type":"EntryPoint","urlTemplate":"https:\/\/www.socialchangeschool.org\/it\/?s={search_term_string}"},"query-input":{"@type":"PropertyValueSpecification","valueRequired":true,"valueName":"search_term_string"}}],"inLanguage":"it-IT"},{"@type":"Organization","@id":"https:\/\/www.socialchangeschool.org\/it\/#organization","name":"Social Change School","alternateName":"worldwide leader for training, connecting and certificating all professionals","url":"https:\/\/www.socialchangeschool.org\/it\/","logo":{"@type":"ImageObject","inLanguage":"it-IT","@id":"https:\/\/www.socialchangeschool.org\/it\/#\/schema\/logo\/image\/","url":"https:\/\/www.socialchangeschool.org\/wp-content\/uploads\/2022\/06\/Logo-SocialChangeSchool.png","contentUrl":"https:\/\/www.socialchangeschool.org\/wp-content\/uploads\/2022\/06\/Logo-SocialChangeSchool.png","width":1721,"height":1721,"caption":"Social Change School"},"image":{"@id":"https:\/\/www.socialchangeschool.org\/it\/#\/schema\/logo\/image\/"}},{"@type":"Person","@id":"https:\/\/www.socialchangeschool.org\/it\/#\/schema\/person\/830e0c463a7c51633e79f9b14aadf794","name":"Laura Reiss","url":"https:\/\/www.socialchangeschool.org\/it\/author\/ghost\/"}]}},"_links":{"self":[{"href":"https:\/\/www.socialchangeschool.org\/it\/wp-json\/wp\/v2\/posts\/38403","targetHints":{"allow":["GET"]}}],"collection":[{"href":"https:\/\/www.socialchangeschool.org\/it\/wp-json\/wp\/v2\/posts"}],"about":[{"href":"https:\/\/www.socialchangeschool.org\/it\/wp-json\/wp\/v2\/types\/post"}],"author":[{"embeddable":true,"href":"https:\/\/www.socialchangeschool.org\/it\/wp-json\/wp\/v2\/users\/2"}],"replies":[{"embeddable":true,"href":"https:\/\/www.socialchangeschool.org\/it\/wp-json\/wp\/v2\/comments?post=38403"}],"version-history":[{"count":0,"href":"https:\/\/www.socialchangeschool.org\/it\/wp-json\/wp\/v2\/posts\/38403\/revisions"}],"wp:attachment":[{"href":"https:\/\/www.socialchangeschool.org\/it\/wp-json\/wp\/v2\/media?parent=38403"}],"wp:term":[{"taxonomy":"category","embeddable":true,"href":"https:\/\/www.socialchangeschool.org\/it\/wp-json\/wp\/v2\/categories?post=38403"},{"taxonomy":"post_tag","embeddable":true,"href":"https:\/\/www.socialchangeschool.org\/it\/wp-json\/wp\/v2\/tags?post=38403"}],"curies":[{"name":"wp","href":"https:\/\/api.w.org\/{rel}","templated":true}]}}