{"id":38402,"date":"2019-01-09T10:53:42","date_gmt":"2019-01-09T10:53:42","guid":{"rendered":"http:\/\/socialchangeschool.org\/09\/01\/2019\/congratulazioni-al-nostro-partner-acra-vincitore-dellambrogino-doro-2018\/"},"modified":"2019-01-09T10:53:42","modified_gmt":"2019-01-09T10:53:42","slug":"congratulazioni-al-nostro-partner-acra-vincitore-dellambrogino-doro-2018","status":"publish","type":"post","link":"https:\/\/www.socialchangeschool.org\/it\/09\/01\/2019\/congratulazioni-al-nostro-partner-acra-vincitore-dellambrogino-doro-2018\/","title":{"rendered":"Congratulazioni al nostro partner ACRA, vincitore dell&#8217;Ambrogino d&#8217;Oro 2018!"},"content":{"rendered":"<p style=\"text-align: justify\">Il 2018 ha segnato i cinquant&#8217;anni di impegno del nostro partner\u00a0<a href=\"https:\/\/www.acra.it\/index.php?lang=it\" target=\"_blank\" rel=\"noopener\"><strong>ACRA<\/strong><\/a>\u00a0<span>nel rimuovere le povert\u00e0 attraverso soluzioni sostenibili, innovative e partecipate. Il 2018 era gi\u00e0 cos\u00ec una festa, ma si \u00e8 chiuso con una celebrazione ancora pi\u00f9 grande, grazie al <a href=\"https:\/\/www.acra.it\/index.php?option=com_content&amp;view=article&amp;id=1187:acra-tra-i-vincitori-dell-ambrogino-d-oro-2018&amp;catid=47&amp;lang=it&amp;Itemid=1713&amp;lang=it&amp;Itemid=382\" target=\"_blank\" rel=\"noopener\"><strong>conferimento da parte del Comune di Milano della Civica Benemerenza<\/strong><\/a>, pi\u00f9 comunemente chiamata <strong>Ambrogino d&#8217;Oro 2018<\/strong>.<\/span><\/p>\n<p><img fetchpriority=\"high\" decoding=\"async\" src=\"https:\/\/www.socialchangeschool.org\/it\/wp-content\/uploads\/sites\/2\/2019\/01\/acra_team_Italia.jpg\" alt=\"Congratulazioni al nostro partner ACRA, vincitore dell'Ambrogino d'Oro 2018!\" width=\"245\" height=\"330\" class=\"alignleft  wp-image-34138\" \/><\/p>\n<p style=\"text-align: justify\">Il Comune di Mil<span style=\"text-align: justify\">ano ha cos\u00ec premiato ACRA a fronte dell&#8217;impegno dell&#8217;organizzazione &#8220;verso le periferie del pianeta e le fasce di\u00a0<\/span><span style=\"text-align: justify\">marginalit\u00e0&#8221; e in quanto &#8220;realt\u00e0 importante nel panorama delle organizzazioni non governative laiche e indipendenti&#8221;.<\/span><\/p>\n<p style=\"text-align: justify\">La premiazione \u00e8 avvenuta il 7 Dicembre 2018 nel\u00a0<span>Teatro dal Verme di Milano, ed\u00a0<\/span><span style=\"text-align: justify\">ha visto il\u00a0<\/span><strong style=\"text-align: justify\">sindaco Giuseppe Sala<\/strong><span style=\"text-align: justify\">\u00a0consegnare l&#8217;Attestato di Civica Benemerenza al Presidente di ACRA\u00a0<\/span><strong style=\"text-align: justify\">Nicola Morganti<\/strong><span style=\"text-align: justify\">, alla Direttrice\u00a0<\/span><strong style=\"text-align: justify\">Elena Scanferla<\/strong><span style=\"text-align: justify\">\u00a0e al Socio fondatore ed ex Presidente\u00a0<\/span><strong style=\"text-align: justify\">Gigi Perego<\/strong><span style=\"text-align: justify\">.<\/span><\/p>\n<p style=\"text-align: justify\">La Social Change School vive questo successo di ACRA come una vittoria di un familiare; infatti la Scuola ha durante gli anni visto molti dei suo <strong>alumni e corsisti<\/strong> entrare a far<strong> parte dell&#8217;organizzazione come professionisti del settore<\/strong>, in un rapporto di reciproca crescita e collaborazione (proprio qualche mese fa abbiamo avuto il piacere di condividere sul nostro blog <a href=\"https:\/\/www.socialchangeschool.org\/it\/19\/07\/2018\/lavoro-nonprofit-alida-la-paglia-seguire-il-career-development-service-per-seguire-i-propri-sogni\/\" target=\"_blank\" rel=\"noopener\"><strong>la storia di Alida<\/strong><\/a>, <strong>nostra alumna del Master in Fundraising<\/strong> e parte del team di Comunicazione e Fundraising di ACRA).<\/p>\n<p style=\"text-align: justify\">Nel comunicato stampa, ACRA commenta:<\/p>\n<blockquote>\n<p>Ricevere l&#8217;Attestato di Civica Benemerenza dal Sindaco di Milano Beppe Sala \u00e8 per ACRA motivo di\u00a0<strong>grande orgoglio e gioia<\/strong>, insieme ad un forte <strong>senso di responsabilit\u00e0<\/strong> per il lavoro fatto insieme in 50 anni di storia e <strong>infinita gratitudine<\/strong> verso tutti coloro che li hanno accompagnati&#8221;.<\/p>\n<\/blockquote>\n<p style=\"text-align: justify\"><strong>Congratulazioni ad ACRA per questo meritatissimo premio!<\/strong><\/p>\n<p style=\"text-align: justify\">\n<p>&nbsp;<\/p>\n<p style=\"text-align: justify\"><em>Fonte immagine in copertina: <a href=\"https:\/\/www.acra.it\/index.php?option=com_content&amp;view=article&amp;id=1187:acra-tra-i-vincitori-dell-ambrogino-d-oro-2018&amp;catid=47&amp;lang=it&amp;Itemid=1713&amp;lang=it&amp;Itemid=382\" target=\"_blank\" rel=\"noopener\">acra.it<\/a><\/em><\/p>\n","protected":false},"excerpt":{"rendered":"<p>Il 2018 ha segnato i cinquant&#8217;anni di impegno del nostro partner\u00a0ACRA\u00a0nel rimuovere le povert\u00e0 attraverso soluzioni sostenibili, innovative e partecipate. Il 2018 era gi\u00e0 cos\u00ec una festa, ma si \u00e8 chiuso con una celebrazione ancora pi\u00f9 grande, grazie al conferimento da parte del Comune di Milano della Civica Benemerenza, pi\u00f9 comunemente chiamata Ambrogino d&#8217;Oro 2018. [&hellip;]<\/p>\n","protected":false},"author":2,"featured_media":0,"comment_status":"closed","ping_status":"closed","sticky":false,"template":"","format":"standard","meta":{"site-sidebar-layout":"default","site-content-layout":"","ast-site-content-layout":"default","site-content-style":"default","site-sidebar-style":"default","ast-global-header-display":"","ast-banner-title-visibility":"","ast-main-header-display":"","ast-hfb-above-header-display":"","ast-hfb-below-header-display":"","ast-hfb-mobile-header-display":"","site-post-title":"","ast-breadcrumbs-content":"","ast-featured-img":"","footer-sml-layout":"","ast-disable-related-posts":"","theme-transparent-header-meta":"","adv-header-id-meta":"","stick-header-meta":"","header-above-stick-meta":"","header-main-stick-meta":"","header-below-stick-meta":"","astra-migrate-meta-layouts":"default","ast-page-background-enabled":"default","ast-page-background-meta":{"desktop":{"background-color":"","background-image":"","background-repeat":"repeat","background-position":"center center","background-size":"auto","background-attachment":"scroll","background-type":"","background-media":"","overlay-type":"","overlay-color":"","overlay-opacity":"","overlay-gradient":""},"tablet":{"background-color":"","background-image":"","background-repeat":"repeat","background-position":"center center","background-size":"auto","background-attachment":"scroll","background-type":"","background-media":"","overlay-type":"","overlay-color":"","overlay-opacity":"","overlay-gradient":""},"mobile":{"background-color":"","background-image":"","background-repeat":"repeat","background-position":"center center","background-size":"auto","background-attachment":"scroll","background-type":"","background-media":"","overlay-type":"","overlay-color":"","overlay-opacity":"","overlay-gradient":""}},"ast-content-background-meta":{"desktop":{"background-color":"var(--ast-global-color-5)","background-image":"","background-repeat":"repeat","background-position":"center center","background-size":"auto","background-attachment":"scroll","background-type":"","background-media":"","overlay-type":"","overlay-color":"","overlay-opacity":"","overlay-gradient":""},"tablet":{"background-color":"var(--ast-global-color-5)","background-image":"","background-repeat":"repeat","background-position":"center center","background-size":"auto","background-attachment":"scroll","background-type":"","background-media":"","overlay-type":"","overlay-color":"","overlay-opacity":"","overlay-gradient":""},"mobile":{"background-color":"var(--ast-global-color-5)","background-image":"","background-repeat":"repeat","background-position":"center center","background-size":"auto","background-attachment":"scroll","background-type":"","background-media":"","overlay-type":"","overlay-color":"","overlay-opacity":"","overlay-gradient":""}},"footnotes":""},"categories":[117],"tags":[],"class_list":["post-38402","post","type-post","status-publish","format-standard","hentry","category-news-it"],"yoast_head":"<!-- This site is optimized with the Yoast SEO Premium plugin v27.2 (Yoast SEO v27.5) - https:\/\/yoast.com\/product\/yoast-seo-premium-wordpress\/ -->\n<title>Congratulazioni al nostro partner ACRA, vincitore dell&#039;Ambrogino d&#039;Oro 2018! - SocialChangeSchool<\/title>\n<meta name=\"robots\" content=\"index, follow, max-snippet:-1, max-image-preview:large, max-video-preview:-1\" \/>\n<link rel=\"canonical\" href=\"https:\/\/www.socialchangeschool.org\/it\/09\/01\/2019\/congratulazioni-al-nostro-partner-acra-vincitore-dellambrogino-doro-2018\/\" \/>\n<meta property=\"og:locale\" content=\"it_IT\" \/>\n<meta property=\"og:type\" content=\"article\" \/>\n<meta property=\"og:title\" content=\"Congratulazioni al nostro partner ACRA, vincitore dell&#039;Ambrogino d&#039;Oro 2018!\" \/>\n<meta property=\"og:description\" content=\"Il 2018 ha segnato i cinquant&#8217;anni di impegno del nostro partner\u00a0ACRA\u00a0nel rimuovere le povert\u00e0 attraverso soluzioni sostenibili, innovative e partecipate. Il 2018 era gi\u00e0 cos\u00ec una festa, ma si \u00e8 chiuso con una celebrazione ancora pi\u00f9 grande, grazie al conferimento da parte del Comune di Milano della Civica Benemerenza, pi\u00f9 comunemente chiamata Ambrogino d&#8217;Oro 2018. [&hellip;]\" \/>\n<meta property=\"og:url\" content=\"https:\/\/www.socialchangeschool.org\/it\/09\/01\/2019\/congratulazioni-al-nostro-partner-acra-vincitore-dellambrogino-doro-2018\/\" \/>\n<meta property=\"og:site_name\" content=\"SocialChangeSchool\" \/>\n<meta property=\"article:published_time\" content=\"2019-01-09T10:53:42+00:00\" \/>\n<meta property=\"og:image\" content=\"http:\/\/www.socialchangeschool.org\/it\/wp-content\/uploads\/sites\/2\/2019\/01\/acra_team_Italia.jpg\" \/>\n<meta name=\"author\" content=\"Laura Reiss\" \/>\n<meta name=\"twitter:card\" content=\"summary_large_image\" \/>\n<meta name=\"twitter:label1\" content=\"Scritto da\" \/>\n\t<meta name=\"twitter:data1\" content=\"Laura Reiss\" \/>\n\t<meta name=\"twitter:label2\" content=\"Tempo di lettura stimato\" \/>\n\t<meta name=\"twitter:data2\" content=\"1 minuto\" \/>\n<script type=\"application\/ld+json\" class=\"yoast-schema-graph\">{\"@context\":\"https:\\\/\\\/schema.org\",\"@graph\":[{\"@type\":\"Article\",\"@id\":\"https:\\\/\\\/www.socialchangeschool.org\\\/it\\\/09\\\/01\\\/2019\\\/congratulazioni-al-nostro-partner-acra-vincitore-dellambrogino-doro-2018\\\/#article\",\"isPartOf\":{\"@id\":\"https:\\\/\\\/www.socialchangeschool.org\\\/it\\\/09\\\/01\\\/2019\\\/congratulazioni-al-nostro-partner-acra-vincitore-dellambrogino-doro-2018\\\/\"},\"author\":{\"name\":\"Laura Reiss\",\"@id\":\"https:\\\/\\\/www.socialchangeschool.org\\\/it\\\/#\\\/schema\\\/person\\\/830e0c463a7c51633e79f9b14aadf794\"},\"headline\":\"Congratulazioni al nostro partner ACRA, vincitore dell&#8217;Ambrogino d&#8217;Oro 2018!\",\"datePublished\":\"2019-01-09T10:53:42+00:00\",\"mainEntityOfPage\":{\"@id\":\"https:\\\/\\\/www.socialchangeschool.org\\\/it\\\/09\\\/01\\\/2019\\\/congratulazioni-al-nostro-partner-acra-vincitore-dellambrogino-doro-2018\\\/\"},\"wordCount\":291,\"publisher\":{\"@id\":\"https:\\\/\\\/www.socialchangeschool.org\\\/it\\\/#organization\"},\"image\":{\"@id\":\"https:\\\/\\\/www.socialchangeschool.org\\\/it\\\/09\\\/01\\\/2019\\\/congratulazioni-al-nostro-partner-acra-vincitore-dellambrogino-doro-2018\\\/#primaryimage\"},\"thumbnailUrl\":\"http:\\\/\\\/www.socialchangeschool.org\\\/it\\\/wp-content\\\/uploads\\\/sites\\\/2\\\/2019\\\/01\\\/acra_team_Italia.jpg\",\"articleSection\":[\"News\"],\"inLanguage\":\"it-IT\"},{\"@type\":\"WebPage\",\"@id\":\"https:\\\/\\\/www.socialchangeschool.org\\\/it\\\/09\\\/01\\\/2019\\\/congratulazioni-al-nostro-partner-acra-vincitore-dellambrogino-doro-2018\\\/\",\"url\":\"https:\\\/\\\/www.socialchangeschool.org\\\/it\\\/09\\\/01\\\/2019\\\/congratulazioni-al-nostro-partner-acra-vincitore-dellambrogino-doro-2018\\\/\",\"name\":\"Congratulazioni al nostro partner ACRA, vincitore dell'Ambrogino d'Oro 2018! - SocialChangeSchool\",\"isPartOf\":{\"@id\":\"https:\\\/\\\/www.socialchangeschool.org\\\/it\\\/#website\"},\"primaryImageOfPage\":{\"@id\":\"https:\\\/\\\/www.socialchangeschool.org\\\/it\\\/09\\\/01\\\/2019\\\/congratulazioni-al-nostro-partner-acra-vincitore-dellambrogino-doro-2018\\\/#primaryimage\"},\"image\":{\"@id\":\"https:\\\/\\\/www.socialchangeschool.org\\\/it\\\/09\\\/01\\\/2019\\\/congratulazioni-al-nostro-partner-acra-vincitore-dellambrogino-doro-2018\\\/#primaryimage\"},\"thumbnailUrl\":\"http:\\\/\\\/www.socialchangeschool.org\\\/it\\\/wp-content\\\/uploads\\\/sites\\\/2\\\/2019\\\/01\\\/acra_team_Italia.jpg\",\"datePublished\":\"2019-01-09T10:53:42+00:00\",\"breadcrumb\":{\"@id\":\"https:\\\/\\\/www.socialchangeschool.org\\\/it\\\/09\\\/01\\\/2019\\\/congratulazioni-al-nostro-partner-acra-vincitore-dellambrogino-doro-2018\\\/#breadcrumb\"},\"inLanguage\":\"it-IT\",\"potentialAction\":[{\"@type\":\"ReadAction\",\"target\":[\"https:\\\/\\\/www.socialchangeschool.org\\\/it\\\/09\\\/01\\\/2019\\\/congratulazioni-al-nostro-partner-acra-vincitore-dellambrogino-doro-2018\\\/\"]}]},{\"@type\":\"ImageObject\",\"inLanguage\":\"it-IT\",\"@id\":\"https:\\\/\\\/www.socialchangeschool.org\\\/it\\\/09\\\/01\\\/2019\\\/congratulazioni-al-nostro-partner-acra-vincitore-dellambrogino-doro-2018\\\/#primaryimage\",\"url\":\"http:\\\/\\\/www.socialchangeschool.org\\\/it\\\/wp-content\\\/uploads\\\/sites\\\/2\\\/2019\\\/01\\\/acra_team_Italia.jpg\",\"contentUrl\":\"http:\\\/\\\/www.socialchangeschool.org\\\/it\\\/wp-content\\\/uploads\\\/sites\\\/2\\\/2019\\\/01\\\/acra_team_Italia.jpg\"},{\"@type\":\"BreadcrumbList\",\"@id\":\"https:\\\/\\\/www.socialchangeschool.org\\\/it\\\/09\\\/01\\\/2019\\\/congratulazioni-al-nostro-partner-acra-vincitore-dellambrogino-doro-2018\\\/#breadcrumb\",\"itemListElement\":[{\"@type\":\"ListItem\",\"position\":1,\"name\":\"Home\",\"item\":\"https:\\\/\\\/www.socialchangeschool.org\\\/it\\\/\"},{\"@type\":\"ListItem\",\"position\":2,\"name\":\"Congratulazioni al nostro partner ACRA, vincitore dell&#8217;Ambrogino d&#8217;Oro 2018!\"}]},{\"@type\":\"WebSite\",\"@id\":\"https:\\\/\\\/www.socialchangeschool.org\\\/it\\\/#website\",\"url\":\"https:\\\/\\\/www.socialchangeschool.org\\\/it\\\/\",\"name\":\"Social Change School\",\"description\":\"worldwide leader for training, connecting and certificating all professionals of Non Profit sector\",\"publisher\":{\"@id\":\"https:\\\/\\\/www.socialchangeschool.org\\\/it\\\/#organization\"},\"alternateName\":\"Leverage of Social Change transformational training institution\",\"potentialAction\":[{\"@type\":\"SearchAction\",\"target\":{\"@type\":\"EntryPoint\",\"urlTemplate\":\"https:\\\/\\\/www.socialchangeschool.org\\\/it\\\/?s={search_term_string}\"},\"query-input\":{\"@type\":\"PropertyValueSpecification\",\"valueRequired\":true,\"valueName\":\"search_term_string\"}}],\"inLanguage\":\"it-IT\"},{\"@type\":\"Organization\",\"@id\":\"https:\\\/\\\/www.socialchangeschool.org\\\/it\\\/#organization\",\"name\":\"Social Change School\",\"alternateName\":\"worldwide leader for training, connecting and certificating all professionals\",\"url\":\"https:\\\/\\\/www.socialchangeschool.org\\\/it\\\/\",\"logo\":{\"@type\":\"ImageObject\",\"inLanguage\":\"it-IT\",\"@id\":\"https:\\\/\\\/www.socialchangeschool.org\\\/it\\\/#\\\/schema\\\/logo\\\/image\\\/\",\"url\":\"https:\\\/\\\/www.socialchangeschool.org\\\/wp-content\\\/uploads\\\/2022\\\/06\\\/Logo-SocialChangeSchool.png\",\"contentUrl\":\"https:\\\/\\\/www.socialchangeschool.org\\\/wp-content\\\/uploads\\\/2022\\\/06\\\/Logo-SocialChangeSchool.png\",\"width\":1721,\"height\":1721,\"caption\":\"Social Change School\"},\"image\":{\"@id\":\"https:\\\/\\\/www.socialchangeschool.org\\\/it\\\/#\\\/schema\\\/logo\\\/image\\\/\"}},{\"@type\":\"Person\",\"@id\":\"https:\\\/\\\/www.socialchangeschool.org\\\/it\\\/#\\\/schema\\\/person\\\/830e0c463a7c51633e79f9b14aadf794\",\"name\":\"Laura Reiss\",\"url\":\"https:\\\/\\\/www.socialchangeschool.org\\\/it\\\/author\\\/ghost\\\/\"}]}<\/script>\n<!-- \/ Yoast SEO Premium plugin. -->","yoast_head_json":{"title":"Congratulazioni al nostro partner ACRA, vincitore dell'Ambrogino d'Oro 2018! - SocialChangeSchool","robots":{"index":"index","follow":"follow","max-snippet":"max-snippet:-1","max-image-preview":"max-image-preview:large","max-video-preview":"max-video-preview:-1"},"canonical":"https:\/\/www.socialchangeschool.org\/it\/09\/01\/2019\/congratulazioni-al-nostro-partner-acra-vincitore-dellambrogino-doro-2018\/","og_locale":"it_IT","og_type":"article","og_title":"Congratulazioni al nostro partner ACRA, vincitore dell'Ambrogino d'Oro 2018!","og_description":"Il 2018 ha segnato i cinquant&#8217;anni di impegno del nostro partner\u00a0ACRA\u00a0nel rimuovere le povert\u00e0 attraverso soluzioni sostenibili, innovative e partecipate. Il 2018 era gi\u00e0 cos\u00ec una festa, ma si \u00e8 chiuso con una celebrazione ancora pi\u00f9 grande, grazie al conferimento da parte del Comune di Milano della Civica Benemerenza, pi\u00f9 comunemente chiamata Ambrogino d&#8217;Oro 2018. [&hellip;]","og_url":"https:\/\/www.socialchangeschool.org\/it\/09\/01\/2019\/congratulazioni-al-nostro-partner-acra-vincitore-dellambrogino-doro-2018\/","og_site_name":"SocialChangeSchool","article_published_time":"2019-01-09T10:53:42+00:00","og_image":[{"url":"http:\/\/www.socialchangeschool.org\/it\/wp-content\/uploads\/sites\/2\/2019\/01\/acra_team_Italia.jpg","type":"","width":"","height":""}],"author":"Laura Reiss","twitter_card":"summary_large_image","twitter_misc":{"Scritto da":"Laura Reiss","Tempo di lettura stimato":"1 minuto"},"schema":{"@context":"https:\/\/schema.org","@graph":[{"@type":"Article","@id":"https:\/\/www.socialchangeschool.org\/it\/09\/01\/2019\/congratulazioni-al-nostro-partner-acra-vincitore-dellambrogino-doro-2018\/#article","isPartOf":{"@id":"https:\/\/www.socialchangeschool.org\/it\/09\/01\/2019\/congratulazioni-al-nostro-partner-acra-vincitore-dellambrogino-doro-2018\/"},"author":{"name":"Laura Reiss","@id":"https:\/\/www.socialchangeschool.org\/it\/#\/schema\/person\/830e0c463a7c51633e79f9b14aadf794"},"headline":"Congratulazioni al nostro partner ACRA, vincitore dell&#8217;Ambrogino d&#8217;Oro 2018!","datePublished":"2019-01-09T10:53:42+00:00","mainEntityOfPage":{"@id":"https:\/\/www.socialchangeschool.org\/it\/09\/01\/2019\/congratulazioni-al-nostro-partner-acra-vincitore-dellambrogino-doro-2018\/"},"wordCount":291,"publisher":{"@id":"https:\/\/www.socialchangeschool.org\/it\/#organization"},"image":{"@id":"https:\/\/www.socialchangeschool.org\/it\/09\/01\/2019\/congratulazioni-al-nostro-partner-acra-vincitore-dellambrogino-doro-2018\/#primaryimage"},"thumbnailUrl":"http:\/\/www.socialchangeschool.org\/it\/wp-content\/uploads\/sites\/2\/2019\/01\/acra_team_Italia.jpg","articleSection":["News"],"inLanguage":"it-IT"},{"@type":"WebPage","@id":"https:\/\/www.socialchangeschool.org\/it\/09\/01\/2019\/congratulazioni-al-nostro-partner-acra-vincitore-dellambrogino-doro-2018\/","url":"https:\/\/www.socialchangeschool.org\/it\/09\/01\/2019\/congratulazioni-al-nostro-partner-acra-vincitore-dellambrogino-doro-2018\/","name":"Congratulazioni al nostro partner ACRA, vincitore dell'Ambrogino d'Oro 2018! - SocialChangeSchool","isPartOf":{"@id":"https:\/\/www.socialchangeschool.org\/it\/#website"},"primaryImageOfPage":{"@id":"https:\/\/www.socialchangeschool.org\/it\/09\/01\/2019\/congratulazioni-al-nostro-partner-acra-vincitore-dellambrogino-doro-2018\/#primaryimage"},"image":{"@id":"https:\/\/www.socialchangeschool.org\/it\/09\/01\/2019\/congratulazioni-al-nostro-partner-acra-vincitore-dellambrogino-doro-2018\/#primaryimage"},"thumbnailUrl":"http:\/\/www.socialchangeschool.org\/it\/wp-content\/uploads\/sites\/2\/2019\/01\/acra_team_Italia.jpg","datePublished":"2019-01-09T10:53:42+00:00","breadcrumb":{"@id":"https:\/\/www.socialchangeschool.org\/it\/09\/01\/2019\/congratulazioni-al-nostro-partner-acra-vincitore-dellambrogino-doro-2018\/#breadcrumb"},"inLanguage":"it-IT","potentialAction":[{"@type":"ReadAction","target":["https:\/\/www.socialchangeschool.org\/it\/09\/01\/2019\/congratulazioni-al-nostro-partner-acra-vincitore-dellambrogino-doro-2018\/"]}]},{"@type":"ImageObject","inLanguage":"it-IT","@id":"https:\/\/www.socialchangeschool.org\/it\/09\/01\/2019\/congratulazioni-al-nostro-partner-acra-vincitore-dellambrogino-doro-2018\/#primaryimage","url":"http:\/\/www.socialchangeschool.org\/it\/wp-content\/uploads\/sites\/2\/2019\/01\/acra_team_Italia.jpg","contentUrl":"http:\/\/www.socialchangeschool.org\/it\/wp-content\/uploads\/sites\/2\/2019\/01\/acra_team_Italia.jpg"},{"@type":"BreadcrumbList","@id":"https:\/\/www.socialchangeschool.org\/it\/09\/01\/2019\/congratulazioni-al-nostro-partner-acra-vincitore-dellambrogino-doro-2018\/#breadcrumb","itemListElement":[{"@type":"ListItem","position":1,"name":"Home","item":"https:\/\/www.socialchangeschool.org\/it\/"},{"@type":"ListItem","position":2,"name":"Congratulazioni al nostro partner ACRA, vincitore dell&#8217;Ambrogino d&#8217;Oro 2018!"}]},{"@type":"WebSite","@id":"https:\/\/www.socialchangeschool.org\/it\/#website","url":"https:\/\/www.socialchangeschool.org\/it\/","name":"Social Change School","description":"worldwide leader for training, connecting and certificating all professionals of Non Profit sector","publisher":{"@id":"https:\/\/www.socialchangeschool.org\/it\/#organization"},"alternateName":"Leverage of Social Change transformational training institution","potentialAction":[{"@type":"SearchAction","target":{"@type":"EntryPoint","urlTemplate":"https:\/\/www.socialchangeschool.org\/it\/?s={search_term_string}"},"query-input":{"@type":"PropertyValueSpecification","valueRequired":true,"valueName":"search_term_string"}}],"inLanguage":"it-IT"},{"@type":"Organization","@id":"https:\/\/www.socialchangeschool.org\/it\/#organization","name":"Social Change School","alternateName":"worldwide leader for training, connecting and certificating all professionals","url":"https:\/\/www.socialchangeschool.org\/it\/","logo":{"@type":"ImageObject","inLanguage":"it-IT","@id":"https:\/\/www.socialchangeschool.org\/it\/#\/schema\/logo\/image\/","url":"https:\/\/www.socialchangeschool.org\/wp-content\/uploads\/2022\/06\/Logo-SocialChangeSchool.png","contentUrl":"https:\/\/www.socialchangeschool.org\/wp-content\/uploads\/2022\/06\/Logo-SocialChangeSchool.png","width":1721,"height":1721,"caption":"Social Change School"},"image":{"@id":"https:\/\/www.socialchangeschool.org\/it\/#\/schema\/logo\/image\/"}},{"@type":"Person","@id":"https:\/\/www.socialchangeschool.org\/it\/#\/schema\/person\/830e0c463a7c51633e79f9b14aadf794","name":"Laura Reiss","url":"https:\/\/www.socialchangeschool.org\/it\/author\/ghost\/"}]}},"_links":{"self":[{"href":"https:\/\/www.socialchangeschool.org\/it\/wp-json\/wp\/v2\/posts\/38402","targetHints":{"allow":["GET"]}}],"collection":[{"href":"https:\/\/www.socialchangeschool.org\/it\/wp-json\/wp\/v2\/posts"}],"about":[{"href":"https:\/\/www.socialchangeschool.org\/it\/wp-json\/wp\/v2\/types\/post"}],"author":[{"embeddable":true,"href":"https:\/\/www.socialchangeschool.org\/it\/wp-json\/wp\/v2\/users\/2"}],"replies":[{"embeddable":true,"href":"https:\/\/www.socialchangeschool.org\/it\/wp-json\/wp\/v2\/comments?post=38402"}],"version-history":[{"count":0,"href":"https:\/\/www.socialchangeschool.org\/it\/wp-json\/wp\/v2\/posts\/38402\/revisions"}],"wp:attachment":[{"href":"https:\/\/www.socialchangeschool.org\/it\/wp-json\/wp\/v2\/media?parent=38402"}],"wp:term":[{"taxonomy":"category","embeddable":true,"href":"https:\/\/www.socialchangeschool.org\/it\/wp-json\/wp\/v2\/categories?post=38402"},{"taxonomy":"post_tag","embeddable":true,"href":"https:\/\/www.socialchangeschool.org\/it\/wp-json\/wp\/v2\/tags?post=38402"}],"curies":[{"name":"wp","href":"https:\/\/api.w.org\/{rel}","templated":true}]}}