{"id":38354,"date":"2018-02-07T14:02:16","date_gmt":"2018-02-07T14:02:16","guid":{"rendered":"http:\/\/socialchangeschool.org\/07\/02\/2018\/marco-de-ponte-segretario-generale-di-actionaid-italia-parla-ai-corsisti-democrazia-potere-e-visione\/"},"modified":"2018-02-07T14:02:16","modified_gmt":"2018-02-07T14:02:16","slug":"marco-de-ponte-segretario-generale-di-actionaid-italia-parla-ai-corsisti-democrazia-potere-e-visione","status":"publish","type":"post","link":"https:\/\/www.socialchangeschool.org\/it\/07\/02\/2018\/marco-de-ponte-segretario-generale-di-actionaid-italia-parla-ai-corsisti-democrazia-potere-e-visione\/","title":{"rendered":"Marco De Ponte, Segretario Generale ActionAid Italia, lancia i Master Internazionali SCS"},"content":{"rendered":"<p>Il 26 gennaio 2018, a Roma, il Segretario Generale di<strong> <a href=\"https:\/\/www.actionaid.it\/\" target=\"_blank\" rel=\"noopener\">ActionAid Italia<\/a> Marco De Ponte<\/strong> ha aperto la giornata iniziale dei\u00a0<a href=\"https:\/\/www.socialchangeschool.org\/it\/master\/i-master-internazionali\/\" target=\"_blank\" rel=\"noopener\">Master Internazionali Social Change School\u00a0<\/a>con un Keynote Speech sulla trasformazione della societ\u00e0; un discorso estremamente improntato sulla realt\u00e0 dei fatti e dei cambiamenti necessari, e infatti rivolto a chi fa parte o presto si affaccer\u00e0 al mondo del Terzo settore.<\/p>\n<p>Incontriamo nuovamente Marco De Ponte, dopo esserci gi\u00e0 visti il 13 Dicembre 2017, quando ActionAid Italia ha lanciato al MAXXI di Roma la\u00a0nuova\u00a0<strong>strategia\u00a02018-2028<\/strong>\u00a0con l&#8217;evento\u00a0\u201c<a href=\"https:\/\/www.actionaid.it\/app\/uploads\/2015\/04\/Strategia-ActionAid-2028.pdf\" target=\"_blank\" rel=\"noopener\"><strong>2028: Verso una migliore qualit\u00e0 della democrazia<\/strong><\/a>\u201d. La ONG \u00e8 uno tra i nostri\u00a0<a href=\"https:\/\/www.socialchangeschool.org\/it\/chi-siamo\/partnership\/\" target=\"_blank\" rel=\"noopener\">partner<\/a>, e la Scuola era presente all&#8217;evento, supportando e condividendo la stessa linea di pensiero di ActionAid Italia (Leggi l&#8217;Editoriale a riguardo:\u00a0<a href=\"https:\/\/www.socialchangeschool.org\/it\/12\/12\/2017\/editoriale-action-aid-la-democrazia-e-una-questione-di-potere\/\" target=\"_blank\" rel=\"noopener\">ActionAid, la democrazia \u00e8 una questione di potere?<\/a>).<\/p>\n<p>Durante il Keynote Speech, Marco De Ponte ha ripreso i principi chiave su cui si basano la visione e il lavoro di ActionAid e ha sottolineato che per ottenere risultati di sviluppo e democrazia \u00e8 necessaria una\u00a0\u201c<strong>ricentratura del potere<\/strong>\u201d, passare dal voler sostituirsi ed imporre\u00a0i propri sistemi al fornire i mezzi alle comunit\u00e0 per creare lo\u00a0<strong>sviluppo in loco<\/strong>.\u00a0<strong>Ridistribuzione delle risorse<\/strong>\u00a0<strong>e della conoscenza<\/strong>,\u00a0<strong>empowerment<\/strong>,\u00a0<strong>resilienza delle comunit\u00e0<\/strong>\u00a0e\u00a0<strong>attivismo politico<\/strong>\u00a0sono alcuni dei mezzi per ottenere cambiamento sociale e una\u00a0migliore qualit\u00e0 della democrazia.<\/p>\n<p>L\u2019invito che\u00a0ha rivolto ai fellow\u00a0\u00e8 inoltre quello di essere politicamente coinvolti e di riflettere sul fatto che per\u00a0trasformare la societ\u00e0, insieme alle skill, \u00e8 necessario avere una visione chiara della direzione che si vuole seguire.<\/p>\n<p>Dopo l\u2019intervento, De Ponte ha infine rilasciato una dichiarazione, chiarendo l&#8217;impatto che la Social Change School pu\u00f2 avere sulla democrazia attraverso i suoi fellow. Il Segretario Generale di ActionAid Italia sottolinea come \u201c<strong>non esiste trasformazione profonda senza politica e non serve solo tecnica<\/strong>\u201d; l\u2019impatto che la Scuola pu\u00f2 avere \u00e8 proprio quello di non limitarsi a insegnare skill e tecniche, ma\u00a0trasmettere anche l&#8217;importanza di essere attivisti e\u00a0di avere una <strong>responsabilit\u00e0 professionale, ma al tempo stesso politica<\/strong>.\u00a0<\/p>\n<p>&nbsp;<\/p>\n<div class=\"ast-oembed-container \" style=\"height: 100%;\"><iframe title=\"Marco De Ponte: Keynote Speech Opening Ceremony\" width=\"500\" height=\"281\" src=\"https:\/\/www.youtube.com\/embed\/UVErUlnsLSg?feature=oembed\" frameborder=\"0\" allow=\"accelerometer; autoplay; clipboard-write; encrypted-media; gyroscope; picture-in-picture; web-share\" referrerpolicy=\"strict-origin-when-cross-origin\" allowfullscreen><\/iframe><\/div>\n<p>&nbsp;<\/p>\n<p>Fonte foto: <a href=\"https:\/\/ischool.startupitalia.eu\/lavoro\/34559-20150309-de-ponte-actionaid-giovani-e-sport-per-trovare-lavoro\" target=\"_blank\" rel=\"noopener\">iSchool<\/a><\/p>\n","protected":false},"excerpt":{"rendered":"<p>Il 26 gennaio 2018, a Roma, il Segretario Generale di ActionAid Italia Marco De Ponte ha aperto la giornata iniziale dei\u00a0Master Internazionali Social Change School\u00a0con un Keynote Speech sulla trasformazione della societ\u00e0; un discorso estremamente improntato sulla realt\u00e0 dei fatti e dei cambiamenti necessari, e infatti rivolto a chi fa parte o presto si affaccer\u00e0 [&hellip;]<\/p>\n","protected":false},"author":2,"featured_media":30634,"comment_status":"closed","ping_status":"closed","sticky":false,"template":"","format":"standard","meta":{"site-sidebar-layout":"default","site-content-layout":"","ast-site-content-layout":"default","site-content-style":"default","site-sidebar-style":"default","ast-global-header-display":"","ast-banner-title-visibility":"","ast-main-header-display":"","ast-hfb-above-header-display":"","ast-hfb-below-header-display":"","ast-hfb-mobile-header-display":"","site-post-title":"","ast-breadcrumbs-content":"","ast-featured-img":"","footer-sml-layout":"","ast-disable-related-posts":"","theme-transparent-header-meta":"","adv-header-id-meta":"","stick-header-meta":"","header-above-stick-meta":"","header-main-stick-meta":"","header-below-stick-meta":"","astra-migrate-meta-layouts":"default","ast-page-background-enabled":"default","ast-page-background-meta":{"desktop":{"background-color":"","background-image":"","background-repeat":"repeat","background-position":"center center","background-size":"auto","background-attachment":"scroll","background-type":"","background-media":"","overlay-type":"","overlay-color":"","overlay-opacity":"","overlay-gradient":""},"tablet":{"background-color":"","background-image":"","background-repeat":"repeat","background-position":"center center","background-size":"auto","background-attachment":"scroll","background-type":"","background-media":"","overlay-type":"","overlay-color":"","overlay-opacity":"","overlay-gradient":""},"mobile":{"background-color":"","background-image":"","background-repeat":"repeat","background-position":"center center","background-size":"auto","background-attachment":"scroll","background-type":"","background-media":"","overlay-type":"","overlay-color":"","overlay-opacity":"","overlay-gradient":""}},"ast-content-background-meta":{"desktop":{"background-color":"var(--ast-global-color-5)","background-image":"","background-repeat":"repeat","background-position":"center center","background-size":"auto","background-attachment":"scroll","background-type":"","background-media":"","overlay-type":"","overlay-color":"","overlay-opacity":"","overlay-gradient":""},"tablet":{"background-color":"var(--ast-global-color-5)","background-image":"","background-repeat":"repeat","background-position":"center center","background-size":"auto","background-attachment":"scroll","background-type":"","background-media":"","overlay-type":"","overlay-color":"","overlay-opacity":"","overlay-gradient":""},"mobile":{"background-color":"var(--ast-global-color-5)","background-image":"","background-repeat":"repeat","background-position":"center center","background-size":"auto","background-attachment":"scroll","background-type":"","background-media":"","overlay-type":"","overlay-color":"","overlay-opacity":"","overlay-gradient":""}},"footnotes":""},"categories":[117],"tags":[],"class_list":["post-38354","post","type-post","status-publish","format-standard","has-post-thumbnail","hentry","category-news-it"],"yoast_head":"<!-- This site is optimized with the Yoast SEO Premium plugin v27.2 (Yoast SEO v27.5) - https:\/\/yoast.com\/product\/yoast-seo-premium-wordpress\/ -->\n<title>Marco De Ponte, Segretario Generale ActionAid Italia, lancia i Master Internazionali SCS - SocialChangeSchool<\/title>\n<meta name=\"robots\" content=\"index, follow, max-snippet:-1, max-image-preview:large, max-video-preview:-1\" \/>\n<link rel=\"canonical\" href=\"https:\/\/www.socialchangeschool.org\/it\/07\/02\/2018\/marco-de-ponte-segretario-generale-di-actionaid-italia-parla-ai-corsisti-democrazia-potere-e-visione\/\" \/>\n<meta property=\"og:locale\" content=\"it_IT\" \/>\n<meta property=\"og:type\" content=\"article\" \/>\n<meta property=\"og:title\" content=\"Marco De Ponte, Segretario Generale ActionAid Italia, lancia i Master Internazionali SCS\" \/>\n<meta property=\"og:description\" content=\"Il 26 gennaio 2018, a Roma, il Segretario Generale di ActionAid Italia Marco De Ponte ha aperto la giornata iniziale dei\u00a0Master Internazionali Social Change School\u00a0con un Keynote Speech sulla trasformazione della societ\u00e0; un discorso estremamente improntato sulla realt\u00e0 dei fatti e dei cambiamenti necessari, e infatti rivolto a chi fa parte o presto si affaccer\u00e0 [&hellip;]\" \/>\n<meta property=\"og:url\" content=\"https:\/\/www.socialchangeschool.org\/it\/07\/02\/2018\/marco-de-ponte-segretario-generale-di-actionaid-italia-parla-ai-corsisti-democrazia-potere-e-visione\/\" \/>\n<meta property=\"og:site_name\" content=\"SocialChangeSchool\" \/>\n<meta property=\"article:published_time\" content=\"2018-02-07T14:02:16+00:00\" \/>\n<meta property=\"og:image\" content=\"https:\/\/www.socialchangeschool.org\/wp-content\/uploads\/2018\/02\/ACTIONAID-Marco-De-Ponte.jpg\" \/>\n\t<meta property=\"og:image:width\" content=\"640\" \/>\n\t<meta property=\"og:image:height\" content=\"426\" \/>\n\t<meta property=\"og:image:type\" content=\"image\/jpeg\" \/>\n<meta name=\"author\" content=\"Laura Reiss\" \/>\n<meta name=\"twitter:card\" content=\"summary_large_image\" \/>\n<meta name=\"twitter:label1\" content=\"Scritto da\" \/>\n\t<meta name=\"twitter:data1\" content=\"Laura Reiss\" \/>\n\t<meta name=\"twitter:label2\" content=\"Tempo di lettura stimato\" \/>\n\t<meta name=\"twitter:data2\" content=\"2 minuti\" \/>\n<script type=\"application\/ld+json\" class=\"yoast-schema-graph\">{\"@context\":\"https:\\\/\\\/schema.org\",\"@graph\":[{\"@type\":\"Article\",\"@id\":\"https:\\\/\\\/www.socialchangeschool.org\\\/it\\\/07\\\/02\\\/2018\\\/marco-de-ponte-segretario-generale-di-actionaid-italia-parla-ai-corsisti-democrazia-potere-e-visione\\\/#article\",\"isPartOf\":{\"@id\":\"https:\\\/\\\/www.socialchangeschool.org\\\/it\\\/07\\\/02\\\/2018\\\/marco-de-ponte-segretario-generale-di-actionaid-italia-parla-ai-corsisti-democrazia-potere-e-visione\\\/\"},\"author\":{\"name\":\"Laura Reiss\",\"@id\":\"https:\\\/\\\/www.socialchangeschool.org\\\/it\\\/#\\\/schema\\\/person\\\/830e0c463a7c51633e79f9b14aadf794\"},\"headline\":\"Marco De Ponte, Segretario Generale ActionAid Italia, lancia i Master Internazionali SCS\",\"datePublished\":\"2018-02-07T14:02:16+00:00\",\"mainEntityOfPage\":{\"@id\":\"https:\\\/\\\/www.socialchangeschool.org\\\/it\\\/07\\\/02\\\/2018\\\/marco-de-ponte-segretario-generale-di-actionaid-italia-parla-ai-corsisti-democrazia-potere-e-visione\\\/\"},\"wordCount\":356,\"publisher\":{\"@id\":\"https:\\\/\\\/www.socialchangeschool.org\\\/it\\\/#organization\"},\"image\":{\"@id\":\"https:\\\/\\\/www.socialchangeschool.org\\\/it\\\/07\\\/02\\\/2018\\\/marco-de-ponte-segretario-generale-di-actionaid-italia-parla-ai-corsisti-democrazia-potere-e-visione\\\/#primaryimage\"},\"thumbnailUrl\":\"https:\\\/\\\/www.socialchangeschool.org\\\/wp-content\\\/uploads\\\/2018\\\/02\\\/ACTIONAID-Marco-De-Ponte.jpg\",\"articleSection\":[\"News\"],\"inLanguage\":\"it-IT\"},{\"@type\":\"WebPage\",\"@id\":\"https:\\\/\\\/www.socialchangeschool.org\\\/it\\\/07\\\/02\\\/2018\\\/marco-de-ponte-segretario-generale-di-actionaid-italia-parla-ai-corsisti-democrazia-potere-e-visione\\\/\",\"url\":\"https:\\\/\\\/www.socialchangeschool.org\\\/it\\\/07\\\/02\\\/2018\\\/marco-de-ponte-segretario-generale-di-actionaid-italia-parla-ai-corsisti-democrazia-potere-e-visione\\\/\",\"name\":\"Marco De Ponte, Segretario Generale ActionAid Italia, lancia i Master Internazionali SCS - SocialChangeSchool\",\"isPartOf\":{\"@id\":\"https:\\\/\\\/www.socialchangeschool.org\\\/it\\\/#website\"},\"primaryImageOfPage\":{\"@id\":\"https:\\\/\\\/www.socialchangeschool.org\\\/it\\\/07\\\/02\\\/2018\\\/marco-de-ponte-segretario-generale-di-actionaid-italia-parla-ai-corsisti-democrazia-potere-e-visione\\\/#primaryimage\"},\"image\":{\"@id\":\"https:\\\/\\\/www.socialchangeschool.org\\\/it\\\/07\\\/02\\\/2018\\\/marco-de-ponte-segretario-generale-di-actionaid-italia-parla-ai-corsisti-democrazia-potere-e-visione\\\/#primaryimage\"},\"thumbnailUrl\":\"https:\\\/\\\/www.socialchangeschool.org\\\/wp-content\\\/uploads\\\/2018\\\/02\\\/ACTIONAID-Marco-De-Ponte.jpg\",\"datePublished\":\"2018-02-07T14:02:16+00:00\",\"breadcrumb\":{\"@id\":\"https:\\\/\\\/www.socialchangeschool.org\\\/it\\\/07\\\/02\\\/2018\\\/marco-de-ponte-segretario-generale-di-actionaid-italia-parla-ai-corsisti-democrazia-potere-e-visione\\\/#breadcrumb\"},\"inLanguage\":\"it-IT\",\"potentialAction\":[{\"@type\":\"ReadAction\",\"target\":[\"https:\\\/\\\/www.socialchangeschool.org\\\/it\\\/07\\\/02\\\/2018\\\/marco-de-ponte-segretario-generale-di-actionaid-italia-parla-ai-corsisti-democrazia-potere-e-visione\\\/\"]}]},{\"@type\":\"ImageObject\",\"inLanguage\":\"it-IT\",\"@id\":\"https:\\\/\\\/www.socialchangeschool.org\\\/it\\\/07\\\/02\\\/2018\\\/marco-de-ponte-segretario-generale-di-actionaid-italia-parla-ai-corsisti-democrazia-potere-e-visione\\\/#primaryimage\",\"url\":\"https:\\\/\\\/www.socialchangeschool.org\\\/wp-content\\\/uploads\\\/2018\\\/02\\\/ACTIONAID-Marco-De-Ponte.jpg\",\"contentUrl\":\"https:\\\/\\\/www.socialchangeschool.org\\\/wp-content\\\/uploads\\\/2018\\\/02\\\/ACTIONAID-Marco-De-Ponte.jpg\",\"width\":640,\"height\":426,\"caption\":\"Marco De Ponte\"},{\"@type\":\"BreadcrumbList\",\"@id\":\"https:\\\/\\\/www.socialchangeschool.org\\\/it\\\/07\\\/02\\\/2018\\\/marco-de-ponte-segretario-generale-di-actionaid-italia-parla-ai-corsisti-democrazia-potere-e-visione\\\/#breadcrumb\",\"itemListElement\":[{\"@type\":\"ListItem\",\"position\":1,\"name\":\"Home\",\"item\":\"https:\\\/\\\/www.socialchangeschool.org\\\/it\\\/\"},{\"@type\":\"ListItem\",\"position\":2,\"name\":\"Marco De Ponte, Segretario Generale ActionAid Italia, lancia i Master Internazionali SCS\"}]},{\"@type\":\"WebSite\",\"@id\":\"https:\\\/\\\/www.socialchangeschool.org\\\/it\\\/#website\",\"url\":\"https:\\\/\\\/www.socialchangeschool.org\\\/it\\\/\",\"name\":\"Social Change School\",\"description\":\"worldwide leader for training, connecting and certificating all professionals of Non Profit sector\",\"publisher\":{\"@id\":\"https:\\\/\\\/www.socialchangeschool.org\\\/it\\\/#organization\"},\"alternateName\":\"Leverage of Social Change transformational training institution\",\"potentialAction\":[{\"@type\":\"SearchAction\",\"target\":{\"@type\":\"EntryPoint\",\"urlTemplate\":\"https:\\\/\\\/www.socialchangeschool.org\\\/it\\\/?s={search_term_string}\"},\"query-input\":{\"@type\":\"PropertyValueSpecification\",\"valueRequired\":true,\"valueName\":\"search_term_string\"}}],\"inLanguage\":\"it-IT\"},{\"@type\":\"Organization\",\"@id\":\"https:\\\/\\\/www.socialchangeschool.org\\\/it\\\/#organization\",\"name\":\"Social Change School\",\"alternateName\":\"worldwide leader for training, connecting and certificating all professionals\",\"url\":\"https:\\\/\\\/www.socialchangeschool.org\\\/it\\\/\",\"logo\":{\"@type\":\"ImageObject\",\"inLanguage\":\"it-IT\",\"@id\":\"https:\\\/\\\/www.socialchangeschool.org\\\/it\\\/#\\\/schema\\\/logo\\\/image\\\/\",\"url\":\"https:\\\/\\\/www.socialchangeschool.org\\\/wp-content\\\/uploads\\\/2022\\\/06\\\/Logo-SocialChangeSchool.png\",\"contentUrl\":\"https:\\\/\\\/www.socialchangeschool.org\\\/wp-content\\\/uploads\\\/2022\\\/06\\\/Logo-SocialChangeSchool.png\",\"width\":1721,\"height\":1721,\"caption\":\"Social Change School\"},\"image\":{\"@id\":\"https:\\\/\\\/www.socialchangeschool.org\\\/it\\\/#\\\/schema\\\/logo\\\/image\\\/\"}},{\"@type\":\"Person\",\"@id\":\"https:\\\/\\\/www.socialchangeschool.org\\\/it\\\/#\\\/schema\\\/person\\\/830e0c463a7c51633e79f9b14aadf794\",\"name\":\"Laura Reiss\",\"url\":\"https:\\\/\\\/www.socialchangeschool.org\\\/it\\\/author\\\/ghost\\\/\"}]}<\/script>\n<!-- \/ Yoast SEO Premium plugin. -->","yoast_head_json":{"title":"Marco De Ponte, Segretario Generale ActionAid Italia, lancia i Master Internazionali SCS - SocialChangeSchool","robots":{"index":"index","follow":"follow","max-snippet":"max-snippet:-1","max-image-preview":"max-image-preview:large","max-video-preview":"max-video-preview:-1"},"canonical":"https:\/\/www.socialchangeschool.org\/it\/07\/02\/2018\/marco-de-ponte-segretario-generale-di-actionaid-italia-parla-ai-corsisti-democrazia-potere-e-visione\/","og_locale":"it_IT","og_type":"article","og_title":"Marco De Ponte, Segretario Generale ActionAid Italia, lancia i Master Internazionali SCS","og_description":"Il 26 gennaio 2018, a Roma, il Segretario Generale di ActionAid Italia Marco De Ponte ha aperto la giornata iniziale dei\u00a0Master Internazionali Social Change School\u00a0con un Keynote Speech sulla trasformazione della societ\u00e0; un discorso estremamente improntato sulla realt\u00e0 dei fatti e dei cambiamenti necessari, e infatti rivolto a chi fa parte o presto si affaccer\u00e0 [&hellip;]","og_url":"https:\/\/www.socialchangeschool.org\/it\/07\/02\/2018\/marco-de-ponte-segretario-generale-di-actionaid-italia-parla-ai-corsisti-democrazia-potere-e-visione\/","og_site_name":"SocialChangeSchool","article_published_time":"2018-02-07T14:02:16+00:00","og_image":[{"width":640,"height":426,"url":"https:\/\/www.socialchangeschool.org\/wp-content\/uploads\/2018\/02\/ACTIONAID-Marco-De-Ponte.jpg","type":"image\/jpeg"}],"author":"Laura Reiss","twitter_card":"summary_large_image","twitter_misc":{"Scritto da":"Laura Reiss","Tempo di lettura stimato":"2 minuti"},"schema":{"@context":"https:\/\/schema.org","@graph":[{"@type":"Article","@id":"https:\/\/www.socialchangeschool.org\/it\/07\/02\/2018\/marco-de-ponte-segretario-generale-di-actionaid-italia-parla-ai-corsisti-democrazia-potere-e-visione\/#article","isPartOf":{"@id":"https:\/\/www.socialchangeschool.org\/it\/07\/02\/2018\/marco-de-ponte-segretario-generale-di-actionaid-italia-parla-ai-corsisti-democrazia-potere-e-visione\/"},"author":{"name":"Laura Reiss","@id":"https:\/\/www.socialchangeschool.org\/it\/#\/schema\/person\/830e0c463a7c51633e79f9b14aadf794"},"headline":"Marco De Ponte, Segretario Generale ActionAid Italia, lancia i Master Internazionali SCS","datePublished":"2018-02-07T14:02:16+00:00","mainEntityOfPage":{"@id":"https:\/\/www.socialchangeschool.org\/it\/07\/02\/2018\/marco-de-ponte-segretario-generale-di-actionaid-italia-parla-ai-corsisti-democrazia-potere-e-visione\/"},"wordCount":356,"publisher":{"@id":"https:\/\/www.socialchangeschool.org\/it\/#organization"},"image":{"@id":"https:\/\/www.socialchangeschool.org\/it\/07\/02\/2018\/marco-de-ponte-segretario-generale-di-actionaid-italia-parla-ai-corsisti-democrazia-potere-e-visione\/#primaryimage"},"thumbnailUrl":"https:\/\/www.socialchangeschool.org\/wp-content\/uploads\/2018\/02\/ACTIONAID-Marco-De-Ponte.jpg","articleSection":["News"],"inLanguage":"it-IT"},{"@type":"WebPage","@id":"https:\/\/www.socialchangeschool.org\/it\/07\/02\/2018\/marco-de-ponte-segretario-generale-di-actionaid-italia-parla-ai-corsisti-democrazia-potere-e-visione\/","url":"https:\/\/www.socialchangeschool.org\/it\/07\/02\/2018\/marco-de-ponte-segretario-generale-di-actionaid-italia-parla-ai-corsisti-democrazia-potere-e-visione\/","name":"Marco De Ponte, Segretario Generale ActionAid Italia, lancia i Master Internazionali SCS - SocialChangeSchool","isPartOf":{"@id":"https:\/\/www.socialchangeschool.org\/it\/#website"},"primaryImageOfPage":{"@id":"https:\/\/www.socialchangeschool.org\/it\/07\/02\/2018\/marco-de-ponte-segretario-generale-di-actionaid-italia-parla-ai-corsisti-democrazia-potere-e-visione\/#primaryimage"},"image":{"@id":"https:\/\/www.socialchangeschool.org\/it\/07\/02\/2018\/marco-de-ponte-segretario-generale-di-actionaid-italia-parla-ai-corsisti-democrazia-potere-e-visione\/#primaryimage"},"thumbnailUrl":"https:\/\/www.socialchangeschool.org\/wp-content\/uploads\/2018\/02\/ACTIONAID-Marco-De-Ponte.jpg","datePublished":"2018-02-07T14:02:16+00:00","breadcrumb":{"@id":"https:\/\/www.socialchangeschool.org\/it\/07\/02\/2018\/marco-de-ponte-segretario-generale-di-actionaid-italia-parla-ai-corsisti-democrazia-potere-e-visione\/#breadcrumb"},"inLanguage":"it-IT","potentialAction":[{"@type":"ReadAction","target":["https:\/\/www.socialchangeschool.org\/it\/07\/02\/2018\/marco-de-ponte-segretario-generale-di-actionaid-italia-parla-ai-corsisti-democrazia-potere-e-visione\/"]}]},{"@type":"ImageObject","inLanguage":"it-IT","@id":"https:\/\/www.socialchangeschool.org\/it\/07\/02\/2018\/marco-de-ponte-segretario-generale-di-actionaid-italia-parla-ai-corsisti-democrazia-potere-e-visione\/#primaryimage","url":"https:\/\/www.socialchangeschool.org\/wp-content\/uploads\/2018\/02\/ACTIONAID-Marco-De-Ponte.jpg","contentUrl":"https:\/\/www.socialchangeschool.org\/wp-content\/uploads\/2018\/02\/ACTIONAID-Marco-De-Ponte.jpg","width":640,"height":426,"caption":"Marco De Ponte"},{"@type":"BreadcrumbList","@id":"https:\/\/www.socialchangeschool.org\/it\/07\/02\/2018\/marco-de-ponte-segretario-generale-di-actionaid-italia-parla-ai-corsisti-democrazia-potere-e-visione\/#breadcrumb","itemListElement":[{"@type":"ListItem","position":1,"name":"Home","item":"https:\/\/www.socialchangeschool.org\/it\/"},{"@type":"ListItem","position":2,"name":"Marco De Ponte, Segretario Generale ActionAid Italia, lancia i Master Internazionali SCS"}]},{"@type":"WebSite","@id":"https:\/\/www.socialchangeschool.org\/it\/#website","url":"https:\/\/www.socialchangeschool.org\/it\/","name":"Social Change School","description":"worldwide leader for training, connecting and certificating all professionals of Non Profit sector","publisher":{"@id":"https:\/\/www.socialchangeschool.org\/it\/#organization"},"alternateName":"Leverage of Social Change transformational training institution","potentialAction":[{"@type":"SearchAction","target":{"@type":"EntryPoint","urlTemplate":"https:\/\/www.socialchangeschool.org\/it\/?s={search_term_string}"},"query-input":{"@type":"PropertyValueSpecification","valueRequired":true,"valueName":"search_term_string"}}],"inLanguage":"it-IT"},{"@type":"Organization","@id":"https:\/\/www.socialchangeschool.org\/it\/#organization","name":"Social Change School","alternateName":"worldwide leader for training, connecting and certificating all professionals","url":"https:\/\/www.socialchangeschool.org\/it\/","logo":{"@type":"ImageObject","inLanguage":"it-IT","@id":"https:\/\/www.socialchangeschool.org\/it\/#\/schema\/logo\/image\/","url":"https:\/\/www.socialchangeschool.org\/wp-content\/uploads\/2022\/06\/Logo-SocialChangeSchool.png","contentUrl":"https:\/\/www.socialchangeschool.org\/wp-content\/uploads\/2022\/06\/Logo-SocialChangeSchool.png","width":1721,"height":1721,"caption":"Social Change School"},"image":{"@id":"https:\/\/www.socialchangeschool.org\/it\/#\/schema\/logo\/image\/"}},{"@type":"Person","@id":"https:\/\/www.socialchangeschool.org\/it\/#\/schema\/person\/830e0c463a7c51633e79f9b14aadf794","name":"Laura Reiss","url":"https:\/\/www.socialchangeschool.org\/it\/author\/ghost\/"}]}},"_links":{"self":[{"href":"https:\/\/www.socialchangeschool.org\/it\/wp-json\/wp\/v2\/posts\/38354","targetHints":{"allow":["GET"]}}],"collection":[{"href":"https:\/\/www.socialchangeschool.org\/it\/wp-json\/wp\/v2\/posts"}],"about":[{"href":"https:\/\/www.socialchangeschool.org\/it\/wp-json\/wp\/v2\/types\/post"}],"author":[{"embeddable":true,"href":"https:\/\/www.socialchangeschool.org\/it\/wp-json\/wp\/v2\/users\/2"}],"replies":[{"embeddable":true,"href":"https:\/\/www.socialchangeschool.org\/it\/wp-json\/wp\/v2\/comments?post=38354"}],"version-history":[{"count":0,"href":"https:\/\/www.socialchangeschool.org\/it\/wp-json\/wp\/v2\/posts\/38354\/revisions"}],"wp:featuredmedia":[{"embeddable":true,"href":"https:\/\/www.socialchangeschool.org\/it\/wp-json\/wp\/v2\/media\/30634"}],"wp:attachment":[{"href":"https:\/\/www.socialchangeschool.org\/it\/wp-json\/wp\/v2\/media?parent=38354"}],"wp:term":[{"taxonomy":"category","embeddable":true,"href":"https:\/\/www.socialchangeschool.org\/it\/wp-json\/wp\/v2\/categories?post=38354"},{"taxonomy":"post_tag","embeddable":true,"href":"https:\/\/www.socialchangeschool.org\/it\/wp-json\/wp\/v2\/tags?post=38354"}],"curies":[{"name":"wp","href":"https:\/\/api.w.org\/{rel}","templated":true}]}}