{"id":38309,"date":"2017-06-14T08:35:09","date_gmt":"2017-06-14T08:35:09","guid":{"rendered":"http:\/\/socialchangeschool.org\/14\/06\/2017\/insieme-a-esn-italia-per-formare-i-futuri-leader-del-nonprofit\/"},"modified":"2017-06-14T08:35:09","modified_gmt":"2017-06-14T08:35:09","slug":"insieme-a-esn-italia-per-formare-i-futuri-leader-del-nonprofit","status":"publish","type":"post","link":"https:\/\/www.socialchangeschool.org\/it\/14\/06\/2017\/insieme-a-esn-italia-per-formare-i-futuri-leader-del-nonprofit\/","title":{"rendered":"Social Change School con Erasmus Student Network Italia: formando i futuri leader del NonProfit!"},"content":{"rendered":"<h2>Social Change School con Erasmus Student Network Italia<\/h2>\n<h4>La Social Change School a Palermo\u00a0per la terza Assemblea Generale di\u00a0ESN- Erasmus Student Network Italia<\/h4>\n<p style=\"text-align: justify;\">Dal 9 all\u201911 giugno 2017, a Palermo, si \u00e8 tenuta\u00a0la terza Assemblea Generale di\u00a0<strong><a href=\"https:\/\/www.esnitalia.org\/\" target=\"_blank\" rel=\"noopener\">ESN- Erasmus Student Network Italia<\/a><\/strong>, una tra le <strong>Reti studentesche giovanili e di Cittadinanza di cui la Social Change School \u00e8 partner<\/strong>. Nel partenariato, come anche con <strong>AIESEC<\/strong>, \u00e8 prevista la concessione di<a href=\"https:\/\/www.socialchangeschool.org\/it\/borse-di-studio-e-agevolazioni\/borse-di-studio\/\"><strong> Borse di Studio<\/strong><\/a> per facilitare l&#8217;accesso ai Master ai giovani pi\u00f9 motivati a lavorare con le ONG.<\/p>\n<p style=\"text-align: justify;\"><strong><a href=\"https:\/\/www.socialchangeschool.org\/it\/faculty\/alessio-di-carlo\/\">Alessio di Carlo<\/a><\/strong>, <strong>Co-direttore del <a href=\"https:\/\/www.socialchangeschool.org\/it\/master\/master-in-cooperazione-internazionale-europrogettazione-sviluppo-locale\/\">Master PMC in Project Management per la cooperazione internazionale<\/a><\/strong> e \u00a0Fondatore e Vice Presidente dell\u2019Associazione <strong><a href=\"https:\/\/www.cooperaction.eu\/\" target=\"_blank\" rel=\"noopener\">CooperAction Onlus<\/a><\/strong>, ha partecipato in rappresentanza della Scuola.<\/p>\n<p style=\"text-align: justify;\">Un weekend ricco di eventi, organizzato da <a href=\"https:\/\/www.esnpalermo.com\/\" target=\"_blank\" rel=\"noopener\"><strong>Erasmus Student Network Palermo<\/strong>,<\/a> con la presenza anche dei rappresentanti locali dell\u2019organizzazione, delle autorit\u00e0 del\u00a0 <strong>Comune di Palermo<\/strong>\u00a0e l\u2019<strong>Universit\u00e0 degli Studi di Palermo<\/strong>, e dei partner: <strong>Campus Party Europe<\/strong>\u00a0e Social Change School.<\/p>\n<p style=\"text-align: justify;\">ESN Italia \u00e8 l\u2019ente nazionale di <a href=\"https:\/\/esn.org\/\" target=\"_blank\" rel=\"noopener\"><strong>ESN- International Exchange &#8211; Erasmus Student Network<\/strong>\u00a0<\/a>che, con <strong>39 paesi membri<\/strong>, \u00e8 la pi\u00f9 grande associazione studentesca in Europa che <strong>connette e supporta ogni anno migliaia di studenti internazionali<\/strong>. La <strong>partnership<\/strong> con la Social Change School \u00e8 nata infatti per\u00a0<strong>promuovere la crescita professionale tra i pi\u00f9 giovani che fanno parte dei \u2018Young Leader Networks\u2019, e per formare i futuri leader del NonProfit!<\/strong><\/p>\n<p style=\"text-align: justify;\">L\u2019impegno di ESN, a facilitare <strong>l\u2019internazionalizzazione<\/strong>,<strong> l\u2019inclusione e lo scambio<\/strong> a livello europeo delle nuove generazioni, ma anche la promozione di p<strong>olitiche vicine alle esigenze dei giovani<\/strong> (es. <strong><a href=\"https:\/\/www.esnitalia.org\/it\/carta-della-generazione-erasmus\" target=\"_blank\" rel=\"noopener\">CARTA DELLA GENERAZIONE ERASMUS<\/a><\/strong>), e l\u2019attenzione ai <strong>temi etico\/sociali<\/strong> (segnaliamo ad esempio il progetto in corso <a href=\"https:\/\/exchangeability.eu\/\" target=\"_blank\" rel=\"noopener\"><strong>ExchangeAbility<\/strong><\/a> per facilitare lo scambio di studenti diversamente abili.), rispecchia valori ed obiettivi che sono in linea con la Social Change School.<\/p>\n<p style=\"text-align: justify;\"><strong>Simone Acquaviva<\/strong>, <strong>Presidente di\u00a0Erasmus Student Network Italia<\/strong>, commenta:<\/p>\n<p style=\"text-align: justify;\">&#8220;ESN Italia, associazione studentesca no-profit di volontari, presente in 52 Universit\u00e0 italiane e membro del network di Erasmus Student Network \u00e8 <strong>orgogliosa di collaborare, per il secondo anno consecutivo con Social Change School.<\/strong> <br \/>L&#8217;esperienza e la professionalit\u00e0 di SCS aiuter\u00e0 i nostro volontari nella crescita personale e nel migliorare la qualit\u00e0 delle nostre sezioni locali e del nostro network. Abbiamo avuto<strong> l&#8217;onore di assistere ad un workshop dell&#8217;Ing. Di Carlo<\/strong> di SCS durante la nostra assemblea generale di Palermo ed i <strong>feedback dei partecipanti sono stati entusiasti<\/strong>.&#8221;<\/p>\n<p style=\"text-align: justify;\"><strong>Alessio di Carlo<\/strong>, anche lui un<strong> ex-erasmus ed ex corsista della Scuola<\/strong>, \u00e8 intervenuto raccontando la sua storia e la sua esperienza sul campo. Ha inoltre presentato le <strong>opportunit\u00e0 riservate ai membri di ESN Italia<\/strong>, come le Borse di Studio per chi volesse frequentare i Master Social Change School.<\/p>\n<p style=\"text-align: justify;\">Infine, l\u2019evento ha ospitato una discussione sulla nuova <strong>programmazione triennale di ESN. <\/strong>In contemporanea,<strong>\u00a0<\/strong>Alessio di Carlo, ha tenuto il <strong>workshop partecipativo su Progettazione e Fundraising<\/strong>, con un focus sulle tipologie di progettualit\u00e0 (emergenza e sviluppo) e su come il fundraising sia trasversale ad esse.<\/p>\n<p style=\"text-align: justify;\">\u00a0<\/p>\n<p style=\"text-align: justify;\">Foto: <a href=\"https:\/\/www.facebook.com\/ESNMacerata\/photos\/a.753694124710426.1073741846.750781648335007\/1393543384058827\/?type=3&amp;theater\">ESN Macerata<\/a><\/p>\n<p style=\"text-align: justify;\">\u00a0<\/p>\n<p><strong>Vuoi lavorare nelle ONG?<\/strong><strong>\u00a0<\/strong><strong><a href=\"https:\/\/www.socialchangeschool.org\/it\/landing-page\/\">Richiedi s<\/a><a href=\"https:\/\/www.socialchangeschool.org\/it\/landing-page\/\">ubito<\/a><\/strong>\u00a0il\u00a0<strong>Colloquio di Ammissione e Valutazione del tuo Potenziale\u00a0Professionale<\/strong>, in un\u2019ora di confronto approfondito con i manager e gli HRM di ONG partner!\u00a0<\/p>\n<p>&nbsp;<\/p>\n<p style=\"text-align: justify;\">\u00a0<\/p>\n","protected":false},"excerpt":{"rendered":"<p>Social Change School con Erasmus Student Network Italia La Social Change School a Palermo\u00a0per la terza Assemblea Generale di\u00a0ESN- Erasmus Student Network Italia Dal 9 all\u201911 giugno 2017, a Palermo, si \u00e8 tenuta\u00a0la terza Assemblea Generale di\u00a0ESN- Erasmus Student Network Italia, una tra le Reti studentesche giovanili e di Cittadinanza di cui la Social Change [&hellip;]<\/p>\n","protected":false},"author":2,"featured_media":0,"comment_status":"closed","ping_status":"closed","sticky":false,"template":"","format":"standard","meta":{"site-sidebar-layout":"default","site-content-layout":"","ast-site-content-layout":"default","site-content-style":"default","site-sidebar-style":"default","ast-global-header-display":"","ast-banner-title-visibility":"","ast-main-header-display":"","ast-hfb-above-header-display":"","ast-hfb-below-header-display":"","ast-hfb-mobile-header-display":"","site-post-title":"","ast-breadcrumbs-content":"","ast-featured-img":"","footer-sml-layout":"","ast-disable-related-posts":"","theme-transparent-header-meta":"","adv-header-id-meta":"","stick-header-meta":"","header-above-stick-meta":"","header-main-stick-meta":"","header-below-stick-meta":"","astra-migrate-meta-layouts":"default","ast-page-background-enabled":"default","ast-page-background-meta":{"desktop":{"background-color":"","background-image":"","background-repeat":"repeat","background-position":"center center","background-size":"auto","background-attachment":"scroll","background-type":"","background-media":"","overlay-type":"","overlay-color":"","overlay-opacity":"","overlay-gradient":""},"tablet":{"background-color":"","background-image":"","background-repeat":"repeat","background-position":"center center","background-size":"auto","background-attachment":"scroll","background-type":"","background-media":"","overlay-type":"","overlay-color":"","overlay-opacity":"","overlay-gradient":""},"mobile":{"background-color":"","background-image":"","background-repeat":"repeat","background-position":"center center","background-size":"auto","background-attachment":"scroll","background-type":"","background-media":"","overlay-type":"","overlay-color":"","overlay-opacity":"","overlay-gradient":""}},"ast-content-background-meta":{"desktop":{"background-color":"var(--ast-global-color-5)","background-image":"","background-repeat":"repeat","background-position":"center center","background-size":"auto","background-attachment":"scroll","background-type":"","background-media":"","overlay-type":"","overlay-color":"","overlay-opacity":"","overlay-gradient":""},"tablet":{"background-color":"var(--ast-global-color-5)","background-image":"","background-repeat":"repeat","background-position":"center center","background-size":"auto","background-attachment":"scroll","background-type":"","background-media":"","overlay-type":"","overlay-color":"","overlay-opacity":"","overlay-gradient":""},"mobile":{"background-color":"var(--ast-global-color-5)","background-image":"","background-repeat":"repeat","background-position":"center center","background-size":"auto","background-attachment":"scroll","background-type":"","background-media":"","overlay-type":"","overlay-color":"","overlay-opacity":"","overlay-gradient":""}},"footnotes":""},"categories":[218,117],"tags":[],"class_list":["post-38309","post","type-post","status-publish","format-standard","hentry","category-eventi","category-news-it"],"yoast_head":"<!-- This site is optimized with the Yoast SEO Premium plugin v27.2 (Yoast SEO v27.5) - https:\/\/yoast.com\/product\/yoast-seo-premium-wordpress\/ -->\n<title>Social Change School con Erasmus Student Network Italia: formando i futuri leader del NonProfit! - SocialChangeSchool<\/title>\n<meta name=\"robots\" content=\"index, follow, max-snippet:-1, max-image-preview:large, max-video-preview:-1\" \/>\n<link rel=\"canonical\" href=\"https:\/\/www.socialchangeschool.org\/it\/14\/06\/2017\/insieme-a-esn-italia-per-formare-i-futuri-leader-del-nonprofit\/\" \/>\n<meta property=\"og:locale\" content=\"it_IT\" \/>\n<meta property=\"og:type\" content=\"article\" \/>\n<meta property=\"og:title\" content=\"Social Change School con Erasmus Student Network Italia: formando i futuri leader del NonProfit!\" \/>\n<meta property=\"og:description\" content=\"Social Change School con Erasmus Student Network Italia La Social Change School a Palermo\u00a0per la terza Assemblea Generale di\u00a0ESN- Erasmus Student Network Italia Dal 9 all\u201911 giugno 2017, a Palermo, si \u00e8 tenuta\u00a0la terza Assemblea Generale di\u00a0ESN- Erasmus Student Network Italia, una tra le Reti studentesche giovanili e di Cittadinanza di cui la Social Change [&hellip;]\" \/>\n<meta property=\"og:url\" content=\"https:\/\/www.socialchangeschool.org\/it\/14\/06\/2017\/insieme-a-esn-italia-per-formare-i-futuri-leader-del-nonprofit\/\" \/>\n<meta property=\"og:site_name\" content=\"SocialChangeSchool\" \/>\n<meta property=\"article:published_time\" content=\"2017-06-14T08:35:09+00:00\" \/>\n<meta property=\"og:image\" content=\"https:\/\/www.socialchangeschool.org\/wp-content\/uploads\/2022\/06\/Logo-SocialChangeSchool.png\" \/>\n\t<meta property=\"og:image:width\" content=\"1721\" \/>\n\t<meta property=\"og:image:height\" content=\"1721\" \/>\n\t<meta property=\"og:image:type\" content=\"image\/png\" \/>\n<meta name=\"author\" content=\"Laura Reiss\" \/>\n<meta name=\"twitter:card\" content=\"summary_large_image\" \/>\n<meta name=\"twitter:label1\" content=\"Scritto da\" \/>\n\t<meta name=\"twitter:data1\" content=\"Laura Reiss\" \/>\n\t<meta name=\"twitter:label2\" content=\"Tempo di lettura stimato\" \/>\n\t<meta name=\"twitter:data2\" content=\"3 minuti\" \/>\n<script type=\"application\/ld+json\" class=\"yoast-schema-graph\">{\"@context\":\"https:\\\/\\\/schema.org\",\"@graph\":[{\"@type\":\"Article\",\"@id\":\"https:\\\/\\\/www.socialchangeschool.org\\\/it\\\/14\\\/06\\\/2017\\\/insieme-a-esn-italia-per-formare-i-futuri-leader-del-nonprofit\\\/#article\",\"isPartOf\":{\"@id\":\"https:\\\/\\\/www.socialchangeschool.org\\\/it\\\/14\\\/06\\\/2017\\\/insieme-a-esn-italia-per-formare-i-futuri-leader-del-nonprofit\\\/\"},\"author\":{\"name\":\"Laura Reiss\",\"@id\":\"https:\\\/\\\/www.socialchangeschool.org\\\/it\\\/#\\\/schema\\\/person\\\/830e0c463a7c51633e79f9b14aadf794\"},\"headline\":\"Social Change School con Erasmus Student Network Italia: formando i futuri leader del NonProfit!\",\"datePublished\":\"2017-06-14T08:35:09+00:00\",\"mainEntityOfPage\":{\"@id\":\"https:\\\/\\\/www.socialchangeschool.org\\\/it\\\/14\\\/06\\\/2017\\\/insieme-a-esn-italia-per-formare-i-futuri-leader-del-nonprofit\\\/\"},\"wordCount\":537,\"publisher\":{\"@id\":\"https:\\\/\\\/www.socialchangeschool.org\\\/it\\\/#organization\"},\"articleSection\":[\"Eventi\",\"News\"],\"inLanguage\":\"it-IT\"},{\"@type\":\"WebPage\",\"@id\":\"https:\\\/\\\/www.socialchangeschool.org\\\/it\\\/14\\\/06\\\/2017\\\/insieme-a-esn-italia-per-formare-i-futuri-leader-del-nonprofit\\\/\",\"url\":\"https:\\\/\\\/www.socialchangeschool.org\\\/it\\\/14\\\/06\\\/2017\\\/insieme-a-esn-italia-per-formare-i-futuri-leader-del-nonprofit\\\/\",\"name\":\"Social Change School con Erasmus Student Network Italia: formando i futuri leader del NonProfit! - SocialChangeSchool\",\"isPartOf\":{\"@id\":\"https:\\\/\\\/www.socialchangeschool.org\\\/it\\\/#website\"},\"datePublished\":\"2017-06-14T08:35:09+00:00\",\"breadcrumb\":{\"@id\":\"https:\\\/\\\/www.socialchangeschool.org\\\/it\\\/14\\\/06\\\/2017\\\/insieme-a-esn-italia-per-formare-i-futuri-leader-del-nonprofit\\\/#breadcrumb\"},\"inLanguage\":\"it-IT\",\"potentialAction\":[{\"@type\":\"ReadAction\",\"target\":[\"https:\\\/\\\/www.socialchangeschool.org\\\/it\\\/14\\\/06\\\/2017\\\/insieme-a-esn-italia-per-formare-i-futuri-leader-del-nonprofit\\\/\"]}]},{\"@type\":\"BreadcrumbList\",\"@id\":\"https:\\\/\\\/www.socialchangeschool.org\\\/it\\\/14\\\/06\\\/2017\\\/insieme-a-esn-italia-per-formare-i-futuri-leader-del-nonprofit\\\/#breadcrumb\",\"itemListElement\":[{\"@type\":\"ListItem\",\"position\":1,\"name\":\"Home\",\"item\":\"https:\\\/\\\/www.socialchangeschool.org\\\/it\\\/\"},{\"@type\":\"ListItem\",\"position\":2,\"name\":\"Social Change School con Erasmus Student Network Italia: formando i futuri leader del NonProfit!\"}]},{\"@type\":\"WebSite\",\"@id\":\"https:\\\/\\\/www.socialchangeschool.org\\\/it\\\/#website\",\"url\":\"https:\\\/\\\/www.socialchangeschool.org\\\/it\\\/\",\"name\":\"Social Change School\",\"description\":\"worldwide leader for training, connecting and certificating all professionals of Non Profit sector\",\"publisher\":{\"@id\":\"https:\\\/\\\/www.socialchangeschool.org\\\/it\\\/#organization\"},\"alternateName\":\"Leverage of Social Change transformational training institution\",\"potentialAction\":[{\"@type\":\"SearchAction\",\"target\":{\"@type\":\"EntryPoint\",\"urlTemplate\":\"https:\\\/\\\/www.socialchangeschool.org\\\/it\\\/?s={search_term_string}\"},\"query-input\":{\"@type\":\"PropertyValueSpecification\",\"valueRequired\":true,\"valueName\":\"search_term_string\"}}],\"inLanguage\":\"it-IT\"},{\"@type\":\"Organization\",\"@id\":\"https:\\\/\\\/www.socialchangeschool.org\\\/it\\\/#organization\",\"name\":\"Social Change School\",\"alternateName\":\"worldwide leader for training, connecting and certificating all professionals\",\"url\":\"https:\\\/\\\/www.socialchangeschool.org\\\/it\\\/\",\"logo\":{\"@type\":\"ImageObject\",\"inLanguage\":\"it-IT\",\"@id\":\"https:\\\/\\\/www.socialchangeschool.org\\\/it\\\/#\\\/schema\\\/logo\\\/image\\\/\",\"url\":\"https:\\\/\\\/www.socialchangeschool.org\\\/wp-content\\\/uploads\\\/2022\\\/06\\\/Logo-SocialChangeSchool.png\",\"contentUrl\":\"https:\\\/\\\/www.socialchangeschool.org\\\/wp-content\\\/uploads\\\/2022\\\/06\\\/Logo-SocialChangeSchool.png\",\"width\":1721,\"height\":1721,\"caption\":\"Social Change School\"},\"image\":{\"@id\":\"https:\\\/\\\/www.socialchangeschool.org\\\/it\\\/#\\\/schema\\\/logo\\\/image\\\/\"}},{\"@type\":\"Person\",\"@id\":\"https:\\\/\\\/www.socialchangeschool.org\\\/it\\\/#\\\/schema\\\/person\\\/830e0c463a7c51633e79f9b14aadf794\",\"name\":\"Laura Reiss\",\"url\":\"https:\\\/\\\/www.socialchangeschool.org\\\/it\\\/author\\\/ghost\\\/\"}]}<\/script>\n<!-- \/ Yoast SEO Premium plugin. -->","yoast_head_json":{"title":"Social Change School con Erasmus Student Network Italia: formando i futuri leader del NonProfit! - SocialChangeSchool","robots":{"index":"index","follow":"follow","max-snippet":"max-snippet:-1","max-image-preview":"max-image-preview:large","max-video-preview":"max-video-preview:-1"},"canonical":"https:\/\/www.socialchangeschool.org\/it\/14\/06\/2017\/insieme-a-esn-italia-per-formare-i-futuri-leader-del-nonprofit\/","og_locale":"it_IT","og_type":"article","og_title":"Social Change School con Erasmus Student Network Italia: formando i futuri leader del NonProfit!","og_description":"Social Change School con Erasmus Student Network Italia La Social Change School a Palermo\u00a0per la terza Assemblea Generale di\u00a0ESN- Erasmus Student Network Italia Dal 9 all\u201911 giugno 2017, a Palermo, si \u00e8 tenuta\u00a0la terza Assemblea Generale di\u00a0ESN- Erasmus Student Network Italia, una tra le Reti studentesche giovanili e di Cittadinanza di cui la Social Change [&hellip;]","og_url":"https:\/\/www.socialchangeschool.org\/it\/14\/06\/2017\/insieme-a-esn-italia-per-formare-i-futuri-leader-del-nonprofit\/","og_site_name":"SocialChangeSchool","article_published_time":"2017-06-14T08:35:09+00:00","og_image":[{"width":1721,"height":1721,"url":"https:\/\/www.socialchangeschool.org\/wp-content\/uploads\/2022\/06\/Logo-SocialChangeSchool.png","type":"image\/png"}],"author":"Laura Reiss","twitter_card":"summary_large_image","twitter_misc":{"Scritto da":"Laura Reiss","Tempo di lettura stimato":"3 minuti"},"schema":{"@context":"https:\/\/schema.org","@graph":[{"@type":"Article","@id":"https:\/\/www.socialchangeschool.org\/it\/14\/06\/2017\/insieme-a-esn-italia-per-formare-i-futuri-leader-del-nonprofit\/#article","isPartOf":{"@id":"https:\/\/www.socialchangeschool.org\/it\/14\/06\/2017\/insieme-a-esn-italia-per-formare-i-futuri-leader-del-nonprofit\/"},"author":{"name":"Laura Reiss","@id":"https:\/\/www.socialchangeschool.org\/it\/#\/schema\/person\/830e0c463a7c51633e79f9b14aadf794"},"headline":"Social Change School con Erasmus Student Network Italia: formando i futuri leader del NonProfit!","datePublished":"2017-06-14T08:35:09+00:00","mainEntityOfPage":{"@id":"https:\/\/www.socialchangeschool.org\/it\/14\/06\/2017\/insieme-a-esn-italia-per-formare-i-futuri-leader-del-nonprofit\/"},"wordCount":537,"publisher":{"@id":"https:\/\/www.socialchangeschool.org\/it\/#organization"},"articleSection":["Eventi","News"],"inLanguage":"it-IT"},{"@type":"WebPage","@id":"https:\/\/www.socialchangeschool.org\/it\/14\/06\/2017\/insieme-a-esn-italia-per-formare-i-futuri-leader-del-nonprofit\/","url":"https:\/\/www.socialchangeschool.org\/it\/14\/06\/2017\/insieme-a-esn-italia-per-formare-i-futuri-leader-del-nonprofit\/","name":"Social Change School con Erasmus Student Network Italia: formando i futuri leader del NonProfit! - SocialChangeSchool","isPartOf":{"@id":"https:\/\/www.socialchangeschool.org\/it\/#website"},"datePublished":"2017-06-14T08:35:09+00:00","breadcrumb":{"@id":"https:\/\/www.socialchangeschool.org\/it\/14\/06\/2017\/insieme-a-esn-italia-per-formare-i-futuri-leader-del-nonprofit\/#breadcrumb"},"inLanguage":"it-IT","potentialAction":[{"@type":"ReadAction","target":["https:\/\/www.socialchangeschool.org\/it\/14\/06\/2017\/insieme-a-esn-italia-per-formare-i-futuri-leader-del-nonprofit\/"]}]},{"@type":"BreadcrumbList","@id":"https:\/\/www.socialchangeschool.org\/it\/14\/06\/2017\/insieme-a-esn-italia-per-formare-i-futuri-leader-del-nonprofit\/#breadcrumb","itemListElement":[{"@type":"ListItem","position":1,"name":"Home","item":"https:\/\/www.socialchangeschool.org\/it\/"},{"@type":"ListItem","position":2,"name":"Social Change School con Erasmus Student Network Italia: formando i futuri leader del NonProfit!"}]},{"@type":"WebSite","@id":"https:\/\/www.socialchangeschool.org\/it\/#website","url":"https:\/\/www.socialchangeschool.org\/it\/","name":"Social Change School","description":"worldwide leader for training, connecting and certificating all professionals of Non Profit sector","publisher":{"@id":"https:\/\/www.socialchangeschool.org\/it\/#organization"},"alternateName":"Leverage of Social Change transformational training institution","potentialAction":[{"@type":"SearchAction","target":{"@type":"EntryPoint","urlTemplate":"https:\/\/www.socialchangeschool.org\/it\/?s={search_term_string}"},"query-input":{"@type":"PropertyValueSpecification","valueRequired":true,"valueName":"search_term_string"}}],"inLanguage":"it-IT"},{"@type":"Organization","@id":"https:\/\/www.socialchangeschool.org\/it\/#organization","name":"Social Change School","alternateName":"worldwide leader for training, connecting and certificating all professionals","url":"https:\/\/www.socialchangeschool.org\/it\/","logo":{"@type":"ImageObject","inLanguage":"it-IT","@id":"https:\/\/www.socialchangeschool.org\/it\/#\/schema\/logo\/image\/","url":"https:\/\/www.socialchangeschool.org\/wp-content\/uploads\/2022\/06\/Logo-SocialChangeSchool.png","contentUrl":"https:\/\/www.socialchangeschool.org\/wp-content\/uploads\/2022\/06\/Logo-SocialChangeSchool.png","width":1721,"height":1721,"caption":"Social Change School"},"image":{"@id":"https:\/\/www.socialchangeschool.org\/it\/#\/schema\/logo\/image\/"}},{"@type":"Person","@id":"https:\/\/www.socialchangeschool.org\/it\/#\/schema\/person\/830e0c463a7c51633e79f9b14aadf794","name":"Laura Reiss","url":"https:\/\/www.socialchangeschool.org\/it\/author\/ghost\/"}]}},"_links":{"self":[{"href":"https:\/\/www.socialchangeschool.org\/it\/wp-json\/wp\/v2\/posts\/38309","targetHints":{"allow":["GET"]}}],"collection":[{"href":"https:\/\/www.socialchangeschool.org\/it\/wp-json\/wp\/v2\/posts"}],"about":[{"href":"https:\/\/www.socialchangeschool.org\/it\/wp-json\/wp\/v2\/types\/post"}],"author":[{"embeddable":true,"href":"https:\/\/www.socialchangeschool.org\/it\/wp-json\/wp\/v2\/users\/2"}],"replies":[{"embeddable":true,"href":"https:\/\/www.socialchangeschool.org\/it\/wp-json\/wp\/v2\/comments?post=38309"}],"version-history":[{"count":0,"href":"https:\/\/www.socialchangeschool.org\/it\/wp-json\/wp\/v2\/posts\/38309\/revisions"}],"wp:attachment":[{"href":"https:\/\/www.socialchangeschool.org\/it\/wp-json\/wp\/v2\/media?parent=38309"}],"wp:term":[{"taxonomy":"category","embeddable":true,"href":"https:\/\/www.socialchangeschool.org\/it\/wp-json\/wp\/v2\/categories?post=38309"},{"taxonomy":"post_tag","embeddable":true,"href":"https:\/\/www.socialchangeschool.org\/it\/wp-json\/wp\/v2\/tags?post=38309"}],"curies":[{"name":"wp","href":"https:\/\/api.w.org\/{rel}","templated":true}]}}