{"id":38257,"date":"2016-11-30T10:35:52","date_gmt":"2016-11-30T10:35:52","guid":{"rendered":"http:\/\/socialchangeschool.org\/30\/11\/2016\/le-voci-di-asvi-social-change-considerazioni-ed-emozioni-di-chi-aiuta-ad-aiutare\/"},"modified":"2016-11-30T10:35:52","modified_gmt":"2016-11-30T10:35:52","slug":"le-voci-di-asvi-social-change-considerazioni-ed-emozioni-di-chi-aiuta-ad-aiutare","status":"publish","type":"post","link":"https:\/\/www.socialchangeschool.org\/it\/30\/11\/2016\/le-voci-di-asvi-social-change-considerazioni-ed-emozioni-di-chi-aiuta-ad-aiutare\/","title":{"rendered":"Le voci di ASVI Social Change: Considerazioni ed emozioni di chi aiuta ad aiutare"},"content":{"rendered":"<p style=\"text-align: justify;\">Il 25 novembre 2016 presso il Polo Didattico a Roma si \u00e8 svolta la giornata conclusiva dei Master Internazionali ASVI Social Change Edizione Dicembre 2015. Lasciamo la parola alle voci di ASVI Social Change:<\/p>\n<p style=\"text-align: justify;\">&#8220;Le<strong> presentazioni dei project work personali<\/strong> dei corsisti del master <a href=\"https:\/\/www.socialchangeschool.org\/it\/master\/master-in-cooperazione-internazionale-europrogettazione-sviluppo-locale\/\">PMC- Master in Project Management for International Cooperation, Euro-Project Management and Local Development<\/a>\u00a0hanno chiuso un cerchio che si \u00e8 aperto un anno fa e che ha dato loro il <strong>modo di mettere in evidenza le conoscenze, gli strumenti e le competenze acquisite durante il percorso di master.<\/strong> <strong>Da coordinatrice del master<\/strong> PMC \u00e8 stato un momento di verifica sia relativamente al bagaglio che i ragazzi\u00a0porteranno nel loro futuro professionale sia per quanto riguarda il mio lavoro sempre a stretto contatto con loro, del quale <strong>mi sento orgogliosa proprio grazie al risultato da loro raggiunto<\/strong>. \u00c8 stato un anno intenso, a volte difficile e ricco di sfide, ma sicuramente soddisfacente.<strong> Per dirla con le parole di uno dei diplomati: \u201cun anno pazzesco con tanti strumenti da utilizzare per cambiare questo mondo&#8221;.<\/strong><\/p>\n<p style=\"text-align: justify;\"><a href=\"https:\/\/www.socialchangeschool.org\/it\/faculty\/cinzia-dintino\/\">Cinzia D\u2019Intino<\/a> \u2013\u00a0Coordinatrice del Master in Project Management per la Cooperazione Internazionale\u00a0<\/p>\n<p style=\"text-align: justify;\">&#8220;La giornata conclusiva del Master \u00e8 dal mio punto di vista, un momento di partenza: l\u2019inizio di un capitolo di un libro cominciato un anno fa e che continuer\u00e0 nella nella SCIC &#8211; Social Change International Community. <strong>Gli studenti escono da questo percorso maggiormente consapevoli ed io come coordinatore e Community Manager, provo grande soddisfazione nel vedere i professionisti completi che sono diventati<\/strong> e questo emerge soprattutto durante la discussione del loro Project Work nel quale dimostrano di aver fatto loro gli strumenti appresi durante l\u2019anno. Ma <strong>sono anche persone con una grande competenza umana<\/strong> ed \u00e8 infatti altrettanto soddisfacente vedere la complicit\u00e0 che si \u00e8 creata tra di loro, all\u2019interno della classe e dei gruppi di lavoro. <strong>Come coordinatore del <a href=\"https:\/\/www.socialchangeschool.org\/it\/master\/master-in-fundraising-management-comunicazione-marketing-campaigning\/\">master FRAME in Fundraising Management<\/a> \u00e8 un privilegio poter accompagnare i corsisti lungo questo percorso che li pone davanti a nuove sfide, nuove passioni e conoscenze.<\/strong> Sentire alla fine dell\u2019anno di aver contribuito, anche solo in minima parte, alla realizzazione dei sogni delle persone \u00e8 l\u2019energia che alimenta il mio entusiasmo. <strong>Per interpretare al meglio il mio ruolo mi affido alle parole di Sara, neo diplomata del master in Fundraising Management: \u201cgli strumenti ma soprattutto il calore per nutrire il mio sogno.<\/strong><\/p>\n<p style=\"text-align: justify;\"><a href=\"https:\/\/www.socialchangeschool.org\/it\/faculty\/federico-atzory\/\">Federico Atzori<\/a> \u2013 Coordinatore del Master in FundRaising Management in the NGOs e Community Manager<\/p>\n","protected":false},"excerpt":{"rendered":"<p>Il 25 novembre 2016 presso il Polo Didattico a Roma si \u00e8 svolta la giornata conclusiva dei Master Internazionali ASVI Social Change Edizione Dicembre 2015. Lasciamo la parola alle voci di ASVI Social Change: &#8220;Le presentazioni dei project work personali dei corsisti del master PMC- Master in Project Management for International Cooperation, Euro-Project Management and [&hellip;]<\/p>\n","protected":false},"author":2,"featured_media":0,"comment_status":"closed","ping_status":"closed","sticky":false,"template":"","format":"standard","meta":{"site-sidebar-layout":"default","site-content-layout":"","ast-site-content-layout":"default","site-content-style":"default","site-sidebar-style":"default","ast-global-header-display":"","ast-banner-title-visibility":"","ast-main-header-display":"","ast-hfb-above-header-display":"","ast-hfb-below-header-display":"","ast-hfb-mobile-header-display":"","site-post-title":"","ast-breadcrumbs-content":"","ast-featured-img":"","footer-sml-layout":"","ast-disable-related-posts":"","theme-transparent-header-meta":"","adv-header-id-meta":"","stick-header-meta":"","header-above-stick-meta":"","header-main-stick-meta":"","header-below-stick-meta":"","astra-migrate-meta-layouts":"default","ast-page-background-enabled":"default","ast-page-background-meta":{"desktop":{"background-color":"","background-image":"","background-repeat":"repeat","background-position":"center center","background-size":"auto","background-attachment":"scroll","background-type":"","background-media":"","overlay-type":"","overlay-color":"","overlay-opacity":"","overlay-gradient":""},"tablet":{"background-color":"","background-image":"","background-repeat":"repeat","background-position":"center center","background-size":"auto","background-attachment":"scroll","background-type":"","background-media":"","overlay-type":"","overlay-color":"","overlay-opacity":"","overlay-gradient":""},"mobile":{"background-color":"","background-image":"","background-repeat":"repeat","background-position":"center center","background-size":"auto","background-attachment":"scroll","background-type":"","background-media":"","overlay-type":"","overlay-color":"","overlay-opacity":"","overlay-gradient":""}},"ast-content-background-meta":{"desktop":{"background-color":"var(--ast-global-color-5)","background-image":"","background-repeat":"repeat","background-position":"center center","background-size":"auto","background-attachment":"scroll","background-type":"","background-media":"","overlay-type":"","overlay-color":"","overlay-opacity":"","overlay-gradient":""},"tablet":{"background-color":"var(--ast-global-color-5)","background-image":"","background-repeat":"repeat","background-position":"center center","background-size":"auto","background-attachment":"scroll","background-type":"","background-media":"","overlay-type":"","overlay-color":"","overlay-opacity":"","overlay-gradient":""},"mobile":{"background-color":"var(--ast-global-color-5)","background-image":"","background-repeat":"repeat","background-position":"center center","background-size":"auto","background-attachment":"scroll","background-type":"","background-media":"","overlay-type":"","overlay-color":"","overlay-opacity":"","overlay-gradient":""}},"footnotes":""},"categories":[117],"tags":[],"class_list":["post-38257","post","type-post","status-publish","format-standard","hentry","category-news-it"],"yoast_head":"<!-- This site is optimized with the Yoast SEO Premium plugin v27.2 (Yoast SEO v27.5) - https:\/\/yoast.com\/product\/yoast-seo-premium-wordpress\/ -->\n<title>Le voci di ASVI Social Change: Considerazioni ed emozioni di chi aiuta ad aiutare - SocialChangeSchool<\/title>\n<meta name=\"robots\" content=\"index, follow, max-snippet:-1, max-image-preview:large, max-video-preview:-1\" \/>\n<link rel=\"canonical\" href=\"https:\/\/www.socialchangeschool.org\/it\/30\/11\/2016\/le-voci-di-asvi-social-change-considerazioni-ed-emozioni-di-chi-aiuta-ad-aiutare\/\" \/>\n<meta property=\"og:locale\" content=\"it_IT\" \/>\n<meta property=\"og:type\" content=\"article\" \/>\n<meta property=\"og:title\" content=\"Le voci di ASVI Social Change: Considerazioni ed emozioni di chi aiuta ad aiutare\" \/>\n<meta property=\"og:description\" content=\"Il 25 novembre 2016 presso il Polo Didattico a Roma si \u00e8 svolta la giornata conclusiva dei Master Internazionali ASVI Social Change Edizione Dicembre 2015. Lasciamo la parola alle voci di ASVI Social Change: &#8220;Le presentazioni dei project work personali dei corsisti del master PMC- Master in Project Management for International Cooperation, Euro-Project Management and [&hellip;]\" \/>\n<meta property=\"og:url\" content=\"https:\/\/www.socialchangeschool.org\/it\/30\/11\/2016\/le-voci-di-asvi-social-change-considerazioni-ed-emozioni-di-chi-aiuta-ad-aiutare\/\" \/>\n<meta property=\"og:site_name\" content=\"SocialChangeSchool\" \/>\n<meta property=\"article:published_time\" content=\"2016-11-30T10:35:52+00:00\" \/>\n<meta property=\"og:image\" content=\"https:\/\/www.socialchangeschool.org\/wp-content\/uploads\/2022\/06\/Logo-SocialChangeSchool.png\" \/>\n\t<meta property=\"og:image:width\" content=\"1721\" \/>\n\t<meta property=\"og:image:height\" content=\"1721\" \/>\n\t<meta property=\"og:image:type\" content=\"image\/png\" \/>\n<meta name=\"author\" content=\"Laura Reiss\" \/>\n<meta name=\"twitter:card\" content=\"summary_large_image\" \/>\n<meta name=\"twitter:label1\" content=\"Scritto da\" \/>\n\t<meta name=\"twitter:data1\" content=\"Laura Reiss\" \/>\n\t<meta name=\"twitter:label2\" content=\"Tempo di lettura stimato\" \/>\n\t<meta name=\"twitter:data2\" content=\"2 minuti\" \/>\n<script type=\"application\/ld+json\" class=\"yoast-schema-graph\">{\"@context\":\"https:\\\/\\\/schema.org\",\"@graph\":[{\"@type\":\"Article\",\"@id\":\"https:\\\/\\\/www.socialchangeschool.org\\\/it\\\/30\\\/11\\\/2016\\\/le-voci-di-asvi-social-change-considerazioni-ed-emozioni-di-chi-aiuta-ad-aiutare\\\/#article\",\"isPartOf\":{\"@id\":\"https:\\\/\\\/www.socialchangeschool.org\\\/it\\\/30\\\/11\\\/2016\\\/le-voci-di-asvi-social-change-considerazioni-ed-emozioni-di-chi-aiuta-ad-aiutare\\\/\"},\"author\":{\"name\":\"Laura Reiss\",\"@id\":\"https:\\\/\\\/www.socialchangeschool.org\\\/it\\\/#\\\/schema\\\/person\\\/830e0c463a7c51633e79f9b14aadf794\"},\"headline\":\"Le voci di ASVI Social Change: Considerazioni ed emozioni di chi aiuta ad aiutare\",\"datePublished\":\"2016-11-30T10:35:52+00:00\",\"mainEntityOfPage\":{\"@id\":\"https:\\\/\\\/www.socialchangeschool.org\\\/it\\\/30\\\/11\\\/2016\\\/le-voci-di-asvi-social-change-considerazioni-ed-emozioni-di-chi-aiuta-ad-aiutare\\\/\"},\"wordCount\":413,\"publisher\":{\"@id\":\"https:\\\/\\\/www.socialchangeschool.org\\\/it\\\/#organization\"},\"articleSection\":[\"News\"],\"inLanguage\":\"it-IT\"},{\"@type\":\"WebPage\",\"@id\":\"https:\\\/\\\/www.socialchangeschool.org\\\/it\\\/30\\\/11\\\/2016\\\/le-voci-di-asvi-social-change-considerazioni-ed-emozioni-di-chi-aiuta-ad-aiutare\\\/\",\"url\":\"https:\\\/\\\/www.socialchangeschool.org\\\/it\\\/30\\\/11\\\/2016\\\/le-voci-di-asvi-social-change-considerazioni-ed-emozioni-di-chi-aiuta-ad-aiutare\\\/\",\"name\":\"Le voci di ASVI Social Change: Considerazioni ed emozioni di chi aiuta ad aiutare - SocialChangeSchool\",\"isPartOf\":{\"@id\":\"https:\\\/\\\/www.socialchangeschool.org\\\/it\\\/#website\"},\"datePublished\":\"2016-11-30T10:35:52+00:00\",\"breadcrumb\":{\"@id\":\"https:\\\/\\\/www.socialchangeschool.org\\\/it\\\/30\\\/11\\\/2016\\\/le-voci-di-asvi-social-change-considerazioni-ed-emozioni-di-chi-aiuta-ad-aiutare\\\/#breadcrumb\"},\"inLanguage\":\"it-IT\",\"potentialAction\":[{\"@type\":\"ReadAction\",\"target\":[\"https:\\\/\\\/www.socialchangeschool.org\\\/it\\\/30\\\/11\\\/2016\\\/le-voci-di-asvi-social-change-considerazioni-ed-emozioni-di-chi-aiuta-ad-aiutare\\\/\"]}]},{\"@type\":\"BreadcrumbList\",\"@id\":\"https:\\\/\\\/www.socialchangeschool.org\\\/it\\\/30\\\/11\\\/2016\\\/le-voci-di-asvi-social-change-considerazioni-ed-emozioni-di-chi-aiuta-ad-aiutare\\\/#breadcrumb\",\"itemListElement\":[{\"@type\":\"ListItem\",\"position\":1,\"name\":\"Home\",\"item\":\"https:\\\/\\\/www.socialchangeschool.org\\\/it\\\/\"},{\"@type\":\"ListItem\",\"position\":2,\"name\":\"Le voci di ASVI Social Change: Considerazioni ed emozioni di chi aiuta ad aiutare\"}]},{\"@type\":\"WebSite\",\"@id\":\"https:\\\/\\\/www.socialchangeschool.org\\\/it\\\/#website\",\"url\":\"https:\\\/\\\/www.socialchangeschool.org\\\/it\\\/\",\"name\":\"Social Change School\",\"description\":\"worldwide leader for training, connecting and certificating all professionals of Non Profit sector\",\"publisher\":{\"@id\":\"https:\\\/\\\/www.socialchangeschool.org\\\/it\\\/#organization\"},\"alternateName\":\"Leverage of Social Change transformational training institution\",\"potentialAction\":[{\"@type\":\"SearchAction\",\"target\":{\"@type\":\"EntryPoint\",\"urlTemplate\":\"https:\\\/\\\/www.socialchangeschool.org\\\/it\\\/?s={search_term_string}\"},\"query-input\":{\"@type\":\"PropertyValueSpecification\",\"valueRequired\":true,\"valueName\":\"search_term_string\"}}],\"inLanguage\":\"it-IT\"},{\"@type\":\"Organization\",\"@id\":\"https:\\\/\\\/www.socialchangeschool.org\\\/it\\\/#organization\",\"name\":\"Social Change School\",\"alternateName\":\"worldwide leader for training, connecting and certificating all professionals\",\"url\":\"https:\\\/\\\/www.socialchangeschool.org\\\/it\\\/\",\"logo\":{\"@type\":\"ImageObject\",\"inLanguage\":\"it-IT\",\"@id\":\"https:\\\/\\\/www.socialchangeschool.org\\\/it\\\/#\\\/schema\\\/logo\\\/image\\\/\",\"url\":\"https:\\\/\\\/www.socialchangeschool.org\\\/wp-content\\\/uploads\\\/2022\\\/06\\\/Logo-SocialChangeSchool.png\",\"contentUrl\":\"https:\\\/\\\/www.socialchangeschool.org\\\/wp-content\\\/uploads\\\/2022\\\/06\\\/Logo-SocialChangeSchool.png\",\"width\":1721,\"height\":1721,\"caption\":\"Social Change School\"},\"image\":{\"@id\":\"https:\\\/\\\/www.socialchangeschool.org\\\/it\\\/#\\\/schema\\\/logo\\\/image\\\/\"}},{\"@type\":\"Person\",\"@id\":\"https:\\\/\\\/www.socialchangeschool.org\\\/it\\\/#\\\/schema\\\/person\\\/830e0c463a7c51633e79f9b14aadf794\",\"name\":\"Laura Reiss\",\"url\":\"https:\\\/\\\/www.socialchangeschool.org\\\/it\\\/author\\\/ghost\\\/\"}]}<\/script>\n<!-- \/ Yoast SEO Premium plugin. -->","yoast_head_json":{"title":"Le voci di ASVI Social Change: Considerazioni ed emozioni di chi aiuta ad aiutare - SocialChangeSchool","robots":{"index":"index","follow":"follow","max-snippet":"max-snippet:-1","max-image-preview":"max-image-preview:large","max-video-preview":"max-video-preview:-1"},"canonical":"https:\/\/www.socialchangeschool.org\/it\/30\/11\/2016\/le-voci-di-asvi-social-change-considerazioni-ed-emozioni-di-chi-aiuta-ad-aiutare\/","og_locale":"it_IT","og_type":"article","og_title":"Le voci di ASVI Social Change: Considerazioni ed emozioni di chi aiuta ad aiutare","og_description":"Il 25 novembre 2016 presso il Polo Didattico a Roma si \u00e8 svolta la giornata conclusiva dei Master Internazionali ASVI Social Change Edizione Dicembre 2015. Lasciamo la parola alle voci di ASVI Social Change: &#8220;Le presentazioni dei project work personali dei corsisti del master PMC- Master in Project Management for International Cooperation, Euro-Project Management and [&hellip;]","og_url":"https:\/\/www.socialchangeschool.org\/it\/30\/11\/2016\/le-voci-di-asvi-social-change-considerazioni-ed-emozioni-di-chi-aiuta-ad-aiutare\/","og_site_name":"SocialChangeSchool","article_published_time":"2016-11-30T10:35:52+00:00","og_image":[{"width":1721,"height":1721,"url":"https:\/\/www.socialchangeschool.org\/wp-content\/uploads\/2022\/06\/Logo-SocialChangeSchool.png","type":"image\/png"}],"author":"Laura Reiss","twitter_card":"summary_large_image","twitter_misc":{"Scritto da":"Laura Reiss","Tempo di lettura stimato":"2 minuti"},"schema":{"@context":"https:\/\/schema.org","@graph":[{"@type":"Article","@id":"https:\/\/www.socialchangeschool.org\/it\/30\/11\/2016\/le-voci-di-asvi-social-change-considerazioni-ed-emozioni-di-chi-aiuta-ad-aiutare\/#article","isPartOf":{"@id":"https:\/\/www.socialchangeschool.org\/it\/30\/11\/2016\/le-voci-di-asvi-social-change-considerazioni-ed-emozioni-di-chi-aiuta-ad-aiutare\/"},"author":{"name":"Laura Reiss","@id":"https:\/\/www.socialchangeschool.org\/it\/#\/schema\/person\/830e0c463a7c51633e79f9b14aadf794"},"headline":"Le voci di ASVI Social Change: Considerazioni ed emozioni di chi aiuta ad aiutare","datePublished":"2016-11-30T10:35:52+00:00","mainEntityOfPage":{"@id":"https:\/\/www.socialchangeschool.org\/it\/30\/11\/2016\/le-voci-di-asvi-social-change-considerazioni-ed-emozioni-di-chi-aiuta-ad-aiutare\/"},"wordCount":413,"publisher":{"@id":"https:\/\/www.socialchangeschool.org\/it\/#organization"},"articleSection":["News"],"inLanguage":"it-IT"},{"@type":"WebPage","@id":"https:\/\/www.socialchangeschool.org\/it\/30\/11\/2016\/le-voci-di-asvi-social-change-considerazioni-ed-emozioni-di-chi-aiuta-ad-aiutare\/","url":"https:\/\/www.socialchangeschool.org\/it\/30\/11\/2016\/le-voci-di-asvi-social-change-considerazioni-ed-emozioni-di-chi-aiuta-ad-aiutare\/","name":"Le voci di ASVI Social Change: Considerazioni ed emozioni di chi aiuta ad aiutare - SocialChangeSchool","isPartOf":{"@id":"https:\/\/www.socialchangeschool.org\/it\/#website"},"datePublished":"2016-11-30T10:35:52+00:00","breadcrumb":{"@id":"https:\/\/www.socialchangeschool.org\/it\/30\/11\/2016\/le-voci-di-asvi-social-change-considerazioni-ed-emozioni-di-chi-aiuta-ad-aiutare\/#breadcrumb"},"inLanguage":"it-IT","potentialAction":[{"@type":"ReadAction","target":["https:\/\/www.socialchangeschool.org\/it\/30\/11\/2016\/le-voci-di-asvi-social-change-considerazioni-ed-emozioni-di-chi-aiuta-ad-aiutare\/"]}]},{"@type":"BreadcrumbList","@id":"https:\/\/www.socialchangeschool.org\/it\/30\/11\/2016\/le-voci-di-asvi-social-change-considerazioni-ed-emozioni-di-chi-aiuta-ad-aiutare\/#breadcrumb","itemListElement":[{"@type":"ListItem","position":1,"name":"Home","item":"https:\/\/www.socialchangeschool.org\/it\/"},{"@type":"ListItem","position":2,"name":"Le voci di ASVI Social Change: Considerazioni ed emozioni di chi aiuta ad aiutare"}]},{"@type":"WebSite","@id":"https:\/\/www.socialchangeschool.org\/it\/#website","url":"https:\/\/www.socialchangeschool.org\/it\/","name":"Social Change School","description":"worldwide leader for training, connecting and certificating all professionals of Non Profit sector","publisher":{"@id":"https:\/\/www.socialchangeschool.org\/it\/#organization"},"alternateName":"Leverage of Social Change transformational training institution","potentialAction":[{"@type":"SearchAction","target":{"@type":"EntryPoint","urlTemplate":"https:\/\/www.socialchangeschool.org\/it\/?s={search_term_string}"},"query-input":{"@type":"PropertyValueSpecification","valueRequired":true,"valueName":"search_term_string"}}],"inLanguage":"it-IT"},{"@type":"Organization","@id":"https:\/\/www.socialchangeschool.org\/it\/#organization","name":"Social Change School","alternateName":"worldwide leader for training, connecting and certificating all professionals","url":"https:\/\/www.socialchangeschool.org\/it\/","logo":{"@type":"ImageObject","inLanguage":"it-IT","@id":"https:\/\/www.socialchangeschool.org\/it\/#\/schema\/logo\/image\/","url":"https:\/\/www.socialchangeschool.org\/wp-content\/uploads\/2022\/06\/Logo-SocialChangeSchool.png","contentUrl":"https:\/\/www.socialchangeschool.org\/wp-content\/uploads\/2022\/06\/Logo-SocialChangeSchool.png","width":1721,"height":1721,"caption":"Social Change School"},"image":{"@id":"https:\/\/www.socialchangeschool.org\/it\/#\/schema\/logo\/image\/"}},{"@type":"Person","@id":"https:\/\/www.socialchangeschool.org\/it\/#\/schema\/person\/830e0c463a7c51633e79f9b14aadf794","name":"Laura Reiss","url":"https:\/\/www.socialchangeschool.org\/it\/author\/ghost\/"}]}},"_links":{"self":[{"href":"https:\/\/www.socialchangeschool.org\/it\/wp-json\/wp\/v2\/posts\/38257","targetHints":{"allow":["GET"]}}],"collection":[{"href":"https:\/\/www.socialchangeschool.org\/it\/wp-json\/wp\/v2\/posts"}],"about":[{"href":"https:\/\/www.socialchangeschool.org\/it\/wp-json\/wp\/v2\/types\/post"}],"author":[{"embeddable":true,"href":"https:\/\/www.socialchangeschool.org\/it\/wp-json\/wp\/v2\/users\/2"}],"replies":[{"embeddable":true,"href":"https:\/\/www.socialchangeschool.org\/it\/wp-json\/wp\/v2\/comments?post=38257"}],"version-history":[{"count":0,"href":"https:\/\/www.socialchangeschool.org\/it\/wp-json\/wp\/v2\/posts\/38257\/revisions"}],"wp:attachment":[{"href":"https:\/\/www.socialchangeschool.org\/it\/wp-json\/wp\/v2\/media?parent=38257"}],"wp:term":[{"taxonomy":"category","embeddable":true,"href":"https:\/\/www.socialchangeschool.org\/it\/wp-json\/wp\/v2\/categories?post=38257"},{"taxonomy":"post_tag","embeddable":true,"href":"https:\/\/www.socialchangeschool.org\/it\/wp-json\/wp\/v2\/tags?post=38257"}],"curies":[{"name":"wp","href":"https:\/\/api.w.org\/{rel}","templated":true}]}}