{"id":38239,"date":"2016-10-07T11:27:59","date_gmt":"2016-10-07T11:27:59","guid":{"rendered":"http:\/\/socialchangeschool.org\/07\/10\/2016\/asvi-social-change-e-save-the-children-ancora-una-volta-insieme-per-il-cambiamento\/"},"modified":"2016-10-07T11:27:59","modified_gmt":"2016-10-07T11:27:59","slug":"asvi-social-change-e-save-the-children-ancora-una-volta-insieme-per-il-cambiamento","status":"publish","type":"post","link":"https:\/\/www.socialchangeschool.org\/it\/07\/10\/2016\/asvi-social-change-e-save-the-children-ancora-una-volta-insieme-per-il-cambiamento\/","title":{"rendered":"ASVI Social Change e Save the Children ancora una volta insieme per il cambiamento"},"content":{"rendered":"<p style=\"text-align: justify;\">ASVI Social Change e <a href=\"https:\/\/www.savethechildren.it\/\" target=\"_blank\" rel=\"noopener\">Save the Children<\/a> da anni collaborano per sostenere la formazione dei change-makers del futuro.<\/p>\n<p style=\"text-align: justify;\">Il <strong>Meeting Nazionale del Volontariato 2016<\/strong> \u00e8 stata una nuova occasione per rinnovare questo\u00a0sodalizio vincente e sia le parole del Presidente Marco Crescenzi, sia la dichiarazione di Federica Testorio, Volunteers Head of Unit, fanno emergere le soddisfazioni personali e professionali che in questi anni tutti i soggetti coinvolti, i ragazzi in primis, hanno potuto vivere.<\/p>\n<p style=\"text-align: justify;\">\u00a0<\/p>\n<p style=\"text-align: center;\">&#8220;In un momento di disgregazione mondiale, non solo europea, sono i \u2018tessitori sociali\u2019 come voi e centinaia di milioni di altri nel mondo, che tengono unito il tessuto sociale e ricuciono gli strappi, ognuno con il proprio piccolo laborioso ago ed il proprio pezzetto di filo. Un ago sembra una piccola cosa, \u00e8 in grado di cucire ma anche di pungere, sia i potenti che i cittadini, richiamandoli alle loro responsabilit\u00e0. E di filo da darvi, dei colori che preferite, sia Save che noi ne abbiamo tanto.&#8221;<\/p>\n<p style=\"text-align: center;\">Marco Crescenzi<\/p>\n<p style=\"text-align: center;\">Leggi la <a href=\"https:\/\/www.socialchangeschool.org\/it\/wp-content\/uploads\/sites\/2\/2016\/10\/Tanti-piccoli-aghi_letteraSave.pdf\">lettera completa <\/a>di Marco Crescenzi ai volontari di Save the Children<\/p>\n<p style=\"text-align: center;\">\u00a0<\/p>\n<p style=\"text-align: justify;\">\u201cIl Meeting Nazionale del Volontariato 2016 \u00e8 stato un evento importantissimo per la nostra Organizzazione.<\/p>\n<p style=\"text-align: justify;\">La nostra rete del volontariato cresce, <strong>si impegna e ci permette di realizzare progetti concreti ed efficienti<\/strong>. Il volontariato in Italia \u00e8 la forza del cambiamento e negli ultimi anni il supporto della rete dei volontari di Save the Children \u00e8 cresciuto e si \u00e8 arricchito sia in termini numerici che in termini di <strong>azioni per\u00a0lo sviluppo dei progetti sul territorio,<\/strong>\u00a0la promozione del brand e delle principali campagne dell\u2019Organizzazione.<\/p>\n<p style=\"text-align: justify;\">Perch\u00e9 tutto questo continui e si sviluppi sempre al meglio \u00e8 necessario lavorare non solo per tenere viva la motivazione ma soprattutto per migliorare sempre di pi\u00f9 la qualit\u00e0 del tempo donato, ascoltare le esigenze, <strong>rafforzare le competenze e creare uno scambio di idee e opinioni<\/strong> in modo trasparente per crescere in modo bidirezionale: centro-periferia.<\/p>\n<p style=\"text-align: justify;\"><strong>Il meeting di quest\u2019anno aveva una parola d\u2019ordine <em>ispirazione: <\/em><\/strong>perch\u00e9 mi impegno per Save the Children, cosa mi ispira, a cosa mi ispiro. Il meeting \u00e8 stata una occasione di storytelling di colleghi che attraverso le storie hanno raccontato il proprio lavoro e quindi la strada dell\u2019Organizzazione e di volontari con storie \u201csemplici\u201d di impegno quotidiano a livello locale.<\/p>\n<p style=\"text-align: justify;\"><strong>Crescita, scambio, partecipazione, sono i 3 drivers che permettono una crescita personale e professionale.<\/strong> <strong>Ho desiderato fortemente che Marco Crescenzi e ASVI Social Change fossero in qualche modo presenti in questo processo e in questa visione<\/strong>. La partnership con ASVI Social Change \u00e8 importante per il volontariato e per le persone. <strong>Riuscire a restituire una professionalit\u00e0 e guidare una passione, nella mia visione, aumenta la qualit\u00e0 del tempo donato e crea strade responsabili.<\/strong><\/p>\n<p>Quindi grazie ASVI Social Change per essere al nostro fianco e grazie Marco per le tue parole.<\/p>\n<p>Federica Testorio |\u00a0<strong>Save the Children<\/strong>\u00a0| Volunteers Head of Unit<\/p>\n<p>#Working4SocialChange<\/p>\n<p>&nbsp;<\/p>\n<p style=\"text-align: center;\">\u00a0<\/p>\n<p>&nbsp;<\/p>\n","protected":false},"excerpt":{"rendered":"<p>ASVI Social Change e Save the Children da anni collaborano per sostenere la formazione dei change-makers del futuro. Il Meeting Nazionale del Volontariato 2016 \u00e8 stata una nuova occasione per rinnovare questo\u00a0sodalizio vincente e sia le parole del Presidente Marco Crescenzi, sia la dichiarazione di Federica Testorio, Volunteers Head of Unit, fanno emergere le soddisfazioni [&hellip;]<\/p>\n","protected":false},"author":2,"featured_media":0,"comment_status":"closed","ping_status":"closed","sticky":false,"template":"","format":"standard","meta":{"site-sidebar-layout":"default","site-content-layout":"","ast-site-content-layout":"default","site-content-style":"default","site-sidebar-style":"default","ast-global-header-display":"","ast-banner-title-visibility":"","ast-main-header-display":"","ast-hfb-above-header-display":"","ast-hfb-below-header-display":"","ast-hfb-mobile-header-display":"","site-post-title":"","ast-breadcrumbs-content":"","ast-featured-img":"","footer-sml-layout":"","ast-disable-related-posts":"","theme-transparent-header-meta":"","adv-header-id-meta":"","stick-header-meta":"","header-above-stick-meta":"","header-main-stick-meta":"","header-below-stick-meta":"","astra-migrate-meta-layouts":"default","ast-page-background-enabled":"default","ast-page-background-meta":{"desktop":{"background-color":"","background-image":"","background-repeat":"repeat","background-position":"center center","background-size":"auto","background-attachment":"scroll","background-type":"","background-media":"","overlay-type":"","overlay-color":"","overlay-opacity":"","overlay-gradient":""},"tablet":{"background-color":"","background-image":"","background-repeat":"repeat","background-position":"center center","background-size":"auto","background-attachment":"scroll","background-type":"","background-media":"","overlay-type":"","overlay-color":"","overlay-opacity":"","overlay-gradient":""},"mobile":{"background-color":"","background-image":"","background-repeat":"repeat","background-position":"center center","background-size":"auto","background-attachment":"scroll","background-type":"","background-media":"","overlay-type":"","overlay-color":"","overlay-opacity":"","overlay-gradient":""}},"ast-content-background-meta":{"desktop":{"background-color":"var(--ast-global-color-5)","background-image":"","background-repeat":"repeat","background-position":"center center","background-size":"auto","background-attachment":"scroll","background-type":"","background-media":"","overlay-type":"","overlay-color":"","overlay-opacity":"","overlay-gradient":""},"tablet":{"background-color":"var(--ast-global-color-5)","background-image":"","background-repeat":"repeat","background-position":"center center","background-size":"auto","background-attachment":"scroll","background-type":"","background-media":"","overlay-type":"","overlay-color":"","overlay-opacity":"","overlay-gradient":""},"mobile":{"background-color":"var(--ast-global-color-5)","background-image":"","background-repeat":"repeat","background-position":"center center","background-size":"auto","background-attachment":"scroll","background-type":"","background-media":"","overlay-type":"","overlay-color":"","overlay-opacity":"","overlay-gradient":""}},"footnotes":""},"categories":[117],"tags":[],"class_list":["post-38239","post","type-post","status-publish","format-standard","hentry","category-news-it"],"yoast_head":"<!-- This site is optimized with the Yoast SEO Premium plugin v27.2 (Yoast SEO v27.5) - https:\/\/yoast.com\/product\/yoast-seo-premium-wordpress\/ -->\n<title>ASVI Social Change e Save the Children ancora una volta insieme per il cambiamento - SocialChangeSchool<\/title>\n<meta name=\"robots\" content=\"index, follow, max-snippet:-1, max-image-preview:large, max-video-preview:-1\" \/>\n<link rel=\"canonical\" href=\"https:\/\/www.socialchangeschool.org\/it\/07\/10\/2016\/asvi-social-change-e-save-the-children-ancora-una-volta-insieme-per-il-cambiamento\/\" \/>\n<meta property=\"og:locale\" content=\"it_IT\" \/>\n<meta property=\"og:type\" content=\"article\" \/>\n<meta property=\"og:title\" content=\"ASVI Social Change e Save the Children ancora una volta insieme per il cambiamento\" \/>\n<meta property=\"og:description\" content=\"ASVI Social Change e Save the Children da anni collaborano per sostenere la formazione dei change-makers del futuro. Il Meeting Nazionale del Volontariato 2016 \u00e8 stata una nuova occasione per rinnovare questo\u00a0sodalizio vincente e sia le parole del Presidente Marco Crescenzi, sia la dichiarazione di Federica Testorio, Volunteers Head of Unit, fanno emergere le soddisfazioni [&hellip;]\" \/>\n<meta property=\"og:url\" content=\"https:\/\/www.socialchangeschool.org\/it\/07\/10\/2016\/asvi-social-change-e-save-the-children-ancora-una-volta-insieme-per-il-cambiamento\/\" \/>\n<meta property=\"og:site_name\" content=\"SocialChangeSchool\" \/>\n<meta property=\"article:published_time\" content=\"2016-10-07T11:27:59+00:00\" \/>\n<meta property=\"og:image\" content=\"https:\/\/www.socialchangeschool.org\/wp-content\/uploads\/2022\/06\/Logo-SocialChangeSchool.png\" \/>\n\t<meta property=\"og:image:width\" content=\"1721\" \/>\n\t<meta property=\"og:image:height\" content=\"1721\" \/>\n\t<meta property=\"og:image:type\" content=\"image\/png\" \/>\n<meta name=\"author\" content=\"Laura Reiss\" \/>\n<meta name=\"twitter:card\" content=\"summary_large_image\" \/>\n<meta name=\"twitter:label1\" content=\"Scritto da\" \/>\n\t<meta name=\"twitter:data1\" content=\"Laura Reiss\" \/>\n\t<meta name=\"twitter:label2\" content=\"Tempo di lettura stimato\" \/>\n\t<meta name=\"twitter:data2\" content=\"2 minuti\" \/>\n<script type=\"application\/ld+json\" class=\"yoast-schema-graph\">{\"@context\":\"https:\\\/\\\/schema.org\",\"@graph\":[{\"@type\":\"Article\",\"@id\":\"https:\\\/\\\/www.socialchangeschool.org\\\/it\\\/07\\\/10\\\/2016\\\/asvi-social-change-e-save-the-children-ancora-una-volta-insieme-per-il-cambiamento\\\/#article\",\"isPartOf\":{\"@id\":\"https:\\\/\\\/www.socialchangeschool.org\\\/it\\\/07\\\/10\\\/2016\\\/asvi-social-change-e-save-the-children-ancora-una-volta-insieme-per-il-cambiamento\\\/\"},\"author\":{\"name\":\"Laura Reiss\",\"@id\":\"https:\\\/\\\/www.socialchangeschool.org\\\/it\\\/#\\\/schema\\\/person\\\/830e0c463a7c51633e79f9b14aadf794\"},\"headline\":\"ASVI Social Change e Save the Children ancora una volta insieme per il cambiamento\",\"datePublished\":\"2016-10-07T11:27:59+00:00\",\"mainEntityOfPage\":{\"@id\":\"https:\\\/\\\/www.socialchangeschool.org\\\/it\\\/07\\\/10\\\/2016\\\/asvi-social-change-e-save-the-children-ancora-una-volta-insieme-per-il-cambiamento\\\/\"},\"wordCount\":485,\"publisher\":{\"@id\":\"https:\\\/\\\/www.socialchangeschool.org\\\/it\\\/#organization\"},\"articleSection\":[\"News\"],\"inLanguage\":\"it-IT\"},{\"@type\":\"WebPage\",\"@id\":\"https:\\\/\\\/www.socialchangeschool.org\\\/it\\\/07\\\/10\\\/2016\\\/asvi-social-change-e-save-the-children-ancora-una-volta-insieme-per-il-cambiamento\\\/\",\"url\":\"https:\\\/\\\/www.socialchangeschool.org\\\/it\\\/07\\\/10\\\/2016\\\/asvi-social-change-e-save-the-children-ancora-una-volta-insieme-per-il-cambiamento\\\/\",\"name\":\"ASVI Social Change e Save the Children ancora una volta insieme per il cambiamento - SocialChangeSchool\",\"isPartOf\":{\"@id\":\"https:\\\/\\\/www.socialchangeschool.org\\\/it\\\/#website\"},\"datePublished\":\"2016-10-07T11:27:59+00:00\",\"breadcrumb\":{\"@id\":\"https:\\\/\\\/www.socialchangeschool.org\\\/it\\\/07\\\/10\\\/2016\\\/asvi-social-change-e-save-the-children-ancora-una-volta-insieme-per-il-cambiamento\\\/#breadcrumb\"},\"inLanguage\":\"it-IT\",\"potentialAction\":[{\"@type\":\"ReadAction\",\"target\":[\"https:\\\/\\\/www.socialchangeschool.org\\\/it\\\/07\\\/10\\\/2016\\\/asvi-social-change-e-save-the-children-ancora-una-volta-insieme-per-il-cambiamento\\\/\"]}]},{\"@type\":\"BreadcrumbList\",\"@id\":\"https:\\\/\\\/www.socialchangeschool.org\\\/it\\\/07\\\/10\\\/2016\\\/asvi-social-change-e-save-the-children-ancora-una-volta-insieme-per-il-cambiamento\\\/#breadcrumb\",\"itemListElement\":[{\"@type\":\"ListItem\",\"position\":1,\"name\":\"Home\",\"item\":\"https:\\\/\\\/www.socialchangeschool.org\\\/it\\\/\"},{\"@type\":\"ListItem\",\"position\":2,\"name\":\"ASVI Social Change e Save the Children ancora una volta insieme per il cambiamento\"}]},{\"@type\":\"WebSite\",\"@id\":\"https:\\\/\\\/www.socialchangeschool.org\\\/it\\\/#website\",\"url\":\"https:\\\/\\\/www.socialchangeschool.org\\\/it\\\/\",\"name\":\"Social Change School\",\"description\":\"worldwide leader for training, connecting and certificating all professionals of Non Profit sector\",\"publisher\":{\"@id\":\"https:\\\/\\\/www.socialchangeschool.org\\\/it\\\/#organization\"},\"alternateName\":\"Leverage of Social Change transformational training institution\",\"potentialAction\":[{\"@type\":\"SearchAction\",\"target\":{\"@type\":\"EntryPoint\",\"urlTemplate\":\"https:\\\/\\\/www.socialchangeschool.org\\\/it\\\/?s={search_term_string}\"},\"query-input\":{\"@type\":\"PropertyValueSpecification\",\"valueRequired\":true,\"valueName\":\"search_term_string\"}}],\"inLanguage\":\"it-IT\"},{\"@type\":\"Organization\",\"@id\":\"https:\\\/\\\/www.socialchangeschool.org\\\/it\\\/#organization\",\"name\":\"Social Change School\",\"alternateName\":\"worldwide leader for training, connecting and certificating all professionals\",\"url\":\"https:\\\/\\\/www.socialchangeschool.org\\\/it\\\/\",\"logo\":{\"@type\":\"ImageObject\",\"inLanguage\":\"it-IT\",\"@id\":\"https:\\\/\\\/www.socialchangeschool.org\\\/it\\\/#\\\/schema\\\/logo\\\/image\\\/\",\"url\":\"https:\\\/\\\/www.socialchangeschool.org\\\/wp-content\\\/uploads\\\/2022\\\/06\\\/Logo-SocialChangeSchool.png\",\"contentUrl\":\"https:\\\/\\\/www.socialchangeschool.org\\\/wp-content\\\/uploads\\\/2022\\\/06\\\/Logo-SocialChangeSchool.png\",\"width\":1721,\"height\":1721,\"caption\":\"Social Change School\"},\"image\":{\"@id\":\"https:\\\/\\\/www.socialchangeschool.org\\\/it\\\/#\\\/schema\\\/logo\\\/image\\\/\"}},{\"@type\":\"Person\",\"@id\":\"https:\\\/\\\/www.socialchangeschool.org\\\/it\\\/#\\\/schema\\\/person\\\/830e0c463a7c51633e79f9b14aadf794\",\"name\":\"Laura Reiss\",\"url\":\"https:\\\/\\\/www.socialchangeschool.org\\\/it\\\/author\\\/ghost\\\/\"}]}<\/script>\n<!-- \/ Yoast SEO Premium plugin. -->","yoast_head_json":{"title":"ASVI Social Change e Save the Children ancora una volta insieme per il cambiamento - SocialChangeSchool","robots":{"index":"index","follow":"follow","max-snippet":"max-snippet:-1","max-image-preview":"max-image-preview:large","max-video-preview":"max-video-preview:-1"},"canonical":"https:\/\/www.socialchangeschool.org\/it\/07\/10\/2016\/asvi-social-change-e-save-the-children-ancora-una-volta-insieme-per-il-cambiamento\/","og_locale":"it_IT","og_type":"article","og_title":"ASVI Social Change e Save the Children ancora una volta insieme per il cambiamento","og_description":"ASVI Social Change e Save the Children da anni collaborano per sostenere la formazione dei change-makers del futuro. Il Meeting Nazionale del Volontariato 2016 \u00e8 stata una nuova occasione per rinnovare questo\u00a0sodalizio vincente e sia le parole del Presidente Marco Crescenzi, sia la dichiarazione di Federica Testorio, Volunteers Head of Unit, fanno emergere le soddisfazioni [&hellip;]","og_url":"https:\/\/www.socialchangeschool.org\/it\/07\/10\/2016\/asvi-social-change-e-save-the-children-ancora-una-volta-insieme-per-il-cambiamento\/","og_site_name":"SocialChangeSchool","article_published_time":"2016-10-07T11:27:59+00:00","og_image":[{"width":1721,"height":1721,"url":"https:\/\/www.socialchangeschool.org\/wp-content\/uploads\/2022\/06\/Logo-SocialChangeSchool.png","type":"image\/png"}],"author":"Laura Reiss","twitter_card":"summary_large_image","twitter_misc":{"Scritto da":"Laura Reiss","Tempo di lettura stimato":"2 minuti"},"schema":{"@context":"https:\/\/schema.org","@graph":[{"@type":"Article","@id":"https:\/\/www.socialchangeschool.org\/it\/07\/10\/2016\/asvi-social-change-e-save-the-children-ancora-una-volta-insieme-per-il-cambiamento\/#article","isPartOf":{"@id":"https:\/\/www.socialchangeschool.org\/it\/07\/10\/2016\/asvi-social-change-e-save-the-children-ancora-una-volta-insieme-per-il-cambiamento\/"},"author":{"name":"Laura Reiss","@id":"https:\/\/www.socialchangeschool.org\/it\/#\/schema\/person\/830e0c463a7c51633e79f9b14aadf794"},"headline":"ASVI Social Change e Save the Children ancora una volta insieme per il cambiamento","datePublished":"2016-10-07T11:27:59+00:00","mainEntityOfPage":{"@id":"https:\/\/www.socialchangeschool.org\/it\/07\/10\/2016\/asvi-social-change-e-save-the-children-ancora-una-volta-insieme-per-il-cambiamento\/"},"wordCount":485,"publisher":{"@id":"https:\/\/www.socialchangeschool.org\/it\/#organization"},"articleSection":["News"],"inLanguage":"it-IT"},{"@type":"WebPage","@id":"https:\/\/www.socialchangeschool.org\/it\/07\/10\/2016\/asvi-social-change-e-save-the-children-ancora-una-volta-insieme-per-il-cambiamento\/","url":"https:\/\/www.socialchangeschool.org\/it\/07\/10\/2016\/asvi-social-change-e-save-the-children-ancora-una-volta-insieme-per-il-cambiamento\/","name":"ASVI Social Change e Save the Children ancora una volta insieme per il cambiamento - SocialChangeSchool","isPartOf":{"@id":"https:\/\/www.socialchangeschool.org\/it\/#website"},"datePublished":"2016-10-07T11:27:59+00:00","breadcrumb":{"@id":"https:\/\/www.socialchangeschool.org\/it\/07\/10\/2016\/asvi-social-change-e-save-the-children-ancora-una-volta-insieme-per-il-cambiamento\/#breadcrumb"},"inLanguage":"it-IT","potentialAction":[{"@type":"ReadAction","target":["https:\/\/www.socialchangeschool.org\/it\/07\/10\/2016\/asvi-social-change-e-save-the-children-ancora-una-volta-insieme-per-il-cambiamento\/"]}]},{"@type":"BreadcrumbList","@id":"https:\/\/www.socialchangeschool.org\/it\/07\/10\/2016\/asvi-social-change-e-save-the-children-ancora-una-volta-insieme-per-il-cambiamento\/#breadcrumb","itemListElement":[{"@type":"ListItem","position":1,"name":"Home","item":"https:\/\/www.socialchangeschool.org\/it\/"},{"@type":"ListItem","position":2,"name":"ASVI Social Change e Save the Children ancora una volta insieme per il cambiamento"}]},{"@type":"WebSite","@id":"https:\/\/www.socialchangeschool.org\/it\/#website","url":"https:\/\/www.socialchangeschool.org\/it\/","name":"Social Change School","description":"worldwide leader for training, connecting and certificating all professionals of Non Profit sector","publisher":{"@id":"https:\/\/www.socialchangeschool.org\/it\/#organization"},"alternateName":"Leverage of Social Change transformational training institution","potentialAction":[{"@type":"SearchAction","target":{"@type":"EntryPoint","urlTemplate":"https:\/\/www.socialchangeschool.org\/it\/?s={search_term_string}"},"query-input":{"@type":"PropertyValueSpecification","valueRequired":true,"valueName":"search_term_string"}}],"inLanguage":"it-IT"},{"@type":"Organization","@id":"https:\/\/www.socialchangeschool.org\/it\/#organization","name":"Social Change School","alternateName":"worldwide leader for training, connecting and certificating all professionals","url":"https:\/\/www.socialchangeschool.org\/it\/","logo":{"@type":"ImageObject","inLanguage":"it-IT","@id":"https:\/\/www.socialchangeschool.org\/it\/#\/schema\/logo\/image\/","url":"https:\/\/www.socialchangeschool.org\/wp-content\/uploads\/2022\/06\/Logo-SocialChangeSchool.png","contentUrl":"https:\/\/www.socialchangeschool.org\/wp-content\/uploads\/2022\/06\/Logo-SocialChangeSchool.png","width":1721,"height":1721,"caption":"Social Change School"},"image":{"@id":"https:\/\/www.socialchangeschool.org\/it\/#\/schema\/logo\/image\/"}},{"@type":"Person","@id":"https:\/\/www.socialchangeschool.org\/it\/#\/schema\/person\/830e0c463a7c51633e79f9b14aadf794","name":"Laura Reiss","url":"https:\/\/www.socialchangeschool.org\/it\/author\/ghost\/"}]}},"_links":{"self":[{"href":"https:\/\/www.socialchangeschool.org\/it\/wp-json\/wp\/v2\/posts\/38239","targetHints":{"allow":["GET"]}}],"collection":[{"href":"https:\/\/www.socialchangeschool.org\/it\/wp-json\/wp\/v2\/posts"}],"about":[{"href":"https:\/\/www.socialchangeschool.org\/it\/wp-json\/wp\/v2\/types\/post"}],"author":[{"embeddable":true,"href":"https:\/\/www.socialchangeschool.org\/it\/wp-json\/wp\/v2\/users\/2"}],"replies":[{"embeddable":true,"href":"https:\/\/www.socialchangeschool.org\/it\/wp-json\/wp\/v2\/comments?post=38239"}],"version-history":[{"count":0,"href":"https:\/\/www.socialchangeschool.org\/it\/wp-json\/wp\/v2\/posts\/38239\/revisions"}],"wp:attachment":[{"href":"https:\/\/www.socialchangeschool.org\/it\/wp-json\/wp\/v2\/media?parent=38239"}],"wp:term":[{"taxonomy":"category","embeddable":true,"href":"https:\/\/www.socialchangeschool.org\/it\/wp-json\/wp\/v2\/categories?post=38239"},{"taxonomy":"post_tag","embeddable":true,"href":"https:\/\/www.socialchangeschool.org\/it\/wp-json\/wp\/v2\/tags?post=38239"}],"curies":[{"name":"wp","href":"https:\/\/api.w.org\/{rel}","templated":true}]}}