{"id":38172,"date":"2016-02-19T10:31:04","date_gmt":"2016-02-19T10:31:04","guid":{"rendered":"http:\/\/socialchangeschool.org\/19\/02\/2016\/carla-al-master-in-fundraising-per-sensibilizzare\/"},"modified":"2016-02-19T10:31:04","modified_gmt":"2016-02-19T10:31:04","slug":"carla-al-master-in-fundraising-per-sensibilizzare","status":"publish","type":"post","link":"https:\/\/www.socialchangeschool.org\/it\/19\/02\/2016\/carla-al-master-in-fundraising-per-sensibilizzare\/","title":{"rendered":"Carla al master in fundraising per sensibilizzare"},"content":{"rendered":"<p style=\"text-align: justify;\">Carla Parodi, iscritta al\u00a0<strong><a href=\"https:\/\/www.socialchangeschool.org\/it\/master\/master-in-fundraising-management-comunicazione-marketing-campaigning\/\">Master in Fundraising\u00a0<\/a><\/strong>Edizione dicembre 2015, da quattro anni si occupa di <strong>cooperazione internazionale<\/strong> dopo aver conseguito una laurea in Comunicazione che per\u00f2 non \u00e8 mai stata totalmente nelle sue corde perch\u00e9 non riesce a dare voce ai suoi veri valori.<\/p>\n<p style=\"text-align: justify;\">Nell\u2019ambito della progettazione ha seguito <strong>progetti in Albania e nel Bangladesh<\/strong> e l\u2019oggetto che sceglie per presentarsi arriva proprio da qui. Carla porta con s\u00e9 una penna che le \u00e8 stata regalata da una bimba in Bangladesh: una delle ricompense che la piccola riceve per ogni buon vuoto a scuola.<\/p>\n<p style=\"text-align: justify;\">Questo oggetto \u00e8 il sunto del percorso di Carla fino ad oggi. La comunicazione, la parola hanno sempre fatto da filo conduttore in tutte le sue scelte ed oggi <strong>si trova al master in fundraising per consolidare la sua formazione<\/strong> e <strong>partecipare a campagne<\/strong> che possano sensibilizzare e parlare all\u2019Occidente di ci\u00f2 che le sta maggiormente a cuore: la <strong>tutela dei diritti umani<\/strong>.<\/p>\n<p style=\"text-align: justify;\"><strong>Spera, attraverso il master, di arrivare a fare il lavoro che pi\u00f9 le appartiene.<\/strong><\/p>\n<p><iframe src=\"https:\/\/www.youtube.com\/embed\/P5FtRv3csl0\" width=\"560\" height=\"315\" frameborder=\"0\" allowfullscreen=\"allowfullscreen\"><\/iframe><\/p>\n","protected":false},"excerpt":{"rendered":"<p>Carla Parodi, iscritta al\u00a0Master in Fundraising\u00a0Edizione dicembre 2015, da quattro anni si occupa di cooperazione internazionale dopo aver conseguito una laurea in Comunicazione che per\u00f2 non \u00e8 mai stata totalmente nelle sue corde perch\u00e9 non riesce a dare voce ai suoi veri valori. Nell\u2019ambito della progettazione ha seguito progetti in Albania e nel Bangladesh e [&hellip;]<\/p>\n","protected":false},"author":2,"featured_media":0,"comment_status":"closed","ping_status":"closed","sticky":false,"template":"","format":"standard","meta":{"site-sidebar-layout":"default","site-content-layout":"","ast-site-content-layout":"default","site-content-style":"default","site-sidebar-style":"default","ast-global-header-display":"","ast-banner-title-visibility":"","ast-main-header-display":"","ast-hfb-above-header-display":"","ast-hfb-below-header-display":"","ast-hfb-mobile-header-display":"","site-post-title":"","ast-breadcrumbs-content":"","ast-featured-img":"","footer-sml-layout":"","ast-disable-related-posts":"","theme-transparent-header-meta":"","adv-header-id-meta":"","stick-header-meta":"","header-above-stick-meta":"","header-main-stick-meta":"","header-below-stick-meta":"","astra-migrate-meta-layouts":"default","ast-page-background-enabled":"default","ast-page-background-meta":{"desktop":{"background-color":"","background-image":"","background-repeat":"repeat","background-position":"center center","background-size":"auto","background-attachment":"scroll","background-type":"","background-media":"","overlay-type":"","overlay-color":"","overlay-opacity":"","overlay-gradient":""},"tablet":{"background-color":"","background-image":"","background-repeat":"repeat","background-position":"center center","background-size":"auto","background-attachment":"scroll","background-type":"","background-media":"","overlay-type":"","overlay-color":"","overlay-opacity":"","overlay-gradient":""},"mobile":{"background-color":"","background-image":"","background-repeat":"repeat","background-position":"center center","background-size":"auto","background-attachment":"scroll","background-type":"","background-media":"","overlay-type":"","overlay-color":"","overlay-opacity":"","overlay-gradient":""}},"ast-content-background-meta":{"desktop":{"background-color":"var(--ast-global-color-5)","background-image":"","background-repeat":"repeat","background-position":"center center","background-size":"auto","background-attachment":"scroll","background-type":"","background-media":"","overlay-type":"","overlay-color":"","overlay-opacity":"","overlay-gradient":""},"tablet":{"background-color":"var(--ast-global-color-5)","background-image":"","background-repeat":"repeat","background-position":"center center","background-size":"auto","background-attachment":"scroll","background-type":"","background-media":"","overlay-type":"","overlay-color":"","overlay-opacity":"","overlay-gradient":""},"mobile":{"background-color":"var(--ast-global-color-5)","background-image":"","background-repeat":"repeat","background-position":"center center","background-size":"auto","background-attachment":"scroll","background-type":"","background-media":"","overlay-type":"","overlay-color":"","overlay-opacity":"","overlay-gradient":""}},"footnotes":""},"categories":[117],"tags":[],"class_list":["post-38172","post","type-post","status-publish","format-standard","hentry","category-news-it"],"yoast_head":"<!-- This site is optimized with the Yoast SEO Premium plugin v27.2 (Yoast SEO v27.5) - https:\/\/yoast.com\/product\/yoast-seo-premium-wordpress\/ -->\n<title>Carla al master in fundraising per sensibilizzare - SocialChangeSchool<\/title>\n<meta name=\"robots\" content=\"index, follow, max-snippet:-1, max-image-preview:large, max-video-preview:-1\" \/>\n<link rel=\"canonical\" href=\"https:\/\/www.socialchangeschool.org\/it\/19\/02\/2016\/carla-al-master-in-fundraising-per-sensibilizzare\/\" \/>\n<meta property=\"og:locale\" content=\"it_IT\" \/>\n<meta property=\"og:type\" content=\"article\" \/>\n<meta property=\"og:title\" content=\"Carla al master in fundraising per sensibilizzare\" \/>\n<meta property=\"og:description\" content=\"Carla Parodi, iscritta al\u00a0Master in Fundraising\u00a0Edizione dicembre 2015, da quattro anni si occupa di cooperazione internazionale dopo aver conseguito una laurea in Comunicazione che per\u00f2 non \u00e8 mai stata totalmente nelle sue corde perch\u00e9 non riesce a dare voce ai suoi veri valori. Nell\u2019ambito della progettazione ha seguito progetti in Albania e nel Bangladesh e [&hellip;]\" \/>\n<meta property=\"og:url\" content=\"https:\/\/www.socialchangeschool.org\/it\/19\/02\/2016\/carla-al-master-in-fundraising-per-sensibilizzare\/\" \/>\n<meta property=\"og:site_name\" content=\"SocialChangeSchool\" \/>\n<meta property=\"article:published_time\" content=\"2016-02-19T10:31:04+00:00\" \/>\n<meta property=\"og:image\" content=\"https:\/\/www.socialchangeschool.org\/wp-content\/uploads\/2022\/06\/Logo-SocialChangeSchool.png\" \/>\n\t<meta property=\"og:image:width\" content=\"1721\" \/>\n\t<meta property=\"og:image:height\" content=\"1721\" \/>\n\t<meta property=\"og:image:type\" content=\"image\/png\" \/>\n<meta name=\"author\" content=\"Laura Reiss\" \/>\n<meta name=\"twitter:card\" content=\"summary_large_image\" \/>\n<meta name=\"twitter:label1\" content=\"Scritto da\" \/>\n\t<meta name=\"twitter:data1\" content=\"Laura Reiss\" \/>\n\t<meta name=\"twitter:label2\" content=\"Tempo di lettura stimato\" \/>\n\t<meta name=\"twitter:data2\" content=\"1 minuto\" \/>\n<script type=\"application\/ld+json\" class=\"yoast-schema-graph\">{\"@context\":\"https:\\\/\\\/schema.org\",\"@graph\":[{\"@type\":\"Article\",\"@id\":\"https:\\\/\\\/www.socialchangeschool.org\\\/it\\\/19\\\/02\\\/2016\\\/carla-al-master-in-fundraising-per-sensibilizzare\\\/#article\",\"isPartOf\":{\"@id\":\"https:\\\/\\\/www.socialchangeschool.org\\\/it\\\/19\\\/02\\\/2016\\\/carla-al-master-in-fundraising-per-sensibilizzare\\\/\"},\"author\":{\"name\":\"Laura Reiss\",\"@id\":\"https:\\\/\\\/www.socialchangeschool.org\\\/it\\\/#\\\/schema\\\/person\\\/830e0c463a7c51633e79f9b14aadf794\"},\"headline\":\"Carla al master in fundraising per sensibilizzare\",\"datePublished\":\"2016-02-19T10:31:04+00:00\",\"mainEntityOfPage\":{\"@id\":\"https:\\\/\\\/www.socialchangeschool.org\\\/it\\\/19\\\/02\\\/2016\\\/carla-al-master-in-fundraising-per-sensibilizzare\\\/\"},\"wordCount\":178,\"publisher\":{\"@id\":\"https:\\\/\\\/www.socialchangeschool.org\\\/it\\\/#organization\"},\"articleSection\":[\"News\"],\"inLanguage\":\"it-IT\"},{\"@type\":\"WebPage\",\"@id\":\"https:\\\/\\\/www.socialchangeschool.org\\\/it\\\/19\\\/02\\\/2016\\\/carla-al-master-in-fundraising-per-sensibilizzare\\\/\",\"url\":\"https:\\\/\\\/www.socialchangeschool.org\\\/it\\\/19\\\/02\\\/2016\\\/carla-al-master-in-fundraising-per-sensibilizzare\\\/\",\"name\":\"Carla al master in fundraising per sensibilizzare - SocialChangeSchool\",\"isPartOf\":{\"@id\":\"https:\\\/\\\/www.socialchangeschool.org\\\/it\\\/#website\"},\"datePublished\":\"2016-02-19T10:31:04+00:00\",\"breadcrumb\":{\"@id\":\"https:\\\/\\\/www.socialchangeschool.org\\\/it\\\/19\\\/02\\\/2016\\\/carla-al-master-in-fundraising-per-sensibilizzare\\\/#breadcrumb\"},\"inLanguage\":\"it-IT\",\"potentialAction\":[{\"@type\":\"ReadAction\",\"target\":[\"https:\\\/\\\/www.socialchangeschool.org\\\/it\\\/19\\\/02\\\/2016\\\/carla-al-master-in-fundraising-per-sensibilizzare\\\/\"]}]},{\"@type\":\"BreadcrumbList\",\"@id\":\"https:\\\/\\\/www.socialchangeschool.org\\\/it\\\/19\\\/02\\\/2016\\\/carla-al-master-in-fundraising-per-sensibilizzare\\\/#breadcrumb\",\"itemListElement\":[{\"@type\":\"ListItem\",\"position\":1,\"name\":\"Home\",\"item\":\"https:\\\/\\\/www.socialchangeschool.org\\\/it\\\/\"},{\"@type\":\"ListItem\",\"position\":2,\"name\":\"Carla al master in fundraising per sensibilizzare\"}]},{\"@type\":\"WebSite\",\"@id\":\"https:\\\/\\\/www.socialchangeschool.org\\\/it\\\/#website\",\"url\":\"https:\\\/\\\/www.socialchangeschool.org\\\/it\\\/\",\"name\":\"Social Change School\",\"description\":\"worldwide leader for training, connecting and certificating all professionals of Non Profit sector\",\"publisher\":{\"@id\":\"https:\\\/\\\/www.socialchangeschool.org\\\/it\\\/#organization\"},\"alternateName\":\"Leverage of Social Change transformational training institution\",\"potentialAction\":[{\"@type\":\"SearchAction\",\"target\":{\"@type\":\"EntryPoint\",\"urlTemplate\":\"https:\\\/\\\/www.socialchangeschool.org\\\/it\\\/?s={search_term_string}\"},\"query-input\":{\"@type\":\"PropertyValueSpecification\",\"valueRequired\":true,\"valueName\":\"search_term_string\"}}],\"inLanguage\":\"it-IT\"},{\"@type\":\"Organization\",\"@id\":\"https:\\\/\\\/www.socialchangeschool.org\\\/it\\\/#organization\",\"name\":\"Social Change School\",\"alternateName\":\"worldwide leader for training, connecting and certificating all professionals\",\"url\":\"https:\\\/\\\/www.socialchangeschool.org\\\/it\\\/\",\"logo\":{\"@type\":\"ImageObject\",\"inLanguage\":\"it-IT\",\"@id\":\"https:\\\/\\\/www.socialchangeschool.org\\\/it\\\/#\\\/schema\\\/logo\\\/image\\\/\",\"url\":\"https:\\\/\\\/www.socialchangeschool.org\\\/wp-content\\\/uploads\\\/2022\\\/06\\\/Logo-SocialChangeSchool.png\",\"contentUrl\":\"https:\\\/\\\/www.socialchangeschool.org\\\/wp-content\\\/uploads\\\/2022\\\/06\\\/Logo-SocialChangeSchool.png\",\"width\":1721,\"height\":1721,\"caption\":\"Social Change School\"},\"image\":{\"@id\":\"https:\\\/\\\/www.socialchangeschool.org\\\/it\\\/#\\\/schema\\\/logo\\\/image\\\/\"}},{\"@type\":\"Person\",\"@id\":\"https:\\\/\\\/www.socialchangeschool.org\\\/it\\\/#\\\/schema\\\/person\\\/830e0c463a7c51633e79f9b14aadf794\",\"name\":\"Laura Reiss\",\"url\":\"https:\\\/\\\/www.socialchangeschool.org\\\/it\\\/author\\\/ghost\\\/\"}]}<\/script>\n<!-- \/ Yoast SEO Premium plugin. -->","yoast_head_json":{"title":"Carla al master in fundraising per sensibilizzare - SocialChangeSchool","robots":{"index":"index","follow":"follow","max-snippet":"max-snippet:-1","max-image-preview":"max-image-preview:large","max-video-preview":"max-video-preview:-1"},"canonical":"https:\/\/www.socialchangeschool.org\/it\/19\/02\/2016\/carla-al-master-in-fundraising-per-sensibilizzare\/","og_locale":"it_IT","og_type":"article","og_title":"Carla al master in fundraising per sensibilizzare","og_description":"Carla Parodi, iscritta al\u00a0Master in Fundraising\u00a0Edizione dicembre 2015, da quattro anni si occupa di cooperazione internazionale dopo aver conseguito una laurea in Comunicazione che per\u00f2 non \u00e8 mai stata totalmente nelle sue corde perch\u00e9 non riesce a dare voce ai suoi veri valori. Nell\u2019ambito della progettazione ha seguito progetti in Albania e nel Bangladesh e [&hellip;]","og_url":"https:\/\/www.socialchangeschool.org\/it\/19\/02\/2016\/carla-al-master-in-fundraising-per-sensibilizzare\/","og_site_name":"SocialChangeSchool","article_published_time":"2016-02-19T10:31:04+00:00","og_image":[{"width":1721,"height":1721,"url":"https:\/\/www.socialchangeschool.org\/wp-content\/uploads\/2022\/06\/Logo-SocialChangeSchool.png","type":"image\/png"}],"author":"Laura Reiss","twitter_card":"summary_large_image","twitter_misc":{"Scritto da":"Laura Reiss","Tempo di lettura stimato":"1 minuto"},"schema":{"@context":"https:\/\/schema.org","@graph":[{"@type":"Article","@id":"https:\/\/www.socialchangeschool.org\/it\/19\/02\/2016\/carla-al-master-in-fundraising-per-sensibilizzare\/#article","isPartOf":{"@id":"https:\/\/www.socialchangeschool.org\/it\/19\/02\/2016\/carla-al-master-in-fundraising-per-sensibilizzare\/"},"author":{"name":"Laura Reiss","@id":"https:\/\/www.socialchangeschool.org\/it\/#\/schema\/person\/830e0c463a7c51633e79f9b14aadf794"},"headline":"Carla al master in fundraising per sensibilizzare","datePublished":"2016-02-19T10:31:04+00:00","mainEntityOfPage":{"@id":"https:\/\/www.socialchangeschool.org\/it\/19\/02\/2016\/carla-al-master-in-fundraising-per-sensibilizzare\/"},"wordCount":178,"publisher":{"@id":"https:\/\/www.socialchangeschool.org\/it\/#organization"},"articleSection":["News"],"inLanguage":"it-IT"},{"@type":"WebPage","@id":"https:\/\/www.socialchangeschool.org\/it\/19\/02\/2016\/carla-al-master-in-fundraising-per-sensibilizzare\/","url":"https:\/\/www.socialchangeschool.org\/it\/19\/02\/2016\/carla-al-master-in-fundraising-per-sensibilizzare\/","name":"Carla al master in fundraising per sensibilizzare - SocialChangeSchool","isPartOf":{"@id":"https:\/\/www.socialchangeschool.org\/it\/#website"},"datePublished":"2016-02-19T10:31:04+00:00","breadcrumb":{"@id":"https:\/\/www.socialchangeschool.org\/it\/19\/02\/2016\/carla-al-master-in-fundraising-per-sensibilizzare\/#breadcrumb"},"inLanguage":"it-IT","potentialAction":[{"@type":"ReadAction","target":["https:\/\/www.socialchangeschool.org\/it\/19\/02\/2016\/carla-al-master-in-fundraising-per-sensibilizzare\/"]}]},{"@type":"BreadcrumbList","@id":"https:\/\/www.socialchangeschool.org\/it\/19\/02\/2016\/carla-al-master-in-fundraising-per-sensibilizzare\/#breadcrumb","itemListElement":[{"@type":"ListItem","position":1,"name":"Home","item":"https:\/\/www.socialchangeschool.org\/it\/"},{"@type":"ListItem","position":2,"name":"Carla al master in fundraising per sensibilizzare"}]},{"@type":"WebSite","@id":"https:\/\/www.socialchangeschool.org\/it\/#website","url":"https:\/\/www.socialchangeschool.org\/it\/","name":"Social Change School","description":"worldwide leader for training, connecting and certificating all professionals of Non Profit sector","publisher":{"@id":"https:\/\/www.socialchangeschool.org\/it\/#organization"},"alternateName":"Leverage of Social Change transformational training institution","potentialAction":[{"@type":"SearchAction","target":{"@type":"EntryPoint","urlTemplate":"https:\/\/www.socialchangeschool.org\/it\/?s={search_term_string}"},"query-input":{"@type":"PropertyValueSpecification","valueRequired":true,"valueName":"search_term_string"}}],"inLanguage":"it-IT"},{"@type":"Organization","@id":"https:\/\/www.socialchangeschool.org\/it\/#organization","name":"Social Change School","alternateName":"worldwide leader for training, connecting and certificating all professionals","url":"https:\/\/www.socialchangeschool.org\/it\/","logo":{"@type":"ImageObject","inLanguage":"it-IT","@id":"https:\/\/www.socialchangeschool.org\/it\/#\/schema\/logo\/image\/","url":"https:\/\/www.socialchangeschool.org\/wp-content\/uploads\/2022\/06\/Logo-SocialChangeSchool.png","contentUrl":"https:\/\/www.socialchangeschool.org\/wp-content\/uploads\/2022\/06\/Logo-SocialChangeSchool.png","width":1721,"height":1721,"caption":"Social Change School"},"image":{"@id":"https:\/\/www.socialchangeschool.org\/it\/#\/schema\/logo\/image\/"}},{"@type":"Person","@id":"https:\/\/www.socialchangeschool.org\/it\/#\/schema\/person\/830e0c463a7c51633e79f9b14aadf794","name":"Laura Reiss","url":"https:\/\/www.socialchangeschool.org\/it\/author\/ghost\/"}]}},"_links":{"self":[{"href":"https:\/\/www.socialchangeschool.org\/it\/wp-json\/wp\/v2\/posts\/38172","targetHints":{"allow":["GET"]}}],"collection":[{"href":"https:\/\/www.socialchangeschool.org\/it\/wp-json\/wp\/v2\/posts"}],"about":[{"href":"https:\/\/www.socialchangeschool.org\/it\/wp-json\/wp\/v2\/types\/post"}],"author":[{"embeddable":true,"href":"https:\/\/www.socialchangeschool.org\/it\/wp-json\/wp\/v2\/users\/2"}],"replies":[{"embeddable":true,"href":"https:\/\/www.socialchangeschool.org\/it\/wp-json\/wp\/v2\/comments?post=38172"}],"version-history":[{"count":0,"href":"https:\/\/www.socialchangeschool.org\/it\/wp-json\/wp\/v2\/posts\/38172\/revisions"}],"wp:attachment":[{"href":"https:\/\/www.socialchangeschool.org\/it\/wp-json\/wp\/v2\/media?parent=38172"}],"wp:term":[{"taxonomy":"category","embeddable":true,"href":"https:\/\/www.socialchangeschool.org\/it\/wp-json\/wp\/v2\/categories?post=38172"},{"taxonomy":"post_tag","embeddable":true,"href":"https:\/\/www.socialchangeschool.org\/it\/wp-json\/wp\/v2\/tags?post=38172"}],"curies":[{"name":"wp","href":"https:\/\/api.w.org\/{rel}","templated":true}]}}