{"id":38016,"date":"2014-11-27T10:28:00","date_gmt":"2014-11-27T10:28:00","guid":{"rendered":"http:\/\/socialchangeschool.org\/27\/11\/2014\/il-bello-di-lavorare-nella-social-innovation-e-ce-lo-spiega-stefano-ex-corsista-asvi\/"},"modified":"2014-11-27T10:28:00","modified_gmt":"2014-11-27T10:28:00","slug":"il-bello-di-lavorare-nella-social-innovation-e-ce-lo-spiega-stefano-ex-corsista-asvi","status":"publish","type":"post","link":"https:\/\/www.socialchangeschool.org\/it\/27\/11\/2014\/il-bello-di-lavorare-nella-social-innovation-e-ce-lo-spiega-stefano-ex-corsista-asvi\/","title":{"rendered":"&#8220;Il bello di lavorare nella Social Innovation \u00e8&#8221; &#8230; ce lo spiega Stefano, ex corsista ASVI"},"content":{"rendered":"<p>Stefano Gregorini, ex corsista <strong><a href=\"https:\/\/www.asvi.it\/master\/master-in-social-innovation-social-business-e-project-innovation\/\">MES &#8211; Master in Social Innovation, Social Business, Start up Sociale e Progettazione Innovativa<\/a><\/strong> ci racconta la sua esperienza del master e il suo attuale lavoro nella Social Innovation. Un lavoro faticoso, duro, ma bellissimo.<\/p>\n<p>&#8220;<strong>La passione per lo sviluppo urbano e quello locale, la partecipazione civica e la promozione del territorio<\/strong> ce l\u2019avevo da tempo, e da tempo ero impegnato in associazioni non profit che, su vari fronti, si occupano di queste tematiche. Dopo la laurea specialistica finisco, quasi per caso, a lavorare nel settore commerciale di uno dei colossi mondiali del beverage. Cosa ci facevo l\u00ec dentro? Me lo chiedevo spesso ed infatti, dopo nemmeno un anno <strong>mi tuffo in Asvi<\/strong>. <strong>L\u2019innovazione sociale \u00e8 ci\u00f2 che aveva guidato fino a quel momento il mio attivismo civico, ma non mi bastava, volevo renderla una professione ed acquisire strumenti e conoscenza che mi permettessero di farlo.<\/strong> Un anno inteso, dove ho appreso strumenti, metodologie ed una predisposizione a guardare le cose con occhi pi\u00f9 analitici, un\u2019analisi che passi velocemente all\u2019azione, al progetto creativo che parta da bisogni della societ\u00e0 di oggi.<br \/>Sono attualmente impegnato in due realt\u00e0 innovative del non profit in Sardegna. L\u2019associazione <a href=\"https:\/\/www.urbancenter.eu\/\">Urban Center<\/a>, dove coordino le attivit\u00e0 e lavoro all\u2019ideazione, progettazione e realizzazione di eventi e programmi di innovazione sociale territoriale che nascono da idee di miglioramento per la qualit\u00e0 della vita e la <a href=\"https:\/\/www.nurnet.it\/it\/259\/HOME.html\">Fondazione di Partecipazione Nurnet<\/a>, che promuove la valorizzazione del patrimonio archeologico e, al contempo, un turismo esperienziale ed autentico attraverso l\u2019attivazione di una community collaborativa sul territorio regionale sardo che vive empaticamente il rapporto con i beni archeologici ma anche con gli altri cittadini ed il paesaggio.<br \/>Il mio lavoro spazia dalla progettazione, al fundraising, alla comunicazione. C\u2019\u00e8 sempre da imparare, ma \u00e8 <strong>il bello della social innovation<\/strong> che, al di l\u00e0 dei tecnicismi, \u00e8 <strong>una formidabile modalit\u00e0 per ideare, integrare settori e dare risposte efficaci ai bisogni sociali<\/strong>.&#8221;<\/p>\n","protected":false},"excerpt":{"rendered":"<p>Stefano Gregorini, ex corsista MES &#8211; Master in Social Innovation, Social Business, Start up Sociale e Progettazione Innovativa ci racconta la sua esperienza del master e il suo attuale lavoro nella Social Innovation. Un lavoro faticoso, duro, ma bellissimo. &#8220;La passione per lo sviluppo urbano e quello locale, la partecipazione civica e la promozione del [&hellip;]<\/p>\n","protected":false},"author":2,"featured_media":0,"comment_status":"closed","ping_status":"closed","sticky":false,"template":"","format":"standard","meta":{"site-sidebar-layout":"default","site-content-layout":"","ast-site-content-layout":"default","site-content-style":"default","site-sidebar-style":"default","ast-global-header-display":"","ast-banner-title-visibility":"","ast-main-header-display":"","ast-hfb-above-header-display":"","ast-hfb-below-header-display":"","ast-hfb-mobile-header-display":"","site-post-title":"","ast-breadcrumbs-content":"","ast-featured-img":"","footer-sml-layout":"","ast-disable-related-posts":"","theme-transparent-header-meta":"","adv-header-id-meta":"","stick-header-meta":"","header-above-stick-meta":"","header-main-stick-meta":"","header-below-stick-meta":"","astra-migrate-meta-layouts":"default","ast-page-background-enabled":"default","ast-page-background-meta":{"desktop":{"background-color":"","background-image":"","background-repeat":"repeat","background-position":"center center","background-size":"auto","background-attachment":"scroll","background-type":"","background-media":"","overlay-type":"","overlay-color":"","overlay-opacity":"","overlay-gradient":""},"tablet":{"background-color":"","background-image":"","background-repeat":"repeat","background-position":"center center","background-size":"auto","background-attachment":"scroll","background-type":"","background-media":"","overlay-type":"","overlay-color":"","overlay-opacity":"","overlay-gradient":""},"mobile":{"background-color":"","background-image":"","background-repeat":"repeat","background-position":"center center","background-size":"auto","background-attachment":"scroll","background-type":"","background-media":"","overlay-type":"","overlay-color":"","overlay-opacity":"","overlay-gradient":""}},"ast-content-background-meta":{"desktop":{"background-color":"var(--ast-global-color-5)","background-image":"","background-repeat":"repeat","background-position":"center center","background-size":"auto","background-attachment":"scroll","background-type":"","background-media":"","overlay-type":"","overlay-color":"","overlay-opacity":"","overlay-gradient":""},"tablet":{"background-color":"var(--ast-global-color-5)","background-image":"","background-repeat":"repeat","background-position":"center center","background-size":"auto","background-attachment":"scroll","background-type":"","background-media":"","overlay-type":"","overlay-color":"","overlay-opacity":"","overlay-gradient":""},"mobile":{"background-color":"var(--ast-global-color-5)","background-image":"","background-repeat":"repeat","background-position":"center center","background-size":"auto","background-attachment":"scroll","background-type":"","background-media":"","overlay-type":"","overlay-color":"","overlay-opacity":"","overlay-gradient":""}},"footnotes":""},"categories":[117],"tags":[],"class_list":["post-38016","post","type-post","status-publish","format-standard","hentry","category-news-it"],"yoast_head":"<!-- This site is optimized with the Yoast SEO Premium plugin v27.2 (Yoast SEO v27.4) - https:\/\/yoast.com\/product\/yoast-seo-premium-wordpress\/ -->\n<title>&quot;Il bello di lavorare nella Social Innovation \u00e8&quot; ... ce lo spiega Stefano, ex corsista ASVI - SocialChangeSchool<\/title>\n<meta name=\"robots\" content=\"index, follow, max-snippet:-1, max-image-preview:large, max-video-preview:-1\" \/>\n<link rel=\"canonical\" href=\"https:\/\/www.socialchangeschool.org\/it\/27\/11\/2014\/il-bello-di-lavorare-nella-social-innovation-e-ce-lo-spiega-stefano-ex-corsista-asvi\/\" \/>\n<meta property=\"og:locale\" content=\"it_IT\" \/>\n<meta property=\"og:type\" content=\"article\" \/>\n<meta property=\"og:title\" content=\"&quot;Il bello di lavorare nella Social Innovation \u00e8&quot; ... ce lo spiega Stefano, ex corsista ASVI\" \/>\n<meta property=\"og:description\" content=\"Stefano Gregorini, ex corsista MES &#8211; Master in Social Innovation, Social Business, Start up Sociale e Progettazione Innovativa ci racconta la sua esperienza del master e il suo attuale lavoro nella Social Innovation. Un lavoro faticoso, duro, ma bellissimo. &#8220;La passione per lo sviluppo urbano e quello locale, la partecipazione civica e la promozione del [&hellip;]\" \/>\n<meta property=\"og:url\" content=\"https:\/\/www.socialchangeschool.org\/it\/27\/11\/2014\/il-bello-di-lavorare-nella-social-innovation-e-ce-lo-spiega-stefano-ex-corsista-asvi\/\" \/>\n<meta property=\"og:site_name\" content=\"SocialChangeSchool\" \/>\n<meta property=\"article:published_time\" content=\"2014-11-27T10:28:00+00:00\" \/>\n<meta property=\"og:image\" content=\"https:\/\/www.socialchangeschool.org\/wp-content\/uploads\/2022\/06\/Logo-SocialChangeSchool.png\" \/>\n\t<meta property=\"og:image:width\" content=\"1721\" \/>\n\t<meta property=\"og:image:height\" content=\"1721\" \/>\n\t<meta property=\"og:image:type\" content=\"image\/png\" \/>\n<meta name=\"author\" content=\"Laura Reiss\" \/>\n<meta name=\"twitter:card\" content=\"summary_large_image\" \/>\n<meta name=\"twitter:label1\" content=\"Scritto da\" \/>\n\t<meta name=\"twitter:data1\" content=\"Laura Reiss\" \/>\n\t<meta name=\"twitter:label2\" content=\"Tempo di lettura stimato\" \/>\n\t<meta name=\"twitter:data2\" content=\"2 minuti\" \/>\n<script type=\"application\/ld+json\" class=\"yoast-schema-graph\">{\"@context\":\"https:\\\/\\\/schema.org\",\"@graph\":[{\"@type\":\"Article\",\"@id\":\"https:\\\/\\\/www.socialchangeschool.org\\\/it\\\/27\\\/11\\\/2014\\\/il-bello-di-lavorare-nella-social-innovation-e-ce-lo-spiega-stefano-ex-corsista-asvi\\\/#article\",\"isPartOf\":{\"@id\":\"https:\\\/\\\/www.socialchangeschool.org\\\/it\\\/27\\\/11\\\/2014\\\/il-bello-di-lavorare-nella-social-innovation-e-ce-lo-spiega-stefano-ex-corsista-asvi\\\/\"},\"author\":{\"name\":\"Laura Reiss\",\"@id\":\"https:\\\/\\\/www.socialchangeschool.org\\\/it\\\/#\\\/schema\\\/person\\\/830e0c463a7c51633e79f9b14aadf794\"},\"headline\":\"&#8220;Il bello di lavorare nella Social Innovation \u00e8&#8221; &#8230; ce lo spiega Stefano, ex corsista ASVI\",\"datePublished\":\"2014-11-27T10:28:00+00:00\",\"mainEntityOfPage\":{\"@id\":\"https:\\\/\\\/www.socialchangeschool.org\\\/it\\\/27\\\/11\\\/2014\\\/il-bello-di-lavorare-nella-social-innovation-e-ce-lo-spiega-stefano-ex-corsista-asvi\\\/\"},\"wordCount\":338,\"publisher\":{\"@id\":\"https:\\\/\\\/www.socialchangeschool.org\\\/it\\\/#organization\"},\"articleSection\":[\"News\"],\"inLanguage\":\"it-IT\"},{\"@type\":\"WebPage\",\"@id\":\"https:\\\/\\\/www.socialchangeschool.org\\\/it\\\/27\\\/11\\\/2014\\\/il-bello-di-lavorare-nella-social-innovation-e-ce-lo-spiega-stefano-ex-corsista-asvi\\\/\",\"url\":\"https:\\\/\\\/www.socialchangeschool.org\\\/it\\\/27\\\/11\\\/2014\\\/il-bello-di-lavorare-nella-social-innovation-e-ce-lo-spiega-stefano-ex-corsista-asvi\\\/\",\"name\":\"\\\"Il bello di lavorare nella Social Innovation \u00e8\\\" ... ce lo spiega Stefano, ex corsista ASVI - SocialChangeSchool\",\"isPartOf\":{\"@id\":\"https:\\\/\\\/www.socialchangeschool.org\\\/it\\\/#website\"},\"datePublished\":\"2014-11-27T10:28:00+00:00\",\"breadcrumb\":{\"@id\":\"https:\\\/\\\/www.socialchangeschool.org\\\/it\\\/27\\\/11\\\/2014\\\/il-bello-di-lavorare-nella-social-innovation-e-ce-lo-spiega-stefano-ex-corsista-asvi\\\/#breadcrumb\"},\"inLanguage\":\"it-IT\",\"potentialAction\":[{\"@type\":\"ReadAction\",\"target\":[\"https:\\\/\\\/www.socialchangeschool.org\\\/it\\\/27\\\/11\\\/2014\\\/il-bello-di-lavorare-nella-social-innovation-e-ce-lo-spiega-stefano-ex-corsista-asvi\\\/\"]}]},{\"@type\":\"BreadcrumbList\",\"@id\":\"https:\\\/\\\/www.socialchangeschool.org\\\/it\\\/27\\\/11\\\/2014\\\/il-bello-di-lavorare-nella-social-innovation-e-ce-lo-spiega-stefano-ex-corsista-asvi\\\/#breadcrumb\",\"itemListElement\":[{\"@type\":\"ListItem\",\"position\":1,\"name\":\"Home\",\"item\":\"https:\\\/\\\/www.socialchangeschool.org\\\/it\\\/\"},{\"@type\":\"ListItem\",\"position\":2,\"name\":\"&#8220;Il bello di lavorare nella Social Innovation \u00e8&#8221; &#8230; ce lo spiega Stefano, ex corsista ASVI\"}]},{\"@type\":\"WebSite\",\"@id\":\"https:\\\/\\\/www.socialchangeschool.org\\\/it\\\/#website\",\"url\":\"https:\\\/\\\/www.socialchangeschool.org\\\/it\\\/\",\"name\":\"Social Change School\",\"description\":\"worldwide leader for training, connecting and certificating all professionals of Non Profit sector\",\"publisher\":{\"@id\":\"https:\\\/\\\/www.socialchangeschool.org\\\/it\\\/#organization\"},\"alternateName\":\"Leverage of Social Change transformational training institution\",\"potentialAction\":[{\"@type\":\"SearchAction\",\"target\":{\"@type\":\"EntryPoint\",\"urlTemplate\":\"https:\\\/\\\/www.socialchangeschool.org\\\/it\\\/?s={search_term_string}\"},\"query-input\":{\"@type\":\"PropertyValueSpecification\",\"valueRequired\":true,\"valueName\":\"search_term_string\"}}],\"inLanguage\":\"it-IT\"},{\"@type\":\"Organization\",\"@id\":\"https:\\\/\\\/www.socialchangeschool.org\\\/it\\\/#organization\",\"name\":\"Social Change School\",\"alternateName\":\"worldwide leader for training, connecting and certificating all professionals\",\"url\":\"https:\\\/\\\/www.socialchangeschool.org\\\/it\\\/\",\"logo\":{\"@type\":\"ImageObject\",\"inLanguage\":\"it-IT\",\"@id\":\"https:\\\/\\\/www.socialchangeschool.org\\\/it\\\/#\\\/schema\\\/logo\\\/image\\\/\",\"url\":\"https:\\\/\\\/www.socialchangeschool.org\\\/wp-content\\\/uploads\\\/2022\\\/06\\\/Logo-SocialChangeSchool.png\",\"contentUrl\":\"https:\\\/\\\/www.socialchangeschool.org\\\/wp-content\\\/uploads\\\/2022\\\/06\\\/Logo-SocialChangeSchool.png\",\"width\":1721,\"height\":1721,\"caption\":\"Social Change School\"},\"image\":{\"@id\":\"https:\\\/\\\/www.socialchangeschool.org\\\/it\\\/#\\\/schema\\\/logo\\\/image\\\/\"}},{\"@type\":\"Person\",\"@id\":\"https:\\\/\\\/www.socialchangeschool.org\\\/it\\\/#\\\/schema\\\/person\\\/830e0c463a7c51633e79f9b14aadf794\",\"name\":\"Laura Reiss\",\"url\":\"https:\\\/\\\/www.socialchangeschool.org\\\/it\\\/author\\\/ghost\\\/\"}]}<\/script>\n<!-- \/ Yoast SEO Premium plugin. -->","yoast_head_json":{"title":"\"Il bello di lavorare nella Social Innovation \u00e8\" ... ce lo spiega Stefano, ex corsista ASVI - SocialChangeSchool","robots":{"index":"index","follow":"follow","max-snippet":"max-snippet:-1","max-image-preview":"max-image-preview:large","max-video-preview":"max-video-preview:-1"},"canonical":"https:\/\/www.socialchangeschool.org\/it\/27\/11\/2014\/il-bello-di-lavorare-nella-social-innovation-e-ce-lo-spiega-stefano-ex-corsista-asvi\/","og_locale":"it_IT","og_type":"article","og_title":"\"Il bello di lavorare nella Social Innovation \u00e8\" ... ce lo spiega Stefano, ex corsista ASVI","og_description":"Stefano Gregorini, ex corsista MES &#8211; Master in Social Innovation, Social Business, Start up Sociale e Progettazione Innovativa ci racconta la sua esperienza del master e il suo attuale lavoro nella Social Innovation. Un lavoro faticoso, duro, ma bellissimo. &#8220;La passione per lo sviluppo urbano e quello locale, la partecipazione civica e la promozione del [&hellip;]","og_url":"https:\/\/www.socialchangeschool.org\/it\/27\/11\/2014\/il-bello-di-lavorare-nella-social-innovation-e-ce-lo-spiega-stefano-ex-corsista-asvi\/","og_site_name":"SocialChangeSchool","article_published_time":"2014-11-27T10:28:00+00:00","og_image":[{"width":1721,"height":1721,"url":"https:\/\/www.socialchangeschool.org\/wp-content\/uploads\/2022\/06\/Logo-SocialChangeSchool.png","type":"image\/png"}],"author":"Laura Reiss","twitter_card":"summary_large_image","twitter_misc":{"Scritto da":"Laura Reiss","Tempo di lettura stimato":"2 minuti"},"schema":{"@context":"https:\/\/schema.org","@graph":[{"@type":"Article","@id":"https:\/\/www.socialchangeschool.org\/it\/27\/11\/2014\/il-bello-di-lavorare-nella-social-innovation-e-ce-lo-spiega-stefano-ex-corsista-asvi\/#article","isPartOf":{"@id":"https:\/\/www.socialchangeschool.org\/it\/27\/11\/2014\/il-bello-di-lavorare-nella-social-innovation-e-ce-lo-spiega-stefano-ex-corsista-asvi\/"},"author":{"name":"Laura Reiss","@id":"https:\/\/www.socialchangeschool.org\/it\/#\/schema\/person\/830e0c463a7c51633e79f9b14aadf794"},"headline":"&#8220;Il bello di lavorare nella Social Innovation \u00e8&#8221; &#8230; ce lo spiega Stefano, ex corsista ASVI","datePublished":"2014-11-27T10:28:00+00:00","mainEntityOfPage":{"@id":"https:\/\/www.socialchangeschool.org\/it\/27\/11\/2014\/il-bello-di-lavorare-nella-social-innovation-e-ce-lo-spiega-stefano-ex-corsista-asvi\/"},"wordCount":338,"publisher":{"@id":"https:\/\/www.socialchangeschool.org\/it\/#organization"},"articleSection":["News"],"inLanguage":"it-IT"},{"@type":"WebPage","@id":"https:\/\/www.socialchangeschool.org\/it\/27\/11\/2014\/il-bello-di-lavorare-nella-social-innovation-e-ce-lo-spiega-stefano-ex-corsista-asvi\/","url":"https:\/\/www.socialchangeschool.org\/it\/27\/11\/2014\/il-bello-di-lavorare-nella-social-innovation-e-ce-lo-spiega-stefano-ex-corsista-asvi\/","name":"\"Il bello di lavorare nella Social Innovation \u00e8\" ... ce lo spiega Stefano, ex corsista ASVI - SocialChangeSchool","isPartOf":{"@id":"https:\/\/www.socialchangeschool.org\/it\/#website"},"datePublished":"2014-11-27T10:28:00+00:00","breadcrumb":{"@id":"https:\/\/www.socialchangeschool.org\/it\/27\/11\/2014\/il-bello-di-lavorare-nella-social-innovation-e-ce-lo-spiega-stefano-ex-corsista-asvi\/#breadcrumb"},"inLanguage":"it-IT","potentialAction":[{"@type":"ReadAction","target":["https:\/\/www.socialchangeschool.org\/it\/27\/11\/2014\/il-bello-di-lavorare-nella-social-innovation-e-ce-lo-spiega-stefano-ex-corsista-asvi\/"]}]},{"@type":"BreadcrumbList","@id":"https:\/\/www.socialchangeschool.org\/it\/27\/11\/2014\/il-bello-di-lavorare-nella-social-innovation-e-ce-lo-spiega-stefano-ex-corsista-asvi\/#breadcrumb","itemListElement":[{"@type":"ListItem","position":1,"name":"Home","item":"https:\/\/www.socialchangeschool.org\/it\/"},{"@type":"ListItem","position":2,"name":"&#8220;Il bello di lavorare nella Social Innovation \u00e8&#8221; &#8230; ce lo spiega Stefano, ex corsista ASVI"}]},{"@type":"WebSite","@id":"https:\/\/www.socialchangeschool.org\/it\/#website","url":"https:\/\/www.socialchangeschool.org\/it\/","name":"Social Change School","description":"worldwide leader for training, connecting and certificating all professionals of Non Profit sector","publisher":{"@id":"https:\/\/www.socialchangeschool.org\/it\/#organization"},"alternateName":"Leverage of Social Change transformational training institution","potentialAction":[{"@type":"SearchAction","target":{"@type":"EntryPoint","urlTemplate":"https:\/\/www.socialchangeschool.org\/it\/?s={search_term_string}"},"query-input":{"@type":"PropertyValueSpecification","valueRequired":true,"valueName":"search_term_string"}}],"inLanguage":"it-IT"},{"@type":"Organization","@id":"https:\/\/www.socialchangeschool.org\/it\/#organization","name":"Social Change School","alternateName":"worldwide leader for training, connecting and certificating all professionals","url":"https:\/\/www.socialchangeschool.org\/it\/","logo":{"@type":"ImageObject","inLanguage":"it-IT","@id":"https:\/\/www.socialchangeschool.org\/it\/#\/schema\/logo\/image\/","url":"https:\/\/www.socialchangeschool.org\/wp-content\/uploads\/2022\/06\/Logo-SocialChangeSchool.png","contentUrl":"https:\/\/www.socialchangeschool.org\/wp-content\/uploads\/2022\/06\/Logo-SocialChangeSchool.png","width":1721,"height":1721,"caption":"Social Change School"},"image":{"@id":"https:\/\/www.socialchangeschool.org\/it\/#\/schema\/logo\/image\/"}},{"@type":"Person","@id":"https:\/\/www.socialchangeschool.org\/it\/#\/schema\/person\/830e0c463a7c51633e79f9b14aadf794","name":"Laura Reiss","url":"https:\/\/www.socialchangeschool.org\/it\/author\/ghost\/"}]}},"_links":{"self":[{"href":"https:\/\/www.socialchangeschool.org\/it\/wp-json\/wp\/v2\/posts\/38016","targetHints":{"allow":["GET"]}}],"collection":[{"href":"https:\/\/www.socialchangeschool.org\/it\/wp-json\/wp\/v2\/posts"}],"about":[{"href":"https:\/\/www.socialchangeschool.org\/it\/wp-json\/wp\/v2\/types\/post"}],"author":[{"embeddable":true,"href":"https:\/\/www.socialchangeschool.org\/it\/wp-json\/wp\/v2\/users\/2"}],"replies":[{"embeddable":true,"href":"https:\/\/www.socialchangeschool.org\/it\/wp-json\/wp\/v2\/comments?post=38016"}],"version-history":[{"count":0,"href":"https:\/\/www.socialchangeschool.org\/it\/wp-json\/wp\/v2\/posts\/38016\/revisions"}],"wp:attachment":[{"href":"https:\/\/www.socialchangeschool.org\/it\/wp-json\/wp\/v2\/media?parent=38016"}],"wp:term":[{"taxonomy":"category","embeddable":true,"href":"https:\/\/www.socialchangeschool.org\/it\/wp-json\/wp\/v2\/categories?post=38016"},{"taxonomy":"post_tag","embeddable":true,"href":"https:\/\/www.socialchangeschool.org\/it\/wp-json\/wp\/v2\/tags?post=38016"}],"curies":[{"name":"wp","href":"https:\/\/api.w.org\/{rel}","templated":true}]}}