{"id":37999,"date":"2014-10-20T14:45:07","date_gmt":"2014-10-20T14:45:07","guid":{"rendered":"http:\/\/socialchangeschool.org\/20\/10\/2014\/non-profit-fairtrade-promuove-il-potere-dei-consumatori\/"},"modified":"2014-10-20T14:45:07","modified_gmt":"2014-10-20T14:45:07","slug":"non-profit-fairtrade-promuove-il-potere-dei-consumatori","status":"publish","type":"post","link":"https:\/\/www.socialchangeschool.org\/it\/20\/10\/2014\/non-profit-fairtrade-promuove-il-potere-dei-consumatori\/","title":{"rendered":"\u2018Fairtrade\u2019 promuove il potere dei consumatori per i suoi 20 anni!"},"content":{"rendered":"<p>Il consumo equo e solidale cresce nonostante la crisi. Mi sembra una delle cose che in Italia valga veramente la pena di festeggiare. <strong><a href=\"https:\/\/www.fairtradeitalia.it\/news\/vorresti-cambiare-mondo-unisciti-noi-l11-ottobre\">\u201cThe power of You\u201d<\/a><\/strong> \u00e8 la campagna di<strong> Fairtrade Italia<\/strong> per il suo <strong>20esimo compleanno<\/strong>: il gesto di consumo \u00e8 potere, il consumatore ha il potere finale, siano prodotti fair, di legalit\u00e0 o biologici.<br \/>Come spiega Paolo Pastore, storico direttore di Fairtrade Italia \u201cNon si tratta di \u2018un atto di bont\u00e0\u2019 ma di scelte di consumo sano, giusto e \u2018politico\u2019: il gesto di consumo pu\u00f2 cambiare le relazioni economiche a livello mondiale\u201d. Con le scelte quotidiane, anche apparentemente piccole, ognuno di noi pu\u00f2 fare la differenza: migliorano l\u2019ambiente e aiutano le persone a costruire un futuro migliore, penalizzare le aziende meno responsabili.<\/p>\n<p><strong><a href=\"https:\/\/www.ilfattoquotidiano.it\/2014\/10\/20\/non-profit-fairtrade-promuove-il-potere-dei-consumatori\/1161627\/\">Il nuovo articolo di Marco Crescenzi sul blog de Il Fatto Quotidiano<\/a><\/strong><\/p>\n","protected":false},"excerpt":{"rendered":"<p>Il consumo equo e solidale cresce nonostante la crisi. Mi sembra una delle cose che in Italia valga veramente la pena di festeggiare. \u201cThe power of You\u201d \u00e8 la campagna di Fairtrade Italia per il suo 20esimo compleanno: il gesto di consumo \u00e8 potere, il consumatore ha il potere finale, siano prodotti fair, di legalit\u00e0 [&hellip;]<\/p>\n","protected":false},"author":2,"featured_media":0,"comment_status":"closed","ping_status":"closed","sticky":false,"template":"","format":"standard","meta":{"site-sidebar-layout":"default","site-content-layout":"","ast-site-content-layout":"default","site-content-style":"default","site-sidebar-style":"default","ast-global-header-display":"","ast-banner-title-visibility":"","ast-main-header-display":"","ast-hfb-above-header-display":"","ast-hfb-below-header-display":"","ast-hfb-mobile-header-display":"","site-post-title":"","ast-breadcrumbs-content":"","ast-featured-img":"","footer-sml-layout":"","ast-disable-related-posts":"","theme-transparent-header-meta":"","adv-header-id-meta":"","stick-header-meta":"","header-above-stick-meta":"","header-main-stick-meta":"","header-below-stick-meta":"","astra-migrate-meta-layouts":"default","ast-page-background-enabled":"default","ast-page-background-meta":{"desktop":{"background-color":"","background-image":"","background-repeat":"repeat","background-position":"center center","background-size":"auto","background-attachment":"scroll","background-type":"","background-media":"","overlay-type":"","overlay-color":"","overlay-opacity":"","overlay-gradient":""},"tablet":{"background-color":"","background-image":"","background-repeat":"repeat","background-position":"center center","background-size":"auto","background-attachment":"scroll","background-type":"","background-media":"","overlay-type":"","overlay-color":"","overlay-opacity":"","overlay-gradient":""},"mobile":{"background-color":"","background-image":"","background-repeat":"repeat","background-position":"center center","background-size":"auto","background-attachment":"scroll","background-type":"","background-media":"","overlay-type":"","overlay-color":"","overlay-opacity":"","overlay-gradient":""}},"ast-content-background-meta":{"desktop":{"background-color":"var(--ast-global-color-5)","background-image":"","background-repeat":"repeat","background-position":"center center","background-size":"auto","background-attachment":"scroll","background-type":"","background-media":"","overlay-type":"","overlay-color":"","overlay-opacity":"","overlay-gradient":""},"tablet":{"background-color":"var(--ast-global-color-5)","background-image":"","background-repeat":"repeat","background-position":"center center","background-size":"auto","background-attachment":"scroll","background-type":"","background-media":"","overlay-type":"","overlay-color":"","overlay-opacity":"","overlay-gradient":""},"mobile":{"background-color":"var(--ast-global-color-5)","background-image":"","background-repeat":"repeat","background-position":"center center","background-size":"auto","background-attachment":"scroll","background-type":"","background-media":"","overlay-type":"","overlay-color":"","overlay-opacity":"","overlay-gradient":""}},"footnotes":""},"categories":[117],"tags":[],"class_list":["post-37999","post","type-post","status-publish","format-standard","hentry","category-news-it"],"yoast_head":"<!-- This site is optimized with the Yoast SEO Premium plugin v27.2 (Yoast SEO v27.5) - https:\/\/yoast.com\/product\/yoast-seo-premium-wordpress\/ -->\n<title>\u2018Fairtrade\u2019 promuove il potere dei consumatori per i suoi 20 anni! - SocialChangeSchool<\/title>\n<meta name=\"robots\" content=\"index, follow, max-snippet:-1, max-image-preview:large, max-video-preview:-1\" \/>\n<link rel=\"canonical\" href=\"https:\/\/www.socialchangeschool.org\/it\/20\/10\/2014\/non-profit-fairtrade-promuove-il-potere-dei-consumatori\/\" \/>\n<meta property=\"og:locale\" content=\"it_IT\" \/>\n<meta property=\"og:type\" content=\"article\" \/>\n<meta property=\"og:title\" content=\"\u2018Fairtrade\u2019 promuove il potere dei consumatori per i suoi 20 anni!\" \/>\n<meta property=\"og:description\" content=\"Il consumo equo e solidale cresce nonostante la crisi. Mi sembra una delle cose che in Italia valga veramente la pena di festeggiare. \u201cThe power of You\u201d \u00e8 la campagna di Fairtrade Italia per il suo 20esimo compleanno: il gesto di consumo \u00e8 potere, il consumatore ha il potere finale, siano prodotti fair, di legalit\u00e0 [&hellip;]\" \/>\n<meta property=\"og:url\" content=\"https:\/\/www.socialchangeschool.org\/it\/20\/10\/2014\/non-profit-fairtrade-promuove-il-potere-dei-consumatori\/\" \/>\n<meta property=\"og:site_name\" content=\"SocialChangeSchool\" \/>\n<meta property=\"article:published_time\" content=\"2014-10-20T14:45:07+00:00\" \/>\n<meta property=\"og:image\" content=\"https:\/\/www.socialchangeschool.org\/wp-content\/uploads\/2022\/06\/Logo-SocialChangeSchool.png\" \/>\n\t<meta property=\"og:image:width\" content=\"1721\" \/>\n\t<meta property=\"og:image:height\" content=\"1721\" \/>\n\t<meta property=\"og:image:type\" content=\"image\/png\" \/>\n<meta name=\"author\" content=\"Laura Reiss\" \/>\n<meta name=\"twitter:card\" content=\"summary_large_image\" \/>\n<meta name=\"twitter:label1\" content=\"Scritto da\" \/>\n\t<meta name=\"twitter:data1\" content=\"Laura Reiss\" \/>\n\t<meta name=\"twitter:label2\" content=\"Tempo di lettura stimato\" \/>\n\t<meta name=\"twitter:data2\" content=\"1 minuto\" \/>\n<script type=\"application\/ld+json\" class=\"yoast-schema-graph\">{\"@context\":\"https:\\\/\\\/schema.org\",\"@graph\":[{\"@type\":\"Article\",\"@id\":\"https:\\\/\\\/www.socialchangeschool.org\\\/it\\\/20\\\/10\\\/2014\\\/non-profit-fairtrade-promuove-il-potere-dei-consumatori\\\/#article\",\"isPartOf\":{\"@id\":\"https:\\\/\\\/www.socialchangeschool.org\\\/it\\\/20\\\/10\\\/2014\\\/non-profit-fairtrade-promuove-il-potere-dei-consumatori\\\/\"},\"author\":{\"name\":\"Laura Reiss\",\"@id\":\"https:\\\/\\\/www.socialchangeschool.org\\\/it\\\/#\\\/schema\\\/person\\\/830e0c463a7c51633e79f9b14aadf794\"},\"headline\":\"\u2018Fairtrade\u2019 promuove il potere dei consumatori per i suoi 20 anni!\",\"datePublished\":\"2014-10-20T14:45:07+00:00\",\"mainEntityOfPage\":{\"@id\":\"https:\\\/\\\/www.socialchangeschool.org\\\/it\\\/20\\\/10\\\/2014\\\/non-profit-fairtrade-promuove-il-potere-dei-consumatori\\\/\"},\"wordCount\":146,\"publisher\":{\"@id\":\"https:\\\/\\\/www.socialchangeschool.org\\\/it\\\/#organization\"},\"articleSection\":[\"News\"],\"inLanguage\":\"it-IT\"},{\"@type\":\"WebPage\",\"@id\":\"https:\\\/\\\/www.socialchangeschool.org\\\/it\\\/20\\\/10\\\/2014\\\/non-profit-fairtrade-promuove-il-potere-dei-consumatori\\\/\",\"url\":\"https:\\\/\\\/www.socialchangeschool.org\\\/it\\\/20\\\/10\\\/2014\\\/non-profit-fairtrade-promuove-il-potere-dei-consumatori\\\/\",\"name\":\"\u2018Fairtrade\u2019 promuove il potere dei consumatori per i suoi 20 anni! - SocialChangeSchool\",\"isPartOf\":{\"@id\":\"https:\\\/\\\/www.socialchangeschool.org\\\/it\\\/#website\"},\"datePublished\":\"2014-10-20T14:45:07+00:00\",\"breadcrumb\":{\"@id\":\"https:\\\/\\\/www.socialchangeschool.org\\\/it\\\/20\\\/10\\\/2014\\\/non-profit-fairtrade-promuove-il-potere-dei-consumatori\\\/#breadcrumb\"},\"inLanguage\":\"it-IT\",\"potentialAction\":[{\"@type\":\"ReadAction\",\"target\":[\"https:\\\/\\\/www.socialchangeschool.org\\\/it\\\/20\\\/10\\\/2014\\\/non-profit-fairtrade-promuove-il-potere-dei-consumatori\\\/\"]}]},{\"@type\":\"BreadcrumbList\",\"@id\":\"https:\\\/\\\/www.socialchangeschool.org\\\/it\\\/20\\\/10\\\/2014\\\/non-profit-fairtrade-promuove-il-potere-dei-consumatori\\\/#breadcrumb\",\"itemListElement\":[{\"@type\":\"ListItem\",\"position\":1,\"name\":\"Home\",\"item\":\"https:\\\/\\\/www.socialchangeschool.org\\\/it\\\/\"},{\"@type\":\"ListItem\",\"position\":2,\"name\":\"\u2018Fairtrade\u2019 promuove il potere dei consumatori per i suoi 20 anni!\"}]},{\"@type\":\"WebSite\",\"@id\":\"https:\\\/\\\/www.socialchangeschool.org\\\/it\\\/#website\",\"url\":\"https:\\\/\\\/www.socialchangeschool.org\\\/it\\\/\",\"name\":\"Social Change School\",\"description\":\"worldwide leader for training, connecting and certificating all professionals of Non Profit sector\",\"publisher\":{\"@id\":\"https:\\\/\\\/www.socialchangeschool.org\\\/it\\\/#organization\"},\"alternateName\":\"Leverage of Social Change transformational training institution\",\"potentialAction\":[{\"@type\":\"SearchAction\",\"target\":{\"@type\":\"EntryPoint\",\"urlTemplate\":\"https:\\\/\\\/www.socialchangeschool.org\\\/it\\\/?s={search_term_string}\"},\"query-input\":{\"@type\":\"PropertyValueSpecification\",\"valueRequired\":true,\"valueName\":\"search_term_string\"}}],\"inLanguage\":\"it-IT\"},{\"@type\":\"Organization\",\"@id\":\"https:\\\/\\\/www.socialchangeschool.org\\\/it\\\/#organization\",\"name\":\"Social Change School\",\"alternateName\":\"worldwide leader for training, connecting and certificating all professionals\",\"url\":\"https:\\\/\\\/www.socialchangeschool.org\\\/it\\\/\",\"logo\":{\"@type\":\"ImageObject\",\"inLanguage\":\"it-IT\",\"@id\":\"https:\\\/\\\/www.socialchangeschool.org\\\/it\\\/#\\\/schema\\\/logo\\\/image\\\/\",\"url\":\"https:\\\/\\\/www.socialchangeschool.org\\\/wp-content\\\/uploads\\\/2022\\\/06\\\/Logo-SocialChangeSchool.png\",\"contentUrl\":\"https:\\\/\\\/www.socialchangeschool.org\\\/wp-content\\\/uploads\\\/2022\\\/06\\\/Logo-SocialChangeSchool.png\",\"width\":1721,\"height\":1721,\"caption\":\"Social Change School\"},\"image\":{\"@id\":\"https:\\\/\\\/www.socialchangeschool.org\\\/it\\\/#\\\/schema\\\/logo\\\/image\\\/\"}},{\"@type\":\"Person\",\"@id\":\"https:\\\/\\\/www.socialchangeschool.org\\\/it\\\/#\\\/schema\\\/person\\\/830e0c463a7c51633e79f9b14aadf794\",\"name\":\"Laura Reiss\",\"url\":\"https:\\\/\\\/www.socialchangeschool.org\\\/it\\\/author\\\/ghost\\\/\"}]}<\/script>\n<!-- \/ Yoast SEO Premium plugin. -->","yoast_head_json":{"title":"\u2018Fairtrade\u2019 promuove il potere dei consumatori per i suoi 20 anni! - SocialChangeSchool","robots":{"index":"index","follow":"follow","max-snippet":"max-snippet:-1","max-image-preview":"max-image-preview:large","max-video-preview":"max-video-preview:-1"},"canonical":"https:\/\/www.socialchangeschool.org\/it\/20\/10\/2014\/non-profit-fairtrade-promuove-il-potere-dei-consumatori\/","og_locale":"it_IT","og_type":"article","og_title":"\u2018Fairtrade\u2019 promuove il potere dei consumatori per i suoi 20 anni!","og_description":"Il consumo equo e solidale cresce nonostante la crisi. Mi sembra una delle cose che in Italia valga veramente la pena di festeggiare. \u201cThe power of You\u201d \u00e8 la campagna di Fairtrade Italia per il suo 20esimo compleanno: il gesto di consumo \u00e8 potere, il consumatore ha il potere finale, siano prodotti fair, di legalit\u00e0 [&hellip;]","og_url":"https:\/\/www.socialchangeschool.org\/it\/20\/10\/2014\/non-profit-fairtrade-promuove-il-potere-dei-consumatori\/","og_site_name":"SocialChangeSchool","article_published_time":"2014-10-20T14:45:07+00:00","og_image":[{"width":1721,"height":1721,"url":"https:\/\/www.socialchangeschool.org\/wp-content\/uploads\/2022\/06\/Logo-SocialChangeSchool.png","type":"image\/png"}],"author":"Laura Reiss","twitter_card":"summary_large_image","twitter_misc":{"Scritto da":"Laura Reiss","Tempo di lettura stimato":"1 minuto"},"schema":{"@context":"https:\/\/schema.org","@graph":[{"@type":"Article","@id":"https:\/\/www.socialchangeschool.org\/it\/20\/10\/2014\/non-profit-fairtrade-promuove-il-potere-dei-consumatori\/#article","isPartOf":{"@id":"https:\/\/www.socialchangeschool.org\/it\/20\/10\/2014\/non-profit-fairtrade-promuove-il-potere-dei-consumatori\/"},"author":{"name":"Laura Reiss","@id":"https:\/\/www.socialchangeschool.org\/it\/#\/schema\/person\/830e0c463a7c51633e79f9b14aadf794"},"headline":"\u2018Fairtrade\u2019 promuove il potere dei consumatori per i suoi 20 anni!","datePublished":"2014-10-20T14:45:07+00:00","mainEntityOfPage":{"@id":"https:\/\/www.socialchangeschool.org\/it\/20\/10\/2014\/non-profit-fairtrade-promuove-il-potere-dei-consumatori\/"},"wordCount":146,"publisher":{"@id":"https:\/\/www.socialchangeschool.org\/it\/#organization"},"articleSection":["News"],"inLanguage":"it-IT"},{"@type":"WebPage","@id":"https:\/\/www.socialchangeschool.org\/it\/20\/10\/2014\/non-profit-fairtrade-promuove-il-potere-dei-consumatori\/","url":"https:\/\/www.socialchangeschool.org\/it\/20\/10\/2014\/non-profit-fairtrade-promuove-il-potere-dei-consumatori\/","name":"\u2018Fairtrade\u2019 promuove il potere dei consumatori per i suoi 20 anni! - SocialChangeSchool","isPartOf":{"@id":"https:\/\/www.socialchangeschool.org\/it\/#website"},"datePublished":"2014-10-20T14:45:07+00:00","breadcrumb":{"@id":"https:\/\/www.socialchangeschool.org\/it\/20\/10\/2014\/non-profit-fairtrade-promuove-il-potere-dei-consumatori\/#breadcrumb"},"inLanguage":"it-IT","potentialAction":[{"@type":"ReadAction","target":["https:\/\/www.socialchangeschool.org\/it\/20\/10\/2014\/non-profit-fairtrade-promuove-il-potere-dei-consumatori\/"]}]},{"@type":"BreadcrumbList","@id":"https:\/\/www.socialchangeschool.org\/it\/20\/10\/2014\/non-profit-fairtrade-promuove-il-potere-dei-consumatori\/#breadcrumb","itemListElement":[{"@type":"ListItem","position":1,"name":"Home","item":"https:\/\/www.socialchangeschool.org\/it\/"},{"@type":"ListItem","position":2,"name":"\u2018Fairtrade\u2019 promuove il potere dei consumatori per i suoi 20 anni!"}]},{"@type":"WebSite","@id":"https:\/\/www.socialchangeschool.org\/it\/#website","url":"https:\/\/www.socialchangeschool.org\/it\/","name":"Social Change School","description":"worldwide leader for training, connecting and certificating all professionals of Non Profit sector","publisher":{"@id":"https:\/\/www.socialchangeschool.org\/it\/#organization"},"alternateName":"Leverage of Social Change transformational training institution","potentialAction":[{"@type":"SearchAction","target":{"@type":"EntryPoint","urlTemplate":"https:\/\/www.socialchangeschool.org\/it\/?s={search_term_string}"},"query-input":{"@type":"PropertyValueSpecification","valueRequired":true,"valueName":"search_term_string"}}],"inLanguage":"it-IT"},{"@type":"Organization","@id":"https:\/\/www.socialchangeschool.org\/it\/#organization","name":"Social Change School","alternateName":"worldwide leader for training, connecting and certificating all professionals","url":"https:\/\/www.socialchangeschool.org\/it\/","logo":{"@type":"ImageObject","inLanguage":"it-IT","@id":"https:\/\/www.socialchangeschool.org\/it\/#\/schema\/logo\/image\/","url":"https:\/\/www.socialchangeschool.org\/wp-content\/uploads\/2022\/06\/Logo-SocialChangeSchool.png","contentUrl":"https:\/\/www.socialchangeschool.org\/wp-content\/uploads\/2022\/06\/Logo-SocialChangeSchool.png","width":1721,"height":1721,"caption":"Social Change School"},"image":{"@id":"https:\/\/www.socialchangeschool.org\/it\/#\/schema\/logo\/image\/"}},{"@type":"Person","@id":"https:\/\/www.socialchangeschool.org\/it\/#\/schema\/person\/830e0c463a7c51633e79f9b14aadf794","name":"Laura Reiss","url":"https:\/\/www.socialchangeschool.org\/it\/author\/ghost\/"}]}},"_links":{"self":[{"href":"https:\/\/www.socialchangeschool.org\/it\/wp-json\/wp\/v2\/posts\/37999","targetHints":{"allow":["GET"]}}],"collection":[{"href":"https:\/\/www.socialchangeschool.org\/it\/wp-json\/wp\/v2\/posts"}],"about":[{"href":"https:\/\/www.socialchangeschool.org\/it\/wp-json\/wp\/v2\/types\/post"}],"author":[{"embeddable":true,"href":"https:\/\/www.socialchangeschool.org\/it\/wp-json\/wp\/v2\/users\/2"}],"replies":[{"embeddable":true,"href":"https:\/\/www.socialchangeschool.org\/it\/wp-json\/wp\/v2\/comments?post=37999"}],"version-history":[{"count":0,"href":"https:\/\/www.socialchangeschool.org\/it\/wp-json\/wp\/v2\/posts\/37999\/revisions"}],"wp:attachment":[{"href":"https:\/\/www.socialchangeschool.org\/it\/wp-json\/wp\/v2\/media?parent=37999"}],"wp:term":[{"taxonomy":"category","embeddable":true,"href":"https:\/\/www.socialchangeschool.org\/it\/wp-json\/wp\/v2\/categories?post=37999"},{"taxonomy":"post_tag","embeddable":true,"href":"https:\/\/www.socialchangeschool.org\/it\/wp-json\/wp\/v2\/tags?post=37999"}],"curies":[{"name":"wp","href":"https:\/\/api.w.org\/{rel}","templated":true}]}}