{"id":37941,"date":"2014-05-06T08:51:03","date_gmt":"2014-05-06T08:51:03","guid":{"rendered":"http:\/\/socialchangeschool.org\/06\/05\/2014\/pronto-a-far-volare-i-tuoi-sogni-manca-un-mese-per-iscriversi-ai-master-asvi\/"},"modified":"2014-05-06T08:51:03","modified_gmt":"2014-05-06T08:51:03","slug":"pronto-a-far-volare-i-tuoi-sogni-manca-un-mese-per-iscriversi-ai-master-asvi","status":"publish","type":"post","link":"https:\/\/www.socialchangeschool.org\/it\/06\/05\/2014\/pronto-a-far-volare-i-tuoi-sogni-manca-un-mese-per-iscriversi-ai-master-asvi\/","title":{"rendered":"Manca davvero poco! Cambia la tua vita!"},"content":{"rendered":"<p><strong>Il 6 giugno<\/strong> si chiuderanno le iscrizioni per iscriversi ai <a href=\"https:\/\/www.asvi.it\/master\/\">Master ASVI<\/a><\/p>\n<p>Brigida Marino, ex corsista ASVI <a href=\"https:\/\/www.asvi.it\/master-in-social-innovation-social-business-e-project-innovation\/\">MES \u2013 MASTER IN SOCIAL INNOVATION, START UP SOCIALE, SOCIAL BUSINESS &amp; PROJECT INNOVATION<\/a>, ci racconta la sua esperienza del Master.<\/p>\n<p><a href=\"https:\/\/www.asvi.it\/web\/wp-content\/uploads\/2014\/04\/mes-dentro.jpg\"><img decoding=\"async\" class=\"alignleft size-thumbnail wp-image-16228\" src=\"https:\/\/www.asvi.it\/web\/wp-content\/uploads\/2014\/04\/mes-dentro-150x117.jpg\" alt=\"mes dentro\" width=\"150\" height=\"117\" \/><\/a>\u2018L\u2019incontro con ASVI ha rappresentato una tappa fondamentale del mio percorso umano e professionale; un percorso gi\u00e0 costellato di esperienze che hanno alimentato la mia passione per il bene comune e per la mia terra, la Calabria, nella consapevolezza che un luogo cos\u00ec ricco di risorse e problematicit\u00e0, di bellezza e contraddizioni possa essere vissuto, valorizzato, reso pi\u00f9 giusto, amato. Conclusi gli studi universitari in Giurisprudenza, infatti, ho scelto ASVI per intraprendere un percorso professionale, nel non profit, che mi permettesse di acquisire un bagaglio di competenze specifiche. L\u2019esperienza del Master ASVI \u00e8 stata importantissima e mi ha permesso di: condividere \u00a0esperienze, competenze e passione per l\u2019innovazione sociale con altri giovani colleghi e professionisti del mondo non profit (nazionale ed internazionale); poter contare su uno staff didattico qualificato, professionale e stimolante; trasformare il mio sogno in obiettivi di carriera chiari e possibili\u2019.<\/p>\n<p><strong><a href=\"https:\/\/www.asvi.it\/master-internazionali\/\">Richiedi il programma del Master a tua scelta.<\/a><\/strong><\/p>\n<p><em>Il mondo \u00e8 nelle mani di coloro che hanno il coraggio di sognare e di correre il rischio di vivere i propri sogni<\/em><\/p>\n<p>(P. Coelho)<\/p>\n","protected":false},"excerpt":{"rendered":"<p>Il 6 giugno si chiuderanno le iscrizioni per iscriversi ai Master ASVI Brigida Marino, ex corsista ASVI MES \u2013 MASTER IN SOCIAL INNOVATION, START UP SOCIALE, SOCIAL BUSINESS &amp; PROJECT INNOVATION, ci racconta la sua esperienza del Master. \u2018L\u2019incontro con ASVI ha rappresentato una tappa fondamentale del mio percorso umano e professionale; un percorso gi\u00e0 [&hellip;]<\/p>\n","protected":false},"author":2,"featured_media":0,"comment_status":"closed","ping_status":"closed","sticky":false,"template":"","format":"standard","meta":{"site-sidebar-layout":"default","site-content-layout":"","ast-site-content-layout":"default","site-content-style":"default","site-sidebar-style":"default","ast-global-header-display":"","ast-banner-title-visibility":"","ast-main-header-display":"","ast-hfb-above-header-display":"","ast-hfb-below-header-display":"","ast-hfb-mobile-header-display":"","site-post-title":"","ast-breadcrumbs-content":"","ast-featured-img":"","footer-sml-layout":"","ast-disable-related-posts":"","theme-transparent-header-meta":"","adv-header-id-meta":"","stick-header-meta":"","header-above-stick-meta":"","header-main-stick-meta":"","header-below-stick-meta":"","astra-migrate-meta-layouts":"default","ast-page-background-enabled":"default","ast-page-background-meta":{"desktop":{"background-color":"","background-image":"","background-repeat":"repeat","background-position":"center center","background-size":"auto","background-attachment":"scroll","background-type":"","background-media":"","overlay-type":"","overlay-color":"","overlay-opacity":"","overlay-gradient":""},"tablet":{"background-color":"","background-image":"","background-repeat":"repeat","background-position":"center center","background-size":"auto","background-attachment":"scroll","background-type":"","background-media":"","overlay-type":"","overlay-color":"","overlay-opacity":"","overlay-gradient":""},"mobile":{"background-color":"","background-image":"","background-repeat":"repeat","background-position":"center center","background-size":"auto","background-attachment":"scroll","background-type":"","background-media":"","overlay-type":"","overlay-color":"","overlay-opacity":"","overlay-gradient":""}},"ast-content-background-meta":{"desktop":{"background-color":"var(--ast-global-color-5)","background-image":"","background-repeat":"repeat","background-position":"center center","background-size":"auto","background-attachment":"scroll","background-type":"","background-media":"","overlay-type":"","overlay-color":"","overlay-opacity":"","overlay-gradient":""},"tablet":{"background-color":"var(--ast-global-color-5)","background-image":"","background-repeat":"repeat","background-position":"center center","background-size":"auto","background-attachment":"scroll","background-type":"","background-media":"","overlay-type":"","overlay-color":"","overlay-opacity":"","overlay-gradient":""},"mobile":{"background-color":"var(--ast-global-color-5)","background-image":"","background-repeat":"repeat","background-position":"center center","background-size":"auto","background-attachment":"scroll","background-type":"","background-media":"","overlay-type":"","overlay-color":"","overlay-opacity":"","overlay-gradient":""}},"footnotes":""},"categories":[117],"tags":[],"class_list":["post-37941","post","type-post","status-publish","format-standard","hentry","category-news-it"],"yoast_head":"<!-- This site is optimized with the Yoast SEO Premium plugin v27.2 (Yoast SEO v27.5) - https:\/\/yoast.com\/product\/yoast-seo-premium-wordpress\/ -->\n<title>Manca davvero poco! Cambia la tua vita! - SocialChangeSchool<\/title>\n<meta name=\"robots\" content=\"index, follow, max-snippet:-1, max-image-preview:large, max-video-preview:-1\" \/>\n<link rel=\"canonical\" href=\"https:\/\/www.socialchangeschool.org\/it\/06\/05\/2014\/pronto-a-far-volare-i-tuoi-sogni-manca-un-mese-per-iscriversi-ai-master-asvi\/\" \/>\n<meta property=\"og:locale\" content=\"it_IT\" \/>\n<meta property=\"og:type\" content=\"article\" \/>\n<meta property=\"og:title\" content=\"Manca davvero poco! Cambia la tua vita!\" \/>\n<meta property=\"og:description\" content=\"Il 6 giugno si chiuderanno le iscrizioni per iscriversi ai Master ASVI Brigida Marino, ex corsista ASVI MES \u2013 MASTER IN SOCIAL INNOVATION, START UP SOCIALE, SOCIAL BUSINESS &amp; PROJECT INNOVATION, ci racconta la sua esperienza del Master. \u2018L\u2019incontro con ASVI ha rappresentato una tappa fondamentale del mio percorso umano e professionale; un percorso gi\u00e0 [&hellip;]\" \/>\n<meta property=\"og:url\" content=\"https:\/\/www.socialchangeschool.org\/it\/06\/05\/2014\/pronto-a-far-volare-i-tuoi-sogni-manca-un-mese-per-iscriversi-ai-master-asvi\/\" \/>\n<meta property=\"og:site_name\" content=\"SocialChangeSchool\" \/>\n<meta property=\"article:published_time\" content=\"2014-05-06T08:51:03+00:00\" \/>\n<meta property=\"og:image\" content=\"http:\/\/www.asvi.it\/web\/wp-content\/uploads\/2014\/04\/mes-dentro-150x117.jpg\" \/>\n<meta name=\"author\" content=\"Laura Reiss\" \/>\n<meta name=\"twitter:card\" content=\"summary_large_image\" \/>\n<meta name=\"twitter:label1\" content=\"Scritto da\" \/>\n\t<meta name=\"twitter:data1\" content=\"Laura Reiss\" \/>\n\t<meta name=\"twitter:label2\" content=\"Tempo di lettura stimato\" \/>\n\t<meta name=\"twitter:data2\" content=\"1 minuto\" \/>\n<script type=\"application\/ld+json\" class=\"yoast-schema-graph\">{\"@context\":\"https:\\\/\\\/schema.org\",\"@graph\":[{\"@type\":\"Article\",\"@id\":\"https:\\\/\\\/www.socialchangeschool.org\\\/it\\\/06\\\/05\\\/2014\\\/pronto-a-far-volare-i-tuoi-sogni-manca-un-mese-per-iscriversi-ai-master-asvi\\\/#article\",\"isPartOf\":{\"@id\":\"https:\\\/\\\/www.socialchangeschool.org\\\/it\\\/06\\\/05\\\/2014\\\/pronto-a-far-volare-i-tuoi-sogni-manca-un-mese-per-iscriversi-ai-master-asvi\\\/\"},\"author\":{\"name\":\"Laura Reiss\",\"@id\":\"https:\\\/\\\/www.socialchangeschool.org\\\/it\\\/#\\\/schema\\\/person\\\/830e0c463a7c51633e79f9b14aadf794\"},\"headline\":\"Manca davvero poco! Cambia la tua vita!\",\"datePublished\":\"2014-05-06T08:51:03+00:00\",\"mainEntityOfPage\":{\"@id\":\"https:\\\/\\\/www.socialchangeschool.org\\\/it\\\/06\\\/05\\\/2014\\\/pronto-a-far-volare-i-tuoi-sogni-manca-un-mese-per-iscriversi-ai-master-asvi\\\/\"},\"wordCount\":219,\"publisher\":{\"@id\":\"https:\\\/\\\/www.socialchangeschool.org\\\/it\\\/#organization\"},\"image\":{\"@id\":\"https:\\\/\\\/www.socialchangeschool.org\\\/it\\\/06\\\/05\\\/2014\\\/pronto-a-far-volare-i-tuoi-sogni-manca-un-mese-per-iscriversi-ai-master-asvi\\\/#primaryimage\"},\"thumbnailUrl\":\"http:\\\/\\\/www.asvi.it\\\/web\\\/wp-content\\\/uploads\\\/2014\\\/04\\\/mes-dentro-150x117.jpg\",\"articleSection\":[\"News\"],\"inLanguage\":\"it-IT\"},{\"@type\":\"WebPage\",\"@id\":\"https:\\\/\\\/www.socialchangeschool.org\\\/it\\\/06\\\/05\\\/2014\\\/pronto-a-far-volare-i-tuoi-sogni-manca-un-mese-per-iscriversi-ai-master-asvi\\\/\",\"url\":\"https:\\\/\\\/www.socialchangeschool.org\\\/it\\\/06\\\/05\\\/2014\\\/pronto-a-far-volare-i-tuoi-sogni-manca-un-mese-per-iscriversi-ai-master-asvi\\\/\",\"name\":\"Manca davvero poco! Cambia la tua vita! - SocialChangeSchool\",\"isPartOf\":{\"@id\":\"https:\\\/\\\/www.socialchangeschool.org\\\/it\\\/#website\"},\"primaryImageOfPage\":{\"@id\":\"https:\\\/\\\/www.socialchangeschool.org\\\/it\\\/06\\\/05\\\/2014\\\/pronto-a-far-volare-i-tuoi-sogni-manca-un-mese-per-iscriversi-ai-master-asvi\\\/#primaryimage\"},\"image\":{\"@id\":\"https:\\\/\\\/www.socialchangeschool.org\\\/it\\\/06\\\/05\\\/2014\\\/pronto-a-far-volare-i-tuoi-sogni-manca-un-mese-per-iscriversi-ai-master-asvi\\\/#primaryimage\"},\"thumbnailUrl\":\"http:\\\/\\\/www.asvi.it\\\/web\\\/wp-content\\\/uploads\\\/2014\\\/04\\\/mes-dentro-150x117.jpg\",\"datePublished\":\"2014-05-06T08:51:03+00:00\",\"breadcrumb\":{\"@id\":\"https:\\\/\\\/www.socialchangeschool.org\\\/it\\\/06\\\/05\\\/2014\\\/pronto-a-far-volare-i-tuoi-sogni-manca-un-mese-per-iscriversi-ai-master-asvi\\\/#breadcrumb\"},\"inLanguage\":\"it-IT\",\"potentialAction\":[{\"@type\":\"ReadAction\",\"target\":[\"https:\\\/\\\/www.socialchangeschool.org\\\/it\\\/06\\\/05\\\/2014\\\/pronto-a-far-volare-i-tuoi-sogni-manca-un-mese-per-iscriversi-ai-master-asvi\\\/\"]}]},{\"@type\":\"ImageObject\",\"inLanguage\":\"it-IT\",\"@id\":\"https:\\\/\\\/www.socialchangeschool.org\\\/it\\\/06\\\/05\\\/2014\\\/pronto-a-far-volare-i-tuoi-sogni-manca-un-mese-per-iscriversi-ai-master-asvi\\\/#primaryimage\",\"url\":\"http:\\\/\\\/www.asvi.it\\\/web\\\/wp-content\\\/uploads\\\/2014\\\/04\\\/mes-dentro-150x117.jpg\",\"contentUrl\":\"http:\\\/\\\/www.asvi.it\\\/web\\\/wp-content\\\/uploads\\\/2014\\\/04\\\/mes-dentro-150x117.jpg\"},{\"@type\":\"BreadcrumbList\",\"@id\":\"https:\\\/\\\/www.socialchangeschool.org\\\/it\\\/06\\\/05\\\/2014\\\/pronto-a-far-volare-i-tuoi-sogni-manca-un-mese-per-iscriversi-ai-master-asvi\\\/#breadcrumb\",\"itemListElement\":[{\"@type\":\"ListItem\",\"position\":1,\"name\":\"Home\",\"item\":\"https:\\\/\\\/www.socialchangeschool.org\\\/it\\\/\"},{\"@type\":\"ListItem\",\"position\":2,\"name\":\"Manca davvero poco! Cambia la tua vita!\"}]},{\"@type\":\"WebSite\",\"@id\":\"https:\\\/\\\/www.socialchangeschool.org\\\/it\\\/#website\",\"url\":\"https:\\\/\\\/www.socialchangeschool.org\\\/it\\\/\",\"name\":\"Social Change School\",\"description\":\"worldwide leader for training, connecting and certificating all professionals of Non Profit sector\",\"publisher\":{\"@id\":\"https:\\\/\\\/www.socialchangeschool.org\\\/it\\\/#organization\"},\"alternateName\":\"Leverage of Social Change transformational training institution\",\"potentialAction\":[{\"@type\":\"SearchAction\",\"target\":{\"@type\":\"EntryPoint\",\"urlTemplate\":\"https:\\\/\\\/www.socialchangeschool.org\\\/it\\\/?s={search_term_string}\"},\"query-input\":{\"@type\":\"PropertyValueSpecification\",\"valueRequired\":true,\"valueName\":\"search_term_string\"}}],\"inLanguage\":\"it-IT\"},{\"@type\":\"Organization\",\"@id\":\"https:\\\/\\\/www.socialchangeschool.org\\\/it\\\/#organization\",\"name\":\"Social Change School\",\"alternateName\":\"worldwide leader for training, connecting and certificating all professionals\",\"url\":\"https:\\\/\\\/www.socialchangeschool.org\\\/it\\\/\",\"logo\":{\"@type\":\"ImageObject\",\"inLanguage\":\"it-IT\",\"@id\":\"https:\\\/\\\/www.socialchangeschool.org\\\/it\\\/#\\\/schema\\\/logo\\\/image\\\/\",\"url\":\"https:\\\/\\\/www.socialchangeschool.org\\\/wp-content\\\/uploads\\\/2022\\\/06\\\/Logo-SocialChangeSchool.png\",\"contentUrl\":\"https:\\\/\\\/www.socialchangeschool.org\\\/wp-content\\\/uploads\\\/2022\\\/06\\\/Logo-SocialChangeSchool.png\",\"width\":1721,\"height\":1721,\"caption\":\"Social Change School\"},\"image\":{\"@id\":\"https:\\\/\\\/www.socialchangeschool.org\\\/it\\\/#\\\/schema\\\/logo\\\/image\\\/\"}},{\"@type\":\"Person\",\"@id\":\"https:\\\/\\\/www.socialchangeschool.org\\\/it\\\/#\\\/schema\\\/person\\\/830e0c463a7c51633e79f9b14aadf794\",\"name\":\"Laura Reiss\",\"url\":\"https:\\\/\\\/www.socialchangeschool.org\\\/it\\\/author\\\/ghost\\\/\"}]}<\/script>\n<!-- \/ Yoast SEO Premium plugin. -->","yoast_head_json":{"title":"Manca davvero poco! Cambia la tua vita! - SocialChangeSchool","robots":{"index":"index","follow":"follow","max-snippet":"max-snippet:-1","max-image-preview":"max-image-preview:large","max-video-preview":"max-video-preview:-1"},"canonical":"https:\/\/www.socialchangeschool.org\/it\/06\/05\/2014\/pronto-a-far-volare-i-tuoi-sogni-manca-un-mese-per-iscriversi-ai-master-asvi\/","og_locale":"it_IT","og_type":"article","og_title":"Manca davvero poco! Cambia la tua vita!","og_description":"Il 6 giugno si chiuderanno le iscrizioni per iscriversi ai Master ASVI Brigida Marino, ex corsista ASVI MES \u2013 MASTER IN SOCIAL INNOVATION, START UP SOCIALE, SOCIAL BUSINESS &amp; PROJECT INNOVATION, ci racconta la sua esperienza del Master. \u2018L\u2019incontro con ASVI ha rappresentato una tappa fondamentale del mio percorso umano e professionale; un percorso gi\u00e0 [&hellip;]","og_url":"https:\/\/www.socialchangeschool.org\/it\/06\/05\/2014\/pronto-a-far-volare-i-tuoi-sogni-manca-un-mese-per-iscriversi-ai-master-asvi\/","og_site_name":"SocialChangeSchool","article_published_time":"2014-05-06T08:51:03+00:00","og_image":[{"url":"http:\/\/www.asvi.it\/web\/wp-content\/uploads\/2014\/04\/mes-dentro-150x117.jpg","type":"","width":"","height":""}],"author":"Laura Reiss","twitter_card":"summary_large_image","twitter_misc":{"Scritto da":"Laura Reiss","Tempo di lettura stimato":"1 minuto"},"schema":{"@context":"https:\/\/schema.org","@graph":[{"@type":"Article","@id":"https:\/\/www.socialchangeschool.org\/it\/06\/05\/2014\/pronto-a-far-volare-i-tuoi-sogni-manca-un-mese-per-iscriversi-ai-master-asvi\/#article","isPartOf":{"@id":"https:\/\/www.socialchangeschool.org\/it\/06\/05\/2014\/pronto-a-far-volare-i-tuoi-sogni-manca-un-mese-per-iscriversi-ai-master-asvi\/"},"author":{"name":"Laura Reiss","@id":"https:\/\/www.socialchangeschool.org\/it\/#\/schema\/person\/830e0c463a7c51633e79f9b14aadf794"},"headline":"Manca davvero poco! Cambia la tua vita!","datePublished":"2014-05-06T08:51:03+00:00","mainEntityOfPage":{"@id":"https:\/\/www.socialchangeschool.org\/it\/06\/05\/2014\/pronto-a-far-volare-i-tuoi-sogni-manca-un-mese-per-iscriversi-ai-master-asvi\/"},"wordCount":219,"publisher":{"@id":"https:\/\/www.socialchangeschool.org\/it\/#organization"},"image":{"@id":"https:\/\/www.socialchangeschool.org\/it\/06\/05\/2014\/pronto-a-far-volare-i-tuoi-sogni-manca-un-mese-per-iscriversi-ai-master-asvi\/#primaryimage"},"thumbnailUrl":"http:\/\/www.asvi.it\/web\/wp-content\/uploads\/2014\/04\/mes-dentro-150x117.jpg","articleSection":["News"],"inLanguage":"it-IT"},{"@type":"WebPage","@id":"https:\/\/www.socialchangeschool.org\/it\/06\/05\/2014\/pronto-a-far-volare-i-tuoi-sogni-manca-un-mese-per-iscriversi-ai-master-asvi\/","url":"https:\/\/www.socialchangeschool.org\/it\/06\/05\/2014\/pronto-a-far-volare-i-tuoi-sogni-manca-un-mese-per-iscriversi-ai-master-asvi\/","name":"Manca davvero poco! Cambia la tua vita! - SocialChangeSchool","isPartOf":{"@id":"https:\/\/www.socialchangeschool.org\/it\/#website"},"primaryImageOfPage":{"@id":"https:\/\/www.socialchangeschool.org\/it\/06\/05\/2014\/pronto-a-far-volare-i-tuoi-sogni-manca-un-mese-per-iscriversi-ai-master-asvi\/#primaryimage"},"image":{"@id":"https:\/\/www.socialchangeschool.org\/it\/06\/05\/2014\/pronto-a-far-volare-i-tuoi-sogni-manca-un-mese-per-iscriversi-ai-master-asvi\/#primaryimage"},"thumbnailUrl":"http:\/\/www.asvi.it\/web\/wp-content\/uploads\/2014\/04\/mes-dentro-150x117.jpg","datePublished":"2014-05-06T08:51:03+00:00","breadcrumb":{"@id":"https:\/\/www.socialchangeschool.org\/it\/06\/05\/2014\/pronto-a-far-volare-i-tuoi-sogni-manca-un-mese-per-iscriversi-ai-master-asvi\/#breadcrumb"},"inLanguage":"it-IT","potentialAction":[{"@type":"ReadAction","target":["https:\/\/www.socialchangeschool.org\/it\/06\/05\/2014\/pronto-a-far-volare-i-tuoi-sogni-manca-un-mese-per-iscriversi-ai-master-asvi\/"]}]},{"@type":"ImageObject","inLanguage":"it-IT","@id":"https:\/\/www.socialchangeschool.org\/it\/06\/05\/2014\/pronto-a-far-volare-i-tuoi-sogni-manca-un-mese-per-iscriversi-ai-master-asvi\/#primaryimage","url":"http:\/\/www.asvi.it\/web\/wp-content\/uploads\/2014\/04\/mes-dentro-150x117.jpg","contentUrl":"http:\/\/www.asvi.it\/web\/wp-content\/uploads\/2014\/04\/mes-dentro-150x117.jpg"},{"@type":"BreadcrumbList","@id":"https:\/\/www.socialchangeschool.org\/it\/06\/05\/2014\/pronto-a-far-volare-i-tuoi-sogni-manca-un-mese-per-iscriversi-ai-master-asvi\/#breadcrumb","itemListElement":[{"@type":"ListItem","position":1,"name":"Home","item":"https:\/\/www.socialchangeschool.org\/it\/"},{"@type":"ListItem","position":2,"name":"Manca davvero poco! Cambia la tua vita!"}]},{"@type":"WebSite","@id":"https:\/\/www.socialchangeschool.org\/it\/#website","url":"https:\/\/www.socialchangeschool.org\/it\/","name":"Social Change School","description":"worldwide leader for training, connecting and certificating all professionals of Non Profit sector","publisher":{"@id":"https:\/\/www.socialchangeschool.org\/it\/#organization"},"alternateName":"Leverage of Social Change transformational training institution","potentialAction":[{"@type":"SearchAction","target":{"@type":"EntryPoint","urlTemplate":"https:\/\/www.socialchangeschool.org\/it\/?s={search_term_string}"},"query-input":{"@type":"PropertyValueSpecification","valueRequired":true,"valueName":"search_term_string"}}],"inLanguage":"it-IT"},{"@type":"Organization","@id":"https:\/\/www.socialchangeschool.org\/it\/#organization","name":"Social Change School","alternateName":"worldwide leader for training, connecting and certificating all professionals","url":"https:\/\/www.socialchangeschool.org\/it\/","logo":{"@type":"ImageObject","inLanguage":"it-IT","@id":"https:\/\/www.socialchangeschool.org\/it\/#\/schema\/logo\/image\/","url":"https:\/\/www.socialchangeschool.org\/wp-content\/uploads\/2022\/06\/Logo-SocialChangeSchool.png","contentUrl":"https:\/\/www.socialchangeschool.org\/wp-content\/uploads\/2022\/06\/Logo-SocialChangeSchool.png","width":1721,"height":1721,"caption":"Social Change School"},"image":{"@id":"https:\/\/www.socialchangeschool.org\/it\/#\/schema\/logo\/image\/"}},{"@type":"Person","@id":"https:\/\/www.socialchangeschool.org\/it\/#\/schema\/person\/830e0c463a7c51633e79f9b14aadf794","name":"Laura Reiss","url":"https:\/\/www.socialchangeschool.org\/it\/author\/ghost\/"}]}},"_links":{"self":[{"href":"https:\/\/www.socialchangeschool.org\/it\/wp-json\/wp\/v2\/posts\/37941","targetHints":{"allow":["GET"]}}],"collection":[{"href":"https:\/\/www.socialchangeschool.org\/it\/wp-json\/wp\/v2\/posts"}],"about":[{"href":"https:\/\/www.socialchangeschool.org\/it\/wp-json\/wp\/v2\/types\/post"}],"author":[{"embeddable":true,"href":"https:\/\/www.socialchangeschool.org\/it\/wp-json\/wp\/v2\/users\/2"}],"replies":[{"embeddable":true,"href":"https:\/\/www.socialchangeschool.org\/it\/wp-json\/wp\/v2\/comments?post=37941"}],"version-history":[{"count":0,"href":"https:\/\/www.socialchangeschool.org\/it\/wp-json\/wp\/v2\/posts\/37941\/revisions"}],"wp:attachment":[{"href":"https:\/\/www.socialchangeschool.org\/it\/wp-json\/wp\/v2\/media?parent=37941"}],"wp:term":[{"taxonomy":"category","embeddable":true,"href":"https:\/\/www.socialchangeschool.org\/it\/wp-json\/wp\/v2\/categories?post=37941"},{"taxonomy":"post_tag","embeddable":true,"href":"https:\/\/www.socialchangeschool.org\/it\/wp-json\/wp\/v2\/tags?post=37941"}],"curies":[{"name":"wp","href":"https:\/\/api.w.org\/{rel}","templated":true}]}}