{"id":37923,"date":"2014-02-24T15:09:24","date_gmt":"2014-02-24T15:09:24","guid":{"rendered":"http:\/\/socialchangeschool.org\/24\/02\/2014\/il-colloquio-secondo-voi\/"},"modified":"2014-02-24T15:09:24","modified_gmt":"2014-02-24T15:09:24","slug":"il-colloquio-secondo-voi","status":"publish","type":"post","link":"https:\/\/www.socialchangeschool.org\/it\/24\/02\/2014\/il-colloquio-secondo-voi\/","title":{"rendered":"Il colloquio secondo voi&#8230;"},"content":{"rendered":"<p><a href=\"https:\/\/www.asvi.it\/web\/wp-content\/uploads\/2014\/02\/lego21.jpg\"><img decoding=\"async\" class=\"alignleft size-thumbnail wp-image-15057\" title=\"lego2\" src=\"https:\/\/www.asvi.it\/web\/wp-content\/uploads\/2014\/02\/lego21-150x112.jpg\" alt=\"\" width=\"150\" height=\"112\" \/><\/a><strong>Hai\u00a0 mai costruito un ponte dei tuoi punti di forza?<\/strong><\/p>\n<p>Durante il<a href=\"https:\/\/www.asvi.it\/web\/?page_id=1247&amp;codiceutente=___codice___\"> colloquio di selezione e orientamento<\/a> potrai confrontarti con Marco Crescenzi, Presidente ASVI Social Change, oppure con un membro della direzione didattica\u00a0per la valutazione del\u00a0 tuo potenziale.<\/p>\n<p>Il colloquio \u00e8 un fondamentale per l&#8217;ammissione ai <a href=\"https:\/\/www.socialchangeschool.org\/it\/master\/i-master-internazionali\/\">Master Internazionali ASVI\u00a0Social Change<\/a>.\u00a0Un momento per chiarirsi le idee e tornare a casa con qualche strumento in pi\u00f9.<\/p>\n<p><a href=\"https:\/\/www.asvi.it\/02\/02\/2014\/news\/stiamo-arrivando\/\">Per alcuni \u00e8 stato un passo di vita decisivo!<\/a><\/p>\n<p><strong>Leggi le testimonianze di chi ha gi\u00e0 svolto il colloquio.<\/strong><\/p>\n<p>&#8220;Colloquio molto interessante ed utile per focalizzare le proprie caratteristiche, aspettative ed aspirazioni professionali.\u00a0 L&#8217;intervistatore \u00e8 stato molto disponibile ed ha sempre tenuto un atteggiamento di interesse nei miei confronti, cosa che ha favorito la mia apertura e sincerit\u00e0 di risposta alle sue domande.\u00a0 Una esperienza di valore, grazie&#8221;.<\/p>\n<p><em>(Ilaria Fresa,<\/em> <em><strong><a href=\"https:\/\/www.asvi.it\/master\/master-in-fundraising-management-comunicazione-marketing-campaigning\/\">FRM &#8211; \u00a0Master in Fudraising Management, Raccolta Fondi, Comunicazione, Marketing, Social Media e Campagne Sociali<\/a><\/strong>)<\/em><\/p>\n<p>&#8220;Il colloquio sostenuto con il Direttore Didattico Christian Dama, \u00e8 stato sicuramente formativo perch\u00e9 mi ha permesso di apprendere che i sogni si possono realizzare partendo prima da quelli che sono i punti di forza e poi migliorando quelli che sono ancora i punti deboli ma sicuramente colmabili con la giusta motivazione, tenacia, tanta voglia di imparare e l&#8217;acquisizione delle competenze teoriche e tecniche che il Master ASVI Social Change pu\u00f2 fornirmi&#8221;.<\/p>\n<p><em>(Bruna Cicchetti,<\/em> <em><strong><a href=\"https:\/\/www.asvi.it\/master\/master-in-cooperazione-internazionale-europrogettazione-sviluppo-locale\/\">PMC &#8211; Master in Project Management per la Cooperazione Internazionale, Europrogettazione e Sviluppo locale<\/a><\/strong>)\u00a0<\/em><\/p>\n<p>&nbsp;<\/p>\n<p>&#8220;Sono molto contento che le mie aspirazioni personali siano risultate di interesse di ASVI, naturalmente spero che la mia passione per il sociale ed il mio costante impegno per Amnesty e Save the Children possano diventare una professione stabile, attraverso il master ASVI spero di ottenere le competenze necessarie affinch\u00e8 questo desiderio si possa concretizzare&#8221;!<\/p>\n<p><em>(Gianluca Gafforio,<\/em> <em><strong><a href=\"https:\/\/www.asvi.it\/master\/master-in-cooperazione-internazionale-europrogettazione-sviluppo-locale\/\">PMC &#8211; Master in Project Management per la Cooperazione Internazionale, Europrogettazione e Sviluppo locale<\/a><\/strong>)\u00a0<\/em><\/p>\n<p>&#8220;\u00c8 stato un colloquio molto positivo e illuminante.<br \/>\nPrima di tutto, mi sono sentita a mio agio per l&#8217;ambiente accogliente e cordiale. Inoltre, mi sono state fornite tutte le informazioni di cui avevo bisogno in merito alla didattica del master, allo stage, al master di mio particolare interesse, il FRM, con approfondimenti in merito alle possibilit\u00e0 lavorative e alla formazione di un piano di carriera. Ho trovato il colloquio anche molto illuminante per me stessa, mi ha permesso non solo di avere pi\u00f9 informazioni sul settore no profit, ma anche di capire meglio i miei stessi punti di forza e quelli di miglioramento&#8221;.<\/p>\n<p><em>(Federica di Mario,<\/em> <em><strong><a href=\"https:\/\/www.asvi.it\/master\/master-in-fundraising-management-comunicazione-marketing-campaigning\/\">FRM &#8211; \u00a0Master in Fudraising Management, Raccolta Fondi, Comunicazione, Marketing, Social Media e Campagne Sociali<\/a><\/strong>)<\/em><\/p>\n<p>&#8220;Domande di motivazione professionale e personale ben strutturate e utili a comprendere l&#8217;orientamento dell&#8217;intervistato e la sua predisposizione e preparazione al Master.<br \/>\nEsaustiva spiegazione fornita riguardo alle domande sul Master.<br \/>\nLivello empatico di interazione intervistatore-intervistato,che ha facilitato una riflessione approfondita sulle potenzialit\u00e0 del master in relazione al background personale.<br \/>\nFlessibilit\u00e0 ed adattamento ad orari e richieste dell&#8217;intervistato&#8221;.<\/p>\n<p><em>(Martina Matarazzo,<\/em> <em><strong><a href=\"https:\/\/www.asvi.it\/master\/master-in-cooperazione-internazionale-europrogettazione-sviluppo-locale\/\">PMC &#8211; Master in Project Management per la Cooperazione Internazionale, Europrogettazione e Sviluppo locale<\/a><\/strong>)\u00a0<\/em><\/p>\n<p>&#8220;Avevo richiesto un colloquio di orientamento per indecisione tra due master tra quelli proposti. Al termine, ho avuto modo anche di approfondire con il responsabile di uno dei due master.<\/p>\n<p>Colloqui interessanti, fluidi, scorrevoli e approfonditi, mirati a conoscere la persona e valutarne il potenziale e l&#8217;affinit\u00e0 al percorso individuato, meno a rispondere a quesiti&#8221;.<\/p>\n<p><em>(Laura Casorio,<\/em> <em><a href=\"https:\/\/www.asvi.it\/master\/master-in-humanitarian-operations-in-emergencies-managing-projects-people-administration-logistic-in-the-field\/\"><strong>HOPE &#8211; Master in Humanitarian Operations in Emergencies, Managing Projects, Administration &amp; Logistic in the field<\/strong>)<\/a><\/em><\/p>\n<p>&#8220;E&#8217; sempre positivo colloquiare con persone &#8220;interessanti&#8221; e ancora di pi\u00f9 se le tematiche sono profonde e sviluppate in maniera sincera&#8221;.<\/p>\n<p><em>(Luca Marian<\/em>, <em><strong><a href=\"https:\/\/www.asvi.it\/master\/master-in-social-innovation-social-business-e-project-innovation\/\">MES \u2013 Master in Social Innovation, Social Business, Start Up Sociale e Progettazione Innovativa<\/a><\/strong>)<\/em><\/p>\n<p>&#8220;Il colloquio che ho affrontato insieme a Dora Lisa Mercuio, Responsabile Orientamento e Stage ASVI, \u00e8 stato molto piacevole ed esaustivo, condotto in maniera amicale ma allo stesso tempo portato avanti con l&#8217;obiettivo di riuscire a chiarire ogni mio dubbio e di darmi modo di farmi conoscere e riuscire a descrivere al meglio ci\u00f2 che sono e quali sono i miei obiettivi e sogni&#8221;.<\/p>\n<p class=\"p1\"><em>(Alfonso Porcelli<\/em><em>,<\/em>\u00a0<em><strong><a href=\"https:\/\/www.asvi.it\/master\/master-in-cooperazione-internazionale-europrogettazione-sviluppo-locale\/\">PMC &#8211; Master in Project Management per la Cooperazione Internazionale, Europrogettazione e Sviluppo locale<\/a><\/strong>)\u00a0<\/em><\/p>\n<p class=\"p1\">&#8216;Il colloquio \u00e8 amichevole e approfondito, informativo ma soprattutto utile per chi lo sostiene. A me ha aiutato a capire che si pu\u00f2 cambiare, per ritrovare un antico sogno e per seguire una strada che forse doveva essere percorsa sin dall&#8217;inizio&#8217;.<\/p>\n<p class=\"p1\"><em>(Anna Colella, <strong><a href=\"https:\/\/www.asvi.it\/master\/master-in-fundraising-management-comunicazione-marketing-campaigning\/\">FRM &#8211; \u00a0Master in Fudraising Management, Raccolta Fondi, Comunicazione, Marketing, Social Media e Campagne Sociali<\/a><\/strong>)<\/em><\/p>\n<p>&#8216;Il colloquio con Lodovico Mariani, il coordinatore del Master, \u00e8 stato molto importante per capire meglio le dinamiche del master e capire alcune cose in pi\u00f9 che non avevo chiare.<br \/>\nSono emersi interessanti ambiti di discussione tematica sia relativi al master che all&#8217;ambito del lavoro sul campo umanitario caratterizzati da onest\u00e0, qualit\u00e0 e professionalit\u00e0&#8217;.<\/p>\n<p><em>(Davide Bonechi<\/em>,\u00a0<em><a href=\"https:\/\/www.asvi.it\/master\/master-in-humanitarian-operations-in-emergencies-managing-projects-people-administration-logistic-in-the-field\/\"><strong>HOPE &#8211; Master in Humanitarian Operations in Emergencies, Managing Projects, Administration &amp; Logistic in the field<\/strong>)<\/a><\/em><\/p>\n<p>&#8216;Il colloquio sostenuto con il Direttore Didattico Christian Dama \u00e8 stata un&#8217;esperienza estremamente positiva: un&#8217;ora intensa ma che \u00e8 trascorsa volando, nella quale mettere in luce le proprie capacit\u00e0, esperienze e il proprio essere diventa molto semplice e spontaneo.<br \/>\nLa sua professionalit\u00e0 e la capacit\u00e0 di mettere a proprio agio chi gli sta di fronte mi ha molto colpita, ho apprezzato il modo di gestire il colloquio e i consigli utilissimi di una persona competente. Grazie!&#8217;<\/p>\n<p class=\"p1\"><em>(Marta Bitti<\/em><strong><em>,<\/em><\/strong>\u00a0<em><strong><a href=\"https:\/\/www.asvi.it\/master\/master-in-cooperazione-internazionale-europrogettazione-sviluppo-locale\/\">PMC &#8211; Master in Project Management per la Cooperazione Internazionale, Europrogettazione e Sviluppo locale<\/a><\/strong>)\u00a0<\/em><\/p>\n<p>&#8216;Il colloquio si \u00e8 articolato in varie parti: una inerente alla mia storia e delle mie aspirazioni, una di spiegazione del profilo che uscir\u00e0 dela master ed una carrellata della situazione odierna del not profit. \u00c8 stata una chiacchierata gradevole e mi \u00e8 sembrato brevissimo.<br \/>\nHo apprezzato molto la carica empatica dell&#8217;esaminatore e la possibilit\u00e0 di chiedere riguardo alcune curiosit\u00e0.&#8217;<\/p>\n<p><em>(Monia Tiana, <strong><a href=\"https:\/\/www.asvi.it\/master\/master-in-social-innovation-social-business-e-project-innovation\/\">MES \u2013 Master in Social Innovation, Social Business, Start Up Sociale e Progettazione Innovativa<\/a><\/strong>)<\/em><\/p>\n<p>&#8216;Sono molto contenta e soddisfatta del colloquio. Ho ricevuto informazioni chiare e ho potuto chiarire alcuni punti di particolare importanza per me. Il tono amichevole ha contribuito a farmi sentire a mio agio. Ritengo che il colloquio di persona dimostri anche la serieta&#8217; di ASVI e delle persone che ci lavorano&#8217;.<\/p>\n<p class=\"p1\"><em>(Marta Toma<\/em><strong><em>,<\/em><\/strong>\u00a0<em><strong><a href=\"https:\/\/www.asvi.it\/master\/master-in-cooperazione-internazionale-europrogettazione-sviluppo-locale\/\">PMC &#8211; Master in Project Management per la Cooperazione Internazionale, Europrogettazione e Sviluppo locale<\/a><\/strong>)\u00a0<\/em><\/p>\n<p>&#8216;Il colloquio con Christian Dama &#8211; Direttore didattico ASVI &#8211; \u00e8 stato un piacevole e costruttivo momento per approfondire non solo il discorso sul master di mio interesse ma anche e soprattutto per fare un&#8217;analisi breve ma efficace delle mie aspettative, della concretezza dei miei obiettivi, del mio profilo e delle possibili aree di interesse sulla base delle mie esperienze pregresse.<br \/>\nUn colloquio utile e su cui sto riflettendo approfonditamente&#8217;.<\/p>\n<p class=\"p1\"><em>(Davide Nepote Valentin<\/em><strong><em>,<\/em><\/strong>\u00a0<em><strong><a href=\"https:\/\/www.asvi.it\/master\/master-in-cooperazione-internazionale-europrogettazione-sviluppo-locale\/\">PMC &#8211; Master in Project Management per la Cooperazione Internazionale, Europrogettazione e Sviluppo locale<\/a><\/strong>)\u00a0<\/em><\/p>\n<p>&#8220;E&#8217; stato un colloquio che mi ha lasciato pienamente soddisfatto. Le domande dell&#8217;interlocutrice hanno reso sempre pi\u00f9 chiaro il senso del master, di ci\u00f2 che offre e ci\u00f2 che chiede. Alcuni dettagli mi hanno davvero colpito e spronato, come il lavoro in team, l&#8217;essere seguiti da una equipe di esperti, fare rete&#8230;\u00a0<span style=\"line-height: 1.5;\">Sono davvero contento di questo colloquio, e spero sia quel semino che poter\u00e0 frutto&#8230; Grazie ASVI&#8221;!<\/span><\/p>\n<p><em>(Luca Rubin, <strong><a href=\"https:\/\/www.asvi.it\/master\/master-in-fundraising-management-comunicazione-marketing-campaigning\/\">FRM &#8211; \u00a0Master in Fudraising Management, Raccolta Fondi, Comunicazione, Marketing, Social Media e Campagne Sociali<\/a><\/strong>)<\/em><\/p>\n<p>&#8216;Sono molto contenta del colloquio affrontato con il dott. Mariani che si \u00e8 dimostrato da subito molto disponibile, gentile, sincero e professionale.<\/p>\n<p class=\"p1\">Ho gi\u00e0 spiegato abbondantemente durante il colloquio di ammissione di voler intraprendere con energia ed entusiasmo una carriera nel campo umanitario.<br \/>\nSpero quindi nelle reali e concrete possibilit\u00e0 di far parte del gruppo degli ammessi alla prima edizione del Master HOPE&#8217;.<br \/>\n<em>(Vincenza Lofino<\/em>,\u00a0<em><a href=\"https:\/\/www.asvi.it\/master\/master-in-humanitarian-operations-in-emergencies-managing-projects-people-administration-logistic-in-the-field\/\"><strong>HOPE &#8211; Master in Humanitarian Operations in Emergencies, Managing Projects, Administration &amp; Logistic in the field<\/strong>)<\/a><\/em><\/p>\n<p class=\"p1\">&#8216;In sede di colloquio con il Direttore Didattico Christian Dama ho avuto modo di condividere le mie esperienze lavorative, formative e sociali con una persona che ha raccolto le informazioni a lui necessarie mantenendomi a mio agio e fornendomi, di ritorno, tutti i feed-back richiesti.<br \/>\nL&#8217;impressione generale \u00e8 stata di professionalit\u00e0 e cordialit\u00e0&#8217;.<\/p>\n<p class=\"p1\"><em>(Valeria Pivetta<\/em><strong><em>,<\/em><\/strong>\u00a0<em><strong><a href=\"https:\/\/www.asvi.it\/master\/master-in-cooperazione-internazionale-europrogettazione-sviluppo-locale\/\">PMC &#8211; Master in Project Management per la Cooperazione Internazionale, Europrogettazione e Sviluppo locale<\/a><\/strong>)\u00a0<\/em><\/p>\n<p class=\"p1\">&#8216;Ritengo serio e approfondito il colloquio svolto, in cui \u00e8 stato tenuto conto delle soggettivit\u00e0 personali e del retaggio lavorativo, in termini di sviluppo e qualit\u00e0 propositive.<br \/>\nSono rimasta soddisfatta del colloquio che ha aumentato la mia motivazione iniziale rendendo possibile un progetto personale in crescita&#8217;.<\/p>\n<p class=\"p1\"><em>(Silvia Casadei, <strong><a href=\"https:\/\/www.asvi.it\/master\/master-in-cooperazione-internazionale-europrogettazione-sviluppo-locale\/\">PMC &#8211; Master in Project Management per la Cooperazione Internazionale, Europrogettazione e Sviluppo locale<\/a><\/strong>)\u00a0<\/em><\/p>\n<p class=\"p1\">&#8216;L&#8217;esaminatore mi ha subito fatto sentire a mio agio, pi\u00f9 che un colloquio \u00e8 sembrata una &#8220;chiacchierata&#8221;, ma molto professionale. Grazie al colloquio sono riuscito a chiarire tutti i miei dubbi e ho acquisito ancor pi\u00f9 convinzione.<br \/>\nE&#8217; stato molto interessante percorrere insieme all&#8217;esaminatore i miei punti di forza e vedere come le mie competenze possano essere utilizzate nel corso del master.Inoltre \u00e8 stato altrettanto importante capire su quali aspetti lavorare di pi\u00f9 per migliorare&#8217;.<\/p>\n<p class=\"p1\"><em>(Tommaso Urbani, <a href=\"https:\/\/www.asvi.it\/master\/master-in-humanitarian-operations-in-emergencies-managing-projects-people-administration-logistic-in-the-field\/\"><strong>HOPE &#8211; Master in Humanitarian Operations in Emergencies, Managing Projects, Administration &amp; Logistic in the field<\/strong>)<\/a><\/em><\/p>\n<p>&#8220;Colloquio denotato da alta professionalit\u00e0 dell&#8217;esaminante il quale comunque mi ha messo a mio agio e mi ha dato la possibilit\u00e0 di raccontare le mie esperienze ascoltandomi con attenzione. Ottima impressione sulla multidimensionalit\u00e0 delle caratteristiche dell&#8217;esaminato prese in considerazione e valutate in sede di colloquio.<\/p>\n<p>Molto utile la parte relativa al &#8220;sogno&#8221;, alle motivazioni e alle prospettive future&#8221;.<\/p>\n<p><em>(Stella Di Modugno,<\/em>\u00a0<em><strong><a href=\"https:\/\/www.asvi.it\/master\/master-in-cooperazione-internazionale-europrogettazione-sviluppo-locale\/\">PMC &#8211; Master in Project Management per la Cooperazione Internazionale, Europrogettazione e Sviluppo locale<\/a><\/strong>)\u00a0<\/em><\/p>\n<p>\u201cIl colloquio mette a proprio agio il candidato al quale viene data la possibilit\u00e0 di parlare e presentarsi ma non perde mai di vista l&#8217;obiettivo di delineare il profilo del candidato in modo esaustivo e preciso. In tre parole pu\u00f2 essere descritto come : <strong>diretto, incisivo, interessante<\/strong>\u201d.<\/p>\n<p><em>(Maura Saltimbanco, \u00a0<\/em><em><strong><a style=\"color: #d53030;\" href=\"https:\/\/www.asvi.it\/master\/master-in-fundraising-management-comunicazione-marketing-campaigning\/\">FRM &#8211; \u00a0Master in Fudraising Management, Raccolta Fondi, Comunicazione, Marketing, Social Media e Campagne Sociali<\/a><\/strong><\/em>)<\/p>\n<p>&#8220;Il colloquio \u00e8 stato un bel momento, informale e franco. Ma anche rigoroso nell&#8217;ipotizzare il percorso per me pi\u00f9 congeniale, nell&#8217;individuare i punti di forza e i limiti su cui lavorare della mia candidatura. E&#8217; stato un momento di libert\u00e0, in cui esprimere il proprio bagaglio valoriale, descrivere il tragitto intrapreso fin qui e le aspettative che hanno indotto l&#8217;incontro. Eppoi l&#8217;esposizione del <strong>&#8220;sogno&#8221;<\/strong>, ovvero il progetto da costruire insieme per essere artefici del cambiamento sociale in un mondo che ne ha un bisogno improrogabile. Vorrei condividere una riflessione visto che l&#8217;incontro con il Presidente Crescenzi ha toccato anche corde profonde: da ateo o agostico mi sono chiesto il motivo del successo, a livello di &#8220;connessione sentimentale&#8221; col proprio popolo, dell&#8217;attuale pontefice. Sar\u00e0 perch\u00e9 in un&#8217; epoca in cui il vero Dio \u00e8 la massimizzazione del profitto con ogni mezzo e a qualsiasi costo (ambientale, sociale, umano ecc.) si \u00e8 levato un controcanto da parte di un&#8217;autorit\u00e0 spirituale che ha posto al centro del dibattito pubblico i valori della solidariet\u00e0, della relazione sociale, della dignit\u00e0 del lavoro ecc.? Sar\u00e0 che la &#8220;glasnost e perestroika&#8221; nella Chiesa tocca corde sensibili perch\u00e9 si ha la percezione di vivere in una societ\u00e0 poco trasparente e ingiusta? Credo che un&#8217;organizzazione laica possa trovare punti di contatto con tutte le persone di &#8220;buona volont\u00e0&#8221; (sto studiando le figure di Capitini, Dolci, Balducci ecc.) e con coloro convinti che dall&#8217;attuale crisi, che non \u00e8 una congiuntura astrale, si esce con una trasformazione in senso solidaristico, con pi\u00f9 giustizia sociale, ma anche attraverso una &#8220;riforma&#8221; interiore (J. Rifkin ha parlato di &#8220;Societ\u00e0 dell&#8217;empatia&#8221;). Concludo con una riflessione di Jung: &#8220;I problemi maggiori dell&#8217;esistenza sono fondamentalmente insolubili&#8230;Non si possono risolvere, si possono solo oltrepassare. Ma questo &#8220;oltrepassamento&#8221;, una volta investigato, dimostra la presenza di un nuovo livello di coscienza&#8221;.<\/p>\n<p><em>(Christian De Fabrittis, <\/em><em><strong><a style=\"color: #d53030;\" href=\"https:\/\/www.asvi.it\/master\/master-in-fundraising-management-comunicazione-marketing-campaigning\/\">FRM &#8211; \u00a0Master in Fudraising Management, Raccolta Fondi, Comunicazione, Marketing, Social Media e Campagne Sociali<\/a><\/strong><\/em>)<\/p>\n<p>\u201cE&#8217; stata un&#8217;intervista che mi ha motivato e riempito di fiducia. Molto sincera e schietta.\u00a0Sono stati analizzati i miei punti di forza e debolezza e mi \u00e8 stato chiarito ogni aspetto del master. Sono ancora pi\u00f9 <strong>motivata e piena di speranza<\/strong>\u201d.<\/p>\n<p><em>(Simona Nicastro,\u00a0<\/em><em><strong><a href=\"https:\/\/www.asvi.it\/master\/master-in-cooperazione-internazionale-europrogettazione-sviluppo-locale\/\">PMC &#8211; Master in Project Management per la Cooperazione Internazionale, Europrogettazione e Sviluppo locale<\/a><\/strong><\/em>)<\/p>\n<p>\u201cSono assolutamente soddisfatta del colloquio svolto in sede, anche in presenza dello staff comunicazione e del coordinatore della didattica. ASVI mi \u00e8 apparsa ancora di pi\u00f9 un\u2019organizzazione seria ed affidabile, \u00e8 stato stupefacente vedere con quanto interesse \u00e8 stata ascoltata la mia storia e con quale premura e minuzia abbiamo provato a costruire insieme scenari futuri.\u00a0La sensazione \u00e8 davvero di essere ad un passo dalla<strong> realizzazione del sogno<\/strong>\u201d!<\/p>\n<p><em>(Alessandra Panzera, <\/em><em><strong><a style=\"color: #d53030;\" href=\"https:\/\/www.asvi.it\/master\/master-in-fundraising-management-comunicazione-marketing-campaigning\/\">FRM &#8211; \u00a0Master in Fudraising Management, Raccolta Fondi, Comunicazione, Marketing, Social Media e Campagne Sociali<\/a><\/strong><\/em>)<\/p>\n<p>\u201cSono molto soddisfatta del colloquio in quanto mi ha aiutato a chiarire ulteriormente le idee sia sui contenuti del master sia sulle mie prospettive future. La possibilit\u00e0 di esternare quali sono i sogni e soprattutto le <strong>aree di miglioramento<\/strong> che intendo perseguire mi ha permesso di riflettere su quanto sia importante un supporto, come potrebbe essere il Master, che mi aiuti nel raggiungimento di tali obiettivi. Inoltre le tecniche utilizzate nel colloquio le ho trovate molto stimolanti e mi hanno messo subito a mio agio\u201d.<\/p>\n<p><em>(Giordana Giambanco,\u00a0<\/em><em><strong><a href=\"https:\/\/www.asvi.it\/master\/master-in-cooperazione-internazionale-europrogettazione-sviluppo-locale\/\">PMC &#8211; Master in Project Management per la Cooperazione Internazionale, Europrogettazione e Sviluppo locale<\/a><\/strong>)\u00a0<\/em><\/p>\n<p>\u201cAssolutamente soddisfatta del colloquio. Mi ha fatto piacere parlare con il dott. Crescenzi in persona in quanto rappresentante del Master e di ASVI. E&#8217; utile per capire com&#8217;\u00e8 l&#8217;approccio della scuola e come si intenda procedere, sia per il futuro corsista che da parte del <strong>management<\/strong> della scuola. Vi ringrazio moltissimo per la disponibilt\u00e0 e per credere in me\u201d!<\/p>\n<p><em>(Ilaria Bettinelli, \u00a0<\/em><em><strong><a style=\"color: #d53030;\" href=\"https:\/\/www.asvi.it\/master\/master-in-fundraising-management-comunicazione-marketing-campaigning\/\">FRM &#8211; \u00a0Master in Fudraising Management, Raccolta Fondi, Comunicazione, Marketing, Social Media e Campagne Sociali<\/a><\/strong><\/em><\/p>\n<p>&#8220;Il colloquio \u00e8 stato molto piacevole e intenso; mi sono sentita a mio agio, confermata rispetto a me stessa, alle mie aspettative e all&#8217;idea che il percorso proposto possa rispondere effettivamente alle mie e sigenze personali e lavorative.\u00a0Ringrazio sentitamente per la competenza, l&#8217;accoglienza e la disponibilit\u00e0.\u00a0La sensazione pi\u00f9 bella \u00e8 che &#8221; mi si sia <strong>aperto un mondo<\/strong>&#8220;.<\/p>\n<p><em>(Antonella Rigoni, \u00a0<\/em><em><strong><a href=\"https:\/\/www.asvi.it\/master\/master-in-cooperazione-internazionale-europrogettazione-sviluppo-locale\/\">PMC &#8211; Master in Project Management per la Cooperazione Internazionale, Europrogettazione e Sviluppo locale<\/a><\/strong>)\u00a0<\/em><\/p>\n<p>\u201cSono molto soddisfatta del colloquio. \u00c8 stato un percorso in cui sono state valorizzate le mie competenze ed esperienze. Un <strong>metodo innovativo<\/strong> che mi ha permesso di parlare di me dando un senso al mio vissuto e ai miei sogni. \u00c8 stato anche molto divertente\u201d.<\/p>\n<p><em>(Silvia Piscitelli,\u00a0 <\/em><em><strong><a style=\"color: #d53030;\" href=\"https:\/\/www.asvi.it\/master\/master-in-fundraising-management-comunicazione-marketing-campaigning\/\">FRM &#8211; \u00a0Master in Fudraising Management, Raccolta Fondi, Comunicazione, Marketing, Social Media e Campagne Sociali<\/a><\/strong><\/em>)<\/p>\n<p>\u201cSono molto soddisfatto del colloquio d&#8217;orientamento svolto insieme al Dott. Marco Crescenzi. E&#8217; stata una perfetta occasione non solo per conoscerci a vicenda, ma sorprendemente per riflettere insieme sulle mie personali connotazioni, attitudini, qualit\u00e0, punti di forza e debolezza, percorrendo in due il primo piccolo <strong>viaggio alla scoperta<\/strong> di quello che spero possa diventare un bel futuro\u201d.<\/p>\n<p><em>(Marco Punzi,\u00a0<\/em><em><strong><a href=\"https:\/\/www.asvi.it\/master\/master-in-social-innovation-social-business-e-project-innovation\/\">MES \u2013 Master in Social Innovation, Social Business, Start Up Sociale e Progettazione Innovativa<\/a>)<\/strong><\/em><\/p>\n<p>&#8220;Ho svolto il colloquio con il direttore della didattica per conoscere le modalit\u00e0 e le peculiarit\u00e0 di ASVI Social Change. Mi ha colpito in particolar modo l&#8217;attenzione prestata. Inoltre la quantit\u00e0 e la qualit\u00e0 del tempo, un&#8217;ora abbondante di conversazione in cui ho potuto presentare la mia esperienza e chiarire i miei dubbi sulle possibilit\u00e0 di collocamento post master. Ho constatato sin da subito la competenza reale e l&#8217;affidabilit\u00e0 professionale del mio interlocutore e alla fine del colloquio le mie idee erano pi\u00f9 chiare e arricchite da nuovi stimoli&#8221;.<\/p>\n<p><em>(Laura Pinna<\/em>,\u00a0<em>\u00a0<\/em><em><strong><a href=\"https:\/\/www.asvi.it\/master\/master-in-cooperazione-internazionale-europrogettazione-sviluppo-locale\/\">PMC &#8211; Master in Project Management per la Cooperazione Internazionale, Europrogettazione e Sviluppo locale<\/a><\/strong>)\u00a0<\/em><\/p>\n<p>&nbsp;<\/p>\n<p>\u201cSono riuscito a mettere in luce i miei <strong>punti di forza<\/strong> e focalizzare con l&#8217;aiuto del Dott. Crescenzi le criticit\u00e0 su cui lavorare per migliorare. Ho apprezzato la seriet\u00e0, la disponibilit\u00e0 e la concretezza che mi hanno fatto propendere per un giudizio positivo\u201d.<\/p>\n<p><em>(Salvatore di Falco, \u00a0<\/em><em><strong><a style=\"color: #d53030;\" href=\"https:\/\/www.asvi.it\/master\/master-in-fundraising-management-comunicazione-marketing-campaigning\/\">FRM &#8211; \u00a0Master in Fudraising Management, Raccolta Fondi, Comunicazione, Marketing, Social Media e Campagne Sociali<\/a><\/strong><\/em>)<\/p>\n<p>\u201cSi \u00e8 trattato di un colloquio completo e sincero, in grado di indagare molti aspetti della personalit\u00e0 e non solo le competenze professionali. Mi sono stati chiariti i dubbi circa il master, illustrandomi la <strong>Rete capillare in cui \u00e8 inserita ASVI<\/strong> e quindi le opportunit\u00e0 che potrebbe offrire a chi ha la perspicacia per avvalersene. E&#8217; stato anche un modo interessante per razionalizzare i miei punti deboli, per capire su cosa devo puntare per raggiungere un risultato davvero efficace\u201d.<\/p>\n<p class=\"MsoNormal\" style=\"margin-left: 0cm;\"><em>(Camilla Carabini, \u00a0<\/em><em><strong><a style=\"color: #d53030;\" href=\"https:\/\/www.asvi.it\/master\/master-in-fundraising-management-comunicazione-marketing-campaigning\/\">FRM &#8211; \u00a0Master in Fudraising Management, Raccolta Fondi, Comunicazione, Marketing, Social Media e Campagne Sociali<\/a><\/strong><\/em>)<\/p>\n<p class=\"MsoNormal\" style=\"margin-left: 0cm;\">&#8220;Il cambiamento ce l&#8217;avevo gi\u00e0 dentro nel profondo ma il colloquio \u00e8 stato <strong>illuminante<\/strong>. Ho percepito che \u00e8 realmente fattibile, \u00e8 stato il primo passo verso la realizzazione di un sogno. Mi sono sentita compresa e rincuorata&#8221;.<\/p>\n<p><em>(Francesca Sacchi<\/em>,\u00a0<em>\u00a0<\/em><em><strong><a href=\"https:\/\/www.asvi.it\/master\/master-in-cooperazione-internazionale-europrogettazione-sviluppo-locale\/\">PMC &#8211; Master in Project Management per la Cooperazione Internazionale, Europrogettazione e Sviluppo locale<\/a><\/strong>)\u00a0<\/em><\/p>\n<p>&nbsp;<\/p>\n<p><strong><a href=\"https:\/\/www.asvi.it\/web\/wp-content\/uploads\/2014\/02\/lego3.jpg\"><img decoding=\"async\" class=\"alignleft size-thumbnail wp-image-15058\" title=\"lego3\" src=\"https:\/\/www.asvi.it\/web\/wp-content\/uploads\/2014\/02\/lego3-150x112.jpg\" alt=\"\" width=\"150\" height=\"112\" \/><\/a>Sei pronto a inseguire il tuo sogno?<\/strong><\/p>\n<p><strong>Costruisci il tuo futuro con ASVI!<\/strong><\/p>\n<p><strong>Richiedi il <a href=\"https:\/\/www.asvi.it\/web\/?page_id=1247&amp;codiceutente=___codice___\"> colloquio di selezione e orientamento<\/a><\/strong><\/p>\n","protected":false},"excerpt":{"rendered":"<p>Hai\u00a0 mai costruito un ponte dei tuoi punti di forza? Durante il colloquio di selezione e orientamento potrai confrontarti con Marco Crescenzi, Presidente ASVI Social Change, oppure con un membro della direzione didattica\u00a0per la valutazione del\u00a0 tuo potenziale. Il colloquio \u00e8 un fondamentale per l&#8217;ammissione ai Master Internazionali ASVI\u00a0Social Change.\u00a0Un momento per chiarirsi le idee [&hellip;]<\/p>\n","protected":false},"author":2,"featured_media":0,"comment_status":"closed","ping_status":"closed","sticky":false,"template":"","format":"standard","meta":{"site-sidebar-layout":"default","site-content-layout":"","ast-site-content-layout":"default","site-content-style":"default","site-sidebar-style":"default","ast-global-header-display":"","ast-banner-title-visibility":"","ast-main-header-display":"","ast-hfb-above-header-display":"","ast-hfb-below-header-display":"","ast-hfb-mobile-header-display":"","site-post-title":"","ast-breadcrumbs-content":"","ast-featured-img":"","footer-sml-layout":"","ast-disable-related-posts":"","theme-transparent-header-meta":"","adv-header-id-meta":"","stick-header-meta":"","header-above-stick-meta":"","header-main-stick-meta":"","header-below-stick-meta":"","astra-migrate-meta-layouts":"default","ast-page-background-enabled":"default","ast-page-background-meta":{"desktop":{"background-color":"","background-image":"","background-repeat":"repeat","background-position":"center center","background-size":"auto","background-attachment":"scroll","background-type":"","background-media":"","overlay-type":"","overlay-color":"","overlay-opacity":"","overlay-gradient":""},"tablet":{"background-color":"","background-image":"","background-repeat":"repeat","background-position":"center center","background-size":"auto","background-attachment":"scroll","background-type":"","background-media":"","overlay-type":"","overlay-color":"","overlay-opacity":"","overlay-gradient":""},"mobile":{"background-color":"","background-image":"","background-repeat":"repeat","background-position":"center center","background-size":"auto","background-attachment":"scroll","background-type":"","background-media":"","overlay-type":"","overlay-color":"","overlay-opacity":"","overlay-gradient":""}},"ast-content-background-meta":{"desktop":{"background-color":"var(--ast-global-color-5)","background-image":"","background-repeat":"repeat","background-position":"center center","background-size":"auto","background-attachment":"scroll","background-type":"","background-media":"","overlay-type":"","overlay-color":"","overlay-opacity":"","overlay-gradient":""},"tablet":{"background-color":"var(--ast-global-color-5)","background-image":"","background-repeat":"repeat","background-position":"center center","background-size":"auto","background-attachment":"scroll","background-type":"","background-media":"","overlay-type":"","overlay-color":"","overlay-opacity":"","overlay-gradient":""},"mobile":{"background-color":"var(--ast-global-color-5)","background-image":"","background-repeat":"repeat","background-position":"center center","background-size":"auto","background-attachment":"scroll","background-type":"","background-media":"","overlay-type":"","overlay-color":"","overlay-opacity":"","overlay-gradient":""}},"footnotes":""},"categories":[117],"tags":[],"class_list":["post-37923","post","type-post","status-publish","format-standard","hentry","category-news-it"],"yoast_head":"<!-- This site is optimized with the Yoast SEO Premium plugin v27.2 (Yoast SEO v27.5) - https:\/\/yoast.com\/product\/yoast-seo-premium-wordpress\/ -->\n<title>Il colloquio secondo voi... - SocialChangeSchool<\/title>\n<meta name=\"robots\" content=\"index, follow, max-snippet:-1, max-image-preview:large, max-video-preview:-1\" \/>\n<link rel=\"canonical\" href=\"https:\/\/www.socialchangeschool.org\/it\/24\/02\/2014\/il-colloquio-secondo-voi\/\" \/>\n<meta property=\"og:locale\" content=\"it_IT\" \/>\n<meta property=\"og:type\" content=\"article\" \/>\n<meta property=\"og:title\" content=\"Il colloquio secondo voi...\" \/>\n<meta property=\"og:description\" content=\"Hai\u00a0 mai costruito un ponte dei tuoi punti di forza? Durante il colloquio di selezione e orientamento potrai confrontarti con Marco Crescenzi, Presidente ASVI Social Change, oppure con un membro della direzione didattica\u00a0per la valutazione del\u00a0 tuo potenziale. Il colloquio \u00e8 un fondamentale per l&#8217;ammissione ai Master Internazionali ASVI\u00a0Social Change.\u00a0Un momento per chiarirsi le idee [&hellip;]\" \/>\n<meta property=\"og:url\" content=\"https:\/\/www.socialchangeschool.org\/it\/24\/02\/2014\/il-colloquio-secondo-voi\/\" \/>\n<meta property=\"og:site_name\" content=\"SocialChangeSchool\" \/>\n<meta property=\"article:published_time\" content=\"2014-02-24T15:09:24+00:00\" \/>\n<meta property=\"og:image\" content=\"http:\/\/www.asvi.it\/web\/wp-content\/uploads\/2014\/02\/lego21-150x112.jpg\" \/>\n<meta name=\"author\" content=\"Laura Reiss\" \/>\n<meta name=\"twitter:card\" content=\"summary_large_image\" \/>\n<meta name=\"twitter:label1\" content=\"Scritto da\" \/>\n\t<meta name=\"twitter:data1\" content=\"Laura Reiss\" \/>\n\t<meta name=\"twitter:label2\" content=\"Tempo di lettura stimato\" \/>\n\t<meta name=\"twitter:data2\" content=\"14 minuti\" \/>\n<script type=\"application\/ld+json\" class=\"yoast-schema-graph\">{\"@context\":\"https:\\\/\\\/schema.org\",\"@graph\":[{\"@type\":\"Article\",\"@id\":\"https:\\\/\\\/www.socialchangeschool.org\\\/it\\\/24\\\/02\\\/2014\\\/il-colloquio-secondo-voi\\\/#article\",\"isPartOf\":{\"@id\":\"https:\\\/\\\/www.socialchangeschool.org\\\/it\\\/24\\\/02\\\/2014\\\/il-colloquio-secondo-voi\\\/\"},\"author\":{\"name\":\"Laura Reiss\",\"@id\":\"https:\\\/\\\/www.socialchangeschool.org\\\/it\\\/#\\\/schema\\\/person\\\/830e0c463a7c51633e79f9b14aadf794\"},\"headline\":\"Il colloquio secondo voi&#8230;\",\"datePublished\":\"2014-02-24T15:09:24+00:00\",\"mainEntityOfPage\":{\"@id\":\"https:\\\/\\\/www.socialchangeschool.org\\\/it\\\/24\\\/02\\\/2014\\\/il-colloquio-secondo-voi\\\/\"},\"wordCount\":2875,\"publisher\":{\"@id\":\"https:\\\/\\\/www.socialchangeschool.org\\\/it\\\/#organization\"},\"image\":{\"@id\":\"https:\\\/\\\/www.socialchangeschool.org\\\/it\\\/24\\\/02\\\/2014\\\/il-colloquio-secondo-voi\\\/#primaryimage\"},\"thumbnailUrl\":\"http:\\\/\\\/www.asvi.it\\\/web\\\/wp-content\\\/uploads\\\/2014\\\/02\\\/lego21-150x112.jpg\",\"articleSection\":[\"News\"],\"inLanguage\":\"it-IT\"},{\"@type\":\"WebPage\",\"@id\":\"https:\\\/\\\/www.socialchangeschool.org\\\/it\\\/24\\\/02\\\/2014\\\/il-colloquio-secondo-voi\\\/\",\"url\":\"https:\\\/\\\/www.socialchangeschool.org\\\/it\\\/24\\\/02\\\/2014\\\/il-colloquio-secondo-voi\\\/\",\"name\":\"Il colloquio secondo voi... - SocialChangeSchool\",\"isPartOf\":{\"@id\":\"https:\\\/\\\/www.socialchangeschool.org\\\/it\\\/#website\"},\"primaryImageOfPage\":{\"@id\":\"https:\\\/\\\/www.socialchangeschool.org\\\/it\\\/24\\\/02\\\/2014\\\/il-colloquio-secondo-voi\\\/#primaryimage\"},\"image\":{\"@id\":\"https:\\\/\\\/www.socialchangeschool.org\\\/it\\\/24\\\/02\\\/2014\\\/il-colloquio-secondo-voi\\\/#primaryimage\"},\"thumbnailUrl\":\"http:\\\/\\\/www.asvi.it\\\/web\\\/wp-content\\\/uploads\\\/2014\\\/02\\\/lego21-150x112.jpg\",\"datePublished\":\"2014-02-24T15:09:24+00:00\",\"breadcrumb\":{\"@id\":\"https:\\\/\\\/www.socialchangeschool.org\\\/it\\\/24\\\/02\\\/2014\\\/il-colloquio-secondo-voi\\\/#breadcrumb\"},\"inLanguage\":\"it-IT\",\"potentialAction\":[{\"@type\":\"ReadAction\",\"target\":[\"https:\\\/\\\/www.socialchangeschool.org\\\/it\\\/24\\\/02\\\/2014\\\/il-colloquio-secondo-voi\\\/\"]}]},{\"@type\":\"ImageObject\",\"inLanguage\":\"it-IT\",\"@id\":\"https:\\\/\\\/www.socialchangeschool.org\\\/it\\\/24\\\/02\\\/2014\\\/il-colloquio-secondo-voi\\\/#primaryimage\",\"url\":\"http:\\\/\\\/www.asvi.it\\\/web\\\/wp-content\\\/uploads\\\/2014\\\/02\\\/lego21-150x112.jpg\",\"contentUrl\":\"http:\\\/\\\/www.asvi.it\\\/web\\\/wp-content\\\/uploads\\\/2014\\\/02\\\/lego21-150x112.jpg\"},{\"@type\":\"BreadcrumbList\",\"@id\":\"https:\\\/\\\/www.socialchangeschool.org\\\/it\\\/24\\\/02\\\/2014\\\/il-colloquio-secondo-voi\\\/#breadcrumb\",\"itemListElement\":[{\"@type\":\"ListItem\",\"position\":1,\"name\":\"Home\",\"item\":\"https:\\\/\\\/www.socialchangeschool.org\\\/it\\\/\"},{\"@type\":\"ListItem\",\"position\":2,\"name\":\"Il colloquio secondo voi&#8230;\"}]},{\"@type\":\"WebSite\",\"@id\":\"https:\\\/\\\/www.socialchangeschool.org\\\/it\\\/#website\",\"url\":\"https:\\\/\\\/www.socialchangeschool.org\\\/it\\\/\",\"name\":\"Social Change School\",\"description\":\"worldwide leader for training, connecting and certificating all professionals of Non Profit sector\",\"publisher\":{\"@id\":\"https:\\\/\\\/www.socialchangeschool.org\\\/it\\\/#organization\"},\"alternateName\":\"Leverage of Social Change transformational training institution\",\"potentialAction\":[{\"@type\":\"SearchAction\",\"target\":{\"@type\":\"EntryPoint\",\"urlTemplate\":\"https:\\\/\\\/www.socialchangeschool.org\\\/it\\\/?s={search_term_string}\"},\"query-input\":{\"@type\":\"PropertyValueSpecification\",\"valueRequired\":true,\"valueName\":\"search_term_string\"}}],\"inLanguage\":\"it-IT\"},{\"@type\":\"Organization\",\"@id\":\"https:\\\/\\\/www.socialchangeschool.org\\\/it\\\/#organization\",\"name\":\"Social Change School\",\"alternateName\":\"worldwide leader for training, connecting and certificating all professionals\",\"url\":\"https:\\\/\\\/www.socialchangeschool.org\\\/it\\\/\",\"logo\":{\"@type\":\"ImageObject\",\"inLanguage\":\"it-IT\",\"@id\":\"https:\\\/\\\/www.socialchangeschool.org\\\/it\\\/#\\\/schema\\\/logo\\\/image\\\/\",\"url\":\"https:\\\/\\\/www.socialchangeschool.org\\\/wp-content\\\/uploads\\\/2022\\\/06\\\/Logo-SocialChangeSchool.png\",\"contentUrl\":\"https:\\\/\\\/www.socialchangeschool.org\\\/wp-content\\\/uploads\\\/2022\\\/06\\\/Logo-SocialChangeSchool.png\",\"width\":1721,\"height\":1721,\"caption\":\"Social Change School\"},\"image\":{\"@id\":\"https:\\\/\\\/www.socialchangeschool.org\\\/it\\\/#\\\/schema\\\/logo\\\/image\\\/\"}},{\"@type\":\"Person\",\"@id\":\"https:\\\/\\\/www.socialchangeschool.org\\\/it\\\/#\\\/schema\\\/person\\\/830e0c463a7c51633e79f9b14aadf794\",\"name\":\"Laura Reiss\",\"url\":\"https:\\\/\\\/www.socialchangeschool.org\\\/it\\\/author\\\/ghost\\\/\"}]}<\/script>\n<!-- \/ Yoast SEO Premium plugin. -->","yoast_head_json":{"title":"Il colloquio secondo voi... - SocialChangeSchool","robots":{"index":"index","follow":"follow","max-snippet":"max-snippet:-1","max-image-preview":"max-image-preview:large","max-video-preview":"max-video-preview:-1"},"canonical":"https:\/\/www.socialchangeschool.org\/it\/24\/02\/2014\/il-colloquio-secondo-voi\/","og_locale":"it_IT","og_type":"article","og_title":"Il colloquio secondo voi...","og_description":"Hai\u00a0 mai costruito un ponte dei tuoi punti di forza? Durante il colloquio di selezione e orientamento potrai confrontarti con Marco Crescenzi, Presidente ASVI Social Change, oppure con un membro della direzione didattica\u00a0per la valutazione del\u00a0 tuo potenziale. Il colloquio \u00e8 un fondamentale per l&#8217;ammissione ai Master Internazionali ASVI\u00a0Social Change.\u00a0Un momento per chiarirsi le idee [&hellip;]","og_url":"https:\/\/www.socialchangeschool.org\/it\/24\/02\/2014\/il-colloquio-secondo-voi\/","og_site_name":"SocialChangeSchool","article_published_time":"2014-02-24T15:09:24+00:00","og_image":[{"url":"http:\/\/www.asvi.it\/web\/wp-content\/uploads\/2014\/02\/lego21-150x112.jpg","type":"","width":"","height":""}],"author":"Laura Reiss","twitter_card":"summary_large_image","twitter_misc":{"Scritto da":"Laura Reiss","Tempo di lettura stimato":"14 minuti"},"schema":{"@context":"https:\/\/schema.org","@graph":[{"@type":"Article","@id":"https:\/\/www.socialchangeschool.org\/it\/24\/02\/2014\/il-colloquio-secondo-voi\/#article","isPartOf":{"@id":"https:\/\/www.socialchangeschool.org\/it\/24\/02\/2014\/il-colloquio-secondo-voi\/"},"author":{"name":"Laura Reiss","@id":"https:\/\/www.socialchangeschool.org\/it\/#\/schema\/person\/830e0c463a7c51633e79f9b14aadf794"},"headline":"Il colloquio secondo voi&#8230;","datePublished":"2014-02-24T15:09:24+00:00","mainEntityOfPage":{"@id":"https:\/\/www.socialchangeschool.org\/it\/24\/02\/2014\/il-colloquio-secondo-voi\/"},"wordCount":2875,"publisher":{"@id":"https:\/\/www.socialchangeschool.org\/it\/#organization"},"image":{"@id":"https:\/\/www.socialchangeschool.org\/it\/24\/02\/2014\/il-colloquio-secondo-voi\/#primaryimage"},"thumbnailUrl":"http:\/\/www.asvi.it\/web\/wp-content\/uploads\/2014\/02\/lego21-150x112.jpg","articleSection":["News"],"inLanguage":"it-IT"},{"@type":"WebPage","@id":"https:\/\/www.socialchangeschool.org\/it\/24\/02\/2014\/il-colloquio-secondo-voi\/","url":"https:\/\/www.socialchangeschool.org\/it\/24\/02\/2014\/il-colloquio-secondo-voi\/","name":"Il colloquio secondo voi... - SocialChangeSchool","isPartOf":{"@id":"https:\/\/www.socialchangeschool.org\/it\/#website"},"primaryImageOfPage":{"@id":"https:\/\/www.socialchangeschool.org\/it\/24\/02\/2014\/il-colloquio-secondo-voi\/#primaryimage"},"image":{"@id":"https:\/\/www.socialchangeschool.org\/it\/24\/02\/2014\/il-colloquio-secondo-voi\/#primaryimage"},"thumbnailUrl":"http:\/\/www.asvi.it\/web\/wp-content\/uploads\/2014\/02\/lego21-150x112.jpg","datePublished":"2014-02-24T15:09:24+00:00","breadcrumb":{"@id":"https:\/\/www.socialchangeschool.org\/it\/24\/02\/2014\/il-colloquio-secondo-voi\/#breadcrumb"},"inLanguage":"it-IT","potentialAction":[{"@type":"ReadAction","target":["https:\/\/www.socialchangeschool.org\/it\/24\/02\/2014\/il-colloquio-secondo-voi\/"]}]},{"@type":"ImageObject","inLanguage":"it-IT","@id":"https:\/\/www.socialchangeschool.org\/it\/24\/02\/2014\/il-colloquio-secondo-voi\/#primaryimage","url":"http:\/\/www.asvi.it\/web\/wp-content\/uploads\/2014\/02\/lego21-150x112.jpg","contentUrl":"http:\/\/www.asvi.it\/web\/wp-content\/uploads\/2014\/02\/lego21-150x112.jpg"},{"@type":"BreadcrumbList","@id":"https:\/\/www.socialchangeschool.org\/it\/24\/02\/2014\/il-colloquio-secondo-voi\/#breadcrumb","itemListElement":[{"@type":"ListItem","position":1,"name":"Home","item":"https:\/\/www.socialchangeschool.org\/it\/"},{"@type":"ListItem","position":2,"name":"Il colloquio secondo voi&#8230;"}]},{"@type":"WebSite","@id":"https:\/\/www.socialchangeschool.org\/it\/#website","url":"https:\/\/www.socialchangeschool.org\/it\/","name":"Social Change School","description":"worldwide leader for training, connecting and certificating all professionals of Non Profit sector","publisher":{"@id":"https:\/\/www.socialchangeschool.org\/it\/#organization"},"alternateName":"Leverage of Social Change transformational training institution","potentialAction":[{"@type":"SearchAction","target":{"@type":"EntryPoint","urlTemplate":"https:\/\/www.socialchangeschool.org\/it\/?s={search_term_string}"},"query-input":{"@type":"PropertyValueSpecification","valueRequired":true,"valueName":"search_term_string"}}],"inLanguage":"it-IT"},{"@type":"Organization","@id":"https:\/\/www.socialchangeschool.org\/it\/#organization","name":"Social Change School","alternateName":"worldwide leader for training, connecting and certificating all professionals","url":"https:\/\/www.socialchangeschool.org\/it\/","logo":{"@type":"ImageObject","inLanguage":"it-IT","@id":"https:\/\/www.socialchangeschool.org\/it\/#\/schema\/logo\/image\/","url":"https:\/\/www.socialchangeschool.org\/wp-content\/uploads\/2022\/06\/Logo-SocialChangeSchool.png","contentUrl":"https:\/\/www.socialchangeschool.org\/wp-content\/uploads\/2022\/06\/Logo-SocialChangeSchool.png","width":1721,"height":1721,"caption":"Social Change School"},"image":{"@id":"https:\/\/www.socialchangeschool.org\/it\/#\/schema\/logo\/image\/"}},{"@type":"Person","@id":"https:\/\/www.socialchangeschool.org\/it\/#\/schema\/person\/830e0c463a7c51633e79f9b14aadf794","name":"Laura Reiss","url":"https:\/\/www.socialchangeschool.org\/it\/author\/ghost\/"}]}},"_links":{"self":[{"href":"https:\/\/www.socialchangeschool.org\/it\/wp-json\/wp\/v2\/posts\/37923","targetHints":{"allow":["GET"]}}],"collection":[{"href":"https:\/\/www.socialchangeschool.org\/it\/wp-json\/wp\/v2\/posts"}],"about":[{"href":"https:\/\/www.socialchangeschool.org\/it\/wp-json\/wp\/v2\/types\/post"}],"author":[{"embeddable":true,"href":"https:\/\/www.socialchangeschool.org\/it\/wp-json\/wp\/v2\/users\/2"}],"replies":[{"embeddable":true,"href":"https:\/\/www.socialchangeschool.org\/it\/wp-json\/wp\/v2\/comments?post=37923"}],"version-history":[{"count":0,"href":"https:\/\/www.socialchangeschool.org\/it\/wp-json\/wp\/v2\/posts\/37923\/revisions"}],"wp:attachment":[{"href":"https:\/\/www.socialchangeschool.org\/it\/wp-json\/wp\/v2\/media?parent=37923"}],"wp:term":[{"taxonomy":"category","embeddable":true,"href":"https:\/\/www.socialchangeschool.org\/it\/wp-json\/wp\/v2\/categories?post=37923"},{"taxonomy":"post_tag","embeddable":true,"href":"https:\/\/www.socialchangeschool.org\/it\/wp-json\/wp\/v2\/tags?post=37923"}],"curies":[{"name":"wp","href":"https:\/\/api.w.org\/{rel}","templated":true}]}}