{"id":37833,"date":"2012-04-20T13:16:48","date_gmt":"2012-04-20T13:16:48","guid":{"rendered":"http:\/\/socialchangeschool.org\/20\/04\/2012\/appuntamenti-asvi-open-day-porte-aperte-al-cambiamento\/"},"modified":"2012-04-20T13:16:48","modified_gmt":"2012-04-20T13:16:48","slug":"appuntamenti-asvi-open-day-porte-aperte-al-cambiamento","status":"publish","type":"post","link":"https:\/\/www.socialchangeschool.org\/it\/20\/04\/2012\/appuntamenti-asvi-open-day-porte-aperte-al-cambiamento\/","title":{"rendered":"OPEN DAY, porte aperte al cambiamento!"},"content":{"rendered":"<p align=\"left\"><img fetchpriority=\"high\" decoding=\"async\" class=\"alignleft  wp-image-3604\" title=\"ASVI\" src=\"https:\/\/www.asvi.it\/web\/wp-content\/uploads\/2011\/04\/04032011516-768x1024.jpg\" alt=\"open day\" width=\"277\" height=\"368\" \/>Partecipare al cambiamento sociale e poter &#8220;fare la differenza&#8221; nel mondo grazie alla propria professionalit\u00e0 e capacit\u00e0 progettuale \u00e8 una cosa bellissima e possibile.<\/p>\n<p align=\"left\">\u00a0<\/p>\n<p align=\"left\"><em>Quali sono i profili &#8220;chiave&#8221; pi\u00f9 richiesti e perch\u00e9?<br \/> <\/em><\/p>\n<p align=\"left\">\u00a0<\/p>\n<p align=\"left\"><em>Come qualificarsi nel modo migliore per diventare professionisti nel settore e come entrarci?<br \/> <\/em><\/p>\n<p align=\"left\">\u00a0<\/p>\n<p align=\"left\"><em>Vuoi scoprire come investire al meglio sul tuo progetto di vita professionale?<\/em><\/p>\n<p align=\"left\">\u00a0<\/p>\n<p align=\"left\">\u00a0<\/p>\n<p align=\"left\">Per rispondere a queste ed altre domande ti aspettiamo ai prossimi Open Day!<\/p>\n<p align=\"left\">\u00a0<\/p>\n<p align=\"left\">L&#8217;appuntamento \u00e8 a <strong>Roma<\/strong> il <strong>28 maggio<\/strong>, dalle 15 alle 17, presso la nostra sede (Piazza Cavour 3) e a <strong>Milano<\/strong>\u00a0 il <strong>25 maggio <\/strong>dalle 15:30 alle 18:00 presso<strong> <a href=\"https:\/\/milan.the-hub.net\/\" target=\"_blank\" rel=\"noopener\">The Hub<\/a> <\/strong>(Via Paolo Sarpi 8), primo nodo italiano della rete internazionale di bellissimi spazi fisici dedicati esclusivamente all&#8217;innovazione e imprenditoria sociale.<\/p>\n<p align=\"left\">\u00a0<\/p>\n<p align=\"left\">Potrai confrontarti con lo staff ASVI e i protagonisti del settore, approfondire <strong>l\u2019offerta formativa,<\/strong> <strong>la didattica attiva dei nostri programmi <\/strong>e tutti gli <strong>sbocchi professionali<\/strong>, ascoltare testimonianze autorevoli, incontrare altri aspiranti professionisti del non profit come te.<\/p>\n<p align=\"left\">\u00a0<\/p>\n<p align=\"left\">I <strong>Master Internazionali ASVI, i primi nel settore dal 1998, <\/strong>possono darti la possibilit\u00e0 di incidere e dare un &#8220;senso&#8221; al lavoro.<\/p>\n<p align=\"left\"><strong>I Master ASVI sono:<\/strong><\/p>\n<ul>\n<li><a href=\"https:\/\/www.asvi.it\/2009\/03\/31\/master-epm-europroject-managementprogettazione-europea-e-sviluppo-locale\/\"><strong>EuroProject Management (EPM)<\/strong><\/a><strong> <\/strong><\/li>\n<li><strong><a href=\"https:\/\/www.asvi.it\/2009\/04\/10\/master-pmc-project-manager-cooperazione\/\">Project Management per la Cooperazione Internazionale (PMC)<\/a><\/strong><\/li>\n<li><strong><a href=\"https:\/\/www.asvi.it\/2009\/04\/10\/master-frm-fundraising-manager\/\">FundRaising Management (FRM)<\/a><\/strong><\/li>\n<\/ul>\n<p align=\"left\">\u00a0<\/p>\n<p align=\"left\">In 15 anni di impegno, <strong>ASVI, School for Management &amp; Social Change<\/strong>, \u00e8 diventato il <strong>primo bacino professionale di reclutamento<\/strong> in Italia, <strong>cambiando positivamente la vita lavorativa di centinaia di persone e professionisti<\/strong>.<\/p>\n<p align=\"left\">Partecipa all\u2019Open Day\u00a0 per scoprire il (tuo) futuro possibile.<\/p>\n<p align=\"left\">\u00a0<\/p>\n<p align=\"left\"><strong>ISCRIZIONI<\/strong><br \/> Per partecipare all&#8217;incontro, puoi registrarti inviando una mail a <a href=\"mailto:comunicazione@asvi.it\">comunicazione@asvi.it<\/a><br \/><strong>La partecipazione all&#8217;incontro \u00e8 gratuita<\/strong>.<\/p>\n<p align=\"left\">\u00a0<\/p>\n<p align=\"left\"><strong>VUOI RICEVERE I PROGRAMMI DETTAGLIATI DEI MASTER?<\/strong><\/p>\n<p align=\"left\">Clicca <a href=\"https:\/\/www.asvi.it\/master-internazionali\/\">qui<\/a> e compila il form.\u00a0 Riceverai il pdf dei programmi direttamente nella tua casella di posta elettronica.<\/p>\n","protected":false},"excerpt":{"rendered":"<p>Vi aspettiamo a Milano il 27 aprile e a Roma il 25 maggio per approfondire l\u2019offerta formativa, la didattica attiva dei nostri programmi, tutti gli sbocchi professionali e ascoltare testimonianze autorevoli. Scrivi a comunicazione@asvi.it per prenotare la tua presenza<\/p>\n","protected":false},"author":2,"featured_media":0,"comment_status":"closed","ping_status":"closed","sticky":false,"template":"","format":"standard","meta":{"site-sidebar-layout":"default","site-content-layout":"","ast-site-content-layout":"default","site-content-style":"default","site-sidebar-style":"default","ast-global-header-display":"","ast-banner-title-visibility":"","ast-main-header-display":"","ast-hfb-above-header-display":"","ast-hfb-below-header-display":"","ast-hfb-mobile-header-display":"","site-post-title":"","ast-breadcrumbs-content":"","ast-featured-img":"","footer-sml-layout":"","ast-disable-related-posts":"","theme-transparent-header-meta":"","adv-header-id-meta":"","stick-header-meta":"","header-above-stick-meta":"","header-main-stick-meta":"","header-below-stick-meta":"","astra-migrate-meta-layouts":"default","ast-page-background-enabled":"default","ast-page-background-meta":{"desktop":{"background-color":"","background-image":"","background-repeat":"repeat","background-position":"center center","background-size":"auto","background-attachment":"scroll","background-type":"","background-media":"","overlay-type":"","overlay-color":"","overlay-opacity":"","overlay-gradient":""},"tablet":{"background-color":"","background-image":"","background-repeat":"repeat","background-position":"center center","background-size":"auto","background-attachment":"scroll","background-type":"","background-media":"","overlay-type":"","overlay-color":"","overlay-opacity":"","overlay-gradient":""},"mobile":{"background-color":"","background-image":"","background-repeat":"repeat","background-position":"center center","background-size":"auto","background-attachment":"scroll","background-type":"","background-media":"","overlay-type":"","overlay-color":"","overlay-opacity":"","overlay-gradient":""}},"ast-content-background-meta":{"desktop":{"background-color":"var(--ast-global-color-5)","background-image":"","background-repeat":"repeat","background-position":"center center","background-size":"auto","background-attachment":"scroll","background-type":"","background-media":"","overlay-type":"","overlay-color":"","overlay-opacity":"","overlay-gradient":""},"tablet":{"background-color":"var(--ast-global-color-5)","background-image":"","background-repeat":"repeat","background-position":"center center","background-size":"auto","background-attachment":"scroll","background-type":"","background-media":"","overlay-type":"","overlay-color":"","overlay-opacity":"","overlay-gradient":""},"mobile":{"background-color":"var(--ast-global-color-5)","background-image":"","background-repeat":"repeat","background-position":"center center","background-size":"auto","background-attachment":"scroll","background-type":"","background-media":"","overlay-type":"","overlay-color":"","overlay-opacity":"","overlay-gradient":""}},"footnotes":""},"categories":[117],"tags":[],"class_list":["post-37833","post","type-post","status-publish","format-standard","hentry","category-news-it"],"yoast_head":"<!-- This site is optimized with the Yoast SEO Premium plugin v27.2 (Yoast SEO v27.5) - https:\/\/yoast.com\/product\/yoast-seo-premium-wordpress\/ -->\n<title>OPEN DAY, porte aperte al cambiamento! - SocialChangeSchool<\/title>\n<meta name=\"robots\" content=\"index, follow, max-snippet:-1, max-image-preview:large, max-video-preview:-1\" \/>\n<link rel=\"canonical\" href=\"https:\/\/www.socialchangeschool.org\/it\/20\/04\/2012\/appuntamenti-asvi-open-day-porte-aperte-al-cambiamento\/\" \/>\n<meta property=\"og:locale\" content=\"it_IT\" \/>\n<meta property=\"og:type\" content=\"article\" \/>\n<meta property=\"og:title\" content=\"OPEN DAY, porte aperte al cambiamento!\" \/>\n<meta property=\"og:description\" content=\"Vi aspettiamo a Milano il 27 aprile e a Roma il 25 maggio per approfondire l\u2019offerta formativa, la didattica attiva dei nostri programmi, tutti gli sbocchi professionali e ascoltare testimonianze autorevoli. Scrivi a comunicazione@asvi.it per prenotare la tua presenza\" \/>\n<meta property=\"og:url\" content=\"https:\/\/www.socialchangeschool.org\/it\/20\/04\/2012\/appuntamenti-asvi-open-day-porte-aperte-al-cambiamento\/\" \/>\n<meta property=\"og:site_name\" content=\"SocialChangeSchool\" \/>\n<meta property=\"article:published_time\" content=\"2012-04-20T13:16:48+00:00\" \/>\n<meta property=\"og:image\" content=\"http:\/\/www.asvi.it\/web\/wp-content\/uploads\/2011\/04\/04032011516-768x1024.jpg\" \/>\n<meta name=\"author\" content=\"Laura Reiss\" \/>\n<meta name=\"twitter:card\" content=\"summary_large_image\" \/>\n<meta name=\"twitter:label1\" content=\"Scritto da\" \/>\n\t<meta name=\"twitter:data1\" content=\"Laura Reiss\" \/>\n\t<meta name=\"twitter:label2\" content=\"Tempo di lettura stimato\" \/>\n\t<meta name=\"twitter:data2\" content=\"1 minuto\" \/>\n<script type=\"application\/ld+json\" class=\"yoast-schema-graph\">{\"@context\":\"https:\\\/\\\/schema.org\",\"@graph\":[{\"@type\":\"Article\",\"@id\":\"https:\\\/\\\/www.socialchangeschool.org\\\/it\\\/20\\\/04\\\/2012\\\/appuntamenti-asvi-open-day-porte-aperte-al-cambiamento\\\/#article\",\"isPartOf\":{\"@id\":\"https:\\\/\\\/www.socialchangeschool.org\\\/it\\\/20\\\/04\\\/2012\\\/appuntamenti-asvi-open-day-porte-aperte-al-cambiamento\\\/\"},\"author\":{\"name\":\"Laura Reiss\",\"@id\":\"https:\\\/\\\/www.socialchangeschool.org\\\/it\\\/#\\\/schema\\\/person\\\/830e0c463a7c51633e79f9b14aadf794\"},\"headline\":\"OPEN DAY, porte aperte al cambiamento!\",\"datePublished\":\"2012-04-20T13:16:48+00:00\",\"mainEntityOfPage\":{\"@id\":\"https:\\\/\\\/www.socialchangeschool.org\\\/it\\\/20\\\/04\\\/2012\\\/appuntamenti-asvi-open-day-porte-aperte-al-cambiamento\\\/\"},\"wordCount\":281,\"publisher\":{\"@id\":\"https:\\\/\\\/www.socialchangeschool.org\\\/it\\\/#organization\"},\"image\":{\"@id\":\"https:\\\/\\\/www.socialchangeschool.org\\\/it\\\/20\\\/04\\\/2012\\\/appuntamenti-asvi-open-day-porte-aperte-al-cambiamento\\\/#primaryimage\"},\"thumbnailUrl\":\"http:\\\/\\\/www.asvi.it\\\/web\\\/wp-content\\\/uploads\\\/2011\\\/04\\\/04032011516-768x1024.jpg\",\"articleSection\":[\"News\"],\"inLanguage\":\"it-IT\"},{\"@type\":\"WebPage\",\"@id\":\"https:\\\/\\\/www.socialchangeschool.org\\\/it\\\/20\\\/04\\\/2012\\\/appuntamenti-asvi-open-day-porte-aperte-al-cambiamento\\\/\",\"url\":\"https:\\\/\\\/www.socialchangeschool.org\\\/it\\\/20\\\/04\\\/2012\\\/appuntamenti-asvi-open-day-porte-aperte-al-cambiamento\\\/\",\"name\":\"OPEN DAY, porte aperte al cambiamento! - SocialChangeSchool\",\"isPartOf\":{\"@id\":\"https:\\\/\\\/www.socialchangeschool.org\\\/it\\\/#website\"},\"primaryImageOfPage\":{\"@id\":\"https:\\\/\\\/www.socialchangeschool.org\\\/it\\\/20\\\/04\\\/2012\\\/appuntamenti-asvi-open-day-porte-aperte-al-cambiamento\\\/#primaryimage\"},\"image\":{\"@id\":\"https:\\\/\\\/www.socialchangeschool.org\\\/it\\\/20\\\/04\\\/2012\\\/appuntamenti-asvi-open-day-porte-aperte-al-cambiamento\\\/#primaryimage\"},\"thumbnailUrl\":\"http:\\\/\\\/www.asvi.it\\\/web\\\/wp-content\\\/uploads\\\/2011\\\/04\\\/04032011516-768x1024.jpg\",\"datePublished\":\"2012-04-20T13:16:48+00:00\",\"breadcrumb\":{\"@id\":\"https:\\\/\\\/www.socialchangeschool.org\\\/it\\\/20\\\/04\\\/2012\\\/appuntamenti-asvi-open-day-porte-aperte-al-cambiamento\\\/#breadcrumb\"},\"inLanguage\":\"it-IT\",\"potentialAction\":[{\"@type\":\"ReadAction\",\"target\":[\"https:\\\/\\\/www.socialchangeschool.org\\\/it\\\/20\\\/04\\\/2012\\\/appuntamenti-asvi-open-day-porte-aperte-al-cambiamento\\\/\"]}]},{\"@type\":\"ImageObject\",\"inLanguage\":\"it-IT\",\"@id\":\"https:\\\/\\\/www.socialchangeschool.org\\\/it\\\/20\\\/04\\\/2012\\\/appuntamenti-asvi-open-day-porte-aperte-al-cambiamento\\\/#primaryimage\",\"url\":\"http:\\\/\\\/www.asvi.it\\\/web\\\/wp-content\\\/uploads\\\/2011\\\/04\\\/04032011516-768x1024.jpg\",\"contentUrl\":\"http:\\\/\\\/www.asvi.it\\\/web\\\/wp-content\\\/uploads\\\/2011\\\/04\\\/04032011516-768x1024.jpg\"},{\"@type\":\"BreadcrumbList\",\"@id\":\"https:\\\/\\\/www.socialchangeschool.org\\\/it\\\/20\\\/04\\\/2012\\\/appuntamenti-asvi-open-day-porte-aperte-al-cambiamento\\\/#breadcrumb\",\"itemListElement\":[{\"@type\":\"ListItem\",\"position\":1,\"name\":\"Home\",\"item\":\"https:\\\/\\\/www.socialchangeschool.org\\\/it\\\/\"},{\"@type\":\"ListItem\",\"position\":2,\"name\":\"OPEN DAY, porte aperte al cambiamento!\"}]},{\"@type\":\"WebSite\",\"@id\":\"https:\\\/\\\/www.socialchangeschool.org\\\/it\\\/#website\",\"url\":\"https:\\\/\\\/www.socialchangeschool.org\\\/it\\\/\",\"name\":\"Social Change School\",\"description\":\"worldwide leader for training, connecting and certificating all professionals of Non Profit sector\",\"publisher\":{\"@id\":\"https:\\\/\\\/www.socialchangeschool.org\\\/it\\\/#organization\"},\"alternateName\":\"Leverage of Social Change transformational training institution\",\"potentialAction\":[{\"@type\":\"SearchAction\",\"target\":{\"@type\":\"EntryPoint\",\"urlTemplate\":\"https:\\\/\\\/www.socialchangeschool.org\\\/it\\\/?s={search_term_string}\"},\"query-input\":{\"@type\":\"PropertyValueSpecification\",\"valueRequired\":true,\"valueName\":\"search_term_string\"}}],\"inLanguage\":\"it-IT\"},{\"@type\":\"Organization\",\"@id\":\"https:\\\/\\\/www.socialchangeschool.org\\\/it\\\/#organization\",\"name\":\"Social Change School\",\"alternateName\":\"worldwide leader for training, connecting and certificating all professionals\",\"url\":\"https:\\\/\\\/www.socialchangeschool.org\\\/it\\\/\",\"logo\":{\"@type\":\"ImageObject\",\"inLanguage\":\"it-IT\",\"@id\":\"https:\\\/\\\/www.socialchangeschool.org\\\/it\\\/#\\\/schema\\\/logo\\\/image\\\/\",\"url\":\"https:\\\/\\\/www.socialchangeschool.org\\\/wp-content\\\/uploads\\\/2022\\\/06\\\/Logo-SocialChangeSchool.png\",\"contentUrl\":\"https:\\\/\\\/www.socialchangeschool.org\\\/wp-content\\\/uploads\\\/2022\\\/06\\\/Logo-SocialChangeSchool.png\",\"width\":1721,\"height\":1721,\"caption\":\"Social Change School\"},\"image\":{\"@id\":\"https:\\\/\\\/www.socialchangeschool.org\\\/it\\\/#\\\/schema\\\/logo\\\/image\\\/\"}},{\"@type\":\"Person\",\"@id\":\"https:\\\/\\\/www.socialchangeschool.org\\\/it\\\/#\\\/schema\\\/person\\\/830e0c463a7c51633e79f9b14aadf794\",\"name\":\"Laura Reiss\",\"url\":\"https:\\\/\\\/www.socialchangeschool.org\\\/it\\\/author\\\/ghost\\\/\"}]}<\/script>\n<!-- \/ Yoast SEO Premium plugin. -->","yoast_head_json":{"title":"OPEN DAY, porte aperte al cambiamento! - SocialChangeSchool","robots":{"index":"index","follow":"follow","max-snippet":"max-snippet:-1","max-image-preview":"max-image-preview:large","max-video-preview":"max-video-preview:-1"},"canonical":"https:\/\/www.socialchangeschool.org\/it\/20\/04\/2012\/appuntamenti-asvi-open-day-porte-aperte-al-cambiamento\/","og_locale":"it_IT","og_type":"article","og_title":"OPEN DAY, porte aperte al cambiamento!","og_description":"Vi aspettiamo a Milano il 27 aprile e a Roma il 25 maggio per approfondire l\u2019offerta formativa, la didattica attiva dei nostri programmi, tutti gli sbocchi professionali e ascoltare testimonianze autorevoli. Scrivi a comunicazione@asvi.it per prenotare la tua presenza","og_url":"https:\/\/www.socialchangeschool.org\/it\/20\/04\/2012\/appuntamenti-asvi-open-day-porte-aperte-al-cambiamento\/","og_site_name":"SocialChangeSchool","article_published_time":"2012-04-20T13:16:48+00:00","og_image":[{"url":"http:\/\/www.asvi.it\/web\/wp-content\/uploads\/2011\/04\/04032011516-768x1024.jpg","type":"","width":"","height":""}],"author":"Laura Reiss","twitter_card":"summary_large_image","twitter_misc":{"Scritto da":"Laura Reiss","Tempo di lettura stimato":"1 minuto"},"schema":{"@context":"https:\/\/schema.org","@graph":[{"@type":"Article","@id":"https:\/\/www.socialchangeschool.org\/it\/20\/04\/2012\/appuntamenti-asvi-open-day-porte-aperte-al-cambiamento\/#article","isPartOf":{"@id":"https:\/\/www.socialchangeschool.org\/it\/20\/04\/2012\/appuntamenti-asvi-open-day-porte-aperte-al-cambiamento\/"},"author":{"name":"Laura Reiss","@id":"https:\/\/www.socialchangeschool.org\/it\/#\/schema\/person\/830e0c463a7c51633e79f9b14aadf794"},"headline":"OPEN DAY, porte aperte al cambiamento!","datePublished":"2012-04-20T13:16:48+00:00","mainEntityOfPage":{"@id":"https:\/\/www.socialchangeschool.org\/it\/20\/04\/2012\/appuntamenti-asvi-open-day-porte-aperte-al-cambiamento\/"},"wordCount":281,"publisher":{"@id":"https:\/\/www.socialchangeschool.org\/it\/#organization"},"image":{"@id":"https:\/\/www.socialchangeschool.org\/it\/20\/04\/2012\/appuntamenti-asvi-open-day-porte-aperte-al-cambiamento\/#primaryimage"},"thumbnailUrl":"http:\/\/www.asvi.it\/web\/wp-content\/uploads\/2011\/04\/04032011516-768x1024.jpg","articleSection":["News"],"inLanguage":"it-IT"},{"@type":"WebPage","@id":"https:\/\/www.socialchangeschool.org\/it\/20\/04\/2012\/appuntamenti-asvi-open-day-porte-aperte-al-cambiamento\/","url":"https:\/\/www.socialchangeschool.org\/it\/20\/04\/2012\/appuntamenti-asvi-open-day-porte-aperte-al-cambiamento\/","name":"OPEN DAY, porte aperte al cambiamento! - SocialChangeSchool","isPartOf":{"@id":"https:\/\/www.socialchangeschool.org\/it\/#website"},"primaryImageOfPage":{"@id":"https:\/\/www.socialchangeschool.org\/it\/20\/04\/2012\/appuntamenti-asvi-open-day-porte-aperte-al-cambiamento\/#primaryimage"},"image":{"@id":"https:\/\/www.socialchangeschool.org\/it\/20\/04\/2012\/appuntamenti-asvi-open-day-porte-aperte-al-cambiamento\/#primaryimage"},"thumbnailUrl":"http:\/\/www.asvi.it\/web\/wp-content\/uploads\/2011\/04\/04032011516-768x1024.jpg","datePublished":"2012-04-20T13:16:48+00:00","breadcrumb":{"@id":"https:\/\/www.socialchangeschool.org\/it\/20\/04\/2012\/appuntamenti-asvi-open-day-porte-aperte-al-cambiamento\/#breadcrumb"},"inLanguage":"it-IT","potentialAction":[{"@type":"ReadAction","target":["https:\/\/www.socialchangeschool.org\/it\/20\/04\/2012\/appuntamenti-asvi-open-day-porte-aperte-al-cambiamento\/"]}]},{"@type":"ImageObject","inLanguage":"it-IT","@id":"https:\/\/www.socialchangeschool.org\/it\/20\/04\/2012\/appuntamenti-asvi-open-day-porte-aperte-al-cambiamento\/#primaryimage","url":"http:\/\/www.asvi.it\/web\/wp-content\/uploads\/2011\/04\/04032011516-768x1024.jpg","contentUrl":"http:\/\/www.asvi.it\/web\/wp-content\/uploads\/2011\/04\/04032011516-768x1024.jpg"},{"@type":"BreadcrumbList","@id":"https:\/\/www.socialchangeschool.org\/it\/20\/04\/2012\/appuntamenti-asvi-open-day-porte-aperte-al-cambiamento\/#breadcrumb","itemListElement":[{"@type":"ListItem","position":1,"name":"Home","item":"https:\/\/www.socialchangeschool.org\/it\/"},{"@type":"ListItem","position":2,"name":"OPEN DAY, porte aperte al cambiamento!"}]},{"@type":"WebSite","@id":"https:\/\/www.socialchangeschool.org\/it\/#website","url":"https:\/\/www.socialchangeschool.org\/it\/","name":"Social Change School","description":"worldwide leader for training, connecting and certificating all professionals of Non Profit sector","publisher":{"@id":"https:\/\/www.socialchangeschool.org\/it\/#organization"},"alternateName":"Leverage of Social Change transformational training institution","potentialAction":[{"@type":"SearchAction","target":{"@type":"EntryPoint","urlTemplate":"https:\/\/www.socialchangeschool.org\/it\/?s={search_term_string}"},"query-input":{"@type":"PropertyValueSpecification","valueRequired":true,"valueName":"search_term_string"}}],"inLanguage":"it-IT"},{"@type":"Organization","@id":"https:\/\/www.socialchangeschool.org\/it\/#organization","name":"Social Change School","alternateName":"worldwide leader for training, connecting and certificating all professionals","url":"https:\/\/www.socialchangeschool.org\/it\/","logo":{"@type":"ImageObject","inLanguage":"it-IT","@id":"https:\/\/www.socialchangeschool.org\/it\/#\/schema\/logo\/image\/","url":"https:\/\/www.socialchangeschool.org\/wp-content\/uploads\/2022\/06\/Logo-SocialChangeSchool.png","contentUrl":"https:\/\/www.socialchangeschool.org\/wp-content\/uploads\/2022\/06\/Logo-SocialChangeSchool.png","width":1721,"height":1721,"caption":"Social Change School"},"image":{"@id":"https:\/\/www.socialchangeschool.org\/it\/#\/schema\/logo\/image\/"}},{"@type":"Person","@id":"https:\/\/www.socialchangeschool.org\/it\/#\/schema\/person\/830e0c463a7c51633e79f9b14aadf794","name":"Laura Reiss","url":"https:\/\/www.socialchangeschool.org\/it\/author\/ghost\/"}]}},"_links":{"self":[{"href":"https:\/\/www.socialchangeschool.org\/it\/wp-json\/wp\/v2\/posts\/37833","targetHints":{"allow":["GET"]}}],"collection":[{"href":"https:\/\/www.socialchangeschool.org\/it\/wp-json\/wp\/v2\/posts"}],"about":[{"href":"https:\/\/www.socialchangeschool.org\/it\/wp-json\/wp\/v2\/types\/post"}],"author":[{"embeddable":true,"href":"https:\/\/www.socialchangeschool.org\/it\/wp-json\/wp\/v2\/users\/2"}],"replies":[{"embeddable":true,"href":"https:\/\/www.socialchangeschool.org\/it\/wp-json\/wp\/v2\/comments?post=37833"}],"version-history":[{"count":0,"href":"https:\/\/www.socialchangeschool.org\/it\/wp-json\/wp\/v2\/posts\/37833\/revisions"}],"wp:attachment":[{"href":"https:\/\/www.socialchangeschool.org\/it\/wp-json\/wp\/v2\/media?parent=37833"}],"wp:term":[{"taxonomy":"category","embeddable":true,"href":"https:\/\/www.socialchangeschool.org\/it\/wp-json\/wp\/v2\/categories?post=37833"},{"taxonomy":"post_tag","embeddable":true,"href":"https:\/\/www.socialchangeschool.org\/it\/wp-json\/wp\/v2\/tags?post=37833"}],"curies":[{"name":"wp","href":"https:\/\/api.w.org\/{rel}","templated":true}]}}