{"id":37832,"date":"2012-03-01T08:51:25","date_gmt":"2012-03-01T08:51:25","guid":{"rendered":"http:\/\/socialchangeschool.org\/01\/03\/2012\/open-day-porte-aperte-al-cambiamento-partecipa-anche-tu\/"},"modified":"2012-03-01T08:51:25","modified_gmt":"2012-03-01T08:51:25","slug":"open-day-porte-aperte-al-cambiamento-partecipa-anche-tu","status":"publish","type":"post","link":"https:\/\/www.socialchangeschool.org\/it\/01\/03\/2012\/open-day-porte-aperte-al-cambiamento-partecipa-anche-tu\/","title":{"rendered":"OPEN DAY: porte aperte al cambiamento. Partecipa anche tu!"},"content":{"rendered":"<p align=\"center\"><strong>\u00a0<\/strong><\/p>\n<h3 style=\"text-align: center\" align=\"center\"><span style=\"color: #800000\"><strong>Roma 30 marzo 2012<br \/> 16:00 \u2013 19:00<br \/> Sede INTERSOS, Sala Starlin Arush (via Aniene 26\/A)<\/strong><\/span><\/h3>\n<p align=\"center\">\u00a0<\/p>\n<p style=\"text-align: justify\" align=\"left\"><a href=\"https:\/\/www.asvi.it\/web\/wp-content\/uploads\/2011\/04\/04032011516.jpg\"><img fetchpriority=\"high\" decoding=\"async\" class=\"alignleft size-medium wp-image-3604\" title=\"ASVI\" src=\"https:\/\/www.asvi.it\/web\/wp-content\/uploads\/2011\/04\/04032011516-225x300.jpg\" alt=\"open day\" width=\"225\" height=\"300\" \/><\/a>Partecipare al cambiamento sociale e poter &#8220;fare la differenza&#8221; nel mondo grazie alla propria professionalit\u00e0 e capacit\u00e0 progettuale \u00e8 una cosa bellissima e possibile.<\/p>\n<p style=\"text-align: justify\" align=\"left\">\u00a0<\/p>\n<p style=\"text-align: justify\" align=\"left\"><em>Quali sono i profili &#8220;chiave&#8221; pi\u00f9 richiesti e perch\u00e9?<br \/> <\/em><\/p>\n<p style=\"text-align: justify\" align=\"left\">\u00a0<\/p>\n<p style=\"text-align: justify\" align=\"left\"><em>Come qualificarsi nel modo migliore per diventare professionisti nel settore e come entrarci?<br \/> <\/em><\/p>\n<p style=\"text-align: justify\" align=\"left\">\u00a0<\/p>\n<p style=\"text-align: justify\" align=\"left\"><em>Vuoi scoprire come investire al meglio sul tuo progetto di vita professionale?<\/em><\/p>\n<p style=\"text-align: justify\" align=\"left\">\u00a0<\/p>\n<p style=\"text-align: justify\" align=\"left\">\u00a0<\/p>\n<p style=\"text-align: justify\" align=\"left\">Per rispondere a queste ed altre domande ti aspettiamo al prossimo Open Day!<\/p>\n<p align=\"left\">Parteciperanno: <strong>Massimo Pesci<\/strong>, Responsabile Fundraising e Marketing di <strong>AGIRE<\/strong>, <strong>Sergio Vecchiarelli<\/strong>, Direttore amministrativo <strong>INTERSOS<\/strong>,<strong> Christian Dama<\/strong>, Direttore Didattico di <strong>ASVI<\/strong> ed <strong>ex corsisti oggi professionisti del settore<\/strong>.<\/p>\n<p>&nbsp;<\/p>\n<p style=\"text-align: justify\" align=\"left\">Potrai confrontarti con loro, approfondire <strong>l\u2019offerta formativa,<\/strong> <strong>la didattica attiva dei nostri programmi <\/strong>e tutti gli <strong>sbocchi professionali<\/strong>, ascoltare testimonianze autorevoli, incontrare altri aspiranti professionisti del settore come te.<\/p>\n<p style=\"text-align: justify\" align=\"left\">I <strong>Master Internazionali ASVI, i primi nel settore dal 1998, <\/strong>possono darti la possibilit\u00e0 di incidere e dare un &#8220;senso&#8221; al lavoro.<\/p>\n<p style=\"text-align: justify\" align=\"left\"><strong>I Master ASVI sono:<\/strong><\/p>\n<ul style=\"text-align: justify\">\n<li><a href=\"https:\/\/www.asvi.it\/2009\/03\/31\/master-epm-europroject-managementprogettazione-europea-e-sviluppo-locale\/\"><strong>EuroProject Management (EPM)<\/strong><\/a><strong> <\/strong><\/li>\n<li><strong><a href=\"https:\/\/www.asvi.it\/2009\/04\/10\/master-pmc-project-manager-cooperazione\/\">Project Management per la Cooperazione Internazionale (PMC)<\/a><\/strong><\/li>\n<li><strong><a href=\"https:\/\/www.asvi.it\/2009\/04\/10\/master-frm-fundraising-manager\/\">FundRaising Management (FRM)<\/a><\/strong><\/li>\n<\/ul>\n<p style=\"text-align: justify\" align=\"left\">In 15 anni di impegno, <strong>ASVI, School for Management &amp; Social Change<\/strong>, \u00e8 diventato il <strong>primo bacino professionale di reclutamento<\/strong> in Italia, <strong>cambiando positivamente la vita lavorativa di centinaia di persone e professionisti<\/strong>.<\/p>\n<p style=\"text-align: justify\" align=\"left\">Partecipa all\u2019Open Day\u00a0 per scoprire il (tuo) futuro possibile.<\/p>\n<p style=\"text-align: justify\" align=\"left\">\u00a0<\/p>\n<p style=\"text-align: justify\" align=\"left\"><strong>ISCRIZIONI<\/strong><br \/> Per partecipare all&#8217;incontro, puoi registrarti inviando una mail a <a href=\"mailto:comunicazione@asvi.it\">comunicazione@asvi.it<\/a><br \/><strong>La partecipazione all&#8217;incontro \u00e8 gratuita<\/strong>.<\/p>\n<p style=\"text-align: justify\" align=\"left\">\u00a0<\/p>\n<p style=\"text-align: justify\" align=\"left\"><strong>PROSSIMI INCONTRI<\/strong><\/p>\n<p style=\"text-align: justify\" align=\"left\">Milano: 27 aprile 2012<br \/> Roma: 25 maggio 2012<\/p>\n<p style=\"text-align: justify\" align=\"left\">\u00a0<\/p>\n<p style=\"text-align: justify\" align=\"left\"><strong>VUOI RICEVERE I PROGRAMMI DETTAGLIATI DEI MASTER?<\/strong><\/p>\n<p style=\"text-align: justify\" align=\"left\">Clicca <a href=\"https:\/\/asvi.it\/\">qui<\/a> e compila il form.\u00a0 Riceverai il pdf dei programmi direttamente nella tua casella di posta elettronica.<\/p>\n","protected":false},"excerpt":{"rendered":"<p>Venerd\u00ec 30 marzo, dalle 16 alle 19 presso la sede di INTERSOS (via Aniene 26\/A, Roma), ti aspettiamo per conoscere la nostra offerta formativa, la didattica attiva dei Master e tutti gli sbocchi professionali; ascoltare testimonianze autorevoli e incontrare altri aspiranti professionisti del settore come te. L&#8217;evento \u00e8 a ingresso gratuito<\/p>\n","protected":false},"author":2,"featured_media":0,"comment_status":"closed","ping_status":"closed","sticky":false,"template":"","format":"standard","meta":{"site-sidebar-layout":"default","site-content-layout":"","ast-site-content-layout":"default","site-content-style":"default","site-sidebar-style":"default","ast-global-header-display":"","ast-banner-title-visibility":"","ast-main-header-display":"","ast-hfb-above-header-display":"","ast-hfb-below-header-display":"","ast-hfb-mobile-header-display":"","site-post-title":"","ast-breadcrumbs-content":"","ast-featured-img":"","footer-sml-layout":"","ast-disable-related-posts":"","theme-transparent-header-meta":"","adv-header-id-meta":"","stick-header-meta":"","header-above-stick-meta":"","header-main-stick-meta":"","header-below-stick-meta":"","astra-migrate-meta-layouts":"default","ast-page-background-enabled":"default","ast-page-background-meta":{"desktop":{"background-color":"","background-image":"","background-repeat":"repeat","background-position":"center center","background-size":"auto","background-attachment":"scroll","background-type":"","background-media":"","overlay-type":"","overlay-color":"","overlay-opacity":"","overlay-gradient":""},"tablet":{"background-color":"","background-image":"","background-repeat":"repeat","background-position":"center center","background-size":"auto","background-attachment":"scroll","background-type":"","background-media":"","overlay-type":"","overlay-color":"","overlay-opacity":"","overlay-gradient":""},"mobile":{"background-color":"","background-image":"","background-repeat":"repeat","background-position":"center center","background-size":"auto","background-attachment":"scroll","background-type":"","background-media":"","overlay-type":"","overlay-color":"","overlay-opacity":"","overlay-gradient":""}},"ast-content-background-meta":{"desktop":{"background-color":"var(--ast-global-color-5)","background-image":"","background-repeat":"repeat","background-position":"center center","background-size":"auto","background-attachment":"scroll","background-type":"","background-media":"","overlay-type":"","overlay-color":"","overlay-opacity":"","overlay-gradient":""},"tablet":{"background-color":"var(--ast-global-color-5)","background-image":"","background-repeat":"repeat","background-position":"center center","background-size":"auto","background-attachment":"scroll","background-type":"","background-media":"","overlay-type":"","overlay-color":"","overlay-opacity":"","overlay-gradient":""},"mobile":{"background-color":"var(--ast-global-color-5)","background-image":"","background-repeat":"repeat","background-position":"center center","background-size":"auto","background-attachment":"scroll","background-type":"","background-media":"","overlay-type":"","overlay-color":"","overlay-opacity":"","overlay-gradient":""}},"footnotes":""},"categories":[117],"tags":[],"class_list":["post-37832","post","type-post","status-publish","format-standard","hentry","category-news-it"],"yoast_head":"<!-- This site is optimized with the Yoast SEO Premium plugin v27.2 (Yoast SEO v27.5) - https:\/\/yoast.com\/product\/yoast-seo-premium-wordpress\/ -->\n<title>OPEN DAY: porte aperte al cambiamento. Partecipa anche tu! - SocialChangeSchool<\/title>\n<meta name=\"robots\" content=\"index, follow, max-snippet:-1, max-image-preview:large, max-video-preview:-1\" \/>\n<link rel=\"canonical\" href=\"https:\/\/www.socialchangeschool.org\/it\/01\/03\/2012\/open-day-porte-aperte-al-cambiamento-partecipa-anche-tu\/\" \/>\n<meta property=\"og:locale\" content=\"it_IT\" \/>\n<meta property=\"og:type\" content=\"article\" \/>\n<meta property=\"og:title\" content=\"OPEN DAY: porte aperte al cambiamento. Partecipa anche tu!\" \/>\n<meta property=\"og:description\" content=\"Venerd\u00ec 30 marzo, dalle 16 alle 19 presso la sede di INTERSOS (via Aniene 26\/A, Roma), ti aspettiamo per conoscere la nostra offerta formativa, la didattica attiva dei Master e tutti gli sbocchi professionali; ascoltare testimonianze autorevoli e incontrare altri aspiranti professionisti del settore come te. L&#039;evento \u00e8 a ingresso gratuito\" \/>\n<meta property=\"og:url\" content=\"https:\/\/www.socialchangeschool.org\/it\/01\/03\/2012\/open-day-porte-aperte-al-cambiamento-partecipa-anche-tu\/\" \/>\n<meta property=\"og:site_name\" content=\"SocialChangeSchool\" \/>\n<meta property=\"article:published_time\" content=\"2012-03-01T08:51:25+00:00\" \/>\n<meta property=\"og:image\" content=\"http:\/\/www.asvi.it\/web\/wp-content\/uploads\/2011\/04\/04032011516-225x300.jpg\" \/>\n<meta name=\"author\" content=\"Laura Reiss\" \/>\n<meta name=\"twitter:card\" content=\"summary_large_image\" \/>\n<meta name=\"twitter:label1\" content=\"Scritto da\" \/>\n\t<meta name=\"twitter:data1\" content=\"Laura Reiss\" \/>\n\t<meta name=\"twitter:label2\" content=\"Tempo di lettura stimato\" \/>\n\t<meta name=\"twitter:data2\" content=\"1 minuto\" \/>\n<script type=\"application\/ld+json\" class=\"yoast-schema-graph\">{\"@context\":\"https:\\\/\\\/schema.org\",\"@graph\":[{\"@type\":\"Article\",\"@id\":\"https:\\\/\\\/www.socialchangeschool.org\\\/it\\\/01\\\/03\\\/2012\\\/open-day-porte-aperte-al-cambiamento-partecipa-anche-tu\\\/#article\",\"isPartOf\":{\"@id\":\"https:\\\/\\\/www.socialchangeschool.org\\\/it\\\/01\\\/03\\\/2012\\\/open-day-porte-aperte-al-cambiamento-partecipa-anche-tu\\\/\"},\"author\":{\"name\":\"Laura Reiss\",\"@id\":\"https:\\\/\\\/www.socialchangeschool.org\\\/it\\\/#\\\/schema\\\/person\\\/830e0c463a7c51633e79f9b14aadf794\"},\"headline\":\"OPEN DAY: porte aperte al cambiamento. Partecipa anche tu!\",\"datePublished\":\"2012-03-01T08:51:25+00:00\",\"mainEntityOfPage\":{\"@id\":\"https:\\\/\\\/www.socialchangeschool.org\\\/it\\\/01\\\/03\\\/2012\\\/open-day-porte-aperte-al-cambiamento-partecipa-anche-tu\\\/\"},\"wordCount\":276,\"publisher\":{\"@id\":\"https:\\\/\\\/www.socialchangeschool.org\\\/it\\\/#organization\"},\"image\":{\"@id\":\"https:\\\/\\\/www.socialchangeschool.org\\\/it\\\/01\\\/03\\\/2012\\\/open-day-porte-aperte-al-cambiamento-partecipa-anche-tu\\\/#primaryimage\"},\"thumbnailUrl\":\"http:\\\/\\\/www.asvi.it\\\/web\\\/wp-content\\\/uploads\\\/2011\\\/04\\\/04032011516-225x300.jpg\",\"articleSection\":[\"News\"],\"inLanguage\":\"it-IT\"},{\"@type\":\"WebPage\",\"@id\":\"https:\\\/\\\/www.socialchangeschool.org\\\/it\\\/01\\\/03\\\/2012\\\/open-day-porte-aperte-al-cambiamento-partecipa-anche-tu\\\/\",\"url\":\"https:\\\/\\\/www.socialchangeschool.org\\\/it\\\/01\\\/03\\\/2012\\\/open-day-porte-aperte-al-cambiamento-partecipa-anche-tu\\\/\",\"name\":\"OPEN DAY: porte aperte al cambiamento. Partecipa anche tu! - SocialChangeSchool\",\"isPartOf\":{\"@id\":\"https:\\\/\\\/www.socialchangeschool.org\\\/it\\\/#website\"},\"primaryImageOfPage\":{\"@id\":\"https:\\\/\\\/www.socialchangeschool.org\\\/it\\\/01\\\/03\\\/2012\\\/open-day-porte-aperte-al-cambiamento-partecipa-anche-tu\\\/#primaryimage\"},\"image\":{\"@id\":\"https:\\\/\\\/www.socialchangeschool.org\\\/it\\\/01\\\/03\\\/2012\\\/open-day-porte-aperte-al-cambiamento-partecipa-anche-tu\\\/#primaryimage\"},\"thumbnailUrl\":\"http:\\\/\\\/www.asvi.it\\\/web\\\/wp-content\\\/uploads\\\/2011\\\/04\\\/04032011516-225x300.jpg\",\"datePublished\":\"2012-03-01T08:51:25+00:00\",\"breadcrumb\":{\"@id\":\"https:\\\/\\\/www.socialchangeschool.org\\\/it\\\/01\\\/03\\\/2012\\\/open-day-porte-aperte-al-cambiamento-partecipa-anche-tu\\\/#breadcrumb\"},\"inLanguage\":\"it-IT\",\"potentialAction\":[{\"@type\":\"ReadAction\",\"target\":[\"https:\\\/\\\/www.socialchangeschool.org\\\/it\\\/01\\\/03\\\/2012\\\/open-day-porte-aperte-al-cambiamento-partecipa-anche-tu\\\/\"]}]},{\"@type\":\"ImageObject\",\"inLanguage\":\"it-IT\",\"@id\":\"https:\\\/\\\/www.socialchangeschool.org\\\/it\\\/01\\\/03\\\/2012\\\/open-day-porte-aperte-al-cambiamento-partecipa-anche-tu\\\/#primaryimage\",\"url\":\"http:\\\/\\\/www.asvi.it\\\/web\\\/wp-content\\\/uploads\\\/2011\\\/04\\\/04032011516-225x300.jpg\",\"contentUrl\":\"http:\\\/\\\/www.asvi.it\\\/web\\\/wp-content\\\/uploads\\\/2011\\\/04\\\/04032011516-225x300.jpg\"},{\"@type\":\"BreadcrumbList\",\"@id\":\"https:\\\/\\\/www.socialchangeschool.org\\\/it\\\/01\\\/03\\\/2012\\\/open-day-porte-aperte-al-cambiamento-partecipa-anche-tu\\\/#breadcrumb\",\"itemListElement\":[{\"@type\":\"ListItem\",\"position\":1,\"name\":\"Home\",\"item\":\"https:\\\/\\\/www.socialchangeschool.org\\\/it\\\/\"},{\"@type\":\"ListItem\",\"position\":2,\"name\":\"OPEN DAY: porte aperte al cambiamento. Partecipa anche tu!\"}]},{\"@type\":\"WebSite\",\"@id\":\"https:\\\/\\\/www.socialchangeschool.org\\\/it\\\/#website\",\"url\":\"https:\\\/\\\/www.socialchangeschool.org\\\/it\\\/\",\"name\":\"Social Change School\",\"description\":\"worldwide leader for training, connecting and certificating all professionals of Non Profit sector\",\"publisher\":{\"@id\":\"https:\\\/\\\/www.socialchangeschool.org\\\/it\\\/#organization\"},\"alternateName\":\"Leverage of Social Change transformational training institution\",\"potentialAction\":[{\"@type\":\"SearchAction\",\"target\":{\"@type\":\"EntryPoint\",\"urlTemplate\":\"https:\\\/\\\/www.socialchangeschool.org\\\/it\\\/?s={search_term_string}\"},\"query-input\":{\"@type\":\"PropertyValueSpecification\",\"valueRequired\":true,\"valueName\":\"search_term_string\"}}],\"inLanguage\":\"it-IT\"},{\"@type\":\"Organization\",\"@id\":\"https:\\\/\\\/www.socialchangeschool.org\\\/it\\\/#organization\",\"name\":\"Social Change School\",\"alternateName\":\"worldwide leader for training, connecting and certificating all professionals\",\"url\":\"https:\\\/\\\/www.socialchangeschool.org\\\/it\\\/\",\"logo\":{\"@type\":\"ImageObject\",\"inLanguage\":\"it-IT\",\"@id\":\"https:\\\/\\\/www.socialchangeschool.org\\\/it\\\/#\\\/schema\\\/logo\\\/image\\\/\",\"url\":\"https:\\\/\\\/www.socialchangeschool.org\\\/wp-content\\\/uploads\\\/2022\\\/06\\\/Logo-SocialChangeSchool.png\",\"contentUrl\":\"https:\\\/\\\/www.socialchangeschool.org\\\/wp-content\\\/uploads\\\/2022\\\/06\\\/Logo-SocialChangeSchool.png\",\"width\":1721,\"height\":1721,\"caption\":\"Social Change School\"},\"image\":{\"@id\":\"https:\\\/\\\/www.socialchangeschool.org\\\/it\\\/#\\\/schema\\\/logo\\\/image\\\/\"}},{\"@type\":\"Person\",\"@id\":\"https:\\\/\\\/www.socialchangeschool.org\\\/it\\\/#\\\/schema\\\/person\\\/830e0c463a7c51633e79f9b14aadf794\",\"name\":\"Laura Reiss\",\"url\":\"https:\\\/\\\/www.socialchangeschool.org\\\/it\\\/author\\\/ghost\\\/\"}]}<\/script>\n<!-- \/ Yoast SEO Premium plugin. -->","yoast_head_json":{"title":"OPEN DAY: porte aperte al cambiamento. Partecipa anche tu! - SocialChangeSchool","robots":{"index":"index","follow":"follow","max-snippet":"max-snippet:-1","max-image-preview":"max-image-preview:large","max-video-preview":"max-video-preview:-1"},"canonical":"https:\/\/www.socialchangeschool.org\/it\/01\/03\/2012\/open-day-porte-aperte-al-cambiamento-partecipa-anche-tu\/","og_locale":"it_IT","og_type":"article","og_title":"OPEN DAY: porte aperte al cambiamento. Partecipa anche tu!","og_description":"Venerd\u00ec 30 marzo, dalle 16 alle 19 presso la sede di INTERSOS (via Aniene 26\/A, Roma), ti aspettiamo per conoscere la nostra offerta formativa, la didattica attiva dei Master e tutti gli sbocchi professionali; ascoltare testimonianze autorevoli e incontrare altri aspiranti professionisti del settore come te. L'evento \u00e8 a ingresso gratuito","og_url":"https:\/\/www.socialchangeschool.org\/it\/01\/03\/2012\/open-day-porte-aperte-al-cambiamento-partecipa-anche-tu\/","og_site_name":"SocialChangeSchool","article_published_time":"2012-03-01T08:51:25+00:00","og_image":[{"url":"http:\/\/www.asvi.it\/web\/wp-content\/uploads\/2011\/04\/04032011516-225x300.jpg","type":"","width":"","height":""}],"author":"Laura Reiss","twitter_card":"summary_large_image","twitter_misc":{"Scritto da":"Laura Reiss","Tempo di lettura stimato":"1 minuto"},"schema":{"@context":"https:\/\/schema.org","@graph":[{"@type":"Article","@id":"https:\/\/www.socialchangeschool.org\/it\/01\/03\/2012\/open-day-porte-aperte-al-cambiamento-partecipa-anche-tu\/#article","isPartOf":{"@id":"https:\/\/www.socialchangeschool.org\/it\/01\/03\/2012\/open-day-porte-aperte-al-cambiamento-partecipa-anche-tu\/"},"author":{"name":"Laura Reiss","@id":"https:\/\/www.socialchangeschool.org\/it\/#\/schema\/person\/830e0c463a7c51633e79f9b14aadf794"},"headline":"OPEN DAY: porte aperte al cambiamento. Partecipa anche tu!","datePublished":"2012-03-01T08:51:25+00:00","mainEntityOfPage":{"@id":"https:\/\/www.socialchangeschool.org\/it\/01\/03\/2012\/open-day-porte-aperte-al-cambiamento-partecipa-anche-tu\/"},"wordCount":276,"publisher":{"@id":"https:\/\/www.socialchangeschool.org\/it\/#organization"},"image":{"@id":"https:\/\/www.socialchangeschool.org\/it\/01\/03\/2012\/open-day-porte-aperte-al-cambiamento-partecipa-anche-tu\/#primaryimage"},"thumbnailUrl":"http:\/\/www.asvi.it\/web\/wp-content\/uploads\/2011\/04\/04032011516-225x300.jpg","articleSection":["News"],"inLanguage":"it-IT"},{"@type":"WebPage","@id":"https:\/\/www.socialchangeschool.org\/it\/01\/03\/2012\/open-day-porte-aperte-al-cambiamento-partecipa-anche-tu\/","url":"https:\/\/www.socialchangeschool.org\/it\/01\/03\/2012\/open-day-porte-aperte-al-cambiamento-partecipa-anche-tu\/","name":"OPEN DAY: porte aperte al cambiamento. Partecipa anche tu! - SocialChangeSchool","isPartOf":{"@id":"https:\/\/www.socialchangeschool.org\/it\/#website"},"primaryImageOfPage":{"@id":"https:\/\/www.socialchangeschool.org\/it\/01\/03\/2012\/open-day-porte-aperte-al-cambiamento-partecipa-anche-tu\/#primaryimage"},"image":{"@id":"https:\/\/www.socialchangeschool.org\/it\/01\/03\/2012\/open-day-porte-aperte-al-cambiamento-partecipa-anche-tu\/#primaryimage"},"thumbnailUrl":"http:\/\/www.asvi.it\/web\/wp-content\/uploads\/2011\/04\/04032011516-225x300.jpg","datePublished":"2012-03-01T08:51:25+00:00","breadcrumb":{"@id":"https:\/\/www.socialchangeschool.org\/it\/01\/03\/2012\/open-day-porte-aperte-al-cambiamento-partecipa-anche-tu\/#breadcrumb"},"inLanguage":"it-IT","potentialAction":[{"@type":"ReadAction","target":["https:\/\/www.socialchangeschool.org\/it\/01\/03\/2012\/open-day-porte-aperte-al-cambiamento-partecipa-anche-tu\/"]}]},{"@type":"ImageObject","inLanguage":"it-IT","@id":"https:\/\/www.socialchangeschool.org\/it\/01\/03\/2012\/open-day-porte-aperte-al-cambiamento-partecipa-anche-tu\/#primaryimage","url":"http:\/\/www.asvi.it\/web\/wp-content\/uploads\/2011\/04\/04032011516-225x300.jpg","contentUrl":"http:\/\/www.asvi.it\/web\/wp-content\/uploads\/2011\/04\/04032011516-225x300.jpg"},{"@type":"BreadcrumbList","@id":"https:\/\/www.socialchangeschool.org\/it\/01\/03\/2012\/open-day-porte-aperte-al-cambiamento-partecipa-anche-tu\/#breadcrumb","itemListElement":[{"@type":"ListItem","position":1,"name":"Home","item":"https:\/\/www.socialchangeschool.org\/it\/"},{"@type":"ListItem","position":2,"name":"OPEN DAY: porte aperte al cambiamento. Partecipa anche tu!"}]},{"@type":"WebSite","@id":"https:\/\/www.socialchangeschool.org\/it\/#website","url":"https:\/\/www.socialchangeschool.org\/it\/","name":"Social Change School","description":"worldwide leader for training, connecting and certificating all professionals of Non Profit sector","publisher":{"@id":"https:\/\/www.socialchangeschool.org\/it\/#organization"},"alternateName":"Leverage of Social Change transformational training institution","potentialAction":[{"@type":"SearchAction","target":{"@type":"EntryPoint","urlTemplate":"https:\/\/www.socialchangeschool.org\/it\/?s={search_term_string}"},"query-input":{"@type":"PropertyValueSpecification","valueRequired":true,"valueName":"search_term_string"}}],"inLanguage":"it-IT"},{"@type":"Organization","@id":"https:\/\/www.socialchangeschool.org\/it\/#organization","name":"Social Change School","alternateName":"worldwide leader for training, connecting and certificating all professionals","url":"https:\/\/www.socialchangeschool.org\/it\/","logo":{"@type":"ImageObject","inLanguage":"it-IT","@id":"https:\/\/www.socialchangeschool.org\/it\/#\/schema\/logo\/image\/","url":"https:\/\/www.socialchangeschool.org\/wp-content\/uploads\/2022\/06\/Logo-SocialChangeSchool.png","contentUrl":"https:\/\/www.socialchangeschool.org\/wp-content\/uploads\/2022\/06\/Logo-SocialChangeSchool.png","width":1721,"height":1721,"caption":"Social Change School"},"image":{"@id":"https:\/\/www.socialchangeschool.org\/it\/#\/schema\/logo\/image\/"}},{"@type":"Person","@id":"https:\/\/www.socialchangeschool.org\/it\/#\/schema\/person\/830e0c463a7c51633e79f9b14aadf794","name":"Laura Reiss","url":"https:\/\/www.socialchangeschool.org\/it\/author\/ghost\/"}]}},"_links":{"self":[{"href":"https:\/\/www.socialchangeschool.org\/it\/wp-json\/wp\/v2\/posts\/37832","targetHints":{"allow":["GET"]}}],"collection":[{"href":"https:\/\/www.socialchangeschool.org\/it\/wp-json\/wp\/v2\/posts"}],"about":[{"href":"https:\/\/www.socialchangeschool.org\/it\/wp-json\/wp\/v2\/types\/post"}],"author":[{"embeddable":true,"href":"https:\/\/www.socialchangeschool.org\/it\/wp-json\/wp\/v2\/users\/2"}],"replies":[{"embeddable":true,"href":"https:\/\/www.socialchangeschool.org\/it\/wp-json\/wp\/v2\/comments?post=37832"}],"version-history":[{"count":0,"href":"https:\/\/www.socialchangeschool.org\/it\/wp-json\/wp\/v2\/posts\/37832\/revisions"}],"wp:attachment":[{"href":"https:\/\/www.socialchangeschool.org\/it\/wp-json\/wp\/v2\/media?parent=37832"}],"wp:term":[{"taxonomy":"category","embeddable":true,"href":"https:\/\/www.socialchangeschool.org\/it\/wp-json\/wp\/v2\/categories?post=37832"},{"taxonomy":"post_tag","embeddable":true,"href":"https:\/\/www.socialchangeschool.org\/it\/wp-json\/wp\/v2\/tags?post=37832"}],"curies":[{"name":"wp","href":"https:\/\/api.w.org\/{rel}","templated":true}]}}