{"id":37757,"date":"2020-07-31T11:22:33","date_gmt":"2020-07-31T11:22:33","guid":{"rendered":"http:\/\/socialchangeschool.org\/31\/07\/2020\/coffee-break-with-the-nonprofit-managers-intervento-di-tirso-puig-de-la-bellacasa-direttore-operativo-di-social-change-school\/"},"modified":"2020-07-31T11:22:33","modified_gmt":"2020-07-31T11:22:33","slug":"coffee-break-with-the-nonprofit-managers-intervento-di-tirso-puig-de-la-bellacasa-direttore-operativo-di-social-change-school","status":"publish","type":"post","link":"https:\/\/www.socialchangeschool.org\/it\/31\/07\/2020\/coffee-break-with-the-nonprofit-managers-intervento-di-tirso-puig-de-la-bellacasa-direttore-operativo-di-social-change-school\/","title":{"rendered":"Coffee Break with the Nonprofit Managers \u2013 Intervento di Tirso Puig de la Bellacasa, Direttore Operativo di Social Change School"},"content":{"rendered":"<p>Per chiudere la ricca collezione di interventi raccolti durante il Coffee Break with the Nonprofit Managers e presentati negli ultimi mesi, riportiamo il commento di\u00a0<strong><a href=\"https:\/\/www.socialchangeschool.org\/it\/faculty\/tirso-puig-de-la-bellacasa\/\" target=\"_blank\" rel=\"noopener\">Tirso Puig de la Bellacasa<\/a>, Direttore Operativo di <a href=\"https:\/\/www.socialchangeschool.org\/it\/\" target=\"_blank\" rel=\"noopener\">Social Change School<\/a><\/strong>.<\/p>\n<p><strong>Come sta e come stiamo vivendo questa crisi?<em><br \/><\/em><\/strong>Posso dire di <strong>essermi portato la Scuola a casa un 24\/7<\/strong>. Con i bambini e le loro lezioni si parlava anche di come le scuole dei nostri figli siano arrivate a casa. Dal punto di vista personale mi sono riscoperto anche all\u2019interno delle 4 mura domestiche e questo sicuramente \u00e8 una sfida. Come Social Change School mi rifaccio un po\u2019 ad alcune parole che sono gi\u00e0 emerse durante questi interventi:<strong> resilienza senza dubbio, sicuramente anche trasformazione, poich\u00e9 stiamo lavorando su come trasformare i nostri percorsi, in particolar modo quelli presenziali, che non possiamo in questo momento sviluppare nella stessa maniera. <\/strong>Tutto ci\u00f2 con<strong> grande resilienza e continuit\u00e0 da parte di tutti i colleghi <\/strong>e, a partire dal <a href=\"https:\/\/www.socialchangeschool.org\/it\/faculty\/marco-crescenzi\/\" target=\"_blank\" rel=\"noopener\"><strong>Presidente Marco Crescenzi<\/strong><\/a>, impegnandoci a<strong> trovare modi per garantire i percorsi formativi ai nostri corsisti, grazie all\u2019e-learning e a uno sforzo coordinato<\/strong>, anche con i collaboratori esterni, come molti di voi e come i vostri colleghi, le risorse umane\u00a0 e i docenti che ci continuano a supportare in tutto questo percorso. Molto <strong>interessante l\u2019opportunit\u00e0 di trasformazione e di innovazione<\/strong>, implicita in tutto ci\u00f2, e in qualche modo anche alcuni elementi di <strong>adaptive management un po\u2019 emergenziali<\/strong>, in questo momento per\u00f2 sicuramente interessanti. Stiamo inoltre notando un fenomeno interessante, simile a quello che era successo nel 2001 dopo gli eventi delle torri gemelle: <strong>gli studenti e i candidati che si avvicinano alla Scuola hanno una grande voglia di fare, tanta grinta, <\/strong>si chiedono \u201ccosa possiamo fare noi ora?\u2019\u2019. Agganciandomi a quello che diceva <strong><a href=\"https:\/\/www.socialchangeschool.org\/it\/30\/07\/2020\/coffee-break-with-the-nonprofit-managers-intervento-di-francesco-petrelli-responsabile-relazioni-istituzionali-per-oxfam-italia\/\" target=\"_blank\" rel=\"noopener\">Francesco Petrelli<\/a><\/strong>, a questo punto <strong>il mondo non sar\u00e0 veramente uguale e i nostri corsisti ci chiedono come mettersi in gioco ancora meglio e di supportarli in questo obiettivo<\/strong>.<\/p>\n<p><strong>Cosa stiamo imparando, cosa ci vogliamo portare e ricette per uscirne?<em><br \/><\/em><\/strong>Ci siamo adattando alla trasformazione, cercando di consolidare tutto ci\u00f2 che stiamo vivendo in questo periodo per adeguarci a questa situazione, <strong>cercando di lavorare sul limite come opportunit\u00e0, insieme al rischio che diventa anch\u2019esso opportunit\u00e0.<\/strong> Per quanto riguarda poi il rapporto con i corsisti, anche sentendovi parlare, credo sia essenziale essere in grado di far s\u00ec che attraverso le trasformazioni questo mondo non sia pi\u00f9 come prima, ma che sia un mondo migliore. Dico questo perch\u00e9, come nel caso di Orban, c\u2019\u00e8 anche il<strong> rischio che<\/strong>, negli interstizi di questa situazione che viviamo, <strong>autoritarismi o forme di limitazione di diritti e libert\u00e0 possano farsi strada, <\/strong>quindi credo che sia importante posizionarci ed effettivamente<strong> contribuire a un mondo che non sar\u00e0 come prima aspirando di riuscire a renderlo migliore.<\/strong> <strong>Sicuramente come Scuola, nel lavoro che facciamo quotidianamente con corsisti altamente motivati per il cambiamento sociale, cercheremo di promuovere questo tipo di spirito e di linea.<\/strong><\/p>\n","protected":false},"excerpt":{"rendered":"<p>Per chiudere la ricca collezione di interventi raccolti durante il Coffee Break with the Nonprofit Managers e presentati negli ultimi mesi, riportiamo il commento di\u00a0Tirso Puig de la Bellacasa, Direttore Operativo di Social Change School. Come sta e come stiamo vivendo questa crisi?Posso dire di essermi portato la Scuola a casa un 24\/7. Con i [&hellip;]<\/p>\n","protected":false},"author":2,"featured_media":0,"comment_status":"closed","ping_status":"closed","sticky":false,"template":"","format":"standard","meta":{"site-sidebar-layout":"default","site-content-layout":"","ast-site-content-layout":"default","site-content-style":"default","site-sidebar-style":"default","ast-global-header-display":"","ast-banner-title-visibility":"","ast-main-header-display":"","ast-hfb-above-header-display":"","ast-hfb-below-header-display":"","ast-hfb-mobile-header-display":"","site-post-title":"","ast-breadcrumbs-content":"","ast-featured-img":"","footer-sml-layout":"","ast-disable-related-posts":"","theme-transparent-header-meta":"","adv-header-id-meta":"","stick-header-meta":"","header-above-stick-meta":"","header-main-stick-meta":"","header-below-stick-meta":"","astra-migrate-meta-layouts":"default","ast-page-background-enabled":"default","ast-page-background-meta":{"desktop":{"background-color":"","background-image":"","background-repeat":"repeat","background-position":"center center","background-size":"auto","background-attachment":"scroll","background-type":"","background-media":"","overlay-type":"","overlay-color":"","overlay-opacity":"","overlay-gradient":""},"tablet":{"background-color":"","background-image":"","background-repeat":"repeat","background-position":"center center","background-size":"auto","background-attachment":"scroll","background-type":"","background-media":"","overlay-type":"","overlay-color":"","overlay-opacity":"","overlay-gradient":""},"mobile":{"background-color":"","background-image":"","background-repeat":"repeat","background-position":"center center","background-size":"auto","background-attachment":"scroll","background-type":"","background-media":"","overlay-type":"","overlay-color":"","overlay-opacity":"","overlay-gradient":""}},"ast-content-background-meta":{"desktop":{"background-color":"var(--ast-global-color-5)","background-image":"","background-repeat":"repeat","background-position":"center center","background-size":"auto","background-attachment":"scroll","background-type":"","background-media":"","overlay-type":"","overlay-color":"","overlay-opacity":"","overlay-gradient":""},"tablet":{"background-color":"var(--ast-global-color-5)","background-image":"","background-repeat":"repeat","background-position":"center center","background-size":"auto","background-attachment":"scroll","background-type":"","background-media":"","overlay-type":"","overlay-color":"","overlay-opacity":"","overlay-gradient":""},"mobile":{"background-color":"var(--ast-global-color-5)","background-image":"","background-repeat":"repeat","background-position":"center center","background-size":"auto","background-attachment":"scroll","background-type":"","background-media":"","overlay-type":"","overlay-color":"","overlay-opacity":"","overlay-gradient":""}},"footnotes":""},"categories":[218],"tags":[],"class_list":["post-37757","post","type-post","status-publish","format-standard","hentry","category-eventi"],"yoast_head":"<!-- This site is optimized with the Yoast SEO Premium plugin v27.2 (Yoast SEO v27.4) - https:\/\/yoast.com\/product\/yoast-seo-premium-wordpress\/ -->\n<title>Coffee Break with the Nonprofit Managers \u2013 Intervento di Tirso Puig de la Bellacasa, Direttore Operativo di Social Change School - SocialChangeSchool<\/title>\n<meta name=\"robots\" content=\"index, follow, max-snippet:-1, max-image-preview:large, max-video-preview:-1\" \/>\n<link rel=\"canonical\" href=\"https:\/\/www.socialchangeschool.org\/it\/31\/07\/2020\/coffee-break-with-the-nonprofit-managers-intervento-di-tirso-puig-de-la-bellacasa-direttore-operativo-di-social-change-school\/\" \/>\n<meta property=\"og:locale\" content=\"it_IT\" \/>\n<meta property=\"og:type\" content=\"article\" \/>\n<meta property=\"og:title\" content=\"Coffee Break with the Nonprofit Managers \u2013 Intervento di Tirso Puig de la Bellacasa, Direttore Operativo di Social Change School\" \/>\n<meta property=\"og:description\" content=\"Per chiudere la ricca collezione di interventi raccolti durante il Coffee Break with the Nonprofit Managers e presentati negli ultimi mesi, riportiamo il commento di\u00a0Tirso Puig de la Bellacasa, Direttore Operativo di Social Change School. Come sta e come stiamo vivendo questa crisi?Posso dire di essermi portato la Scuola a casa un 24\/7. Con i [&hellip;]\" \/>\n<meta property=\"og:url\" content=\"https:\/\/www.socialchangeschool.org\/it\/31\/07\/2020\/coffee-break-with-the-nonprofit-managers-intervento-di-tirso-puig-de-la-bellacasa-direttore-operativo-di-social-change-school\/\" \/>\n<meta property=\"og:site_name\" content=\"SocialChangeSchool\" \/>\n<meta property=\"article:published_time\" content=\"2020-07-31T11:22:33+00:00\" \/>\n<meta property=\"og:image\" content=\"https:\/\/www.socialchangeschool.org\/wp-content\/uploads\/2022\/06\/Logo-SocialChangeSchool.png\" \/>\n\t<meta property=\"og:image:width\" content=\"1721\" \/>\n\t<meta property=\"og:image:height\" content=\"1721\" \/>\n\t<meta property=\"og:image:type\" content=\"image\/png\" \/>\n<meta name=\"author\" content=\"Laura Reiss\" \/>\n<meta name=\"twitter:card\" content=\"summary_large_image\" \/>\n<meta name=\"twitter:label1\" content=\"Scritto da\" \/>\n\t<meta name=\"twitter:data1\" content=\"Laura Reiss\" \/>\n\t<meta name=\"twitter:label2\" content=\"Tempo di lettura stimato\" \/>\n\t<meta name=\"twitter:data2\" content=\"2 minuti\" \/>\n<script type=\"application\/ld+json\" class=\"yoast-schema-graph\">{\"@context\":\"https:\\\/\\\/schema.org\",\"@graph\":[{\"@type\":\"Article\",\"@id\":\"https:\\\/\\\/www.socialchangeschool.org\\\/it\\\/31\\\/07\\\/2020\\\/coffee-break-with-the-nonprofit-managers-intervento-di-tirso-puig-de-la-bellacasa-direttore-operativo-di-social-change-school\\\/#article\",\"isPartOf\":{\"@id\":\"https:\\\/\\\/www.socialchangeschool.org\\\/it\\\/31\\\/07\\\/2020\\\/coffee-break-with-the-nonprofit-managers-intervento-di-tirso-puig-de-la-bellacasa-direttore-operativo-di-social-change-school\\\/\"},\"author\":{\"name\":\"Laura Reiss\",\"@id\":\"https:\\\/\\\/www.socialchangeschool.org\\\/it\\\/#\\\/schema\\\/person\\\/830e0c463a7c51633e79f9b14aadf794\"},\"headline\":\"Coffee Break with the Nonprofit Managers \u2013 Intervento di Tirso Puig de la Bellacasa, Direttore Operativo di Social Change School\",\"datePublished\":\"2020-07-31T11:22:33+00:00\",\"mainEntityOfPage\":{\"@id\":\"https:\\\/\\\/www.socialchangeschool.org\\\/it\\\/31\\\/07\\\/2020\\\/coffee-break-with-the-nonprofit-managers-intervento-di-tirso-puig-de-la-bellacasa-direttore-operativo-di-social-change-school\\\/\"},\"wordCount\":506,\"publisher\":{\"@id\":\"https:\\\/\\\/www.socialchangeschool.org\\\/it\\\/#organization\"},\"articleSection\":[\"Eventi\"],\"inLanguage\":\"it-IT\"},{\"@type\":\"WebPage\",\"@id\":\"https:\\\/\\\/www.socialchangeschool.org\\\/it\\\/31\\\/07\\\/2020\\\/coffee-break-with-the-nonprofit-managers-intervento-di-tirso-puig-de-la-bellacasa-direttore-operativo-di-social-change-school\\\/\",\"url\":\"https:\\\/\\\/www.socialchangeschool.org\\\/it\\\/31\\\/07\\\/2020\\\/coffee-break-with-the-nonprofit-managers-intervento-di-tirso-puig-de-la-bellacasa-direttore-operativo-di-social-change-school\\\/\",\"name\":\"Coffee Break with the Nonprofit Managers \u2013 Intervento di Tirso Puig de la Bellacasa, Direttore Operativo di Social Change School - SocialChangeSchool\",\"isPartOf\":{\"@id\":\"https:\\\/\\\/www.socialchangeschool.org\\\/it\\\/#website\"},\"datePublished\":\"2020-07-31T11:22:33+00:00\",\"breadcrumb\":{\"@id\":\"https:\\\/\\\/www.socialchangeschool.org\\\/it\\\/31\\\/07\\\/2020\\\/coffee-break-with-the-nonprofit-managers-intervento-di-tirso-puig-de-la-bellacasa-direttore-operativo-di-social-change-school\\\/#breadcrumb\"},\"inLanguage\":\"it-IT\",\"potentialAction\":[{\"@type\":\"ReadAction\",\"target\":[\"https:\\\/\\\/www.socialchangeschool.org\\\/it\\\/31\\\/07\\\/2020\\\/coffee-break-with-the-nonprofit-managers-intervento-di-tirso-puig-de-la-bellacasa-direttore-operativo-di-social-change-school\\\/\"]}]},{\"@type\":\"BreadcrumbList\",\"@id\":\"https:\\\/\\\/www.socialchangeschool.org\\\/it\\\/31\\\/07\\\/2020\\\/coffee-break-with-the-nonprofit-managers-intervento-di-tirso-puig-de-la-bellacasa-direttore-operativo-di-social-change-school\\\/#breadcrumb\",\"itemListElement\":[{\"@type\":\"ListItem\",\"position\":1,\"name\":\"Home\",\"item\":\"https:\\\/\\\/www.socialchangeschool.org\\\/it\\\/\"},{\"@type\":\"ListItem\",\"position\":2,\"name\":\"Coffee Break with the Nonprofit Managers \u2013 Intervento di Tirso Puig de la Bellacasa, Direttore Operativo di Social Change School\"}]},{\"@type\":\"WebSite\",\"@id\":\"https:\\\/\\\/www.socialchangeschool.org\\\/it\\\/#website\",\"url\":\"https:\\\/\\\/www.socialchangeschool.org\\\/it\\\/\",\"name\":\"Social Change School\",\"description\":\"worldwide leader for training, connecting and certificating all professionals of Non Profit sector\",\"publisher\":{\"@id\":\"https:\\\/\\\/www.socialchangeschool.org\\\/it\\\/#organization\"},\"alternateName\":\"Leverage of Social Change transformational training institution\",\"potentialAction\":[{\"@type\":\"SearchAction\",\"target\":{\"@type\":\"EntryPoint\",\"urlTemplate\":\"https:\\\/\\\/www.socialchangeschool.org\\\/it\\\/?s={search_term_string}\"},\"query-input\":{\"@type\":\"PropertyValueSpecification\",\"valueRequired\":true,\"valueName\":\"search_term_string\"}}],\"inLanguage\":\"it-IT\"},{\"@type\":\"Organization\",\"@id\":\"https:\\\/\\\/www.socialchangeschool.org\\\/it\\\/#organization\",\"name\":\"Social Change School\",\"alternateName\":\"worldwide leader for training, connecting and certificating all professionals\",\"url\":\"https:\\\/\\\/www.socialchangeschool.org\\\/it\\\/\",\"logo\":{\"@type\":\"ImageObject\",\"inLanguage\":\"it-IT\",\"@id\":\"https:\\\/\\\/www.socialchangeschool.org\\\/it\\\/#\\\/schema\\\/logo\\\/image\\\/\",\"url\":\"https:\\\/\\\/www.socialchangeschool.org\\\/wp-content\\\/uploads\\\/2022\\\/06\\\/Logo-SocialChangeSchool.png\",\"contentUrl\":\"https:\\\/\\\/www.socialchangeschool.org\\\/wp-content\\\/uploads\\\/2022\\\/06\\\/Logo-SocialChangeSchool.png\",\"width\":1721,\"height\":1721,\"caption\":\"Social Change School\"},\"image\":{\"@id\":\"https:\\\/\\\/www.socialchangeschool.org\\\/it\\\/#\\\/schema\\\/logo\\\/image\\\/\"}},{\"@type\":\"Person\",\"@id\":\"https:\\\/\\\/www.socialchangeschool.org\\\/it\\\/#\\\/schema\\\/person\\\/830e0c463a7c51633e79f9b14aadf794\",\"name\":\"Laura Reiss\",\"url\":\"https:\\\/\\\/www.socialchangeschool.org\\\/it\\\/author\\\/ghost\\\/\"}]}<\/script>\n<!-- \/ Yoast SEO Premium plugin. -->","yoast_head_json":{"title":"Coffee Break with the Nonprofit Managers \u2013 Intervento di Tirso Puig de la Bellacasa, Direttore Operativo di Social Change School - SocialChangeSchool","robots":{"index":"index","follow":"follow","max-snippet":"max-snippet:-1","max-image-preview":"max-image-preview:large","max-video-preview":"max-video-preview:-1"},"canonical":"https:\/\/www.socialchangeschool.org\/it\/31\/07\/2020\/coffee-break-with-the-nonprofit-managers-intervento-di-tirso-puig-de-la-bellacasa-direttore-operativo-di-social-change-school\/","og_locale":"it_IT","og_type":"article","og_title":"Coffee Break with the Nonprofit Managers \u2013 Intervento di Tirso Puig de la Bellacasa, Direttore Operativo di Social Change School","og_description":"Per chiudere la ricca collezione di interventi raccolti durante il Coffee Break with the Nonprofit Managers e presentati negli ultimi mesi, riportiamo il commento di\u00a0Tirso Puig de la Bellacasa, Direttore Operativo di Social Change School. Come sta e come stiamo vivendo questa crisi?Posso dire di essermi portato la Scuola a casa un 24\/7. Con i [&hellip;]","og_url":"https:\/\/www.socialchangeschool.org\/it\/31\/07\/2020\/coffee-break-with-the-nonprofit-managers-intervento-di-tirso-puig-de-la-bellacasa-direttore-operativo-di-social-change-school\/","og_site_name":"SocialChangeSchool","article_published_time":"2020-07-31T11:22:33+00:00","og_image":[{"width":1721,"height":1721,"url":"https:\/\/www.socialchangeschool.org\/wp-content\/uploads\/2022\/06\/Logo-SocialChangeSchool.png","type":"image\/png"}],"author":"Laura Reiss","twitter_card":"summary_large_image","twitter_misc":{"Scritto da":"Laura Reiss","Tempo di lettura stimato":"2 minuti"},"schema":{"@context":"https:\/\/schema.org","@graph":[{"@type":"Article","@id":"https:\/\/www.socialchangeschool.org\/it\/31\/07\/2020\/coffee-break-with-the-nonprofit-managers-intervento-di-tirso-puig-de-la-bellacasa-direttore-operativo-di-social-change-school\/#article","isPartOf":{"@id":"https:\/\/www.socialchangeschool.org\/it\/31\/07\/2020\/coffee-break-with-the-nonprofit-managers-intervento-di-tirso-puig-de-la-bellacasa-direttore-operativo-di-social-change-school\/"},"author":{"name":"Laura Reiss","@id":"https:\/\/www.socialchangeschool.org\/it\/#\/schema\/person\/830e0c463a7c51633e79f9b14aadf794"},"headline":"Coffee Break with the Nonprofit Managers \u2013 Intervento di Tirso Puig de la Bellacasa, Direttore Operativo di Social Change School","datePublished":"2020-07-31T11:22:33+00:00","mainEntityOfPage":{"@id":"https:\/\/www.socialchangeschool.org\/it\/31\/07\/2020\/coffee-break-with-the-nonprofit-managers-intervento-di-tirso-puig-de-la-bellacasa-direttore-operativo-di-social-change-school\/"},"wordCount":506,"publisher":{"@id":"https:\/\/www.socialchangeschool.org\/it\/#organization"},"articleSection":["Eventi"],"inLanguage":"it-IT"},{"@type":"WebPage","@id":"https:\/\/www.socialchangeschool.org\/it\/31\/07\/2020\/coffee-break-with-the-nonprofit-managers-intervento-di-tirso-puig-de-la-bellacasa-direttore-operativo-di-social-change-school\/","url":"https:\/\/www.socialchangeschool.org\/it\/31\/07\/2020\/coffee-break-with-the-nonprofit-managers-intervento-di-tirso-puig-de-la-bellacasa-direttore-operativo-di-social-change-school\/","name":"Coffee Break with the Nonprofit Managers \u2013 Intervento di Tirso Puig de la Bellacasa, Direttore Operativo di Social Change School - SocialChangeSchool","isPartOf":{"@id":"https:\/\/www.socialchangeschool.org\/it\/#website"},"datePublished":"2020-07-31T11:22:33+00:00","breadcrumb":{"@id":"https:\/\/www.socialchangeschool.org\/it\/31\/07\/2020\/coffee-break-with-the-nonprofit-managers-intervento-di-tirso-puig-de-la-bellacasa-direttore-operativo-di-social-change-school\/#breadcrumb"},"inLanguage":"it-IT","potentialAction":[{"@type":"ReadAction","target":["https:\/\/www.socialchangeschool.org\/it\/31\/07\/2020\/coffee-break-with-the-nonprofit-managers-intervento-di-tirso-puig-de-la-bellacasa-direttore-operativo-di-social-change-school\/"]}]},{"@type":"BreadcrumbList","@id":"https:\/\/www.socialchangeschool.org\/it\/31\/07\/2020\/coffee-break-with-the-nonprofit-managers-intervento-di-tirso-puig-de-la-bellacasa-direttore-operativo-di-social-change-school\/#breadcrumb","itemListElement":[{"@type":"ListItem","position":1,"name":"Home","item":"https:\/\/www.socialchangeschool.org\/it\/"},{"@type":"ListItem","position":2,"name":"Coffee Break with the Nonprofit Managers \u2013 Intervento di Tirso Puig de la Bellacasa, Direttore Operativo di Social Change School"}]},{"@type":"WebSite","@id":"https:\/\/www.socialchangeschool.org\/it\/#website","url":"https:\/\/www.socialchangeschool.org\/it\/","name":"Social Change School","description":"worldwide leader for training, connecting and certificating all professionals of Non Profit sector","publisher":{"@id":"https:\/\/www.socialchangeschool.org\/it\/#organization"},"alternateName":"Leverage of Social Change transformational training institution","potentialAction":[{"@type":"SearchAction","target":{"@type":"EntryPoint","urlTemplate":"https:\/\/www.socialchangeschool.org\/it\/?s={search_term_string}"},"query-input":{"@type":"PropertyValueSpecification","valueRequired":true,"valueName":"search_term_string"}}],"inLanguage":"it-IT"},{"@type":"Organization","@id":"https:\/\/www.socialchangeschool.org\/it\/#organization","name":"Social Change School","alternateName":"worldwide leader for training, connecting and certificating all professionals","url":"https:\/\/www.socialchangeschool.org\/it\/","logo":{"@type":"ImageObject","inLanguage":"it-IT","@id":"https:\/\/www.socialchangeschool.org\/it\/#\/schema\/logo\/image\/","url":"https:\/\/www.socialchangeschool.org\/wp-content\/uploads\/2022\/06\/Logo-SocialChangeSchool.png","contentUrl":"https:\/\/www.socialchangeschool.org\/wp-content\/uploads\/2022\/06\/Logo-SocialChangeSchool.png","width":1721,"height":1721,"caption":"Social Change School"},"image":{"@id":"https:\/\/www.socialchangeschool.org\/it\/#\/schema\/logo\/image\/"}},{"@type":"Person","@id":"https:\/\/www.socialchangeschool.org\/it\/#\/schema\/person\/830e0c463a7c51633e79f9b14aadf794","name":"Laura Reiss","url":"https:\/\/www.socialchangeschool.org\/it\/author\/ghost\/"}]}},"_links":{"self":[{"href":"https:\/\/www.socialchangeschool.org\/it\/wp-json\/wp\/v2\/posts\/37757","targetHints":{"allow":["GET"]}}],"collection":[{"href":"https:\/\/www.socialchangeschool.org\/it\/wp-json\/wp\/v2\/posts"}],"about":[{"href":"https:\/\/www.socialchangeschool.org\/it\/wp-json\/wp\/v2\/types\/post"}],"author":[{"embeddable":true,"href":"https:\/\/www.socialchangeschool.org\/it\/wp-json\/wp\/v2\/users\/2"}],"replies":[{"embeddable":true,"href":"https:\/\/www.socialchangeschool.org\/it\/wp-json\/wp\/v2\/comments?post=37757"}],"version-history":[{"count":0,"href":"https:\/\/www.socialchangeschool.org\/it\/wp-json\/wp\/v2\/posts\/37757\/revisions"}],"wp:attachment":[{"href":"https:\/\/www.socialchangeschool.org\/it\/wp-json\/wp\/v2\/media?parent=37757"}],"wp:term":[{"taxonomy":"category","embeddable":true,"href":"https:\/\/www.socialchangeschool.org\/it\/wp-json\/wp\/v2\/categories?post=37757"},{"taxonomy":"post_tag","embeddable":true,"href":"https:\/\/www.socialchangeschool.org\/it\/wp-json\/wp\/v2\/tags?post=37757"}],"curies":[{"name":"wp","href":"https:\/\/api.w.org\/{rel}","templated":true}]}}