{"id":37755,"date":"2020-07-30T14:53:39","date_gmt":"2020-07-30T14:53:39","guid":{"rendered":"http:\/\/socialchangeschool.org\/30\/07\/2020\/coffee-break-with-the-nonprofit-managers-intervento-di-paolo-pastore-direttore-generale-fairtrade-italia\/"},"modified":"2020-07-30T14:53:39","modified_gmt":"2020-07-30T14:53:39","slug":"coffee-break-with-the-nonprofit-managers-intervento-di-paolo-pastore-direttore-generale-fairtrade-italia","status":"publish","type":"post","link":"https:\/\/www.socialchangeschool.org\/it\/30\/07\/2020\/coffee-break-with-the-nonprofit-managers-intervento-di-paolo-pastore-direttore-generale-fairtrade-italia\/","title":{"rendered":"Coffee Break with the Nonprofit Managers \u2013 Intervento di Paolo Pastore, Direttore Generale Fairtrade Italia"},"content":{"rendered":"<p>Il Presidente di Social Change School, <a href=\"https:\/\/www.socialchangeschool.org\/it\/faculty\/marco-crescenzi\/\" target=\"_blank\" rel=\"noopener\">Marco Crescenzi<\/a>, ha intervistato\u00a0<strong>Paolo Pastore, Direttore Generale <a href=\"https:\/\/www.fairtrade.it\/\" target=\"_blank\" rel=\"noopener\">Fairtrade Italia<\/a>,<\/strong> durante il Coffee Break with the Nonprofit Managers tenutosi il\u00a0<span>2 aprile 2020 via Zoom. Pastore ha descritto le attuali priorit\u00e0 di Fairtrade e le operazioni pi\u00f9 rilevanti durante questo periodo di crisi mondiale.<\/span><\/p>\n<p><strong><span>Come sta e come ha vissuto questa fase di crisi?<br \/><\/span><\/strong>Grazie Marco per questa opportunit\u00e0. Alcuni di voi mi conoscono, altri ho il piacere di incontrarli in questo spazio virtuale. In Fairtraide abbiamo avuto la cognizione di causa che qualcosa stava succedendo perch\u00e9 avendo anche delle<strong> sedi in Asia <\/strong>abbiamo sentito gli<strong> allarmi gi\u00e0 a Gennaio<\/strong> <strong>e gradatamente abbiamo messo tutta la struttura di Fairtraide delle varie sedi che sono in lockdown al lavoro da remoto. <\/strong>Siamo circa 800 colleghi intorno al mondo e <strong>lavoriamo da remoto in Asia, Africa, America Latina<\/strong> e cosi via a scalare. <strong>La cosa che personalmente ho vissuto \u00e8 la necessit\u00e0 di<\/strong> <strong>avere resilienza nella disciplina<\/strong> e credo che <strong>anche dare disciplina alle persone mi aiuti a gestire lo staff che dipende da me<\/strong> in Italia e anche a gestire una serie di attivit\u00e0 a livello internazionale. La disciplina ti aiuta la mentalit\u00e0 e a cercare di dare un po\u2019 di ordine alle cose. Come Fairtrade<strong> siamo molto preoccupati per quello che potrebbe succedere nei paesi in cui abbiamo circa un milione e settecento mila coltivatori, lavoratori della terra che lavorano nelle varie cooperative all\u2019interno del sistema Fairtrade. <\/strong>Come misura primaria abbiamo <strong>spostato tutte le risorse del premio Fairtrade<\/strong>, che in un anno genera circa 50 milioni di risorse parametrate sui vari mesi,<b>\u00a0all&#8217;intervento\u00a0di tipo sanitario e di sicurezza per i lavoratori che lavorano nelle farm, nelle piantagioni o nelle cooperative<\/b>. Stiamo <strong>vedendo un impatto negativo in particolare nella produzione dei fiori Fairtrade in Africa<\/strong>, ma le altre filiere come quelle del cacao o del caff\u00e8 o della frutta fresca sono per il momento in sicurezza e stiamo spendendo tutte le risorse possibili per garantire un minimo di barriera sanitaria e di certezza a queste persone. Questo \u00e8 un po\u2019 il nostro obiettivo e quello su cui abbiamo lavorato nell&#8217;ultimo mese.<\/p>\n<p><span><strong>Cosa stiamo imparando, cosa ci vogliamo portare e ricette per uscirne?<br \/><\/strong><\/span>Cosa ci ispira per il futuro? Secondo me <strong>la parola che dovrebbe guidare la nostra azione \u00e8 disruption,<\/strong> <strong>cercare di pensare di immaginare qualcosa che sia possibile anche al di fuori dei nostri canoni normali. <\/strong>Per noi \u00e8 stato rivedere ad esempio l\u2019operativit\u00e0 riguardo l\u2019intervento sanitario nei PDS. Credo sia importante che in tutte le nostre organizzazioni <strong>cerchiamo di fare un salto di qualit\u00e0 pensando a qualcosa che non avevamo mai pensato e fare delle cose nuove.<\/strong><\/p>\n<p>La seconda cosa \u00e8 che reputo che <strong>bisogna crescere ancora in professionalit\u00e0 e qualit\u00e0 delle nostre imprese,<\/strong> perch\u00e9 solo cos\u00ec possiamo veramente dimostrare che la cooperazione funziona. A volte abbiamo ancora dei modelli in testa un po\u2019 vecchi e difficoltosi da gestire<strong>. Se siamo disruptive e pensiamo a dei modelli nuovi dobbiamo pensarli con la qualit\u00e0 che richiede una grande impresa per portare i nostri valori\u00a0<\/strong><b>nell&#8217;economia<\/b>.<\/p>\n","protected":false},"excerpt":{"rendered":"<p>Il Presidente di Social Change School, Marco Crescenzi, ha intervistato\u00a0Paolo Pastore, Direttore Generale Fairtrade Italia, durante il Coffee Break with the Nonprofit Managers tenutosi il\u00a02 aprile 2020 via Zoom. Pastore ha descritto le attuali priorit\u00e0 di Fairtrade e le operazioni pi\u00f9 rilevanti durante questo periodo di crisi mondiale. Come sta e come ha vissuto questa [&hellip;]<\/p>\n","protected":false},"author":2,"featured_media":0,"comment_status":"closed","ping_status":"closed","sticky":false,"template":"","format":"standard","meta":{"site-sidebar-layout":"default","site-content-layout":"","ast-site-content-layout":"default","site-content-style":"default","site-sidebar-style":"default","ast-global-header-display":"","ast-banner-title-visibility":"","ast-main-header-display":"","ast-hfb-above-header-display":"","ast-hfb-below-header-display":"","ast-hfb-mobile-header-display":"","site-post-title":"","ast-breadcrumbs-content":"","ast-featured-img":"","footer-sml-layout":"","ast-disable-related-posts":"","theme-transparent-header-meta":"","adv-header-id-meta":"","stick-header-meta":"","header-above-stick-meta":"","header-main-stick-meta":"","header-below-stick-meta":"","astra-migrate-meta-layouts":"default","ast-page-background-enabled":"default","ast-page-background-meta":{"desktop":{"background-color":"","background-image":"","background-repeat":"repeat","background-position":"center center","background-size":"auto","background-attachment":"scroll","background-type":"","background-media":"","overlay-type":"","overlay-color":"","overlay-opacity":"","overlay-gradient":""},"tablet":{"background-color":"","background-image":"","background-repeat":"repeat","background-position":"center center","background-size":"auto","background-attachment":"scroll","background-type":"","background-media":"","overlay-type":"","overlay-color":"","overlay-opacity":"","overlay-gradient":""},"mobile":{"background-color":"","background-image":"","background-repeat":"repeat","background-position":"center center","background-size":"auto","background-attachment":"scroll","background-type":"","background-media":"","overlay-type":"","overlay-color":"","overlay-opacity":"","overlay-gradient":""}},"ast-content-background-meta":{"desktop":{"background-color":"var(--ast-global-color-5)","background-image":"","background-repeat":"repeat","background-position":"center center","background-size":"auto","background-attachment":"scroll","background-type":"","background-media":"","overlay-type":"","overlay-color":"","overlay-opacity":"","overlay-gradient":""},"tablet":{"background-color":"var(--ast-global-color-5)","background-image":"","background-repeat":"repeat","background-position":"center center","background-size":"auto","background-attachment":"scroll","background-type":"","background-media":"","overlay-type":"","overlay-color":"","overlay-opacity":"","overlay-gradient":""},"mobile":{"background-color":"var(--ast-global-color-5)","background-image":"","background-repeat":"repeat","background-position":"center center","background-size":"auto","background-attachment":"scroll","background-type":"","background-media":"","overlay-type":"","overlay-color":"","overlay-opacity":"","overlay-gradient":""}},"footnotes":""},"categories":[218],"tags":[],"class_list":["post-37755","post","type-post","status-publish","format-standard","hentry","category-eventi"],"yoast_head":"<!-- This site is optimized with the Yoast SEO Premium plugin v27.2 (Yoast SEO v27.5) - https:\/\/yoast.com\/product\/yoast-seo-premium-wordpress\/ -->\n<title>Coffee Break with the Nonprofit Managers \u2013 Intervento di Paolo Pastore, Direttore Generale Fairtrade Italia - SocialChangeSchool<\/title>\n<meta name=\"robots\" content=\"index, follow, max-snippet:-1, max-image-preview:large, max-video-preview:-1\" \/>\n<link rel=\"canonical\" href=\"https:\/\/www.socialchangeschool.org\/it\/30\/07\/2020\/coffee-break-with-the-nonprofit-managers-intervento-di-paolo-pastore-direttore-generale-fairtrade-italia\/\" \/>\n<meta property=\"og:locale\" content=\"it_IT\" \/>\n<meta property=\"og:type\" content=\"article\" \/>\n<meta property=\"og:title\" content=\"Coffee Break with the Nonprofit Managers \u2013 Intervento di Paolo Pastore, Direttore Generale Fairtrade Italia\" \/>\n<meta property=\"og:description\" content=\"Il Presidente di Social Change School, Marco Crescenzi, ha intervistato\u00a0Paolo Pastore, Direttore Generale Fairtrade Italia, durante il Coffee Break with the Nonprofit Managers tenutosi il\u00a02 aprile 2020 via Zoom. Pastore ha descritto le attuali priorit\u00e0 di Fairtrade e le operazioni pi\u00f9 rilevanti durante questo periodo di crisi mondiale. Come sta e come ha vissuto questa [&hellip;]\" \/>\n<meta property=\"og:url\" content=\"https:\/\/www.socialchangeschool.org\/it\/30\/07\/2020\/coffee-break-with-the-nonprofit-managers-intervento-di-paolo-pastore-direttore-generale-fairtrade-italia\/\" \/>\n<meta property=\"og:site_name\" content=\"SocialChangeSchool\" \/>\n<meta property=\"article:published_time\" content=\"2020-07-30T14:53:39+00:00\" \/>\n<meta property=\"og:image\" content=\"https:\/\/www.socialchangeschool.org\/wp-content\/uploads\/2022\/06\/Logo-SocialChangeSchool.png\" \/>\n\t<meta property=\"og:image:width\" content=\"1721\" \/>\n\t<meta property=\"og:image:height\" content=\"1721\" \/>\n\t<meta property=\"og:image:type\" content=\"image\/png\" \/>\n<meta name=\"author\" content=\"Laura Reiss\" \/>\n<meta name=\"twitter:card\" content=\"summary_large_image\" \/>\n<meta name=\"twitter:label1\" content=\"Scritto da\" \/>\n\t<meta name=\"twitter:data1\" content=\"Laura Reiss\" \/>\n\t<meta name=\"twitter:label2\" content=\"Tempo di lettura stimato\" \/>\n\t<meta name=\"twitter:data2\" content=\"3 minuti\" \/>\n<script type=\"application\/ld+json\" class=\"yoast-schema-graph\">{\"@context\":\"https:\\\/\\\/schema.org\",\"@graph\":[{\"@type\":\"Article\",\"@id\":\"https:\\\/\\\/www.socialchangeschool.org\\\/it\\\/30\\\/07\\\/2020\\\/coffee-break-with-the-nonprofit-managers-intervento-di-paolo-pastore-direttore-generale-fairtrade-italia\\\/#article\",\"isPartOf\":{\"@id\":\"https:\\\/\\\/www.socialchangeschool.org\\\/it\\\/30\\\/07\\\/2020\\\/coffee-break-with-the-nonprofit-managers-intervento-di-paolo-pastore-direttore-generale-fairtrade-italia\\\/\"},\"author\":{\"name\":\"Laura Reiss\",\"@id\":\"https:\\\/\\\/www.socialchangeschool.org\\\/it\\\/#\\\/schema\\\/person\\\/830e0c463a7c51633e79f9b14aadf794\"},\"headline\":\"Coffee Break with the Nonprofit Managers \u2013 Intervento di Paolo Pastore, Direttore Generale Fairtrade Italia\",\"datePublished\":\"2020-07-30T14:53:39+00:00\",\"mainEntityOfPage\":{\"@id\":\"https:\\\/\\\/www.socialchangeschool.org\\\/it\\\/30\\\/07\\\/2020\\\/coffee-break-with-the-nonprofit-managers-intervento-di-paolo-pastore-direttore-generale-fairtrade-italia\\\/\"},\"wordCount\":523,\"publisher\":{\"@id\":\"https:\\\/\\\/www.socialchangeschool.org\\\/it\\\/#organization\"},\"articleSection\":[\"Eventi\"],\"inLanguage\":\"it-IT\"},{\"@type\":\"WebPage\",\"@id\":\"https:\\\/\\\/www.socialchangeschool.org\\\/it\\\/30\\\/07\\\/2020\\\/coffee-break-with-the-nonprofit-managers-intervento-di-paolo-pastore-direttore-generale-fairtrade-italia\\\/\",\"url\":\"https:\\\/\\\/www.socialchangeschool.org\\\/it\\\/30\\\/07\\\/2020\\\/coffee-break-with-the-nonprofit-managers-intervento-di-paolo-pastore-direttore-generale-fairtrade-italia\\\/\",\"name\":\"Coffee Break with the Nonprofit Managers \u2013 Intervento di Paolo Pastore, Direttore Generale Fairtrade Italia - SocialChangeSchool\",\"isPartOf\":{\"@id\":\"https:\\\/\\\/www.socialchangeschool.org\\\/it\\\/#website\"},\"datePublished\":\"2020-07-30T14:53:39+00:00\",\"breadcrumb\":{\"@id\":\"https:\\\/\\\/www.socialchangeschool.org\\\/it\\\/30\\\/07\\\/2020\\\/coffee-break-with-the-nonprofit-managers-intervento-di-paolo-pastore-direttore-generale-fairtrade-italia\\\/#breadcrumb\"},\"inLanguage\":\"it-IT\",\"potentialAction\":[{\"@type\":\"ReadAction\",\"target\":[\"https:\\\/\\\/www.socialchangeschool.org\\\/it\\\/30\\\/07\\\/2020\\\/coffee-break-with-the-nonprofit-managers-intervento-di-paolo-pastore-direttore-generale-fairtrade-italia\\\/\"]}]},{\"@type\":\"BreadcrumbList\",\"@id\":\"https:\\\/\\\/www.socialchangeschool.org\\\/it\\\/30\\\/07\\\/2020\\\/coffee-break-with-the-nonprofit-managers-intervento-di-paolo-pastore-direttore-generale-fairtrade-italia\\\/#breadcrumb\",\"itemListElement\":[{\"@type\":\"ListItem\",\"position\":1,\"name\":\"Home\",\"item\":\"https:\\\/\\\/www.socialchangeschool.org\\\/it\\\/\"},{\"@type\":\"ListItem\",\"position\":2,\"name\":\"Coffee Break with the Nonprofit Managers \u2013 Intervento di Paolo Pastore, Direttore Generale Fairtrade Italia\"}]},{\"@type\":\"WebSite\",\"@id\":\"https:\\\/\\\/www.socialchangeschool.org\\\/it\\\/#website\",\"url\":\"https:\\\/\\\/www.socialchangeschool.org\\\/it\\\/\",\"name\":\"Social Change School\",\"description\":\"worldwide leader for training, connecting and certificating all professionals of Non Profit sector\",\"publisher\":{\"@id\":\"https:\\\/\\\/www.socialchangeschool.org\\\/it\\\/#organization\"},\"alternateName\":\"Leverage of Social Change transformational training institution\",\"potentialAction\":[{\"@type\":\"SearchAction\",\"target\":{\"@type\":\"EntryPoint\",\"urlTemplate\":\"https:\\\/\\\/www.socialchangeschool.org\\\/it\\\/?s={search_term_string}\"},\"query-input\":{\"@type\":\"PropertyValueSpecification\",\"valueRequired\":true,\"valueName\":\"search_term_string\"}}],\"inLanguage\":\"it-IT\"},{\"@type\":\"Organization\",\"@id\":\"https:\\\/\\\/www.socialchangeschool.org\\\/it\\\/#organization\",\"name\":\"Social Change School\",\"alternateName\":\"worldwide leader for training, connecting and certificating all professionals\",\"url\":\"https:\\\/\\\/www.socialchangeschool.org\\\/it\\\/\",\"logo\":{\"@type\":\"ImageObject\",\"inLanguage\":\"it-IT\",\"@id\":\"https:\\\/\\\/www.socialchangeschool.org\\\/it\\\/#\\\/schema\\\/logo\\\/image\\\/\",\"url\":\"https:\\\/\\\/www.socialchangeschool.org\\\/wp-content\\\/uploads\\\/2022\\\/06\\\/Logo-SocialChangeSchool.png\",\"contentUrl\":\"https:\\\/\\\/www.socialchangeschool.org\\\/wp-content\\\/uploads\\\/2022\\\/06\\\/Logo-SocialChangeSchool.png\",\"width\":1721,\"height\":1721,\"caption\":\"Social Change School\"},\"image\":{\"@id\":\"https:\\\/\\\/www.socialchangeschool.org\\\/it\\\/#\\\/schema\\\/logo\\\/image\\\/\"}},{\"@type\":\"Person\",\"@id\":\"https:\\\/\\\/www.socialchangeschool.org\\\/it\\\/#\\\/schema\\\/person\\\/830e0c463a7c51633e79f9b14aadf794\",\"name\":\"Laura Reiss\",\"url\":\"https:\\\/\\\/www.socialchangeschool.org\\\/it\\\/author\\\/ghost\\\/\"}]}<\/script>\n<!-- \/ Yoast SEO Premium plugin. -->","yoast_head_json":{"title":"Coffee Break with the Nonprofit Managers \u2013 Intervento di Paolo Pastore, Direttore Generale Fairtrade Italia - SocialChangeSchool","robots":{"index":"index","follow":"follow","max-snippet":"max-snippet:-1","max-image-preview":"max-image-preview:large","max-video-preview":"max-video-preview:-1"},"canonical":"https:\/\/www.socialchangeschool.org\/it\/30\/07\/2020\/coffee-break-with-the-nonprofit-managers-intervento-di-paolo-pastore-direttore-generale-fairtrade-italia\/","og_locale":"it_IT","og_type":"article","og_title":"Coffee Break with the Nonprofit Managers \u2013 Intervento di Paolo Pastore, Direttore Generale Fairtrade Italia","og_description":"Il Presidente di Social Change School, Marco Crescenzi, ha intervistato\u00a0Paolo Pastore, Direttore Generale Fairtrade Italia, durante il Coffee Break with the Nonprofit Managers tenutosi il\u00a02 aprile 2020 via Zoom. Pastore ha descritto le attuali priorit\u00e0 di Fairtrade e le operazioni pi\u00f9 rilevanti durante questo periodo di crisi mondiale. Come sta e come ha vissuto questa [&hellip;]","og_url":"https:\/\/www.socialchangeschool.org\/it\/30\/07\/2020\/coffee-break-with-the-nonprofit-managers-intervento-di-paolo-pastore-direttore-generale-fairtrade-italia\/","og_site_name":"SocialChangeSchool","article_published_time":"2020-07-30T14:53:39+00:00","og_image":[{"width":1721,"height":1721,"url":"https:\/\/www.socialchangeschool.org\/wp-content\/uploads\/2022\/06\/Logo-SocialChangeSchool.png","type":"image\/png"}],"author":"Laura Reiss","twitter_card":"summary_large_image","twitter_misc":{"Scritto da":"Laura Reiss","Tempo di lettura stimato":"3 minuti"},"schema":{"@context":"https:\/\/schema.org","@graph":[{"@type":"Article","@id":"https:\/\/www.socialchangeschool.org\/it\/30\/07\/2020\/coffee-break-with-the-nonprofit-managers-intervento-di-paolo-pastore-direttore-generale-fairtrade-italia\/#article","isPartOf":{"@id":"https:\/\/www.socialchangeschool.org\/it\/30\/07\/2020\/coffee-break-with-the-nonprofit-managers-intervento-di-paolo-pastore-direttore-generale-fairtrade-italia\/"},"author":{"name":"Laura Reiss","@id":"https:\/\/www.socialchangeschool.org\/it\/#\/schema\/person\/830e0c463a7c51633e79f9b14aadf794"},"headline":"Coffee Break with the Nonprofit Managers \u2013 Intervento di Paolo Pastore, Direttore Generale Fairtrade Italia","datePublished":"2020-07-30T14:53:39+00:00","mainEntityOfPage":{"@id":"https:\/\/www.socialchangeschool.org\/it\/30\/07\/2020\/coffee-break-with-the-nonprofit-managers-intervento-di-paolo-pastore-direttore-generale-fairtrade-italia\/"},"wordCount":523,"publisher":{"@id":"https:\/\/www.socialchangeschool.org\/it\/#organization"},"articleSection":["Eventi"],"inLanguage":"it-IT"},{"@type":"WebPage","@id":"https:\/\/www.socialchangeschool.org\/it\/30\/07\/2020\/coffee-break-with-the-nonprofit-managers-intervento-di-paolo-pastore-direttore-generale-fairtrade-italia\/","url":"https:\/\/www.socialchangeschool.org\/it\/30\/07\/2020\/coffee-break-with-the-nonprofit-managers-intervento-di-paolo-pastore-direttore-generale-fairtrade-italia\/","name":"Coffee Break with the Nonprofit Managers \u2013 Intervento di Paolo Pastore, Direttore Generale Fairtrade Italia - SocialChangeSchool","isPartOf":{"@id":"https:\/\/www.socialchangeschool.org\/it\/#website"},"datePublished":"2020-07-30T14:53:39+00:00","breadcrumb":{"@id":"https:\/\/www.socialchangeschool.org\/it\/30\/07\/2020\/coffee-break-with-the-nonprofit-managers-intervento-di-paolo-pastore-direttore-generale-fairtrade-italia\/#breadcrumb"},"inLanguage":"it-IT","potentialAction":[{"@type":"ReadAction","target":["https:\/\/www.socialchangeschool.org\/it\/30\/07\/2020\/coffee-break-with-the-nonprofit-managers-intervento-di-paolo-pastore-direttore-generale-fairtrade-italia\/"]}]},{"@type":"BreadcrumbList","@id":"https:\/\/www.socialchangeschool.org\/it\/30\/07\/2020\/coffee-break-with-the-nonprofit-managers-intervento-di-paolo-pastore-direttore-generale-fairtrade-italia\/#breadcrumb","itemListElement":[{"@type":"ListItem","position":1,"name":"Home","item":"https:\/\/www.socialchangeschool.org\/it\/"},{"@type":"ListItem","position":2,"name":"Coffee Break with the Nonprofit Managers \u2013 Intervento di Paolo Pastore, Direttore Generale Fairtrade Italia"}]},{"@type":"WebSite","@id":"https:\/\/www.socialchangeschool.org\/it\/#website","url":"https:\/\/www.socialchangeschool.org\/it\/","name":"Social Change School","description":"worldwide leader for training, connecting and certificating all professionals of Non Profit sector","publisher":{"@id":"https:\/\/www.socialchangeschool.org\/it\/#organization"},"alternateName":"Leverage of Social Change transformational training institution","potentialAction":[{"@type":"SearchAction","target":{"@type":"EntryPoint","urlTemplate":"https:\/\/www.socialchangeschool.org\/it\/?s={search_term_string}"},"query-input":{"@type":"PropertyValueSpecification","valueRequired":true,"valueName":"search_term_string"}}],"inLanguage":"it-IT"},{"@type":"Organization","@id":"https:\/\/www.socialchangeschool.org\/it\/#organization","name":"Social Change School","alternateName":"worldwide leader for training, connecting and certificating all professionals","url":"https:\/\/www.socialchangeschool.org\/it\/","logo":{"@type":"ImageObject","inLanguage":"it-IT","@id":"https:\/\/www.socialchangeschool.org\/it\/#\/schema\/logo\/image\/","url":"https:\/\/www.socialchangeschool.org\/wp-content\/uploads\/2022\/06\/Logo-SocialChangeSchool.png","contentUrl":"https:\/\/www.socialchangeschool.org\/wp-content\/uploads\/2022\/06\/Logo-SocialChangeSchool.png","width":1721,"height":1721,"caption":"Social Change School"},"image":{"@id":"https:\/\/www.socialchangeschool.org\/it\/#\/schema\/logo\/image\/"}},{"@type":"Person","@id":"https:\/\/www.socialchangeschool.org\/it\/#\/schema\/person\/830e0c463a7c51633e79f9b14aadf794","name":"Laura Reiss","url":"https:\/\/www.socialchangeschool.org\/it\/author\/ghost\/"}]}},"_links":{"self":[{"href":"https:\/\/www.socialchangeschool.org\/it\/wp-json\/wp\/v2\/posts\/37755","targetHints":{"allow":["GET"]}}],"collection":[{"href":"https:\/\/www.socialchangeschool.org\/it\/wp-json\/wp\/v2\/posts"}],"about":[{"href":"https:\/\/www.socialchangeschool.org\/it\/wp-json\/wp\/v2\/types\/post"}],"author":[{"embeddable":true,"href":"https:\/\/www.socialchangeschool.org\/it\/wp-json\/wp\/v2\/users\/2"}],"replies":[{"embeddable":true,"href":"https:\/\/www.socialchangeschool.org\/it\/wp-json\/wp\/v2\/comments?post=37755"}],"version-history":[{"count":0,"href":"https:\/\/www.socialchangeschool.org\/it\/wp-json\/wp\/v2\/posts\/37755\/revisions"}],"wp:attachment":[{"href":"https:\/\/www.socialchangeschool.org\/it\/wp-json\/wp\/v2\/media?parent=37755"}],"wp:term":[{"taxonomy":"category","embeddable":true,"href":"https:\/\/www.socialchangeschool.org\/it\/wp-json\/wp\/v2\/categories?post=37755"},{"taxonomy":"post_tag","embeddable":true,"href":"https:\/\/www.socialchangeschool.org\/it\/wp-json\/wp\/v2\/tags?post=37755"}],"curies":[{"name":"wp","href":"https:\/\/api.w.org\/{rel}","templated":true}]}}