{"id":37753,"date":"2020-06-26T11:13:25","date_gmt":"2020-06-26T11:13:25","guid":{"rendered":"http:\/\/socialchangeschool.org\/26\/06\/2020\/coffee-break-with-the-nonprofit-managers-intervento-di-federico-marcon-direttore-corporate-fundraising-water-aid-australia\/"},"modified":"2020-06-26T11:13:25","modified_gmt":"2020-06-26T11:13:25","slug":"coffee-break-with-the-nonprofit-managers-intervento-di-federico-marcon-direttore-corporate-fundraising-water-aid-australia","status":"publish","type":"post","link":"https:\/\/www.socialchangeschool.org\/it\/26\/06\/2020\/coffee-break-with-the-nonprofit-managers-intervento-di-federico-marcon-direttore-corporate-fundraising-water-aid-australia\/","title":{"rendered":"Coffee Break with the Nonprofit Managers \u2013 Intervento di Federico Marcon, Direttore Corporate Fundraising Water Aid Australia"},"content":{"rendered":"<p><strong>Federico Marcon, Direttore Corporate Fundraising<\/strong> <a href=\"https:\/\/www.wateraid.org\/au\/\" target=\"_blank\" rel=\"noopener\"><strong>Water Aid Australia<\/strong><\/a>, ha partecipato al Coffee Break with the Nonprofit Managers organizzato da <strong><a href=\"https:\/\/www.socialchangeschool.org\/it\/faculty\/marco-crescenzi\/\" target=\"_blank\" rel=\"noopener\">Marco Crescenzi<\/a><\/strong> e Social Change School il 2 aprile 2020. Durante l\u2019intervista, Marcon ha spiegato il modo in cui lui e Water Aid Australia hanno vissuto e stanno vivendo la crisi scaturita dalla pandemia COVID-19, concentrandosi sulle sfide e le opportunit\u00e0 che si sono presentate durante la prima met\u00e0 del 2020.<\/p>\n<p><strong>Come sta e come stiamo vivendo questa crisi?<br \/><\/strong>Sicuramente su<strong> tre piani<\/strong>. Noi qui siamo pi\u00f9 indietro rispetto a voi per quanto concerne lo sviluppo del Coronavirus, nel senso che al momento abbiamo 5000 casi, quindi effettivamente ci stiamo preparando a quello che verr\u00e0. \u00c8 stato interessante vedere come\u00a0in due o tre settimane\u00a0il <strong>governo Australiano ha messo in piedi una serie di misure strutturali, economiche e sanitarie<\/strong>, anche prendendo esempio da altri paesi che son stati colpiti prima.\u00a0\u00c8 una societ\u00e0 questa che sta riscoprendo alcuni capisaldi dell\u2019<strong>importanza del sistema di welfare e del settore pubblico.\u00a0<\/strong>Come organizzazione, come Water Aid, noi siamo presenti in 35 paesi. Facciamo <strong>water <\/strong>sanitation e <strong>hygiene<\/strong>, che da essere la parte in cui lavoravamo meno \u00e8 diventata <strong>adesso prioritaria<\/strong>, ed \u00e8 stato interessante vedere come in due settimane siamo riusciti veramente a fare un <strong>l<\/strong><strong>avoro molto forte per portare tutti i nostri programmi ad essere pi\u00f9 attivi nella parte di igiene<\/strong> e meno di sanitation e acqua; \u00e8 qualcosa che abbiamo provato a fare per vari anni e abbiamo visto che in due settimane sull&#8217;emergenza \u00e8 una cosa fattibile<strong>. <\/strong>Come settore stiamo lavorando col governo australiano, con il Ministero delle foreste australiano, abbiamo gi\u00e0 ottenuto alcune vittorie importanti su come<strong> riallocare le risorse per far fronte a questa crisi<\/strong>, quindi avere meno requisiti di contribuzione privata ai progetti, poter utilizzare alcune spese per attivit\u00e0 per pagare le spese amministrative come i salari. Anche questa \u00e8 una battaglia che da anni portiamo avanti e in tre settimane dipendendo dall&#8217;emergenza\u00a0siamo riusciti a ottenere cose che non eravamo riusciti ad ottenere in 5 anni.\u00a0Noi come ufficio in Australia abbiamo deciso di passare tutti a lavorare quattro giorni alla settimana dal 1 maggio proprio per<strong> salvare tutti i posti di lavoro <\/strong>e quindi abbiamo un budget per 6 mesi che ci obbligher\u00e0 a fare questo in attesa poi di ripartire.<\/p>\n<p><strong>Cosa stiamo imparando, cosa ci vogliamo portare e ricette per uscirne?<br \/><\/strong>Noi nel settore della<strong> cooperazione internazionale<\/strong> abbiamo due elementi che sono venuti fuori prepotentemente. Il primo, per riallacciarmi a quello che diceva <a href=\"https:\/\/www.socialchangeschool.org\/it\/17\/06\/2020\/coffee-break-with-the-nonprofit-managers-intervento-di-daniela-fatarella-direttore-generale-di-save-the-children-italia\/\" target=\"_blank\" rel=\"noopener\"><strong>Daniela Fatarella<\/strong><\/a>\u00a0di Save the Children Italia, \u00e8 che nel nostro settore c\u2019\u00e8 sempre questa <strong>dicotomia tra i progetti, divergenza e sviluppo<\/strong>, e per anni ci siamo adoperati su come migliorare la nostra efficacia ed efficienza nella transizione fra progetti di emergenza e progetti di sviluppo. Adesso stiamo testando questa stessa cosa sulla nostra pelle nei paesi in cui viviamo e quindi io spero che questo ci aiuter\u00e0 a migliorare l\u2019approccio su quello che poi facciamo in comparazione, poich\u00e9 \u00e8 sempre stato uno delle aree grigie del nostro lavoro.<\/p>\n<p>La seconda grande opportunit\u00e0 \u00e8 che tutti le grandi ONG internazionali negli ultimi anni hanno lavorato molto pi\u00f9 in supporto dei governi, collaborando pi\u00f9 strettamente con essi e facendo meno attivit\u00e0 comunitarie nei villaggi, spostandoci molto nel ruolo di consiglieri del governo. Questo per molti donatori, soprattutto quelli individuali, \u00e8 difficile da capire, perch\u00e9 pensano in maniera pi\u00f9 tradizionale di voler dare il supporto affinch\u00e9 noi andiamo ad aiutare i bambini in quella comunit\u00e0 e villaggio, e quando diciamo che i soldi li utilizziamo per lavorare con il governo storcono il naso. Adesso penso che possano capire quanto \u00e8 importante invece <strong>rafforzare i sistemi pubblici<\/strong>, in quanto ora \u00e8 chiaro che la vera risposta a un&#8217;emergenza di questo tipo deve arrivare soprattutto dai governi e dalle strutture pubbliche.<\/p>\n","protected":false},"excerpt":{"rendered":"<p>Federico Marcon, Direttore Corporate Fundraising Water Aid Australia, ha partecipato al Coffee Break with the Nonprofit Managers organizzato da Marco Crescenzi e Social Change School il 2 aprile 2020. Durante l\u2019intervista, Marcon ha spiegato il modo in cui lui e Water Aid Australia hanno vissuto e stanno vivendo la crisi scaturita dalla pandemia COVID-19, concentrandosi [&hellip;]<\/p>\n","protected":false},"author":2,"featured_media":0,"comment_status":"closed","ping_status":"closed","sticky":false,"template":"","format":"standard","meta":{"site-sidebar-layout":"default","site-content-layout":"","ast-site-content-layout":"default","site-content-style":"default","site-sidebar-style":"default","ast-global-header-display":"","ast-banner-title-visibility":"","ast-main-header-display":"","ast-hfb-above-header-display":"","ast-hfb-below-header-display":"","ast-hfb-mobile-header-display":"","site-post-title":"","ast-breadcrumbs-content":"","ast-featured-img":"","footer-sml-layout":"","ast-disable-related-posts":"","theme-transparent-header-meta":"","adv-header-id-meta":"","stick-header-meta":"","header-above-stick-meta":"","header-main-stick-meta":"","header-below-stick-meta":"","astra-migrate-meta-layouts":"default","ast-page-background-enabled":"default","ast-page-background-meta":{"desktop":{"background-color":"","background-image":"","background-repeat":"repeat","background-position":"center center","background-size":"auto","background-attachment":"scroll","background-type":"","background-media":"","overlay-type":"","overlay-color":"","overlay-opacity":"","overlay-gradient":""},"tablet":{"background-color":"","background-image":"","background-repeat":"repeat","background-position":"center center","background-size":"auto","background-attachment":"scroll","background-type":"","background-media":"","overlay-type":"","overlay-color":"","overlay-opacity":"","overlay-gradient":""},"mobile":{"background-color":"","background-image":"","background-repeat":"repeat","background-position":"center center","background-size":"auto","background-attachment":"scroll","background-type":"","background-media":"","overlay-type":"","overlay-color":"","overlay-opacity":"","overlay-gradient":""}},"ast-content-background-meta":{"desktop":{"background-color":"var(--ast-global-color-5)","background-image":"","background-repeat":"repeat","background-position":"center center","background-size":"auto","background-attachment":"scroll","background-type":"","background-media":"","overlay-type":"","overlay-color":"","overlay-opacity":"","overlay-gradient":""},"tablet":{"background-color":"var(--ast-global-color-5)","background-image":"","background-repeat":"repeat","background-position":"center center","background-size":"auto","background-attachment":"scroll","background-type":"","background-media":"","overlay-type":"","overlay-color":"","overlay-opacity":"","overlay-gradient":""},"mobile":{"background-color":"var(--ast-global-color-5)","background-image":"","background-repeat":"repeat","background-position":"center center","background-size":"auto","background-attachment":"scroll","background-type":"","background-media":"","overlay-type":"","overlay-color":"","overlay-opacity":"","overlay-gradient":""}},"footnotes":""},"categories":[218],"tags":[],"class_list":["post-37753","post","type-post","status-publish","format-standard","hentry","category-eventi"],"yoast_head":"<!-- This site is optimized with the Yoast SEO Premium plugin v27.2 (Yoast SEO v27.5) - https:\/\/yoast.com\/product\/yoast-seo-premium-wordpress\/ -->\n<title>Coffee Break with the Nonprofit Managers \u2013 Intervento di Federico Marcon, Direttore Corporate Fundraising Water Aid Australia - SocialChangeSchool<\/title>\n<meta name=\"robots\" content=\"index, follow, max-snippet:-1, max-image-preview:large, max-video-preview:-1\" \/>\n<link rel=\"canonical\" href=\"https:\/\/www.socialchangeschool.org\/it\/26\/06\/2020\/coffee-break-with-the-nonprofit-managers-intervento-di-federico-marcon-direttore-corporate-fundraising-water-aid-australia\/\" \/>\n<meta property=\"og:locale\" content=\"it_IT\" \/>\n<meta property=\"og:type\" content=\"article\" \/>\n<meta property=\"og:title\" content=\"Coffee Break with the Nonprofit Managers \u2013 Intervento di Federico Marcon, Direttore Corporate Fundraising Water Aid Australia\" \/>\n<meta property=\"og:description\" content=\"Federico Marcon, Direttore Corporate Fundraising Water Aid Australia, ha partecipato al Coffee Break with the Nonprofit Managers organizzato da Marco Crescenzi e Social Change School il 2 aprile 2020. Durante l\u2019intervista, Marcon ha spiegato il modo in cui lui e Water Aid Australia hanno vissuto e stanno vivendo la crisi scaturita dalla pandemia COVID-19, concentrandosi [&hellip;]\" \/>\n<meta property=\"og:url\" content=\"https:\/\/www.socialchangeschool.org\/it\/26\/06\/2020\/coffee-break-with-the-nonprofit-managers-intervento-di-federico-marcon-direttore-corporate-fundraising-water-aid-australia\/\" \/>\n<meta property=\"og:site_name\" content=\"SocialChangeSchool\" \/>\n<meta property=\"article:published_time\" content=\"2020-06-26T11:13:25+00:00\" \/>\n<meta property=\"og:image\" content=\"https:\/\/www.socialchangeschool.org\/wp-content\/uploads\/2022\/06\/Logo-SocialChangeSchool.png\" \/>\n\t<meta property=\"og:image:width\" content=\"1721\" \/>\n\t<meta property=\"og:image:height\" content=\"1721\" \/>\n\t<meta property=\"og:image:type\" content=\"image\/png\" \/>\n<meta name=\"author\" content=\"Laura Reiss\" \/>\n<meta name=\"twitter:card\" content=\"summary_large_image\" \/>\n<meta name=\"twitter:label1\" content=\"Scritto da\" \/>\n\t<meta name=\"twitter:data1\" content=\"Laura Reiss\" \/>\n\t<meta name=\"twitter:label2\" content=\"Tempo di lettura stimato\" \/>\n\t<meta name=\"twitter:data2\" content=\"3 minuti\" \/>\n<script type=\"application\/ld+json\" class=\"yoast-schema-graph\">{\"@context\":\"https:\\\/\\\/schema.org\",\"@graph\":[{\"@type\":\"Article\",\"@id\":\"https:\\\/\\\/www.socialchangeschool.org\\\/it\\\/26\\\/06\\\/2020\\\/coffee-break-with-the-nonprofit-managers-intervento-di-federico-marcon-direttore-corporate-fundraising-water-aid-australia\\\/#article\",\"isPartOf\":{\"@id\":\"https:\\\/\\\/www.socialchangeschool.org\\\/it\\\/26\\\/06\\\/2020\\\/coffee-break-with-the-nonprofit-managers-intervento-di-federico-marcon-direttore-corporate-fundraising-water-aid-australia\\\/\"},\"author\":{\"name\":\"Laura Reiss\",\"@id\":\"https:\\\/\\\/www.socialchangeschool.org\\\/it\\\/#\\\/schema\\\/person\\\/830e0c463a7c51633e79f9b14aadf794\"},\"headline\":\"Coffee Break with the Nonprofit Managers \u2013 Intervento di Federico Marcon, Direttore Corporate Fundraising Water Aid Australia\",\"datePublished\":\"2020-06-26T11:13:25+00:00\",\"mainEntityOfPage\":{\"@id\":\"https:\\\/\\\/www.socialchangeschool.org\\\/it\\\/26\\\/06\\\/2020\\\/coffee-break-with-the-nonprofit-managers-intervento-di-federico-marcon-direttore-corporate-fundraising-water-aid-australia\\\/\"},\"wordCount\":638,\"publisher\":{\"@id\":\"https:\\\/\\\/www.socialchangeschool.org\\\/it\\\/#organization\"},\"articleSection\":[\"Eventi\"],\"inLanguage\":\"it-IT\"},{\"@type\":\"WebPage\",\"@id\":\"https:\\\/\\\/www.socialchangeschool.org\\\/it\\\/26\\\/06\\\/2020\\\/coffee-break-with-the-nonprofit-managers-intervento-di-federico-marcon-direttore-corporate-fundraising-water-aid-australia\\\/\",\"url\":\"https:\\\/\\\/www.socialchangeschool.org\\\/it\\\/26\\\/06\\\/2020\\\/coffee-break-with-the-nonprofit-managers-intervento-di-federico-marcon-direttore-corporate-fundraising-water-aid-australia\\\/\",\"name\":\"Coffee Break with the Nonprofit Managers \u2013 Intervento di Federico Marcon, Direttore Corporate Fundraising Water Aid Australia - SocialChangeSchool\",\"isPartOf\":{\"@id\":\"https:\\\/\\\/www.socialchangeschool.org\\\/it\\\/#website\"},\"datePublished\":\"2020-06-26T11:13:25+00:00\",\"breadcrumb\":{\"@id\":\"https:\\\/\\\/www.socialchangeschool.org\\\/it\\\/26\\\/06\\\/2020\\\/coffee-break-with-the-nonprofit-managers-intervento-di-federico-marcon-direttore-corporate-fundraising-water-aid-australia\\\/#breadcrumb\"},\"inLanguage\":\"it-IT\",\"potentialAction\":[{\"@type\":\"ReadAction\",\"target\":[\"https:\\\/\\\/www.socialchangeschool.org\\\/it\\\/26\\\/06\\\/2020\\\/coffee-break-with-the-nonprofit-managers-intervento-di-federico-marcon-direttore-corporate-fundraising-water-aid-australia\\\/\"]}]},{\"@type\":\"BreadcrumbList\",\"@id\":\"https:\\\/\\\/www.socialchangeschool.org\\\/it\\\/26\\\/06\\\/2020\\\/coffee-break-with-the-nonprofit-managers-intervento-di-federico-marcon-direttore-corporate-fundraising-water-aid-australia\\\/#breadcrumb\",\"itemListElement\":[{\"@type\":\"ListItem\",\"position\":1,\"name\":\"Home\",\"item\":\"https:\\\/\\\/www.socialchangeschool.org\\\/it\\\/\"},{\"@type\":\"ListItem\",\"position\":2,\"name\":\"Coffee Break with the Nonprofit Managers \u2013 Intervento di Federico Marcon, Direttore Corporate Fundraising Water Aid Australia\"}]},{\"@type\":\"WebSite\",\"@id\":\"https:\\\/\\\/www.socialchangeschool.org\\\/it\\\/#website\",\"url\":\"https:\\\/\\\/www.socialchangeschool.org\\\/it\\\/\",\"name\":\"Social Change School\",\"description\":\"worldwide leader for training, connecting and certificating all professionals of Non Profit sector\",\"publisher\":{\"@id\":\"https:\\\/\\\/www.socialchangeschool.org\\\/it\\\/#organization\"},\"alternateName\":\"Leverage of Social Change transformational training institution\",\"potentialAction\":[{\"@type\":\"SearchAction\",\"target\":{\"@type\":\"EntryPoint\",\"urlTemplate\":\"https:\\\/\\\/www.socialchangeschool.org\\\/it\\\/?s={search_term_string}\"},\"query-input\":{\"@type\":\"PropertyValueSpecification\",\"valueRequired\":true,\"valueName\":\"search_term_string\"}}],\"inLanguage\":\"it-IT\"},{\"@type\":\"Organization\",\"@id\":\"https:\\\/\\\/www.socialchangeschool.org\\\/it\\\/#organization\",\"name\":\"Social Change School\",\"alternateName\":\"worldwide leader for training, connecting and certificating all professionals\",\"url\":\"https:\\\/\\\/www.socialchangeschool.org\\\/it\\\/\",\"logo\":{\"@type\":\"ImageObject\",\"inLanguage\":\"it-IT\",\"@id\":\"https:\\\/\\\/www.socialchangeschool.org\\\/it\\\/#\\\/schema\\\/logo\\\/image\\\/\",\"url\":\"https:\\\/\\\/www.socialchangeschool.org\\\/wp-content\\\/uploads\\\/2022\\\/06\\\/Logo-SocialChangeSchool.png\",\"contentUrl\":\"https:\\\/\\\/www.socialchangeschool.org\\\/wp-content\\\/uploads\\\/2022\\\/06\\\/Logo-SocialChangeSchool.png\",\"width\":1721,\"height\":1721,\"caption\":\"Social Change School\"},\"image\":{\"@id\":\"https:\\\/\\\/www.socialchangeschool.org\\\/it\\\/#\\\/schema\\\/logo\\\/image\\\/\"}},{\"@type\":\"Person\",\"@id\":\"https:\\\/\\\/www.socialchangeschool.org\\\/it\\\/#\\\/schema\\\/person\\\/830e0c463a7c51633e79f9b14aadf794\",\"name\":\"Laura Reiss\",\"url\":\"https:\\\/\\\/www.socialchangeschool.org\\\/it\\\/author\\\/ghost\\\/\"}]}<\/script>\n<!-- \/ Yoast SEO Premium plugin. -->","yoast_head_json":{"title":"Coffee Break with the Nonprofit Managers \u2013 Intervento di Federico Marcon, Direttore Corporate Fundraising Water Aid Australia - SocialChangeSchool","robots":{"index":"index","follow":"follow","max-snippet":"max-snippet:-1","max-image-preview":"max-image-preview:large","max-video-preview":"max-video-preview:-1"},"canonical":"https:\/\/www.socialchangeschool.org\/it\/26\/06\/2020\/coffee-break-with-the-nonprofit-managers-intervento-di-federico-marcon-direttore-corporate-fundraising-water-aid-australia\/","og_locale":"it_IT","og_type":"article","og_title":"Coffee Break with the Nonprofit Managers \u2013 Intervento di Federico Marcon, Direttore Corporate Fundraising Water Aid Australia","og_description":"Federico Marcon, Direttore Corporate Fundraising Water Aid Australia, ha partecipato al Coffee Break with the Nonprofit Managers organizzato da Marco Crescenzi e Social Change School il 2 aprile 2020. Durante l\u2019intervista, Marcon ha spiegato il modo in cui lui e Water Aid Australia hanno vissuto e stanno vivendo la crisi scaturita dalla pandemia COVID-19, concentrandosi [&hellip;]","og_url":"https:\/\/www.socialchangeschool.org\/it\/26\/06\/2020\/coffee-break-with-the-nonprofit-managers-intervento-di-federico-marcon-direttore-corporate-fundraising-water-aid-australia\/","og_site_name":"SocialChangeSchool","article_published_time":"2020-06-26T11:13:25+00:00","og_image":[{"width":1721,"height":1721,"url":"https:\/\/www.socialchangeschool.org\/wp-content\/uploads\/2022\/06\/Logo-SocialChangeSchool.png","type":"image\/png"}],"author":"Laura Reiss","twitter_card":"summary_large_image","twitter_misc":{"Scritto da":"Laura Reiss","Tempo di lettura stimato":"3 minuti"},"schema":{"@context":"https:\/\/schema.org","@graph":[{"@type":"Article","@id":"https:\/\/www.socialchangeschool.org\/it\/26\/06\/2020\/coffee-break-with-the-nonprofit-managers-intervento-di-federico-marcon-direttore-corporate-fundraising-water-aid-australia\/#article","isPartOf":{"@id":"https:\/\/www.socialchangeschool.org\/it\/26\/06\/2020\/coffee-break-with-the-nonprofit-managers-intervento-di-federico-marcon-direttore-corporate-fundraising-water-aid-australia\/"},"author":{"name":"Laura Reiss","@id":"https:\/\/www.socialchangeschool.org\/it\/#\/schema\/person\/830e0c463a7c51633e79f9b14aadf794"},"headline":"Coffee Break with the Nonprofit Managers \u2013 Intervento di Federico Marcon, Direttore Corporate Fundraising Water Aid Australia","datePublished":"2020-06-26T11:13:25+00:00","mainEntityOfPage":{"@id":"https:\/\/www.socialchangeschool.org\/it\/26\/06\/2020\/coffee-break-with-the-nonprofit-managers-intervento-di-federico-marcon-direttore-corporate-fundraising-water-aid-australia\/"},"wordCount":638,"publisher":{"@id":"https:\/\/www.socialchangeschool.org\/it\/#organization"},"articleSection":["Eventi"],"inLanguage":"it-IT"},{"@type":"WebPage","@id":"https:\/\/www.socialchangeschool.org\/it\/26\/06\/2020\/coffee-break-with-the-nonprofit-managers-intervento-di-federico-marcon-direttore-corporate-fundraising-water-aid-australia\/","url":"https:\/\/www.socialchangeschool.org\/it\/26\/06\/2020\/coffee-break-with-the-nonprofit-managers-intervento-di-federico-marcon-direttore-corporate-fundraising-water-aid-australia\/","name":"Coffee Break with the Nonprofit Managers \u2013 Intervento di Federico Marcon, Direttore Corporate Fundraising Water Aid Australia - SocialChangeSchool","isPartOf":{"@id":"https:\/\/www.socialchangeschool.org\/it\/#website"},"datePublished":"2020-06-26T11:13:25+00:00","breadcrumb":{"@id":"https:\/\/www.socialchangeschool.org\/it\/26\/06\/2020\/coffee-break-with-the-nonprofit-managers-intervento-di-federico-marcon-direttore-corporate-fundraising-water-aid-australia\/#breadcrumb"},"inLanguage":"it-IT","potentialAction":[{"@type":"ReadAction","target":["https:\/\/www.socialchangeschool.org\/it\/26\/06\/2020\/coffee-break-with-the-nonprofit-managers-intervento-di-federico-marcon-direttore-corporate-fundraising-water-aid-australia\/"]}]},{"@type":"BreadcrumbList","@id":"https:\/\/www.socialchangeschool.org\/it\/26\/06\/2020\/coffee-break-with-the-nonprofit-managers-intervento-di-federico-marcon-direttore-corporate-fundraising-water-aid-australia\/#breadcrumb","itemListElement":[{"@type":"ListItem","position":1,"name":"Home","item":"https:\/\/www.socialchangeschool.org\/it\/"},{"@type":"ListItem","position":2,"name":"Coffee Break with the Nonprofit Managers \u2013 Intervento di Federico Marcon, Direttore Corporate Fundraising Water Aid Australia"}]},{"@type":"WebSite","@id":"https:\/\/www.socialchangeschool.org\/it\/#website","url":"https:\/\/www.socialchangeschool.org\/it\/","name":"Social Change School","description":"worldwide leader for training, connecting and certificating all professionals of Non Profit sector","publisher":{"@id":"https:\/\/www.socialchangeschool.org\/it\/#organization"},"alternateName":"Leverage of Social Change transformational training institution","potentialAction":[{"@type":"SearchAction","target":{"@type":"EntryPoint","urlTemplate":"https:\/\/www.socialchangeschool.org\/it\/?s={search_term_string}"},"query-input":{"@type":"PropertyValueSpecification","valueRequired":true,"valueName":"search_term_string"}}],"inLanguage":"it-IT"},{"@type":"Organization","@id":"https:\/\/www.socialchangeschool.org\/it\/#organization","name":"Social Change School","alternateName":"worldwide leader for training, connecting and certificating all professionals","url":"https:\/\/www.socialchangeschool.org\/it\/","logo":{"@type":"ImageObject","inLanguage":"it-IT","@id":"https:\/\/www.socialchangeschool.org\/it\/#\/schema\/logo\/image\/","url":"https:\/\/www.socialchangeschool.org\/wp-content\/uploads\/2022\/06\/Logo-SocialChangeSchool.png","contentUrl":"https:\/\/www.socialchangeschool.org\/wp-content\/uploads\/2022\/06\/Logo-SocialChangeSchool.png","width":1721,"height":1721,"caption":"Social Change School"},"image":{"@id":"https:\/\/www.socialchangeschool.org\/it\/#\/schema\/logo\/image\/"}},{"@type":"Person","@id":"https:\/\/www.socialchangeschool.org\/it\/#\/schema\/person\/830e0c463a7c51633e79f9b14aadf794","name":"Laura Reiss","url":"https:\/\/www.socialchangeschool.org\/it\/author\/ghost\/"}]}},"_links":{"self":[{"href":"https:\/\/www.socialchangeschool.org\/it\/wp-json\/wp\/v2\/posts\/37753","targetHints":{"allow":["GET"]}}],"collection":[{"href":"https:\/\/www.socialchangeschool.org\/it\/wp-json\/wp\/v2\/posts"}],"about":[{"href":"https:\/\/www.socialchangeschool.org\/it\/wp-json\/wp\/v2\/types\/post"}],"author":[{"embeddable":true,"href":"https:\/\/www.socialchangeschool.org\/it\/wp-json\/wp\/v2\/users\/2"}],"replies":[{"embeddable":true,"href":"https:\/\/www.socialchangeschool.org\/it\/wp-json\/wp\/v2\/comments?post=37753"}],"version-history":[{"count":0,"href":"https:\/\/www.socialchangeschool.org\/it\/wp-json\/wp\/v2\/posts\/37753\/revisions"}],"wp:attachment":[{"href":"https:\/\/www.socialchangeschool.org\/it\/wp-json\/wp\/v2\/media?parent=37753"}],"wp:term":[{"taxonomy":"category","embeddable":true,"href":"https:\/\/www.socialchangeschool.org\/it\/wp-json\/wp\/v2\/categories?post=37753"},{"taxonomy":"post_tag","embeddable":true,"href":"https:\/\/www.socialchangeschool.org\/it\/wp-json\/wp\/v2\/tags?post=37753"}],"curies":[{"name":"wp","href":"https:\/\/api.w.org\/{rel}","templated":true}]}}