{"id":37751,"date":"2020-06-17T10:02:53","date_gmt":"2020-06-17T10:02:53","guid":{"rendered":"http:\/\/socialchangeschool.org\/17\/06\/2020\/coffee-break-with-the-nonprofit-managers-intervento-di-daniela-fatarella-direttore-generale-di-save-the-children-italia\/"},"modified":"2020-06-17T10:02:53","modified_gmt":"2020-06-17T10:02:53","slug":"coffee-break-with-the-nonprofit-managers-intervento-di-daniela-fatarella-direttore-generale-di-save-the-children-italia","status":"publish","type":"post","link":"https:\/\/www.socialchangeschool.org\/it\/17\/06\/2020\/coffee-break-with-the-nonprofit-managers-intervento-di-daniela-fatarella-direttore-generale-di-save-the-children-italia\/","title":{"rendered":"Coffee Break with the Nonprofit Managers \u2013 Intervento di Daniela Fatarella, Direttore Generale di Save the Children Italia"},"content":{"rendered":"<p>Il 2 Aprile 2020 Marco Crescenzi, Presidente di Social Change School, ha intervistato nella rubrica \u201cCoffee Break with the Nonprofit Managers\u201d, Daniela Fatarella, Direttore Generale di Save the Children Italia, eccellente professionista e vero orgoglio per la scuola, poich\u00e9 \u00e8 una nostra ex alumna. Le parole d&#8217;ordine, che lei ci ha espresso, per superare questo momento sono: resilienza, trasformazione e gentilezza.<\/p>\n<p><strong>Come sta e come stiamo vivendo questa crisi?<em><br \/><\/em><\/strong>La parola d\u2019ordine da applicare di questi tempi \u00e8 <strong>\u201c<\/strong><strong>resilienza\u201d<\/strong>. Nell&#8217;immediato Save the Children ha\u00a0 risposto alle emergenze sorte a causa del COVID-19 in maniera compatta con un grandissimo spirito di squadra e capacit\u00e0 di portare avanti dei cambiamenti significativi in enorme velocit\u00e0. Abbiamo dato vita a nuove linee programmatiche e abbiamo riconvertito molti dei\u00a0 nostri progetti. <strong>Il pi\u00f9 grande risultato raggiunto \u00e8 stato sicuramente quello di non aver perso il contatto con la nostra utenza: bambini e famiglie.<\/strong> <br \/>Sia io sia lo staff abbiamo subitaneamente fornito assistenza ai bisogni dei territori, dei beneficiari e abbiamo dato riscontro costante alle richieste dell&#8217;internazionale. Al momento mi sento \u201cbusy\u201d. L&#8217;emergenza, appare evidente, che sar\u00e0 di lungo periodo. Quindi, <strong>dobbiamo affiancare alla\u00a0 \u201cresilienza\u201d anche la\u00a0 \u201ctrasformazione\u201d<\/strong>.\u00a0 Non torneremo mai pi\u00f9 a fare il mestiere che facevamo prima nello stesso modo. <strong>\u00c8\u00a0la prima volta in cento anni di organizzazione, che ci si trova a combattere contro una gravit\u00e0 che colpisce tutti i paesi pi\u00f9 o meno nello stesso range temporale, con un conseguente effetto domino<\/strong>, che potrebbe essere sempre pi\u00f9 esponenziale. Il contenitore \u201cresilienza\u201d deve prevedere sia la gestione del bisogno attuale sia la trasformazione sul futuro.<br \/><strong>Dobbiamo porre molta attenzione anche nei confronti dei nostri donatori e in questo caso la parola d&#8217;ordine deve essere \u201cgentilezza\u201d, poich\u00e9 non sappiamo cosa sia successo nelle famiglie di chi ci sostiene.<\/strong> Non sappiamo se ci sia qualcuno che sia stato male e non sappiamo quale altro disagio sia potuto insorgere. Fare fundraising oggi richiede una delicatezza differente.<br \/>Quello che sta avvenendo pu\u00f2 portate verso un nuovo tipo di fundraising basato sulla relazione con il donatore e non l&#8217;invio di una semplice richiesta di sovvenzione, come sostiene il Presidente di Social Change School, Marco Crescenzi.<\/p>\n<p><strong>Cosa stiamo imparando, cosa ci vogliamo portare e ricette per uscirne?<em><br \/><\/em><\/strong>\u00c8\u00a0molto importante oggi poter influenzare e fare massa critica verso tutto ci\u00f2 che pu\u00f2 modificare e influenzare le norme atte a creare una nuova realt\u00e0 nel post emergenza.\u00a0 \u00a0<br \/>Ora, come organizzazione, stiamo dando molta <strong>attenzione ai migranti di fasce di et\u00e0 minorile fino ai diciottenni<\/strong>. <strong>Molte novit\u00e0 ci saranno date dal digitale, che promuover\u00e0 l&#8217;e-learning<\/strong>, non solo per l&#8217;apprendimento ma anche per la revisione dei nostri position working. Ad esempio, ho imparato, che molto del tempo impiagato per i viaggi per meeting di lavoro, pu\u00f2 essere speso lavorando da remoto, ottenendo lo stesso tipo di risultato.\u00a0 <br \/><strong>La digital transformation investir\u00e0, come gi\u00e0 intuito, anche il fundraising.<\/strong> Spero che le persone si trovino a essere molto pi\u00f9 interconnesse, avendo una capacit\u00e0 di vedere il mondo con occhi diversi. Save the Children, che affronta i contesti emergenziali sempre in prima linea, cambier\u00e0 sicuramente in meglio, essendo una struttura altamente evolutiva, apprendendo una nuova visione della realt\u00e0 come Bill Gates nel 2015 aveva previsto.<\/p>\n","protected":false},"excerpt":{"rendered":"<p>Il 2 Aprile 2020 Marco Crescenzi, Presidente di Social Change School, ha intervistato nella rubrica \u201cCoffee Break with the Nonprofit Managers\u201d, Daniela Fatarella, Direttore Generale di Save the Children Italia, eccellente professionista e vero orgoglio per la scuola, poich\u00e9 \u00e8 una nostra ex alumna. Le parole d&#8217;ordine, che lei ci ha espresso, per superare questo [&hellip;]<\/p>\n","protected":false},"author":2,"featured_media":0,"comment_status":"closed","ping_status":"closed","sticky":false,"template":"","format":"standard","meta":{"site-sidebar-layout":"default","site-content-layout":"","ast-site-content-layout":"default","site-content-style":"default","site-sidebar-style":"default","ast-global-header-display":"","ast-banner-title-visibility":"","ast-main-header-display":"","ast-hfb-above-header-display":"","ast-hfb-below-header-display":"","ast-hfb-mobile-header-display":"","site-post-title":"","ast-breadcrumbs-content":"","ast-featured-img":"","footer-sml-layout":"","ast-disable-related-posts":"","theme-transparent-header-meta":"","adv-header-id-meta":"","stick-header-meta":"","header-above-stick-meta":"","header-main-stick-meta":"","header-below-stick-meta":"","astra-migrate-meta-layouts":"default","ast-page-background-enabled":"default","ast-page-background-meta":{"desktop":{"background-color":"","background-image":"","background-repeat":"repeat","background-position":"center center","background-size":"auto","background-attachment":"scroll","background-type":"","background-media":"","overlay-type":"","overlay-color":"","overlay-opacity":"","overlay-gradient":""},"tablet":{"background-color":"","background-image":"","background-repeat":"repeat","background-position":"center center","background-size":"auto","background-attachment":"scroll","background-type":"","background-media":"","overlay-type":"","overlay-color":"","overlay-opacity":"","overlay-gradient":""},"mobile":{"background-color":"","background-image":"","background-repeat":"repeat","background-position":"center center","background-size":"auto","background-attachment":"scroll","background-type":"","background-media":"","overlay-type":"","overlay-color":"","overlay-opacity":"","overlay-gradient":""}},"ast-content-background-meta":{"desktop":{"background-color":"var(--ast-global-color-5)","background-image":"","background-repeat":"repeat","background-position":"center center","background-size":"auto","background-attachment":"scroll","background-type":"","background-media":"","overlay-type":"","overlay-color":"","overlay-opacity":"","overlay-gradient":""},"tablet":{"background-color":"var(--ast-global-color-5)","background-image":"","background-repeat":"repeat","background-position":"center center","background-size":"auto","background-attachment":"scroll","background-type":"","background-media":"","overlay-type":"","overlay-color":"","overlay-opacity":"","overlay-gradient":""},"mobile":{"background-color":"var(--ast-global-color-5)","background-image":"","background-repeat":"repeat","background-position":"center center","background-size":"auto","background-attachment":"scroll","background-type":"","background-media":"","overlay-type":"","overlay-color":"","overlay-opacity":"","overlay-gradient":""}},"footnotes":""},"categories":[218],"tags":[],"class_list":["post-37751","post","type-post","status-publish","format-standard","hentry","category-eventi"],"yoast_head":"<!-- This site is optimized with the Yoast SEO Premium plugin v27.2 (Yoast SEO v27.5) - https:\/\/yoast.com\/product\/yoast-seo-premium-wordpress\/ -->\n<title>Coffee Break with the Nonprofit Managers \u2013 Intervento di Daniela Fatarella, Direttore Generale di Save the Children Italia - SocialChangeSchool<\/title>\n<meta name=\"robots\" content=\"index, follow, max-snippet:-1, max-image-preview:large, max-video-preview:-1\" \/>\n<link rel=\"canonical\" href=\"https:\/\/www.socialchangeschool.org\/it\/17\/06\/2020\/coffee-break-with-the-nonprofit-managers-intervento-di-daniela-fatarella-direttore-generale-di-save-the-children-italia\/\" \/>\n<meta property=\"og:locale\" content=\"it_IT\" \/>\n<meta property=\"og:type\" content=\"article\" \/>\n<meta property=\"og:title\" content=\"Coffee Break with the Nonprofit Managers \u2013 Intervento di Daniela Fatarella, Direttore Generale di Save the Children Italia\" \/>\n<meta property=\"og:description\" content=\"Il 2 Aprile 2020 Marco Crescenzi, Presidente di Social Change School, ha intervistato nella rubrica \u201cCoffee Break with the Nonprofit Managers\u201d, Daniela Fatarella, Direttore Generale di Save the Children Italia, eccellente professionista e vero orgoglio per la scuola, poich\u00e9 \u00e8 una nostra ex alumna. Le parole d&#8217;ordine, che lei ci ha espresso, per superare questo [&hellip;]\" \/>\n<meta property=\"og:url\" content=\"https:\/\/www.socialchangeschool.org\/it\/17\/06\/2020\/coffee-break-with-the-nonprofit-managers-intervento-di-daniela-fatarella-direttore-generale-di-save-the-children-italia\/\" \/>\n<meta property=\"og:site_name\" content=\"SocialChangeSchool\" \/>\n<meta property=\"article:published_time\" content=\"2020-06-17T10:02:53+00:00\" \/>\n<meta property=\"og:image\" content=\"https:\/\/www.socialchangeschool.org\/wp-content\/uploads\/2022\/06\/Logo-SocialChangeSchool.png\" \/>\n\t<meta property=\"og:image:width\" content=\"1721\" \/>\n\t<meta property=\"og:image:height\" content=\"1721\" \/>\n\t<meta property=\"og:image:type\" content=\"image\/png\" \/>\n<meta name=\"author\" content=\"Laura Reiss\" \/>\n<meta name=\"twitter:card\" content=\"summary_large_image\" \/>\n<meta name=\"twitter:label1\" content=\"Scritto da\" \/>\n\t<meta name=\"twitter:data1\" content=\"Laura Reiss\" \/>\n\t<meta name=\"twitter:label2\" content=\"Tempo di lettura stimato\" \/>\n\t<meta name=\"twitter:data2\" content=\"3 minuti\" \/>\n<script type=\"application\/ld+json\" class=\"yoast-schema-graph\">{\"@context\":\"https:\\\/\\\/schema.org\",\"@graph\":[{\"@type\":\"Article\",\"@id\":\"https:\\\/\\\/www.socialchangeschool.org\\\/it\\\/17\\\/06\\\/2020\\\/coffee-break-with-the-nonprofit-managers-intervento-di-daniela-fatarella-direttore-generale-di-save-the-children-italia\\\/#article\",\"isPartOf\":{\"@id\":\"https:\\\/\\\/www.socialchangeschool.org\\\/it\\\/17\\\/06\\\/2020\\\/coffee-break-with-the-nonprofit-managers-intervento-di-daniela-fatarella-direttore-generale-di-save-the-children-italia\\\/\"},\"author\":{\"name\":\"Laura Reiss\",\"@id\":\"https:\\\/\\\/www.socialchangeschool.org\\\/it\\\/#\\\/schema\\\/person\\\/830e0c463a7c51633e79f9b14aadf794\"},\"headline\":\"Coffee Break with the Nonprofit Managers \u2013 Intervento di Daniela Fatarella, Direttore Generale di Save the Children Italia\",\"datePublished\":\"2020-06-17T10:02:53+00:00\",\"mainEntityOfPage\":{\"@id\":\"https:\\\/\\\/www.socialchangeschool.org\\\/it\\\/17\\\/06\\\/2020\\\/coffee-break-with-the-nonprofit-managers-intervento-di-daniela-fatarella-direttore-generale-di-save-the-children-italia\\\/\"},\"wordCount\":549,\"publisher\":{\"@id\":\"https:\\\/\\\/www.socialchangeschool.org\\\/it\\\/#organization\"},\"articleSection\":[\"Eventi\"],\"inLanguage\":\"it-IT\"},{\"@type\":\"WebPage\",\"@id\":\"https:\\\/\\\/www.socialchangeschool.org\\\/it\\\/17\\\/06\\\/2020\\\/coffee-break-with-the-nonprofit-managers-intervento-di-daniela-fatarella-direttore-generale-di-save-the-children-italia\\\/\",\"url\":\"https:\\\/\\\/www.socialchangeschool.org\\\/it\\\/17\\\/06\\\/2020\\\/coffee-break-with-the-nonprofit-managers-intervento-di-daniela-fatarella-direttore-generale-di-save-the-children-italia\\\/\",\"name\":\"Coffee Break with the Nonprofit Managers \u2013 Intervento di Daniela Fatarella, Direttore Generale di Save the Children Italia - SocialChangeSchool\",\"isPartOf\":{\"@id\":\"https:\\\/\\\/www.socialchangeschool.org\\\/it\\\/#website\"},\"datePublished\":\"2020-06-17T10:02:53+00:00\",\"breadcrumb\":{\"@id\":\"https:\\\/\\\/www.socialchangeschool.org\\\/it\\\/17\\\/06\\\/2020\\\/coffee-break-with-the-nonprofit-managers-intervento-di-daniela-fatarella-direttore-generale-di-save-the-children-italia\\\/#breadcrumb\"},\"inLanguage\":\"it-IT\",\"potentialAction\":[{\"@type\":\"ReadAction\",\"target\":[\"https:\\\/\\\/www.socialchangeschool.org\\\/it\\\/17\\\/06\\\/2020\\\/coffee-break-with-the-nonprofit-managers-intervento-di-daniela-fatarella-direttore-generale-di-save-the-children-italia\\\/\"]}]},{\"@type\":\"BreadcrumbList\",\"@id\":\"https:\\\/\\\/www.socialchangeschool.org\\\/it\\\/17\\\/06\\\/2020\\\/coffee-break-with-the-nonprofit-managers-intervento-di-daniela-fatarella-direttore-generale-di-save-the-children-italia\\\/#breadcrumb\",\"itemListElement\":[{\"@type\":\"ListItem\",\"position\":1,\"name\":\"Home\",\"item\":\"https:\\\/\\\/www.socialchangeschool.org\\\/it\\\/\"},{\"@type\":\"ListItem\",\"position\":2,\"name\":\"Coffee Break with the Nonprofit Managers \u2013 Intervento di Daniela Fatarella, Direttore Generale di Save the Children Italia\"}]},{\"@type\":\"WebSite\",\"@id\":\"https:\\\/\\\/www.socialchangeschool.org\\\/it\\\/#website\",\"url\":\"https:\\\/\\\/www.socialchangeschool.org\\\/it\\\/\",\"name\":\"Social Change School\",\"description\":\"worldwide leader for training, connecting and certificating all professionals of Non Profit sector\",\"publisher\":{\"@id\":\"https:\\\/\\\/www.socialchangeschool.org\\\/it\\\/#organization\"},\"alternateName\":\"Leverage of Social Change transformational training institution\",\"potentialAction\":[{\"@type\":\"SearchAction\",\"target\":{\"@type\":\"EntryPoint\",\"urlTemplate\":\"https:\\\/\\\/www.socialchangeschool.org\\\/it\\\/?s={search_term_string}\"},\"query-input\":{\"@type\":\"PropertyValueSpecification\",\"valueRequired\":true,\"valueName\":\"search_term_string\"}}],\"inLanguage\":\"it-IT\"},{\"@type\":\"Organization\",\"@id\":\"https:\\\/\\\/www.socialchangeschool.org\\\/it\\\/#organization\",\"name\":\"Social Change School\",\"alternateName\":\"worldwide leader for training, connecting and certificating all professionals\",\"url\":\"https:\\\/\\\/www.socialchangeschool.org\\\/it\\\/\",\"logo\":{\"@type\":\"ImageObject\",\"inLanguage\":\"it-IT\",\"@id\":\"https:\\\/\\\/www.socialchangeschool.org\\\/it\\\/#\\\/schema\\\/logo\\\/image\\\/\",\"url\":\"https:\\\/\\\/www.socialchangeschool.org\\\/wp-content\\\/uploads\\\/2022\\\/06\\\/Logo-SocialChangeSchool.png\",\"contentUrl\":\"https:\\\/\\\/www.socialchangeschool.org\\\/wp-content\\\/uploads\\\/2022\\\/06\\\/Logo-SocialChangeSchool.png\",\"width\":1721,\"height\":1721,\"caption\":\"Social Change School\"},\"image\":{\"@id\":\"https:\\\/\\\/www.socialchangeschool.org\\\/it\\\/#\\\/schema\\\/logo\\\/image\\\/\"}},{\"@type\":\"Person\",\"@id\":\"https:\\\/\\\/www.socialchangeschool.org\\\/it\\\/#\\\/schema\\\/person\\\/830e0c463a7c51633e79f9b14aadf794\",\"name\":\"Laura Reiss\",\"url\":\"https:\\\/\\\/www.socialchangeschool.org\\\/it\\\/author\\\/ghost\\\/\"}]}<\/script>\n<!-- \/ Yoast SEO Premium plugin. -->","yoast_head_json":{"title":"Coffee Break with the Nonprofit Managers \u2013 Intervento di Daniela Fatarella, Direttore Generale di Save the Children Italia - SocialChangeSchool","robots":{"index":"index","follow":"follow","max-snippet":"max-snippet:-1","max-image-preview":"max-image-preview:large","max-video-preview":"max-video-preview:-1"},"canonical":"https:\/\/www.socialchangeschool.org\/it\/17\/06\/2020\/coffee-break-with-the-nonprofit-managers-intervento-di-daniela-fatarella-direttore-generale-di-save-the-children-italia\/","og_locale":"it_IT","og_type":"article","og_title":"Coffee Break with the Nonprofit Managers \u2013 Intervento di Daniela Fatarella, Direttore Generale di Save the Children Italia","og_description":"Il 2 Aprile 2020 Marco Crescenzi, Presidente di Social Change School, ha intervistato nella rubrica \u201cCoffee Break with the Nonprofit Managers\u201d, Daniela Fatarella, Direttore Generale di Save the Children Italia, eccellente professionista e vero orgoglio per la scuola, poich\u00e9 \u00e8 una nostra ex alumna. Le parole d&#8217;ordine, che lei ci ha espresso, per superare questo [&hellip;]","og_url":"https:\/\/www.socialchangeschool.org\/it\/17\/06\/2020\/coffee-break-with-the-nonprofit-managers-intervento-di-daniela-fatarella-direttore-generale-di-save-the-children-italia\/","og_site_name":"SocialChangeSchool","article_published_time":"2020-06-17T10:02:53+00:00","og_image":[{"width":1721,"height":1721,"url":"https:\/\/www.socialchangeschool.org\/wp-content\/uploads\/2022\/06\/Logo-SocialChangeSchool.png","type":"image\/png"}],"author":"Laura Reiss","twitter_card":"summary_large_image","twitter_misc":{"Scritto da":"Laura Reiss","Tempo di lettura stimato":"3 minuti"},"schema":{"@context":"https:\/\/schema.org","@graph":[{"@type":"Article","@id":"https:\/\/www.socialchangeschool.org\/it\/17\/06\/2020\/coffee-break-with-the-nonprofit-managers-intervento-di-daniela-fatarella-direttore-generale-di-save-the-children-italia\/#article","isPartOf":{"@id":"https:\/\/www.socialchangeschool.org\/it\/17\/06\/2020\/coffee-break-with-the-nonprofit-managers-intervento-di-daniela-fatarella-direttore-generale-di-save-the-children-italia\/"},"author":{"name":"Laura Reiss","@id":"https:\/\/www.socialchangeschool.org\/it\/#\/schema\/person\/830e0c463a7c51633e79f9b14aadf794"},"headline":"Coffee Break with the Nonprofit Managers \u2013 Intervento di Daniela Fatarella, Direttore Generale di Save the Children Italia","datePublished":"2020-06-17T10:02:53+00:00","mainEntityOfPage":{"@id":"https:\/\/www.socialchangeschool.org\/it\/17\/06\/2020\/coffee-break-with-the-nonprofit-managers-intervento-di-daniela-fatarella-direttore-generale-di-save-the-children-italia\/"},"wordCount":549,"publisher":{"@id":"https:\/\/www.socialchangeschool.org\/it\/#organization"},"articleSection":["Eventi"],"inLanguage":"it-IT"},{"@type":"WebPage","@id":"https:\/\/www.socialchangeschool.org\/it\/17\/06\/2020\/coffee-break-with-the-nonprofit-managers-intervento-di-daniela-fatarella-direttore-generale-di-save-the-children-italia\/","url":"https:\/\/www.socialchangeschool.org\/it\/17\/06\/2020\/coffee-break-with-the-nonprofit-managers-intervento-di-daniela-fatarella-direttore-generale-di-save-the-children-italia\/","name":"Coffee Break with the Nonprofit Managers \u2013 Intervento di Daniela Fatarella, Direttore Generale di Save the Children Italia - SocialChangeSchool","isPartOf":{"@id":"https:\/\/www.socialchangeschool.org\/it\/#website"},"datePublished":"2020-06-17T10:02:53+00:00","breadcrumb":{"@id":"https:\/\/www.socialchangeschool.org\/it\/17\/06\/2020\/coffee-break-with-the-nonprofit-managers-intervento-di-daniela-fatarella-direttore-generale-di-save-the-children-italia\/#breadcrumb"},"inLanguage":"it-IT","potentialAction":[{"@type":"ReadAction","target":["https:\/\/www.socialchangeschool.org\/it\/17\/06\/2020\/coffee-break-with-the-nonprofit-managers-intervento-di-daniela-fatarella-direttore-generale-di-save-the-children-italia\/"]}]},{"@type":"BreadcrumbList","@id":"https:\/\/www.socialchangeschool.org\/it\/17\/06\/2020\/coffee-break-with-the-nonprofit-managers-intervento-di-daniela-fatarella-direttore-generale-di-save-the-children-italia\/#breadcrumb","itemListElement":[{"@type":"ListItem","position":1,"name":"Home","item":"https:\/\/www.socialchangeschool.org\/it\/"},{"@type":"ListItem","position":2,"name":"Coffee Break with the Nonprofit Managers \u2013 Intervento di Daniela Fatarella, Direttore Generale di Save the Children Italia"}]},{"@type":"WebSite","@id":"https:\/\/www.socialchangeschool.org\/it\/#website","url":"https:\/\/www.socialchangeschool.org\/it\/","name":"Social Change School","description":"worldwide leader for training, connecting and certificating all professionals of Non Profit sector","publisher":{"@id":"https:\/\/www.socialchangeschool.org\/it\/#organization"},"alternateName":"Leverage of Social Change transformational training institution","potentialAction":[{"@type":"SearchAction","target":{"@type":"EntryPoint","urlTemplate":"https:\/\/www.socialchangeschool.org\/it\/?s={search_term_string}"},"query-input":{"@type":"PropertyValueSpecification","valueRequired":true,"valueName":"search_term_string"}}],"inLanguage":"it-IT"},{"@type":"Organization","@id":"https:\/\/www.socialchangeschool.org\/it\/#organization","name":"Social Change School","alternateName":"worldwide leader for training, connecting and certificating all professionals","url":"https:\/\/www.socialchangeschool.org\/it\/","logo":{"@type":"ImageObject","inLanguage":"it-IT","@id":"https:\/\/www.socialchangeschool.org\/it\/#\/schema\/logo\/image\/","url":"https:\/\/www.socialchangeschool.org\/wp-content\/uploads\/2022\/06\/Logo-SocialChangeSchool.png","contentUrl":"https:\/\/www.socialchangeschool.org\/wp-content\/uploads\/2022\/06\/Logo-SocialChangeSchool.png","width":1721,"height":1721,"caption":"Social Change School"},"image":{"@id":"https:\/\/www.socialchangeschool.org\/it\/#\/schema\/logo\/image\/"}},{"@type":"Person","@id":"https:\/\/www.socialchangeschool.org\/it\/#\/schema\/person\/830e0c463a7c51633e79f9b14aadf794","name":"Laura Reiss","url":"https:\/\/www.socialchangeschool.org\/it\/author\/ghost\/"}]}},"_links":{"self":[{"href":"https:\/\/www.socialchangeschool.org\/it\/wp-json\/wp\/v2\/posts\/37751","targetHints":{"allow":["GET"]}}],"collection":[{"href":"https:\/\/www.socialchangeschool.org\/it\/wp-json\/wp\/v2\/posts"}],"about":[{"href":"https:\/\/www.socialchangeschool.org\/it\/wp-json\/wp\/v2\/types\/post"}],"author":[{"embeddable":true,"href":"https:\/\/www.socialchangeschool.org\/it\/wp-json\/wp\/v2\/users\/2"}],"replies":[{"embeddable":true,"href":"https:\/\/www.socialchangeschool.org\/it\/wp-json\/wp\/v2\/comments?post=37751"}],"version-history":[{"count":0,"href":"https:\/\/www.socialchangeschool.org\/it\/wp-json\/wp\/v2\/posts\/37751\/revisions"}],"wp:attachment":[{"href":"https:\/\/www.socialchangeschool.org\/it\/wp-json\/wp\/v2\/media?parent=37751"}],"wp:term":[{"taxonomy":"category","embeddable":true,"href":"https:\/\/www.socialchangeschool.org\/it\/wp-json\/wp\/v2\/categories?post=37751"},{"taxonomy":"post_tag","embeddable":true,"href":"https:\/\/www.socialchangeschool.org\/it\/wp-json\/wp\/v2\/tags?post=37751"}],"curies":[{"name":"wp","href":"https:\/\/api.w.org\/{rel}","templated":true}]}}