{"id":37750,"date":"2020-06-09T09:53:12","date_gmt":"2020-06-09T09:53:12","guid":{"rendered":"http:\/\/socialchangeschool.org\/09\/06\/2020\/coffee-break-with-the-nonprofit-managers-intervento-di-valerio-balzini-segretario-generale-confcooperative-liguria\/"},"modified":"2020-06-09T09:53:12","modified_gmt":"2020-06-09T09:53:12","slug":"coffee-break-with-the-nonprofit-managers-intervento-di-valerio-balzini-segretario-generale-confcooperative-liguria","status":"publish","type":"post","link":"https:\/\/www.socialchangeschool.org\/it\/09\/06\/2020\/coffee-break-with-the-nonprofit-managers-intervento-di-valerio-balzini-segretario-generale-confcooperative-liguria\/","title":{"rendered":"Coffee Break with the Nonprofit Managers \u2013 Intervento di Valerio Balzini, Segretario Generale Confcooperative Liguria"},"content":{"rendered":"<p><span>Nel Coffee Break with the Nonprofit Managers tenutosi il 2 aprile 2020 il Presidente di Social Change School, Marco Crescenzi, ha intervistato Valerio Balzini, Segretario Generale di Confcooperative Regionale Liguria, che ha fornito uno spunto di riflessione su quanto il Sistema Cooperativo sia stato di sostegno al Sistema Sanitario, soprattutto in Liguria, regione in grande difficolt\u00e0 per il COVID-19. Ha rivolto uno sguardo a un futuro dove le organizzazioni del terzo settore mettano, per crescere, a fattore comune idee e modi di fare.<\/span><\/p>\n<p><strong><span>Come sta e come ha vissuto questa fase di crisi?<br \/><\/span><\/strong><span>Io ho vissuto situazioni contraddittorie: dal fare parternage con il pubblico\u00a0all&#8217;aiutare\u00a0la realizzazione di accordi sindacali per le difficolt\u00e0 lavorative che ci sono e che stanno mettendo in grande difficolt\u00e0 tante famiglie e tanti lavoratori. <\/span><\/p>\n<p><span>In\u00a0 questa emergenza l\u2019apparato sociosanitario in tutta la nazione \u00e8 stato in estrema difficolt\u00e0, mostrando delle falle. In alcune regioni, come la Liguria, la situazione \u00e8 stata particolarmente\u00a0drammatica, poich\u00e9 gli ospedali non hanno retto e le strutture sociosanitarie hanno avuto la funzione di \u201canticamera\u201d&#8230;\u00a0 In assoluto, per\u00f2, <strong>il sistema cooperativo ha fornito un aiuto a 360\u00b0 per sostenere la sanit\u00e0, soprattutto per fronteggiare la mancanza di presidi, come le mascherine e i guanti<\/strong>.<\/span><\/p>\n<p><span>Noi che operiamo nella cooperazione sociale siamo dei fornitori di idee e di servizi, sebbene il nostro ruolo non sia sempre riconosciuto o lo sia solo in un secondo momento. <\/span><\/p>\n<p><span>Le organizzazioni del terzo settore dovrebbero mettere a fattore comune soluzioni e modi di fare, cosa che non sempre avviene. Superata del tutto l&#8217;emergenza sarebbe da fare un&#8217;analisi su questo punto.<\/span><\/p>\n<p><span><br \/><strong>Cosa stiamo imparando, cosa ci vogliamo portare e ricette per uscirne?<br \/><\/strong><\/span><span>Una cosa che stiamo imparando \u00e8 l\u2019uso pi\u00f9 intensivo e diffuso delle <strong>nuove tecnologie<\/strong>, che <strong>possono rappresentare un supporto utile a rafforzare la comunicazione, sebbene, anche in questo caso ci siano pro e contro<\/strong>. Spero che nel prossimo futuro la cooperazione sociale sia considerata come un&#8217; impresa sociale, anche per una concorrenza pi\u00f9 sana e leale con le imprese,\u00a0 per la realizzazione di modelli sostenibili. <\/span><\/p>\n","protected":false},"excerpt":{"rendered":"<p>Nel Coffee Break with the Nonprofit Managers tenutosi il 2 aprile 2020 il Presidente di Social Change School, Marco Crescenzi, ha intervistato Valerio Balzini, Segretario Generale di Confcooperative Regionale Liguria, che ha fornito uno spunto di riflessione su quanto il Sistema Cooperativo sia stato di sostegno al Sistema Sanitario, soprattutto in Liguria, regione in grande [&hellip;]<\/p>\n","protected":false},"author":2,"featured_media":0,"comment_status":"closed","ping_status":"closed","sticky":false,"template":"","format":"standard","meta":{"site-sidebar-layout":"default","site-content-layout":"","ast-site-content-layout":"default","site-content-style":"default","site-sidebar-style":"default","ast-global-header-display":"","ast-banner-title-visibility":"","ast-main-header-display":"","ast-hfb-above-header-display":"","ast-hfb-below-header-display":"","ast-hfb-mobile-header-display":"","site-post-title":"","ast-breadcrumbs-content":"","ast-featured-img":"","footer-sml-layout":"","ast-disable-related-posts":"","theme-transparent-header-meta":"","adv-header-id-meta":"","stick-header-meta":"","header-above-stick-meta":"","header-main-stick-meta":"","header-below-stick-meta":"","astra-migrate-meta-layouts":"default","ast-page-background-enabled":"default","ast-page-background-meta":{"desktop":{"background-color":"","background-image":"","background-repeat":"repeat","background-position":"center center","background-size":"auto","background-attachment":"scroll","background-type":"","background-media":"","overlay-type":"","overlay-color":"","overlay-opacity":"","overlay-gradient":""},"tablet":{"background-color":"","background-image":"","background-repeat":"repeat","background-position":"center center","background-size":"auto","background-attachment":"scroll","background-type":"","background-media":"","overlay-type":"","overlay-color":"","overlay-opacity":"","overlay-gradient":""},"mobile":{"background-color":"","background-image":"","background-repeat":"repeat","background-position":"center center","background-size":"auto","background-attachment":"scroll","background-type":"","background-media":"","overlay-type":"","overlay-color":"","overlay-opacity":"","overlay-gradient":""}},"ast-content-background-meta":{"desktop":{"background-color":"var(--ast-global-color-5)","background-image":"","background-repeat":"repeat","background-position":"center center","background-size":"auto","background-attachment":"scroll","background-type":"","background-media":"","overlay-type":"","overlay-color":"","overlay-opacity":"","overlay-gradient":""},"tablet":{"background-color":"var(--ast-global-color-5)","background-image":"","background-repeat":"repeat","background-position":"center center","background-size":"auto","background-attachment":"scroll","background-type":"","background-media":"","overlay-type":"","overlay-color":"","overlay-opacity":"","overlay-gradient":""},"mobile":{"background-color":"var(--ast-global-color-5)","background-image":"","background-repeat":"repeat","background-position":"center center","background-size":"auto","background-attachment":"scroll","background-type":"","background-media":"","overlay-type":"","overlay-color":"","overlay-opacity":"","overlay-gradient":""}},"footnotes":""},"categories":[218],"tags":[],"class_list":["post-37750","post","type-post","status-publish","format-standard","hentry","category-eventi"],"yoast_head":"<!-- This site is optimized with the Yoast SEO Premium plugin v27.2 (Yoast SEO v27.5) - https:\/\/yoast.com\/product\/yoast-seo-premium-wordpress\/ -->\n<title>Coffee Break with the Nonprofit Managers \u2013 Intervento di Valerio Balzini, Segretario Generale Confcooperative Liguria - SocialChangeSchool<\/title>\n<meta name=\"robots\" content=\"index, follow, max-snippet:-1, max-image-preview:large, max-video-preview:-1\" \/>\n<link rel=\"canonical\" href=\"https:\/\/www.socialchangeschool.org\/it\/09\/06\/2020\/coffee-break-with-the-nonprofit-managers-intervento-di-valerio-balzini-segretario-generale-confcooperative-liguria\/\" \/>\n<meta property=\"og:locale\" content=\"it_IT\" \/>\n<meta property=\"og:type\" content=\"article\" \/>\n<meta property=\"og:title\" content=\"Coffee Break with the Nonprofit Managers \u2013 Intervento di Valerio Balzini, Segretario Generale Confcooperative Liguria\" \/>\n<meta property=\"og:description\" content=\"Nel Coffee Break with the Nonprofit Managers tenutosi il 2 aprile 2020 il Presidente di Social Change School, Marco Crescenzi, ha intervistato Valerio Balzini, Segretario Generale di Confcooperative Regionale Liguria, che ha fornito uno spunto di riflessione su quanto il Sistema Cooperativo sia stato di sostegno al Sistema Sanitario, soprattutto in Liguria, regione in grande [&hellip;]\" \/>\n<meta property=\"og:url\" content=\"https:\/\/www.socialchangeschool.org\/it\/09\/06\/2020\/coffee-break-with-the-nonprofit-managers-intervento-di-valerio-balzini-segretario-generale-confcooperative-liguria\/\" \/>\n<meta property=\"og:site_name\" content=\"SocialChangeSchool\" \/>\n<meta property=\"article:published_time\" content=\"2020-06-09T09:53:12+00:00\" \/>\n<meta property=\"og:image\" content=\"https:\/\/www.socialchangeschool.org\/wp-content\/uploads\/2022\/06\/Logo-SocialChangeSchool.png\" \/>\n\t<meta property=\"og:image:width\" content=\"1721\" \/>\n\t<meta property=\"og:image:height\" content=\"1721\" \/>\n\t<meta property=\"og:image:type\" content=\"image\/png\" \/>\n<meta name=\"author\" content=\"Laura Reiss\" \/>\n<meta name=\"twitter:card\" content=\"summary_large_image\" \/>\n<meta name=\"twitter:label1\" content=\"Scritto da\" \/>\n\t<meta name=\"twitter:data1\" content=\"Laura Reiss\" \/>\n\t<meta name=\"twitter:label2\" content=\"Tempo di lettura stimato\" \/>\n\t<meta name=\"twitter:data2\" content=\"2 minuti\" \/>\n<script type=\"application\/ld+json\" class=\"yoast-schema-graph\">{\"@context\":\"https:\\\/\\\/schema.org\",\"@graph\":[{\"@type\":\"Article\",\"@id\":\"https:\\\/\\\/www.socialchangeschool.org\\\/it\\\/09\\\/06\\\/2020\\\/coffee-break-with-the-nonprofit-managers-intervento-di-valerio-balzini-segretario-generale-confcooperative-liguria\\\/#article\",\"isPartOf\":{\"@id\":\"https:\\\/\\\/www.socialchangeschool.org\\\/it\\\/09\\\/06\\\/2020\\\/coffee-break-with-the-nonprofit-managers-intervento-di-valerio-balzini-segretario-generale-confcooperative-liguria\\\/\"},\"author\":{\"name\":\"Laura Reiss\",\"@id\":\"https:\\\/\\\/www.socialchangeschool.org\\\/it\\\/#\\\/schema\\\/person\\\/830e0c463a7c51633e79f9b14aadf794\"},\"headline\":\"Coffee Break with the Nonprofit Managers \u2013 Intervento di Valerio Balzini, Segretario Generale Confcooperative Liguria\",\"datePublished\":\"2020-06-09T09:53:12+00:00\",\"mainEntityOfPage\":{\"@id\":\"https:\\\/\\\/www.socialchangeschool.org\\\/it\\\/09\\\/06\\\/2020\\\/coffee-break-with-the-nonprofit-managers-intervento-di-valerio-balzini-segretario-generale-confcooperative-liguria\\\/\"},\"wordCount\":353,\"publisher\":{\"@id\":\"https:\\\/\\\/www.socialchangeschool.org\\\/it\\\/#organization\"},\"articleSection\":[\"Eventi\"],\"inLanguage\":\"it-IT\"},{\"@type\":\"WebPage\",\"@id\":\"https:\\\/\\\/www.socialchangeschool.org\\\/it\\\/09\\\/06\\\/2020\\\/coffee-break-with-the-nonprofit-managers-intervento-di-valerio-balzini-segretario-generale-confcooperative-liguria\\\/\",\"url\":\"https:\\\/\\\/www.socialchangeschool.org\\\/it\\\/09\\\/06\\\/2020\\\/coffee-break-with-the-nonprofit-managers-intervento-di-valerio-balzini-segretario-generale-confcooperative-liguria\\\/\",\"name\":\"Coffee Break with the Nonprofit Managers \u2013 Intervento di Valerio Balzini, Segretario Generale Confcooperative Liguria - SocialChangeSchool\",\"isPartOf\":{\"@id\":\"https:\\\/\\\/www.socialchangeschool.org\\\/it\\\/#website\"},\"datePublished\":\"2020-06-09T09:53:12+00:00\",\"breadcrumb\":{\"@id\":\"https:\\\/\\\/www.socialchangeschool.org\\\/it\\\/09\\\/06\\\/2020\\\/coffee-break-with-the-nonprofit-managers-intervento-di-valerio-balzini-segretario-generale-confcooperative-liguria\\\/#breadcrumb\"},\"inLanguage\":\"it-IT\",\"potentialAction\":[{\"@type\":\"ReadAction\",\"target\":[\"https:\\\/\\\/www.socialchangeschool.org\\\/it\\\/09\\\/06\\\/2020\\\/coffee-break-with-the-nonprofit-managers-intervento-di-valerio-balzini-segretario-generale-confcooperative-liguria\\\/\"]}]},{\"@type\":\"BreadcrumbList\",\"@id\":\"https:\\\/\\\/www.socialchangeschool.org\\\/it\\\/09\\\/06\\\/2020\\\/coffee-break-with-the-nonprofit-managers-intervento-di-valerio-balzini-segretario-generale-confcooperative-liguria\\\/#breadcrumb\",\"itemListElement\":[{\"@type\":\"ListItem\",\"position\":1,\"name\":\"Home\",\"item\":\"https:\\\/\\\/www.socialchangeschool.org\\\/it\\\/\"},{\"@type\":\"ListItem\",\"position\":2,\"name\":\"Coffee Break with the Nonprofit Managers \u2013 Intervento di Valerio Balzini, Segretario Generale Confcooperative Liguria\"}]},{\"@type\":\"WebSite\",\"@id\":\"https:\\\/\\\/www.socialchangeschool.org\\\/it\\\/#website\",\"url\":\"https:\\\/\\\/www.socialchangeschool.org\\\/it\\\/\",\"name\":\"Social Change School\",\"description\":\"worldwide leader for training, connecting and certificating all professionals of Non Profit sector\",\"publisher\":{\"@id\":\"https:\\\/\\\/www.socialchangeschool.org\\\/it\\\/#organization\"},\"alternateName\":\"Leverage of Social Change transformational training institution\",\"potentialAction\":[{\"@type\":\"SearchAction\",\"target\":{\"@type\":\"EntryPoint\",\"urlTemplate\":\"https:\\\/\\\/www.socialchangeschool.org\\\/it\\\/?s={search_term_string}\"},\"query-input\":{\"@type\":\"PropertyValueSpecification\",\"valueRequired\":true,\"valueName\":\"search_term_string\"}}],\"inLanguage\":\"it-IT\"},{\"@type\":\"Organization\",\"@id\":\"https:\\\/\\\/www.socialchangeschool.org\\\/it\\\/#organization\",\"name\":\"Social Change School\",\"alternateName\":\"worldwide leader for training, connecting and certificating all professionals\",\"url\":\"https:\\\/\\\/www.socialchangeschool.org\\\/it\\\/\",\"logo\":{\"@type\":\"ImageObject\",\"inLanguage\":\"it-IT\",\"@id\":\"https:\\\/\\\/www.socialchangeschool.org\\\/it\\\/#\\\/schema\\\/logo\\\/image\\\/\",\"url\":\"https:\\\/\\\/www.socialchangeschool.org\\\/wp-content\\\/uploads\\\/2022\\\/06\\\/Logo-SocialChangeSchool.png\",\"contentUrl\":\"https:\\\/\\\/www.socialchangeschool.org\\\/wp-content\\\/uploads\\\/2022\\\/06\\\/Logo-SocialChangeSchool.png\",\"width\":1721,\"height\":1721,\"caption\":\"Social Change School\"},\"image\":{\"@id\":\"https:\\\/\\\/www.socialchangeschool.org\\\/it\\\/#\\\/schema\\\/logo\\\/image\\\/\"}},{\"@type\":\"Person\",\"@id\":\"https:\\\/\\\/www.socialchangeschool.org\\\/it\\\/#\\\/schema\\\/person\\\/830e0c463a7c51633e79f9b14aadf794\",\"name\":\"Laura Reiss\",\"url\":\"https:\\\/\\\/www.socialchangeschool.org\\\/it\\\/author\\\/ghost\\\/\"}]}<\/script>\n<!-- \/ Yoast SEO Premium plugin. -->","yoast_head_json":{"title":"Coffee Break with the Nonprofit Managers \u2013 Intervento di Valerio Balzini, Segretario Generale Confcooperative Liguria - SocialChangeSchool","robots":{"index":"index","follow":"follow","max-snippet":"max-snippet:-1","max-image-preview":"max-image-preview:large","max-video-preview":"max-video-preview:-1"},"canonical":"https:\/\/www.socialchangeschool.org\/it\/09\/06\/2020\/coffee-break-with-the-nonprofit-managers-intervento-di-valerio-balzini-segretario-generale-confcooperative-liguria\/","og_locale":"it_IT","og_type":"article","og_title":"Coffee Break with the Nonprofit Managers \u2013 Intervento di Valerio Balzini, Segretario Generale Confcooperative Liguria","og_description":"Nel Coffee Break with the Nonprofit Managers tenutosi il 2 aprile 2020 il Presidente di Social Change School, Marco Crescenzi, ha intervistato Valerio Balzini, Segretario Generale di Confcooperative Regionale Liguria, che ha fornito uno spunto di riflessione su quanto il Sistema Cooperativo sia stato di sostegno al Sistema Sanitario, soprattutto in Liguria, regione in grande [&hellip;]","og_url":"https:\/\/www.socialchangeschool.org\/it\/09\/06\/2020\/coffee-break-with-the-nonprofit-managers-intervento-di-valerio-balzini-segretario-generale-confcooperative-liguria\/","og_site_name":"SocialChangeSchool","article_published_time":"2020-06-09T09:53:12+00:00","og_image":[{"width":1721,"height":1721,"url":"https:\/\/www.socialchangeschool.org\/wp-content\/uploads\/2022\/06\/Logo-SocialChangeSchool.png","type":"image\/png"}],"author":"Laura Reiss","twitter_card":"summary_large_image","twitter_misc":{"Scritto da":"Laura Reiss","Tempo di lettura stimato":"2 minuti"},"schema":{"@context":"https:\/\/schema.org","@graph":[{"@type":"Article","@id":"https:\/\/www.socialchangeschool.org\/it\/09\/06\/2020\/coffee-break-with-the-nonprofit-managers-intervento-di-valerio-balzini-segretario-generale-confcooperative-liguria\/#article","isPartOf":{"@id":"https:\/\/www.socialchangeschool.org\/it\/09\/06\/2020\/coffee-break-with-the-nonprofit-managers-intervento-di-valerio-balzini-segretario-generale-confcooperative-liguria\/"},"author":{"name":"Laura Reiss","@id":"https:\/\/www.socialchangeschool.org\/it\/#\/schema\/person\/830e0c463a7c51633e79f9b14aadf794"},"headline":"Coffee Break with the Nonprofit Managers \u2013 Intervento di Valerio Balzini, Segretario Generale Confcooperative Liguria","datePublished":"2020-06-09T09:53:12+00:00","mainEntityOfPage":{"@id":"https:\/\/www.socialchangeschool.org\/it\/09\/06\/2020\/coffee-break-with-the-nonprofit-managers-intervento-di-valerio-balzini-segretario-generale-confcooperative-liguria\/"},"wordCount":353,"publisher":{"@id":"https:\/\/www.socialchangeschool.org\/it\/#organization"},"articleSection":["Eventi"],"inLanguage":"it-IT"},{"@type":"WebPage","@id":"https:\/\/www.socialchangeschool.org\/it\/09\/06\/2020\/coffee-break-with-the-nonprofit-managers-intervento-di-valerio-balzini-segretario-generale-confcooperative-liguria\/","url":"https:\/\/www.socialchangeschool.org\/it\/09\/06\/2020\/coffee-break-with-the-nonprofit-managers-intervento-di-valerio-balzini-segretario-generale-confcooperative-liguria\/","name":"Coffee Break with the Nonprofit Managers \u2013 Intervento di Valerio Balzini, Segretario Generale Confcooperative Liguria - SocialChangeSchool","isPartOf":{"@id":"https:\/\/www.socialchangeschool.org\/it\/#website"},"datePublished":"2020-06-09T09:53:12+00:00","breadcrumb":{"@id":"https:\/\/www.socialchangeschool.org\/it\/09\/06\/2020\/coffee-break-with-the-nonprofit-managers-intervento-di-valerio-balzini-segretario-generale-confcooperative-liguria\/#breadcrumb"},"inLanguage":"it-IT","potentialAction":[{"@type":"ReadAction","target":["https:\/\/www.socialchangeschool.org\/it\/09\/06\/2020\/coffee-break-with-the-nonprofit-managers-intervento-di-valerio-balzini-segretario-generale-confcooperative-liguria\/"]}]},{"@type":"BreadcrumbList","@id":"https:\/\/www.socialchangeschool.org\/it\/09\/06\/2020\/coffee-break-with-the-nonprofit-managers-intervento-di-valerio-balzini-segretario-generale-confcooperative-liguria\/#breadcrumb","itemListElement":[{"@type":"ListItem","position":1,"name":"Home","item":"https:\/\/www.socialchangeschool.org\/it\/"},{"@type":"ListItem","position":2,"name":"Coffee Break with the Nonprofit Managers \u2013 Intervento di Valerio Balzini, Segretario Generale Confcooperative Liguria"}]},{"@type":"WebSite","@id":"https:\/\/www.socialchangeschool.org\/it\/#website","url":"https:\/\/www.socialchangeschool.org\/it\/","name":"Social Change School","description":"worldwide leader for training, connecting and certificating all professionals of Non Profit sector","publisher":{"@id":"https:\/\/www.socialchangeschool.org\/it\/#organization"},"alternateName":"Leverage of Social Change transformational training institution","potentialAction":[{"@type":"SearchAction","target":{"@type":"EntryPoint","urlTemplate":"https:\/\/www.socialchangeschool.org\/it\/?s={search_term_string}"},"query-input":{"@type":"PropertyValueSpecification","valueRequired":true,"valueName":"search_term_string"}}],"inLanguage":"it-IT"},{"@type":"Organization","@id":"https:\/\/www.socialchangeschool.org\/it\/#organization","name":"Social Change School","alternateName":"worldwide leader for training, connecting and certificating all professionals","url":"https:\/\/www.socialchangeschool.org\/it\/","logo":{"@type":"ImageObject","inLanguage":"it-IT","@id":"https:\/\/www.socialchangeschool.org\/it\/#\/schema\/logo\/image\/","url":"https:\/\/www.socialchangeschool.org\/wp-content\/uploads\/2022\/06\/Logo-SocialChangeSchool.png","contentUrl":"https:\/\/www.socialchangeschool.org\/wp-content\/uploads\/2022\/06\/Logo-SocialChangeSchool.png","width":1721,"height":1721,"caption":"Social Change School"},"image":{"@id":"https:\/\/www.socialchangeschool.org\/it\/#\/schema\/logo\/image\/"}},{"@type":"Person","@id":"https:\/\/www.socialchangeschool.org\/it\/#\/schema\/person\/830e0c463a7c51633e79f9b14aadf794","name":"Laura Reiss","url":"https:\/\/www.socialchangeschool.org\/it\/author\/ghost\/"}]}},"_links":{"self":[{"href":"https:\/\/www.socialchangeschool.org\/it\/wp-json\/wp\/v2\/posts\/37750","targetHints":{"allow":["GET"]}}],"collection":[{"href":"https:\/\/www.socialchangeschool.org\/it\/wp-json\/wp\/v2\/posts"}],"about":[{"href":"https:\/\/www.socialchangeschool.org\/it\/wp-json\/wp\/v2\/types\/post"}],"author":[{"embeddable":true,"href":"https:\/\/www.socialchangeschool.org\/it\/wp-json\/wp\/v2\/users\/2"}],"replies":[{"embeddable":true,"href":"https:\/\/www.socialchangeschool.org\/it\/wp-json\/wp\/v2\/comments?post=37750"}],"version-history":[{"count":0,"href":"https:\/\/www.socialchangeschool.org\/it\/wp-json\/wp\/v2\/posts\/37750\/revisions"}],"wp:attachment":[{"href":"https:\/\/www.socialchangeschool.org\/it\/wp-json\/wp\/v2\/media?parent=37750"}],"wp:term":[{"taxonomy":"category","embeddable":true,"href":"https:\/\/www.socialchangeschool.org\/it\/wp-json\/wp\/v2\/categories?post=37750"},{"taxonomy":"post_tag","embeddable":true,"href":"https:\/\/www.socialchangeschool.org\/it\/wp-json\/wp\/v2\/tags?post=37750"}],"curies":[{"name":"wp","href":"https:\/\/api.w.org\/{rel}","templated":true}]}}