{"id":37749,"date":"2020-06-02T07:36:41","date_gmt":"2020-06-02T07:36:41","guid":{"rendered":"http:\/\/socialchangeschool.org\/02\/06\/2020\/coffee-break-with-the-nonprofit-managers-intervento-di-marco-de-ponte-direttore-generale-actionaid-italia\/"},"modified":"2020-06-02T07:36:41","modified_gmt":"2020-06-02T07:36:41","slug":"coffee-break-with-the-nonprofit-managers-intervento-di-marco-de-ponte-direttore-generale-actionaid-italia","status":"publish","type":"post","link":"https:\/\/www.socialchangeschool.org\/it\/02\/06\/2020\/coffee-break-with-the-nonprofit-managers-intervento-di-marco-de-ponte-direttore-generale-actionaid-italia\/","title":{"rendered":"Coffee Break with the Nonprofit Managers \u2013 Intervento di Marco De Ponte, Direttore Generale ActionAid Italia"},"content":{"rendered":"<p>Durante il Coffe Break con i Noprofit Manager del 2 aprile 2020, Social Change School ha intervistato <strong>Marco De Ponte, Direttore Generale <a href=\"https:\/\/www.actionaid.it\/\" target=\"_blank\" rel=\"noopener\">ActionAid Italia<\/a><\/strong>, per capire come la sua organizzazione sta affrontando il <strong>cambiamento globale scaturito dal COVID-19<\/strong>. La sua \u00e8 una profonda riflessione sulla metamorfosi che stiamo vivendo, che deve portare a delle <strong>\u201crivoluzioni\u201d necessarie<\/strong> soprattutto per chi si confronter\u00e0 con il mondo del Terzo settore.<\/p>\n<p><strong>Come sto e come stiamo vivendo questa crisi? <\/strong><\/p>\n<p>Personalmente <strong>anche per me non c\u2019\u00e8 pausa<\/strong>, queste sono situazioni che abbiamo visto su altri anche prevedibili, <strong>lavoro 24 ore al giorno<\/strong>.\u00a0Devo dire che<strong> essere parte di una federazione internazionale, avere un board attento, dei colleghi numerosi, \u00e8 la parte che per\u00f2 ti aiuta, non sei isolato con te stesso e con il computer.<\/strong><\/p>\n<p>Sulle sensazioni che vediamo fuori dico una cosa: stiamo provando con dei test, immagino che altri di voi lo facciano, <strong>come stanno vivendo questa situazione i sostenitori, forse una fetta pi\u00f9 rappresentativa della societ\u00e0<\/strong>. Sono concentrati sul familiare, con tutto quello che questo comporta, per noi e forse anche per Save the Children, questo vuol dire che le persone che ritengono di sostenere in giro per il mondo fanno ancora parte della sfera familiare. Le cose pi\u00f9 complicate che noi facciamo molto e sulle quali io mi sto spendendo molto, come ad esempio <strong>le politiche pubbliche per gli esclusi che stiamo elaborando in network, in particolare con <a href=\"https:\/\/www.forumdisuguaglianzediversita.org\/\" target=\"_blank\" rel=\"noopener\">Forum Disuguaglianze Diversit\u00e0<\/a>, non sono al centro dell\u2019attenzione del nostro pubblico principale<\/strong>.<\/p>\n<p>&nbsp;<\/p>\n<p><strong>Cosa stiamo imparando, cosa ci vogliamo portare e quali le ricette per uscirne?<\/strong><\/p>\n<p>Penso che molti stiano riflettendo su che cosa avremo imparato alla fine e nel frattempo penso che dobbiamo renderci conto che <strong>ci sono delle finestre di opportunit\u00e0 che si aprono e si chiudono in frettissima <\/strong>ed \u00e8 per questo che alcuni di noi per coglierle, e non solo per l\u2019operativit\u00e0, fanno non solo le tre di notte.<\/p>\n<p>Ad esempio, <strong>come si mette in piedi non il prossimo decreto, ma l&#8217;impianto economico della risposta del nostro paese o dell\u2019Europa, da qui all\u2019Ecofin del 6, o ci sei o non ci sei, che tu faccia una cosa microscopica o al livello macro, questi sono i tempi e avranno conseguenze per gli anni a venire.<\/strong> Quindi secondo me <strong>ci sono opportunit\u00e0 anche ampie, ad esempio il Portogallo che ha regolarizzato gli stranieri,<\/strong> <strong>anche se poi non \u00e8 effettivamente proprio cosi, l\u2019estensione della protezione sociale \u00e8 cosa di discussione, mentre non lo era fino a un mese fa.<\/strong> Per\u00f2 \u00e8 o adesso o mai pi\u00f9, quindi io <strong>non aspetterei pi\u00f9 di tanto a vedere quello che possiamo fare sul futuro vedendo dove atterriamo, ma\u00a0<\/strong><b>nell&#8217;emergenza<\/b>, che purtroppo \u00e8 difficile.<\/p>\n","protected":false},"excerpt":{"rendered":"<p>Durante il Coffe Break con i Noprofit Manager del 2 aprile 2020, Social Change School ha intervistato Marco De Ponte, Direttore Generale ActionAid Italia, per capire come la sua organizzazione sta affrontando il cambiamento globale scaturito dal COVID-19. La sua \u00e8 una profonda riflessione sulla metamorfosi che stiamo vivendo, che deve portare a delle \u201crivoluzioni\u201d [&hellip;]<\/p>\n","protected":false},"author":2,"featured_media":0,"comment_status":"closed","ping_status":"closed","sticky":false,"template":"","format":"standard","meta":{"site-sidebar-layout":"default","site-content-layout":"","ast-site-content-layout":"default","site-content-style":"default","site-sidebar-style":"default","ast-global-header-display":"","ast-banner-title-visibility":"","ast-main-header-display":"","ast-hfb-above-header-display":"","ast-hfb-below-header-display":"","ast-hfb-mobile-header-display":"","site-post-title":"","ast-breadcrumbs-content":"","ast-featured-img":"","footer-sml-layout":"","ast-disable-related-posts":"","theme-transparent-header-meta":"","adv-header-id-meta":"","stick-header-meta":"","header-above-stick-meta":"","header-main-stick-meta":"","header-below-stick-meta":"","astra-migrate-meta-layouts":"default","ast-page-background-enabled":"default","ast-page-background-meta":{"desktop":{"background-color":"","background-image":"","background-repeat":"repeat","background-position":"center center","background-size":"auto","background-attachment":"scroll","background-type":"","background-media":"","overlay-type":"","overlay-color":"","overlay-opacity":"","overlay-gradient":""},"tablet":{"background-color":"","background-image":"","background-repeat":"repeat","background-position":"center center","background-size":"auto","background-attachment":"scroll","background-type":"","background-media":"","overlay-type":"","overlay-color":"","overlay-opacity":"","overlay-gradient":""},"mobile":{"background-color":"","background-image":"","background-repeat":"repeat","background-position":"center center","background-size":"auto","background-attachment":"scroll","background-type":"","background-media":"","overlay-type":"","overlay-color":"","overlay-opacity":"","overlay-gradient":""}},"ast-content-background-meta":{"desktop":{"background-color":"var(--ast-global-color-5)","background-image":"","background-repeat":"repeat","background-position":"center center","background-size":"auto","background-attachment":"scroll","background-type":"","background-media":"","overlay-type":"","overlay-color":"","overlay-opacity":"","overlay-gradient":""},"tablet":{"background-color":"var(--ast-global-color-5)","background-image":"","background-repeat":"repeat","background-position":"center center","background-size":"auto","background-attachment":"scroll","background-type":"","background-media":"","overlay-type":"","overlay-color":"","overlay-opacity":"","overlay-gradient":""},"mobile":{"background-color":"var(--ast-global-color-5)","background-image":"","background-repeat":"repeat","background-position":"center center","background-size":"auto","background-attachment":"scroll","background-type":"","background-media":"","overlay-type":"","overlay-color":"","overlay-opacity":"","overlay-gradient":""}},"footnotes":""},"categories":[218],"tags":[],"class_list":["post-37749","post","type-post","status-publish","format-standard","hentry","category-eventi"],"yoast_head":"<!-- This site is optimized with the Yoast SEO Premium plugin v27.2 (Yoast SEO v27.5) - https:\/\/yoast.com\/product\/yoast-seo-premium-wordpress\/ -->\n<title>Coffee Break with the Nonprofit Managers \u2013 Intervento di Marco De Ponte, Direttore Generale ActionAid Italia - SocialChangeSchool<\/title>\n<meta name=\"robots\" content=\"index, follow, max-snippet:-1, max-image-preview:large, max-video-preview:-1\" \/>\n<link rel=\"canonical\" href=\"https:\/\/www.socialchangeschool.org\/it\/02\/06\/2020\/coffee-break-with-the-nonprofit-managers-intervento-di-marco-de-ponte-direttore-generale-actionaid-italia\/\" \/>\n<meta property=\"og:locale\" content=\"it_IT\" \/>\n<meta property=\"og:type\" content=\"article\" \/>\n<meta property=\"og:title\" content=\"Coffee Break with the Nonprofit Managers \u2013 Intervento di Marco De Ponte, Direttore Generale ActionAid Italia\" \/>\n<meta property=\"og:description\" content=\"Durante il Coffe Break con i Noprofit Manager del 2 aprile 2020, Social Change School ha intervistato Marco De Ponte, Direttore Generale ActionAid Italia, per capire come la sua organizzazione sta affrontando il cambiamento globale scaturito dal COVID-19. La sua \u00e8 una profonda riflessione sulla metamorfosi che stiamo vivendo, che deve portare a delle \u201crivoluzioni\u201d [&hellip;]\" \/>\n<meta property=\"og:url\" content=\"https:\/\/www.socialchangeschool.org\/it\/02\/06\/2020\/coffee-break-with-the-nonprofit-managers-intervento-di-marco-de-ponte-direttore-generale-actionaid-italia\/\" \/>\n<meta property=\"og:site_name\" content=\"SocialChangeSchool\" \/>\n<meta property=\"article:published_time\" content=\"2020-06-02T07:36:41+00:00\" \/>\n<meta property=\"og:image\" content=\"https:\/\/www.socialchangeschool.org\/wp-content\/uploads\/2022\/06\/Logo-SocialChangeSchool.png\" \/>\n\t<meta property=\"og:image:width\" content=\"1721\" \/>\n\t<meta property=\"og:image:height\" content=\"1721\" \/>\n\t<meta property=\"og:image:type\" content=\"image\/png\" \/>\n<meta name=\"author\" content=\"Laura Reiss\" \/>\n<meta name=\"twitter:card\" content=\"summary_large_image\" \/>\n<meta name=\"twitter:label1\" content=\"Scritto da\" \/>\n\t<meta name=\"twitter:data1\" content=\"Laura Reiss\" \/>\n\t<meta name=\"twitter:label2\" content=\"Tempo di lettura stimato\" \/>\n\t<meta name=\"twitter:data2\" content=\"2 minuti\" \/>\n<script type=\"application\/ld+json\" class=\"yoast-schema-graph\">{\"@context\":\"https:\\\/\\\/schema.org\",\"@graph\":[{\"@type\":\"Article\",\"@id\":\"https:\\\/\\\/www.socialchangeschool.org\\\/it\\\/02\\\/06\\\/2020\\\/coffee-break-with-the-nonprofit-managers-intervento-di-marco-de-ponte-direttore-generale-actionaid-italia\\\/#article\",\"isPartOf\":{\"@id\":\"https:\\\/\\\/www.socialchangeschool.org\\\/it\\\/02\\\/06\\\/2020\\\/coffee-break-with-the-nonprofit-managers-intervento-di-marco-de-ponte-direttore-generale-actionaid-italia\\\/\"},\"author\":{\"name\":\"Laura Reiss\",\"@id\":\"https:\\\/\\\/www.socialchangeschool.org\\\/it\\\/#\\\/schema\\\/person\\\/830e0c463a7c51633e79f9b14aadf794\"},\"headline\":\"Coffee Break with the Nonprofit Managers \u2013 Intervento di Marco De Ponte, Direttore Generale ActionAid Italia\",\"datePublished\":\"2020-06-02T07:36:41+00:00\",\"mainEntityOfPage\":{\"@id\":\"https:\\\/\\\/www.socialchangeschool.org\\\/it\\\/02\\\/06\\\/2020\\\/coffee-break-with-the-nonprofit-managers-intervento-di-marco-de-ponte-direttore-generale-actionaid-italia\\\/\"},\"wordCount\":459,\"publisher\":{\"@id\":\"https:\\\/\\\/www.socialchangeschool.org\\\/it\\\/#organization\"},\"articleSection\":[\"Eventi\"],\"inLanguage\":\"it-IT\"},{\"@type\":\"WebPage\",\"@id\":\"https:\\\/\\\/www.socialchangeschool.org\\\/it\\\/02\\\/06\\\/2020\\\/coffee-break-with-the-nonprofit-managers-intervento-di-marco-de-ponte-direttore-generale-actionaid-italia\\\/\",\"url\":\"https:\\\/\\\/www.socialchangeschool.org\\\/it\\\/02\\\/06\\\/2020\\\/coffee-break-with-the-nonprofit-managers-intervento-di-marco-de-ponte-direttore-generale-actionaid-italia\\\/\",\"name\":\"Coffee Break with the Nonprofit Managers \u2013 Intervento di Marco De Ponte, Direttore Generale ActionAid Italia - SocialChangeSchool\",\"isPartOf\":{\"@id\":\"https:\\\/\\\/www.socialchangeschool.org\\\/it\\\/#website\"},\"datePublished\":\"2020-06-02T07:36:41+00:00\",\"breadcrumb\":{\"@id\":\"https:\\\/\\\/www.socialchangeschool.org\\\/it\\\/02\\\/06\\\/2020\\\/coffee-break-with-the-nonprofit-managers-intervento-di-marco-de-ponte-direttore-generale-actionaid-italia\\\/#breadcrumb\"},\"inLanguage\":\"it-IT\",\"potentialAction\":[{\"@type\":\"ReadAction\",\"target\":[\"https:\\\/\\\/www.socialchangeschool.org\\\/it\\\/02\\\/06\\\/2020\\\/coffee-break-with-the-nonprofit-managers-intervento-di-marco-de-ponte-direttore-generale-actionaid-italia\\\/\"]}]},{\"@type\":\"BreadcrumbList\",\"@id\":\"https:\\\/\\\/www.socialchangeschool.org\\\/it\\\/02\\\/06\\\/2020\\\/coffee-break-with-the-nonprofit-managers-intervento-di-marco-de-ponte-direttore-generale-actionaid-italia\\\/#breadcrumb\",\"itemListElement\":[{\"@type\":\"ListItem\",\"position\":1,\"name\":\"Home\",\"item\":\"https:\\\/\\\/www.socialchangeschool.org\\\/it\\\/\"},{\"@type\":\"ListItem\",\"position\":2,\"name\":\"Coffee Break with the Nonprofit Managers \u2013 Intervento di Marco De Ponte, Direttore Generale ActionAid Italia\"}]},{\"@type\":\"WebSite\",\"@id\":\"https:\\\/\\\/www.socialchangeschool.org\\\/it\\\/#website\",\"url\":\"https:\\\/\\\/www.socialchangeschool.org\\\/it\\\/\",\"name\":\"Social Change School\",\"description\":\"worldwide leader for training, connecting and certificating all professionals of Non Profit sector\",\"publisher\":{\"@id\":\"https:\\\/\\\/www.socialchangeschool.org\\\/it\\\/#organization\"},\"alternateName\":\"Leverage of Social Change transformational training institution\",\"potentialAction\":[{\"@type\":\"SearchAction\",\"target\":{\"@type\":\"EntryPoint\",\"urlTemplate\":\"https:\\\/\\\/www.socialchangeschool.org\\\/it\\\/?s={search_term_string}\"},\"query-input\":{\"@type\":\"PropertyValueSpecification\",\"valueRequired\":true,\"valueName\":\"search_term_string\"}}],\"inLanguage\":\"it-IT\"},{\"@type\":\"Organization\",\"@id\":\"https:\\\/\\\/www.socialchangeschool.org\\\/it\\\/#organization\",\"name\":\"Social Change School\",\"alternateName\":\"worldwide leader for training, connecting and certificating all professionals\",\"url\":\"https:\\\/\\\/www.socialchangeschool.org\\\/it\\\/\",\"logo\":{\"@type\":\"ImageObject\",\"inLanguage\":\"it-IT\",\"@id\":\"https:\\\/\\\/www.socialchangeschool.org\\\/it\\\/#\\\/schema\\\/logo\\\/image\\\/\",\"url\":\"https:\\\/\\\/www.socialchangeschool.org\\\/wp-content\\\/uploads\\\/2022\\\/06\\\/Logo-SocialChangeSchool.png\",\"contentUrl\":\"https:\\\/\\\/www.socialchangeschool.org\\\/wp-content\\\/uploads\\\/2022\\\/06\\\/Logo-SocialChangeSchool.png\",\"width\":1721,\"height\":1721,\"caption\":\"Social Change School\"},\"image\":{\"@id\":\"https:\\\/\\\/www.socialchangeschool.org\\\/it\\\/#\\\/schema\\\/logo\\\/image\\\/\"}},{\"@type\":\"Person\",\"@id\":\"https:\\\/\\\/www.socialchangeschool.org\\\/it\\\/#\\\/schema\\\/person\\\/830e0c463a7c51633e79f9b14aadf794\",\"name\":\"Laura Reiss\",\"url\":\"https:\\\/\\\/www.socialchangeschool.org\\\/it\\\/author\\\/ghost\\\/\"}]}<\/script>\n<!-- \/ Yoast SEO Premium plugin. -->","yoast_head_json":{"title":"Coffee Break with the Nonprofit Managers \u2013 Intervento di Marco De Ponte, Direttore Generale ActionAid Italia - SocialChangeSchool","robots":{"index":"index","follow":"follow","max-snippet":"max-snippet:-1","max-image-preview":"max-image-preview:large","max-video-preview":"max-video-preview:-1"},"canonical":"https:\/\/www.socialchangeschool.org\/it\/02\/06\/2020\/coffee-break-with-the-nonprofit-managers-intervento-di-marco-de-ponte-direttore-generale-actionaid-italia\/","og_locale":"it_IT","og_type":"article","og_title":"Coffee Break with the Nonprofit Managers \u2013 Intervento di Marco De Ponte, Direttore Generale ActionAid Italia","og_description":"Durante il Coffe Break con i Noprofit Manager del 2 aprile 2020, Social Change School ha intervistato Marco De Ponte, Direttore Generale ActionAid Italia, per capire come la sua organizzazione sta affrontando il cambiamento globale scaturito dal COVID-19. La sua \u00e8 una profonda riflessione sulla metamorfosi che stiamo vivendo, che deve portare a delle \u201crivoluzioni\u201d [&hellip;]","og_url":"https:\/\/www.socialchangeschool.org\/it\/02\/06\/2020\/coffee-break-with-the-nonprofit-managers-intervento-di-marco-de-ponte-direttore-generale-actionaid-italia\/","og_site_name":"SocialChangeSchool","article_published_time":"2020-06-02T07:36:41+00:00","og_image":[{"width":1721,"height":1721,"url":"https:\/\/www.socialchangeschool.org\/wp-content\/uploads\/2022\/06\/Logo-SocialChangeSchool.png","type":"image\/png"}],"author":"Laura Reiss","twitter_card":"summary_large_image","twitter_misc":{"Scritto da":"Laura Reiss","Tempo di lettura stimato":"2 minuti"},"schema":{"@context":"https:\/\/schema.org","@graph":[{"@type":"Article","@id":"https:\/\/www.socialchangeschool.org\/it\/02\/06\/2020\/coffee-break-with-the-nonprofit-managers-intervento-di-marco-de-ponte-direttore-generale-actionaid-italia\/#article","isPartOf":{"@id":"https:\/\/www.socialchangeschool.org\/it\/02\/06\/2020\/coffee-break-with-the-nonprofit-managers-intervento-di-marco-de-ponte-direttore-generale-actionaid-italia\/"},"author":{"name":"Laura Reiss","@id":"https:\/\/www.socialchangeschool.org\/it\/#\/schema\/person\/830e0c463a7c51633e79f9b14aadf794"},"headline":"Coffee Break with the Nonprofit Managers \u2013 Intervento di Marco De Ponte, Direttore Generale ActionAid Italia","datePublished":"2020-06-02T07:36:41+00:00","mainEntityOfPage":{"@id":"https:\/\/www.socialchangeschool.org\/it\/02\/06\/2020\/coffee-break-with-the-nonprofit-managers-intervento-di-marco-de-ponte-direttore-generale-actionaid-italia\/"},"wordCount":459,"publisher":{"@id":"https:\/\/www.socialchangeschool.org\/it\/#organization"},"articleSection":["Eventi"],"inLanguage":"it-IT"},{"@type":"WebPage","@id":"https:\/\/www.socialchangeschool.org\/it\/02\/06\/2020\/coffee-break-with-the-nonprofit-managers-intervento-di-marco-de-ponte-direttore-generale-actionaid-italia\/","url":"https:\/\/www.socialchangeschool.org\/it\/02\/06\/2020\/coffee-break-with-the-nonprofit-managers-intervento-di-marco-de-ponte-direttore-generale-actionaid-italia\/","name":"Coffee Break with the Nonprofit Managers \u2013 Intervento di Marco De Ponte, Direttore Generale ActionAid Italia - SocialChangeSchool","isPartOf":{"@id":"https:\/\/www.socialchangeschool.org\/it\/#website"},"datePublished":"2020-06-02T07:36:41+00:00","breadcrumb":{"@id":"https:\/\/www.socialchangeschool.org\/it\/02\/06\/2020\/coffee-break-with-the-nonprofit-managers-intervento-di-marco-de-ponte-direttore-generale-actionaid-italia\/#breadcrumb"},"inLanguage":"it-IT","potentialAction":[{"@type":"ReadAction","target":["https:\/\/www.socialchangeschool.org\/it\/02\/06\/2020\/coffee-break-with-the-nonprofit-managers-intervento-di-marco-de-ponte-direttore-generale-actionaid-italia\/"]}]},{"@type":"BreadcrumbList","@id":"https:\/\/www.socialchangeschool.org\/it\/02\/06\/2020\/coffee-break-with-the-nonprofit-managers-intervento-di-marco-de-ponte-direttore-generale-actionaid-italia\/#breadcrumb","itemListElement":[{"@type":"ListItem","position":1,"name":"Home","item":"https:\/\/www.socialchangeschool.org\/it\/"},{"@type":"ListItem","position":2,"name":"Coffee Break with the Nonprofit Managers \u2013 Intervento di Marco De Ponte, Direttore Generale ActionAid Italia"}]},{"@type":"WebSite","@id":"https:\/\/www.socialchangeschool.org\/it\/#website","url":"https:\/\/www.socialchangeschool.org\/it\/","name":"Social Change School","description":"worldwide leader for training, connecting and certificating all professionals of Non Profit sector","publisher":{"@id":"https:\/\/www.socialchangeschool.org\/it\/#organization"},"alternateName":"Leverage of Social Change transformational training institution","potentialAction":[{"@type":"SearchAction","target":{"@type":"EntryPoint","urlTemplate":"https:\/\/www.socialchangeschool.org\/it\/?s={search_term_string}"},"query-input":{"@type":"PropertyValueSpecification","valueRequired":true,"valueName":"search_term_string"}}],"inLanguage":"it-IT"},{"@type":"Organization","@id":"https:\/\/www.socialchangeschool.org\/it\/#organization","name":"Social Change School","alternateName":"worldwide leader for training, connecting and certificating all professionals","url":"https:\/\/www.socialchangeschool.org\/it\/","logo":{"@type":"ImageObject","inLanguage":"it-IT","@id":"https:\/\/www.socialchangeschool.org\/it\/#\/schema\/logo\/image\/","url":"https:\/\/www.socialchangeschool.org\/wp-content\/uploads\/2022\/06\/Logo-SocialChangeSchool.png","contentUrl":"https:\/\/www.socialchangeschool.org\/wp-content\/uploads\/2022\/06\/Logo-SocialChangeSchool.png","width":1721,"height":1721,"caption":"Social Change School"},"image":{"@id":"https:\/\/www.socialchangeschool.org\/it\/#\/schema\/logo\/image\/"}},{"@type":"Person","@id":"https:\/\/www.socialchangeschool.org\/it\/#\/schema\/person\/830e0c463a7c51633e79f9b14aadf794","name":"Laura Reiss","url":"https:\/\/www.socialchangeschool.org\/it\/author\/ghost\/"}]}},"_links":{"self":[{"href":"https:\/\/www.socialchangeschool.org\/it\/wp-json\/wp\/v2\/posts\/37749","targetHints":{"allow":["GET"]}}],"collection":[{"href":"https:\/\/www.socialchangeschool.org\/it\/wp-json\/wp\/v2\/posts"}],"about":[{"href":"https:\/\/www.socialchangeschool.org\/it\/wp-json\/wp\/v2\/types\/post"}],"author":[{"embeddable":true,"href":"https:\/\/www.socialchangeschool.org\/it\/wp-json\/wp\/v2\/users\/2"}],"replies":[{"embeddable":true,"href":"https:\/\/www.socialchangeschool.org\/it\/wp-json\/wp\/v2\/comments?post=37749"}],"version-history":[{"count":0,"href":"https:\/\/www.socialchangeschool.org\/it\/wp-json\/wp\/v2\/posts\/37749\/revisions"}],"wp:attachment":[{"href":"https:\/\/www.socialchangeschool.org\/it\/wp-json\/wp\/v2\/media?parent=37749"}],"wp:term":[{"taxonomy":"category","embeddable":true,"href":"https:\/\/www.socialchangeschool.org\/it\/wp-json\/wp\/v2\/categories?post=37749"},{"taxonomy":"post_tag","embeddable":true,"href":"https:\/\/www.socialchangeschool.org\/it\/wp-json\/wp\/v2\/tags?post=37749"}],"curies":[{"name":"wp","href":"https:\/\/api.w.org\/{rel}","templated":true}]}}