{"id":37692,"date":"2017-07-06T09:20:16","date_gmt":"2017-07-06T09:20:16","guid":{"rendered":"http:\/\/socialchangeschool.org\/06\/07\/2017\/31601\/"},"modified":"2023-03-28T09:05:26","modified_gmt":"2023-03-28T09:05:26","slug":"31601","status":"publish","type":"post","link":"https:\/\/www.socialchangeschool.org\/it\/06\/07\/2017\/31601\/","title":{"rendered":"\u2018Conosciamoci!\u2019: Sophia Crescenzi, Social Media Officer, da Roma a Edimburgo!"},"content":{"rendered":"<p style=\"text-align: justify\">Sophia ha respirato e vissuto solidariet\u00e0 fin da bambina, arricchendo poi le sue conoscenze ed esperienze in diverse e importanti realt\u00e0 europee\u2026<\/p>\n<p style=\"text-align: justify\">Adesso si occupa di comunicare le idee e le notizie della Social Change School, mentre prosegue il suo viaggio, formativo e di vita, attraverso l\u2019Europa.<\/p>\n<p style=\"text-align: justify\">Scopriamo chi \u00e8 e quali storie e consigli ha da condividere con tutti\u2026!<\/p>\n<p style=\"text-align: justify\">\u2018Conosciamoci!\u2019 quindi con Sophia\u2026<\/p>\n<p style=\"text-align: justify\">\u00a0<\/p>\n<ol style=\"text-align: justify\">\n<li><strong>Sophia, iniziamo con le presentazioni: da quanto sei nella Social Change School e che ruolo hai?<\/strong><\/li>\n<\/ol>\n<p style=\"text-align: justify\"><em>&#8220;Ho 22 anni e collaboro con Social Change School da un anno e mezzo nell\u2019Ufficio Comunicazione. Anche se posso dire di essere sempre stata parte di questa bellissima realt\u00e0. Da poco ho assunto il ruolo di Social Media Officer. Il mio lavoro \u00e8 supportare la scuola gestendo la newsletter italiana e inglese, il DEM-cio\u00e8 l\u2019e-mailing, il\u00a0<a href=\"https:\/\/www.socialchangeschool.org\/it\/blog4change\/\"><strong>Blog4Change<\/strong><\/a>, contribuendo al dialogo e alla creazione di discussioni e pensieri tra Staff, docenti, colleghi e studenti, sulle attivit\u00e0 della scuola e su temi del Non Profit e attualit\u00e0.&#8221;<\/em><\/p>\n<ol style=\"text-align: justify\" start=\"2\">\n<li><strong>Parliamo dei tuoi studi attuali: International Festival and Events Management presso <a href=\"https:\/\/www.napier.ac.uk\/\" target=\"_blank\" rel=\"noopener\">Edinburgh Napier University<\/a>. Di cosa si tratta?<\/strong><\/li>\n<\/ol>\n<p style=\"text-align: justify\"><em>&#8220;Oltre a lavorare part-time, sono una studentessa a Edimburgo. Il mio corso \u00e8 specializzato in Organizzazione di Eventi e Festival, da eventi sportivi, musicali, e artistici, a congressi professionali. Studiamo materie come Marketing, Business e Lingue e lavoriamo su molti progetti pratici. Sto iniziando il terzo anno che prevede uno stage da gennaio. Edimburgo \u00e8 sicuramente la citt\u00e0 perfetta per questo settore, ospita 8 grandi festival ogni anno tra cui il <strong>FRINGE<\/strong> [NdR: l\u2019 <a href=\"https:\/\/www.edfringe.com\/\" target=\"_blank\" rel=\"noopener\"><strong>Edinburgh Festival Fringe<\/strong><\/a>], uno dei festival artistici pi\u00f9 importanti del mondo.&#8221;<\/em><\/p>\n<ol style=\"text-align: justify\" start=\"3\">\n<li><strong>Quali sono state le tue prime esperienze con la \u2018solidariet\u00e0\u2019? Come \u00e8 iniziata la tua storia? <\/strong><\/li>\n<\/ol>\n<p style=\"text-align: justify\"><em>&#8220;<strong>Sin da piccola sono stata circondata da un ambiente di solidariet\u00e0.<\/strong> Sia essendo in contatto con i docenti e gli studenti della Social Change School ed entrando nel mondo del NonProfit. Inoltre, mia madre \u00e8 Presidente della <a href=\"https:\/\/www.primosole.org\/\" target=\"_blank\" rel=\"noopener\"><strong>Cooperativa Sociale Primo Sole Percorsi<\/strong><\/a>, che lavora con persone con problemi di salute mentale a Roma e organizza laboratori creativi e collaborazioni con artisti; sin da piccola l\u2019ho accompagnata e supportata durante il lavoro nei laboratori. \u00c8 quindi <strong>un mondo in cui sono cresciuta<\/strong>.&#8221;<\/em><\/p>\n<ol style=\"text-align: justify\" start=\"4\">\n<li><strong>Qual \u00e8 stato un episodio che ti \u00e8 rimasto impresso in modo particolare in questi anni?<\/strong><\/li>\n<\/ol>\n<p style=\"text-align: justify\"><em>&#8220;Un episodio significativo \u00e8 stato <strong><a href=\"https:\/\/www.facebook.com\/pg\/GarvaldEdinburgh\/photos\/?tab=album&amp;album_id=1160289957386865\">l\u2019evento REACH OUT<\/a>, organizzato per la Charity Scozzese\u00a0<a href=\"https:\/\/www.garvaldedinburgh.org.uk\/\" target=\"_blank\" rel=\"noopener\">Garvald Edinburgh<\/a>,<\/strong> che lavora con persone con deficit di apprendimento organizzando corsi di teatro, pittura e molto altro. Con il mio gruppo abbiamo allestito un\u2019esibizione dei loro lavori e il ricavato dagli ingressi gli \u00e8 stato donato alla Charity, l\u2019evento stesso \u00e8 stato ospitato da un \u2018caf\u00e9 non profit\u2019. \u00c8 stata una bellissima esperienza di lavoro con le ONG. Specialmente visitare i loro workshop e supportarli con l\u2019evento mi ha riempita di felicit\u00e0.&#8221;<\/em><\/p>\n<p style=\"text-align: justify\">\u00a0<a href=\"https:\/\/www.socialchangeschool.org\/it\/wp-content\/uploads\/sites\/2\/2017\/07\/reachout-e1499247472848.png\"><img fetchpriority=\"high\" decoding=\"async\" class=\"  wp-image-31602 aligncenter\" src=\"https:\/\/www.socialchangeschool.org\/it\/wp-content\/uploads\/sites\/2\/2017\/07\/reachout-e1499247472848.png\" alt=\"REACH OUT\" width=\"793\" height=\"305\" \/><\/a><\/p>\n<ol style=\"text-align: justify\" start=\"5\">\n<li><strong>Sophia, tu sei una vera \u2018ragazza del Mondo\u2019. Hai vissuto in Italia, in Gran Bretagna, sia a Londra che a Edimburgo, adesso in Spagna, e, nel futuro prossimo, forse in Francia: come hai vissuto questo costante cambiamento? Non voglio chiederti come fai a organizzarti per i traslochi\u2026<\/strong><\/li>\n<\/ol>\n<p style=\"text-align: justify\"><em>&#8220;Me lo chiedo anche io\u2026 Ne ho fatti cos\u00ec tanti che ormai sono abituata! Da quando ho lasciato l\u2019Italia e sono andata a Londra per un \u2018gap year\u2019, mi sono resa conto di quanto sia importante conoscere culture e paesi diversi, sono cresciuta e migliorata e stare ferma in un posto non mi \u00e8 bastato pi\u00f9. La voglia di scoprire e mettermi in gioco \u00e8 sempre forte. <\/em><\/p>\n<p style=\"text-align: justify\"><em><strong>Ogni cambiamento \u00e8 stata una sfida che mi sono posta, ma che ho affrontato con la giusta apertura mentale e curiosit\u00e0<\/strong>, senza buttarmi gi\u00f9 quando ho avuto dei problemi (ho fatto ben 8 traslochi solo nei primi 6 mesi a Londra!). Ho conosciuto persone di mondo meravigliose e fatto mille esperienze diverse che mi hanno resa una persona migliore e pi\u00f9 coraggiosa.<\/em>&#8220;<\/p>\n<ol style=\"text-align: justify\" start=\"6\">\n<li><strong>Visto che sei una viaggiatrice, dammi il tuo significato a due parole: \u2018radici\u2019 e \u2018esperienza\u2019<\/strong><\/li>\n<\/ol>\n<p style=\"text-align: justify\"><em>&#8220;Le mie <strong>radici sono sicuramente a Roma<\/strong>, poich\u00e9 \u00e8 l\u00ec che sono cresciuta, ma non sento di avere delle radici fisse, poich\u00e9 in ogni posto in cui ho vissuto ho lasciato una parte di me, affetti e sogni.<\/em><\/p>\n<p style=\"text-align: justify\"><em><strong>L\u2019esperienza \u00e8 ci\u00f2 che mi ha reso la persona che sono oggi<\/strong>, \u00e8 importante essere aperti a nuove esperienze e affrontarle con positivit\u00e0.&#8221;<\/em><\/p>\n<ol style=\"text-align: justify\" start=\"7\">\n<li><strong>Come e dove ti vedi fra 10 anni?<\/strong><\/li>\n<\/ol>\n<p style=\"text-align: justify\"><em>&#8220;\u00c8 difficile fare una previsione dopo aver girato cos\u00ec tanto, specialmente per quanto riguarda il luogo, ma (purtroppo\u2026) non penso di riuscire a tornare in Italia. Spero di realizzare i miei obiettivi e cio\u00e8 di continuare con i miei studi ed arrivar a lavorare in un\u2019organizzazione internazionale, magari facendo raccolta fondi per una ONG\u2026 Ma di strada e di esperienze ancora ne ho da fare e vedremo dove mi porteranno!&#8221;<\/em><\/p>\n<ol style=\"text-align: justify\" start=\"8\">\n<li><strong>Torniamo a parlare di solidariet\u00e0 da un punto di vista dell\u2019esperienza professionale e personale: cosa pu\u00f2 aspettarsi di ricevere chi vuole impegnarsi nel Non-Profit? E cosa deve essere pronto a dare?<\/strong><\/li>\n<\/ol>\n<p style=\"text-align: justify\"><em>&#8220;Deve essere pronto a dare se stesso e portare avanti la propria passione. Anche essere disposto a formarsi e diventare un professionista del settore per avere impatti pi\u00f9 duraturi ed efficaci. In cambio ricever\u00e0 tanta soddisfazione e un senso di utilit\u00e0.<\/em><\/p>\n<p style=\"text-align: justify\"><em>Il mio consiglio \u00e8 di essere coraggiosi e non avere paura di intraprendere un percorso che pu\u00f2 cambiare la propria vita in meglio!&#8221;<\/em><\/p>\n<p style=\"text-align: justify\">\u00a0<\/p>\n<p style=\"text-align: justify\">Di Guido Pacifici<\/p>\n<p style=\"text-align: justify\">\u00a0<\/p>\n","protected":false},"excerpt":{"rendered":"<p>Sophia ha respirato e vissuto solidariet\u00e0 fin da bambina, arricchendo poi le sue conoscenze ed esperienze in diverse e importanti realt\u00e0 europee\u2026 Adesso si occupa di comunicare le idee e le notizie della Social Change School, mentre prosegue il suo viaggio, formativo e di vita, attraverso l\u2019Europa. Scopriamo chi \u00e8 e quali storie e consigli [&hellip;]<\/p>\n","protected":false},"author":2,"featured_media":0,"comment_status":"closed","ping_status":"closed","sticky":false,"template":"","format":"standard","meta":{"site-sidebar-layout":"default","site-content-layout":"","ast-site-content-layout":"default","site-content-style":"default","site-sidebar-style":"default","ast-global-header-display":"","ast-banner-title-visibility":"","ast-main-header-display":"","ast-hfb-above-header-display":"","ast-hfb-below-header-display":"","ast-hfb-mobile-header-display":"","site-post-title":"","ast-breadcrumbs-content":"","ast-featured-img":"","footer-sml-layout":"","ast-disable-related-posts":"","theme-transparent-header-meta":"","adv-header-id-meta":"","stick-header-meta":"","header-above-stick-meta":"","header-main-stick-meta":"","header-below-stick-meta":"","astra-migrate-meta-layouts":"default","ast-page-background-enabled":"default","ast-page-background-meta":{"desktop":{"background-color":"","background-image":"","background-repeat":"repeat","background-position":"center center","background-size":"auto","background-attachment":"scroll","background-type":"","background-media":"","overlay-type":"","overlay-color":"","overlay-opacity":"","overlay-gradient":""},"tablet":{"background-color":"","background-image":"","background-repeat":"repeat","background-position":"center center","background-size":"auto","background-attachment":"scroll","background-type":"","background-media":"","overlay-type":"","overlay-color":"","overlay-opacity":"","overlay-gradient":""},"mobile":{"background-color":"","background-image":"","background-repeat":"repeat","background-position":"center center","background-size":"auto","background-attachment":"scroll","background-type":"","background-media":"","overlay-type":"","overlay-color":"","overlay-opacity":"","overlay-gradient":""}},"ast-content-background-meta":{"desktop":{"background-color":"var(--ast-global-color-5)","background-image":"","background-repeat":"repeat","background-position":"center center","background-size":"auto","background-attachment":"scroll","background-type":"","background-media":"","overlay-type":"","overlay-color":"","overlay-opacity":"","overlay-gradient":""},"tablet":{"background-color":"var(--ast-global-color-5)","background-image":"","background-repeat":"repeat","background-position":"center center","background-size":"auto","background-attachment":"scroll","background-type":"","background-media":"","overlay-type":"","overlay-color":"","overlay-opacity":"","overlay-gradient":""},"mobile":{"background-color":"var(--ast-global-color-5)","background-image":"","background-repeat":"repeat","background-position":"center center","background-size":"auto","background-attachment":"scroll","background-type":"","background-media":"","overlay-type":"","overlay-color":"","overlay-opacity":"","overlay-gradient":""}},"footnotes":""},"categories":[211],"tags":[278],"class_list":["post-37692","post","type-post","status-publish","format-standard","hentry","category-conosciamoci","tag-blog-it"],"yoast_head":"<!-- This site is optimized with the Yoast SEO Premium plugin v27.2 (Yoast SEO v27.5) - https:\/\/yoast.com\/product\/yoast-seo-premium-wordpress\/ -->\n<title>\u2018Conosciamoci!\u2019: Sophia Crescenzi, Social Media Officer, da Roma a Edimburgo! - SocialChangeSchool<\/title>\n<meta name=\"robots\" content=\"index, follow, max-snippet:-1, max-image-preview:large, max-video-preview:-1\" \/>\n<link rel=\"canonical\" href=\"https:\/\/www.socialchangeschool.org\/it\/06\/07\/2017\/31601\/\" \/>\n<meta property=\"og:locale\" content=\"it_IT\" \/>\n<meta property=\"og:type\" content=\"article\" \/>\n<meta property=\"og:title\" content=\"\u2018Conosciamoci!\u2019: Sophia Crescenzi, Social Media Officer, da Roma a Edimburgo!\" \/>\n<meta property=\"og:description\" content=\"Sophia ha respirato e vissuto solidariet\u00e0 fin da bambina, arricchendo poi le sue conoscenze ed esperienze in diverse e importanti realt\u00e0 europee\u2026 Adesso si occupa di comunicare le idee e le notizie della Social Change School, mentre prosegue il suo viaggio, formativo e di vita, attraverso l\u2019Europa. Scopriamo chi \u00e8 e quali storie e consigli [&hellip;]\" \/>\n<meta property=\"og:url\" content=\"https:\/\/www.socialchangeschool.org\/it\/06\/07\/2017\/31601\/\" \/>\n<meta property=\"og:site_name\" content=\"SocialChangeSchool\" \/>\n<meta property=\"article:published_time\" content=\"2017-07-06T09:20:16+00:00\" \/>\n<meta property=\"article:modified_time\" content=\"2023-03-28T09:05:26+00:00\" \/>\n<meta property=\"og:image\" content=\"http:\/\/www.socialchangeschool.org\/it\/wp-content\/uploads\/sites\/2\/2017\/07\/reachout-e1499247472848.png\" \/>\n<meta name=\"author\" content=\"Laura Reiss\" \/>\n<meta name=\"twitter:card\" content=\"summary_large_image\" \/>\n<meta name=\"twitter:label1\" content=\"Scritto da\" \/>\n\t<meta name=\"twitter:data1\" content=\"Laura Reiss\" \/>\n\t<meta name=\"twitter:label2\" content=\"Tempo di lettura stimato\" \/>\n\t<meta name=\"twitter:data2\" content=\"4 minuti\" \/>\n<script type=\"application\/ld+json\" class=\"yoast-schema-graph\">{\"@context\":\"https:\\\/\\\/schema.org\",\"@graph\":[{\"@type\":\"Article\",\"@id\":\"https:\\\/\\\/www.socialchangeschool.org\\\/it\\\/06\\\/07\\\/2017\\\/31601\\\/#article\",\"isPartOf\":{\"@id\":\"https:\\\/\\\/www.socialchangeschool.org\\\/it\\\/06\\\/07\\\/2017\\\/31601\\\/\"},\"author\":{\"name\":\"Laura Reiss\",\"@id\":\"https:\\\/\\\/www.socialchangeschool.org\\\/it\\\/#\\\/schema\\\/person\\\/830e0c463a7c51633e79f9b14aadf794\"},\"headline\":\"\u2018Conosciamoci!\u2019: Sophia Crescenzi, Social Media Officer, da Roma a Edimburgo!\",\"datePublished\":\"2017-07-06T09:20:16+00:00\",\"dateModified\":\"2023-03-28T09:05:26+00:00\",\"mainEntityOfPage\":{\"@id\":\"https:\\\/\\\/www.socialchangeschool.org\\\/it\\\/06\\\/07\\\/2017\\\/31601\\\/\"},\"wordCount\":892,\"publisher\":{\"@id\":\"https:\\\/\\\/www.socialchangeschool.org\\\/it\\\/#organization\"},\"image\":{\"@id\":\"https:\\\/\\\/www.socialchangeschool.org\\\/it\\\/06\\\/07\\\/2017\\\/31601\\\/#primaryimage\"},\"thumbnailUrl\":\"http:\\\/\\\/www.socialchangeschool.org\\\/it\\\/wp-content\\\/uploads\\\/sites\\\/2\\\/2017\\\/07\\\/reachout-e1499247472848.png\",\"keywords\":[\"Blog\"],\"articleSection\":[\"Conosciamoci!\"],\"inLanguage\":\"it-IT\"},{\"@type\":\"WebPage\",\"@id\":\"https:\\\/\\\/www.socialchangeschool.org\\\/it\\\/06\\\/07\\\/2017\\\/31601\\\/\",\"url\":\"https:\\\/\\\/www.socialchangeschool.org\\\/it\\\/06\\\/07\\\/2017\\\/31601\\\/\",\"name\":\"\u2018Conosciamoci!\u2019: Sophia Crescenzi, Social Media Officer, da Roma a Edimburgo! - SocialChangeSchool\",\"isPartOf\":{\"@id\":\"https:\\\/\\\/www.socialchangeschool.org\\\/it\\\/#website\"},\"primaryImageOfPage\":{\"@id\":\"https:\\\/\\\/www.socialchangeschool.org\\\/it\\\/06\\\/07\\\/2017\\\/31601\\\/#primaryimage\"},\"image\":{\"@id\":\"https:\\\/\\\/www.socialchangeschool.org\\\/it\\\/06\\\/07\\\/2017\\\/31601\\\/#primaryimage\"},\"thumbnailUrl\":\"http:\\\/\\\/www.socialchangeschool.org\\\/it\\\/wp-content\\\/uploads\\\/sites\\\/2\\\/2017\\\/07\\\/reachout-e1499247472848.png\",\"datePublished\":\"2017-07-06T09:20:16+00:00\",\"dateModified\":\"2023-03-28T09:05:26+00:00\",\"breadcrumb\":{\"@id\":\"https:\\\/\\\/www.socialchangeschool.org\\\/it\\\/06\\\/07\\\/2017\\\/31601\\\/#breadcrumb\"},\"inLanguage\":\"it-IT\",\"potentialAction\":[{\"@type\":\"ReadAction\",\"target\":[\"https:\\\/\\\/www.socialchangeschool.org\\\/it\\\/06\\\/07\\\/2017\\\/31601\\\/\"]}]},{\"@type\":\"ImageObject\",\"inLanguage\":\"it-IT\",\"@id\":\"https:\\\/\\\/www.socialchangeschool.org\\\/it\\\/06\\\/07\\\/2017\\\/31601\\\/#primaryimage\",\"url\":\"http:\\\/\\\/www.socialchangeschool.org\\\/it\\\/wp-content\\\/uploads\\\/sites\\\/2\\\/2017\\\/07\\\/reachout-e1499247472848.png\",\"contentUrl\":\"http:\\\/\\\/www.socialchangeschool.org\\\/it\\\/wp-content\\\/uploads\\\/sites\\\/2\\\/2017\\\/07\\\/reachout-e1499247472848.png\"},{\"@type\":\"BreadcrumbList\",\"@id\":\"https:\\\/\\\/www.socialchangeschool.org\\\/it\\\/06\\\/07\\\/2017\\\/31601\\\/#breadcrumb\",\"itemListElement\":[{\"@type\":\"ListItem\",\"position\":1,\"name\":\"Home\",\"item\":\"https:\\\/\\\/www.socialchangeschool.org\\\/it\\\/\"},{\"@type\":\"ListItem\",\"position\":2,\"name\":\"\u2018Conosciamoci!\u2019: Sophia Crescenzi, Social Media Officer, da Roma a Edimburgo!\"}]},{\"@type\":\"WebSite\",\"@id\":\"https:\\\/\\\/www.socialchangeschool.org\\\/it\\\/#website\",\"url\":\"https:\\\/\\\/www.socialchangeschool.org\\\/it\\\/\",\"name\":\"Social Change School\",\"description\":\"worldwide leader for training, connecting and certificating all professionals of Non Profit sector\",\"publisher\":{\"@id\":\"https:\\\/\\\/www.socialchangeschool.org\\\/it\\\/#organization\"},\"alternateName\":\"Leverage of Social Change transformational training institution\",\"potentialAction\":[{\"@type\":\"SearchAction\",\"target\":{\"@type\":\"EntryPoint\",\"urlTemplate\":\"https:\\\/\\\/www.socialchangeschool.org\\\/it\\\/?s={search_term_string}\"},\"query-input\":{\"@type\":\"PropertyValueSpecification\",\"valueRequired\":true,\"valueName\":\"search_term_string\"}}],\"inLanguage\":\"it-IT\"},{\"@type\":\"Organization\",\"@id\":\"https:\\\/\\\/www.socialchangeschool.org\\\/it\\\/#organization\",\"name\":\"Social Change School\",\"alternateName\":\"worldwide leader for training, connecting and certificating all professionals\",\"url\":\"https:\\\/\\\/www.socialchangeschool.org\\\/it\\\/\",\"logo\":{\"@type\":\"ImageObject\",\"inLanguage\":\"it-IT\",\"@id\":\"https:\\\/\\\/www.socialchangeschool.org\\\/it\\\/#\\\/schema\\\/logo\\\/image\\\/\",\"url\":\"https:\\\/\\\/www.socialchangeschool.org\\\/wp-content\\\/uploads\\\/2022\\\/06\\\/Logo-SocialChangeSchool.png\",\"contentUrl\":\"https:\\\/\\\/www.socialchangeschool.org\\\/wp-content\\\/uploads\\\/2022\\\/06\\\/Logo-SocialChangeSchool.png\",\"width\":1721,\"height\":1721,\"caption\":\"Social Change School\"},\"image\":{\"@id\":\"https:\\\/\\\/www.socialchangeschool.org\\\/it\\\/#\\\/schema\\\/logo\\\/image\\\/\"}},{\"@type\":\"Person\",\"@id\":\"https:\\\/\\\/www.socialchangeschool.org\\\/it\\\/#\\\/schema\\\/person\\\/830e0c463a7c51633e79f9b14aadf794\",\"name\":\"Laura Reiss\",\"url\":\"https:\\\/\\\/www.socialchangeschool.org\\\/it\\\/author\\\/ghost\\\/\"}]}<\/script>\n<!-- \/ Yoast SEO Premium plugin. -->","yoast_head_json":{"title":"\u2018Conosciamoci!\u2019: Sophia Crescenzi, Social Media Officer, da Roma a Edimburgo! - SocialChangeSchool","robots":{"index":"index","follow":"follow","max-snippet":"max-snippet:-1","max-image-preview":"max-image-preview:large","max-video-preview":"max-video-preview:-1"},"canonical":"https:\/\/www.socialchangeschool.org\/it\/06\/07\/2017\/31601\/","og_locale":"it_IT","og_type":"article","og_title":"\u2018Conosciamoci!\u2019: Sophia Crescenzi, Social Media Officer, da Roma a Edimburgo!","og_description":"Sophia ha respirato e vissuto solidariet\u00e0 fin da bambina, arricchendo poi le sue conoscenze ed esperienze in diverse e importanti realt\u00e0 europee\u2026 Adesso si occupa di comunicare le idee e le notizie della Social Change School, mentre prosegue il suo viaggio, formativo e di vita, attraverso l\u2019Europa. Scopriamo chi \u00e8 e quali storie e consigli [&hellip;]","og_url":"https:\/\/www.socialchangeschool.org\/it\/06\/07\/2017\/31601\/","og_site_name":"SocialChangeSchool","article_published_time":"2017-07-06T09:20:16+00:00","article_modified_time":"2023-03-28T09:05:26+00:00","og_image":[{"url":"http:\/\/www.socialchangeschool.org\/it\/wp-content\/uploads\/sites\/2\/2017\/07\/reachout-e1499247472848.png","type":"","width":"","height":""}],"author":"Laura Reiss","twitter_card":"summary_large_image","twitter_misc":{"Scritto da":"Laura Reiss","Tempo di lettura stimato":"4 minuti"},"schema":{"@context":"https:\/\/schema.org","@graph":[{"@type":"Article","@id":"https:\/\/www.socialchangeschool.org\/it\/06\/07\/2017\/31601\/#article","isPartOf":{"@id":"https:\/\/www.socialchangeschool.org\/it\/06\/07\/2017\/31601\/"},"author":{"name":"Laura Reiss","@id":"https:\/\/www.socialchangeschool.org\/it\/#\/schema\/person\/830e0c463a7c51633e79f9b14aadf794"},"headline":"\u2018Conosciamoci!\u2019: Sophia Crescenzi, Social Media Officer, da Roma a Edimburgo!","datePublished":"2017-07-06T09:20:16+00:00","dateModified":"2023-03-28T09:05:26+00:00","mainEntityOfPage":{"@id":"https:\/\/www.socialchangeschool.org\/it\/06\/07\/2017\/31601\/"},"wordCount":892,"publisher":{"@id":"https:\/\/www.socialchangeschool.org\/it\/#organization"},"image":{"@id":"https:\/\/www.socialchangeschool.org\/it\/06\/07\/2017\/31601\/#primaryimage"},"thumbnailUrl":"http:\/\/www.socialchangeschool.org\/it\/wp-content\/uploads\/sites\/2\/2017\/07\/reachout-e1499247472848.png","keywords":["Blog"],"articleSection":["Conosciamoci!"],"inLanguage":"it-IT"},{"@type":"WebPage","@id":"https:\/\/www.socialchangeschool.org\/it\/06\/07\/2017\/31601\/","url":"https:\/\/www.socialchangeschool.org\/it\/06\/07\/2017\/31601\/","name":"\u2018Conosciamoci!\u2019: Sophia Crescenzi, Social Media Officer, da Roma a Edimburgo! - SocialChangeSchool","isPartOf":{"@id":"https:\/\/www.socialchangeschool.org\/it\/#website"},"primaryImageOfPage":{"@id":"https:\/\/www.socialchangeschool.org\/it\/06\/07\/2017\/31601\/#primaryimage"},"image":{"@id":"https:\/\/www.socialchangeschool.org\/it\/06\/07\/2017\/31601\/#primaryimage"},"thumbnailUrl":"http:\/\/www.socialchangeschool.org\/it\/wp-content\/uploads\/sites\/2\/2017\/07\/reachout-e1499247472848.png","datePublished":"2017-07-06T09:20:16+00:00","dateModified":"2023-03-28T09:05:26+00:00","breadcrumb":{"@id":"https:\/\/www.socialchangeschool.org\/it\/06\/07\/2017\/31601\/#breadcrumb"},"inLanguage":"it-IT","potentialAction":[{"@type":"ReadAction","target":["https:\/\/www.socialchangeschool.org\/it\/06\/07\/2017\/31601\/"]}]},{"@type":"ImageObject","inLanguage":"it-IT","@id":"https:\/\/www.socialchangeschool.org\/it\/06\/07\/2017\/31601\/#primaryimage","url":"http:\/\/www.socialchangeschool.org\/it\/wp-content\/uploads\/sites\/2\/2017\/07\/reachout-e1499247472848.png","contentUrl":"http:\/\/www.socialchangeschool.org\/it\/wp-content\/uploads\/sites\/2\/2017\/07\/reachout-e1499247472848.png"},{"@type":"BreadcrumbList","@id":"https:\/\/www.socialchangeschool.org\/it\/06\/07\/2017\/31601\/#breadcrumb","itemListElement":[{"@type":"ListItem","position":1,"name":"Home","item":"https:\/\/www.socialchangeschool.org\/it\/"},{"@type":"ListItem","position":2,"name":"\u2018Conosciamoci!\u2019: Sophia Crescenzi, Social Media Officer, da Roma a Edimburgo!"}]},{"@type":"WebSite","@id":"https:\/\/www.socialchangeschool.org\/it\/#website","url":"https:\/\/www.socialchangeschool.org\/it\/","name":"Social Change School","description":"worldwide leader for training, connecting and certificating all professionals of Non Profit sector","publisher":{"@id":"https:\/\/www.socialchangeschool.org\/it\/#organization"},"alternateName":"Leverage of Social Change transformational training institution","potentialAction":[{"@type":"SearchAction","target":{"@type":"EntryPoint","urlTemplate":"https:\/\/www.socialchangeschool.org\/it\/?s={search_term_string}"},"query-input":{"@type":"PropertyValueSpecification","valueRequired":true,"valueName":"search_term_string"}}],"inLanguage":"it-IT"},{"@type":"Organization","@id":"https:\/\/www.socialchangeschool.org\/it\/#organization","name":"Social Change School","alternateName":"worldwide leader for training, connecting and certificating all professionals","url":"https:\/\/www.socialchangeschool.org\/it\/","logo":{"@type":"ImageObject","inLanguage":"it-IT","@id":"https:\/\/www.socialchangeschool.org\/it\/#\/schema\/logo\/image\/","url":"https:\/\/www.socialchangeschool.org\/wp-content\/uploads\/2022\/06\/Logo-SocialChangeSchool.png","contentUrl":"https:\/\/www.socialchangeschool.org\/wp-content\/uploads\/2022\/06\/Logo-SocialChangeSchool.png","width":1721,"height":1721,"caption":"Social Change School"},"image":{"@id":"https:\/\/www.socialchangeschool.org\/it\/#\/schema\/logo\/image\/"}},{"@type":"Person","@id":"https:\/\/www.socialchangeschool.org\/it\/#\/schema\/person\/830e0c463a7c51633e79f9b14aadf794","name":"Laura Reiss","url":"https:\/\/www.socialchangeschool.org\/it\/author\/ghost\/"}]}},"_links":{"self":[{"href":"https:\/\/www.socialchangeschool.org\/it\/wp-json\/wp\/v2\/posts\/37692","targetHints":{"allow":["GET"]}}],"collection":[{"href":"https:\/\/www.socialchangeschool.org\/it\/wp-json\/wp\/v2\/posts"}],"about":[{"href":"https:\/\/www.socialchangeschool.org\/it\/wp-json\/wp\/v2\/types\/post"}],"author":[{"embeddable":true,"href":"https:\/\/www.socialchangeschool.org\/it\/wp-json\/wp\/v2\/users\/2"}],"replies":[{"embeddable":true,"href":"https:\/\/www.socialchangeschool.org\/it\/wp-json\/wp\/v2\/comments?post=37692"}],"version-history":[{"count":0,"href":"https:\/\/www.socialchangeschool.org\/it\/wp-json\/wp\/v2\/posts\/37692\/revisions"}],"wp:attachment":[{"href":"https:\/\/www.socialchangeschool.org\/it\/wp-json\/wp\/v2\/media?parent=37692"}],"wp:term":[{"taxonomy":"category","embeddable":true,"href":"https:\/\/www.socialchangeschool.org\/it\/wp-json\/wp\/v2\/categories?post=37692"},{"taxonomy":"post_tag","embeddable":true,"href":"https:\/\/www.socialchangeschool.org\/it\/wp-json\/wp\/v2\/tags?post=37692"}],"curies":[{"name":"wp","href":"https:\/\/api.w.org\/{rel}","templated":true}]}}