{"id":37675,"date":"2017-02-13T10:07:23","date_gmt":"2017-02-13T10:07:23","guid":{"rendered":"http:\/\/socialchangeschool.org\/13\/02\/2017\/pensieri-e-parole-martin-luther-king-jr\/"},"modified":"2023-03-29T06:53:39","modified_gmt":"2023-03-29T06:53:39","slug":"pensieri-e-parole-martin-luther-king-jr","status":"publish","type":"post","link":"https:\/\/www.socialchangeschool.org\/it\/13\/02\/2017\/pensieri-e-parole-martin-luther-king-jr\/","title":{"rendered":"\u2018Pensieri e Parole\u2019: Martin Luther King Jr"},"content":{"rendered":"<p style=\"text-align: justify\"><strong>&#8230;E\u2019 sempre il&nbsp;<\/strong><strong>momento<\/strong><strong>&nbsp;giusto per fare quello che \u00e8 giusto.<\/strong>&nbsp;<\/p>\n<p style=\"text-align: justify\">\u00ab<strong>We must help time and realize that the time is always right to do right<\/strong>\u00bb (M. L. King, Jr.)<\/p>\n<p style=\"text-align: justify\">Esistono affermazioni che, nonostante la loro brevit\u00e0, o forse grazie a essa, sono in grado di cambiare un uomo, di aprirgli gli occhi, di fargli cambiare la propria strada nella vita.<\/p>\n<p style=\"text-align: justify\"><strong>Martin Luther King Jr<\/strong> fu sicuramente un uomo che parole di questo tipo sapeva pronunciarle. I suoi discorsi motivarono una generazione verso cambiamenti ritenuti impensabili, smossero idee e azioni, e svilupparono concetti innovativi come l\u2019opposizione non violenta. Le sue furono parole che portarono un reale cambiamento.<\/p>\n<p style=\"text-align: justify\"><strong>Il cambiamento- della propria vita e di quella chi ha bisogno del nostro supporto<\/strong>&#8211; &nbsp;\u00e8 uno dei concetti base della <strong>Social Change School<\/strong>, cos\u00ec come lo fu di Martin Luther King Jr.: \u00e8 per questo che oggi sar\u00e0 proprio lui il protagonista della rubrica \u2018Pensieri e Parole \u2013 the words that changed the World\u2019.<\/p>\n<p style=\"text-align: justify\">Era l\u2019estate del 1965, e Martin Luther King Jr. si trovava presso l\u2019Oberlin College, in Ohio, per ricevere una laurea \u2018honoris causa\u2019. Erano passati circa 6 mesi da quando aveva ricevuto, a Oslo, il <strong>premio Nobel per la pace<\/strong> del 1964, il suo <strong>Civil Rights Movement<\/strong> era in piena attivit\u00e0 e l\u2019America era scossa da manifestazioni spesso represse brutalmente. Studenti, attivisti, professori stavano per ascoltare uno dei pi\u00f9 potenti discorsi che avrebbe mai pronunciato il pastore della Non Violenza.<\/p>\n<p style=\"text-align: justify\"><strong>Uno dei cardini di quel discorso fu il tempo.&nbsp;<\/strong><\/p>\n<p style=\"text-align: justify\">Cos\u00ec spesso trascurato e abusato, dato per scontato, il tempo \u00e8 in realt\u00e0 un bene prezioso.<\/p>\n<p style=\"text-align: justify\">\u00c8 sempre il momento giusto. Un\u2019affermazione perentoria. L\u2019opportunit\u00e0 va creata, non aspettata. &nbsp;<\/p>\n<p style=\"text-align: justify\">E questo porta al secondo concetto, drammaticamente potente, espresso da Martin Luther King.<\/p>\n<p style=\"text-align: justify\">\u00abTo do right\u00bb &#8211; \u201cFare ci\u00f2 che \u00e8 giusto\u201d. &nbsp; &nbsp;<\/p>\n<p style=\"text-align: justify\"><strong>Non basta teorizzare, pensare, credere. Bisogna fare. Non bisogna aver paura delle nostre azioni.<\/strong><\/p>\n<p style=\"text-align: justify\"><strong>L\u2019invito di Martin Luther King ad agire sempre e prontamente, in qualsiasi momento, <\/strong>in nome dei propri ideali di libert\u00e0 e uguaglianza \u00e8 quanto mai attuale, ed \u00e8 uno dei valori fondamentali che la Social Change School&nbsp; con fermezza promuove.<\/p>\n<p style=\"text-align: justify\">\n<p style=\"text-align: justify\">Di Guido Pacifici<\/p>\n<p style=\"text-align: justify\">\n<p style=\"text-align: justify\">Leggete anche le parole pronunciate dal&nbsp;grande <span style=\"color: #c4161c\"><a style=\"color: #c4161c\" href=\"https:\/\/www.socialchangeschool.org\/it\/23\/01\/2017\/pensieri-e-parole-nelson-mandela\/\" target=\"_blank\" rel=\"noopener\">Nels<\/a><\/span><span style=\"color: #c4161c\"><a style=\"color: #c4161c\" href=\"https:\/\/www.socialchangeschool.org\/it\/23\/01\/2017\/pensieri-e-parole-nelson-mandela\/\" target=\"_blank\" rel=\"noopener\">on Mandela<\/a><\/span>, per la prima uscita della rubrica curata da Guido Pacifici.<\/p>\n<p style=\"text-align: justify\">\n<p style=\"text-align: justify\"><em>Fonte di riferimento:&nbsp;<\/em><em>&#8220;<span style=\"color: #c4161c\"><a style=\"color: #c4161c\" href=\"https:\/\/www.oberlin.edu\/external\/EOG\/BlackHistoryMonth\/MLK\/CommAddress.html\" target=\"_blank\" rel=\"noopener\">Remaining Awake Through a Great Revolution<\/a><\/span>&#8221; &#8211;&nbsp;Oberlin College Archives<\/em><\/p>\n<p style=\"text-align: left\"><em>Fonte Fotografica: Archivio <span style=\"color: #c4161c\"><a style=\"color: #c4161c\" href=\"https:\/\/wyso.org\/\" target=\"_blank\" rel=\"noopener\">WYSO<\/a><\/span><\/em><\/p>\n<p style=\"text-align: left\">\n<p style=\"text-align: left\"><strong>Vuoi lavorare nelle ONG? <span style=\"color: #c4161c\"><a style=\"color: #c4161c\" href=\"https:\/\/www.socialchangeschool.org\/it\/landing-page\/\">Richiedi s<\/a><\/span><\/strong><strong><span style=\"color: #c4161c\"><a style=\"color: #c4161c\" href=\"https:\/\/www.socialchangeschool.org\/it\/landing-page\/\">ubito<\/a><\/span><\/strong> il <strong>Colloquio di Ammissione e Valutazione del tuo Potenziale&nbsp;<\/strong>Professionale, in un&#8217;ora di confronto approfondito con i manager e gli HRM di ONG partner!&nbsp;<\/p>\n","protected":false},"excerpt":{"rendered":"<p>&#8230;E\u2019 sempre il&nbsp;momento&nbsp;giusto per fare quello che \u00e8 giusto.&nbsp; \u00abWe must help time and realize that the time is always right to do right\u00bb (M. L. King, Jr.) Esistono affermazioni che, nonostante la loro brevit\u00e0, o forse grazie a essa, sono in grado di cambiare un uomo, di aprirgli gli occhi, di fargli cambiare la [&hellip;]<\/p>\n","protected":false},"author":2,"featured_media":0,"comment_status":"closed","ping_status":"closed","sticky":false,"template":"","format":"standard","meta":{"site-sidebar-layout":"default","site-content-layout":"","ast-site-content-layout":"default","site-content-style":"default","site-sidebar-style":"default","ast-global-header-display":"","ast-banner-title-visibility":"","ast-main-header-display":"","ast-hfb-above-header-display":"","ast-hfb-below-header-display":"","ast-hfb-mobile-header-display":"","site-post-title":"","ast-breadcrumbs-content":"","ast-featured-img":"","footer-sml-layout":"","ast-disable-related-posts":"","theme-transparent-header-meta":"","adv-header-id-meta":"","stick-header-meta":"","header-above-stick-meta":"","header-main-stick-meta":"","header-below-stick-meta":"","astra-migrate-meta-layouts":"default","ast-page-background-enabled":"default","ast-page-background-meta":{"desktop":{"background-color":"","background-image":"","background-repeat":"repeat","background-position":"center center","background-size":"auto","background-attachment":"scroll","background-type":"","background-media":"","overlay-type":"","overlay-color":"","overlay-opacity":"","overlay-gradient":""},"tablet":{"background-color":"","background-image":"","background-repeat":"repeat","background-position":"center center","background-size":"auto","background-attachment":"scroll","background-type":"","background-media":"","overlay-type":"","overlay-color":"","overlay-opacity":"","overlay-gradient":""},"mobile":{"background-color":"","background-image":"","background-repeat":"repeat","background-position":"center center","background-size":"auto","background-attachment":"scroll","background-type":"","background-media":"","overlay-type":"","overlay-color":"","overlay-opacity":"","overlay-gradient":""}},"ast-content-background-meta":{"desktop":{"background-color":"var(--ast-global-color-5)","background-image":"","background-repeat":"repeat","background-position":"center center","background-size":"auto","background-attachment":"scroll","background-type":"","background-media":"","overlay-type":"","overlay-color":"","overlay-opacity":"","overlay-gradient":""},"tablet":{"background-color":"var(--ast-global-color-5)","background-image":"","background-repeat":"repeat","background-position":"center center","background-size":"auto","background-attachment":"scroll","background-type":"","background-media":"","overlay-type":"","overlay-color":"","overlay-opacity":"","overlay-gradient":""},"mobile":{"background-color":"var(--ast-global-color-5)","background-image":"","background-repeat":"repeat","background-position":"center center","background-size":"auto","background-attachment":"scroll","background-type":"","background-media":"","overlay-type":"","overlay-color":"","overlay-opacity":"","overlay-gradient":""}},"footnotes":""},"categories":[209],"tags":[],"class_list":["post-37675","post","type-post","status-publish","format-standard","hentry","category-pensieri-e-parole"],"yoast_head":"<!-- This site is optimized with the Yoast SEO Premium plugin v27.2 (Yoast SEO v27.5) - https:\/\/yoast.com\/product\/yoast-seo-premium-wordpress\/ -->\n<title>\u2018Pensieri e Parole\u2019: Martin Luther King Jr - SocialChangeSchool<\/title>\n<meta name=\"description\" content=\"Non basta teorizzare, pensare, credere. Bisogna fare. Non bisogna aver paura delle nostre azioni.\" \/>\n<meta name=\"robots\" content=\"index, follow, max-snippet:-1, max-image-preview:large, max-video-preview:-1\" \/>\n<link rel=\"canonical\" href=\"https:\/\/www.socialchangeschool.org\/it\/13\/02\/2017\/pensieri-e-parole-martin-luther-king-jr\/\" \/>\n<meta property=\"og:locale\" content=\"it_IT\" \/>\n<meta property=\"og:type\" content=\"article\" \/>\n<meta property=\"og:title\" content=\"\u2018Pensieri e Parole\u2019: Martin Luther King Jr\" \/>\n<meta property=\"og:description\" content=\"Non basta teorizzare, pensare, credere. Bisogna fare. Non bisogna aver paura delle nostre azioni.\" \/>\n<meta property=\"og:url\" content=\"https:\/\/www.socialchangeschool.org\/it\/13\/02\/2017\/pensieri-e-parole-martin-luther-king-jr\/\" \/>\n<meta property=\"og:site_name\" content=\"SocialChangeSchool\" \/>\n<meta property=\"article:published_time\" content=\"2017-02-13T10:07:23+00:00\" \/>\n<meta property=\"article:modified_time\" content=\"2023-03-29T06:53:39+00:00\" \/>\n<meta property=\"og:image\" content=\"https:\/\/www.socialchangeschool.org\/wp-content\/uploads\/2022\/06\/Logo-SocialChangeSchool.png\" \/>\n\t<meta property=\"og:image:width\" content=\"1721\" \/>\n\t<meta property=\"og:image:height\" content=\"1721\" \/>\n\t<meta property=\"og:image:type\" content=\"image\/png\" \/>\n<meta name=\"author\" content=\"Laura Reiss\" \/>\n<meta name=\"twitter:card\" content=\"summary_large_image\" \/>\n<meta name=\"twitter:label1\" content=\"Scritto da\" \/>\n\t<meta name=\"twitter:data1\" content=\"Laura Reiss\" \/>\n\t<meta name=\"twitter:label2\" content=\"Tempo di lettura stimato\" \/>\n\t<meta name=\"twitter:data2\" content=\"2 minuti\" \/>\n<script type=\"application\/ld+json\" class=\"yoast-schema-graph\">{\"@context\":\"https:\\\/\\\/schema.org\",\"@graph\":[{\"@type\":\"Article\",\"@id\":\"https:\\\/\\\/www.socialchangeschool.org\\\/it\\\/13\\\/02\\\/2017\\\/pensieri-e-parole-martin-luther-king-jr\\\/#article\",\"isPartOf\":{\"@id\":\"https:\\\/\\\/www.socialchangeschool.org\\\/it\\\/13\\\/02\\\/2017\\\/pensieri-e-parole-martin-luther-king-jr\\\/\"},\"author\":{\"name\":\"Laura Reiss\",\"@id\":\"https:\\\/\\\/www.socialchangeschool.org\\\/it\\\/#\\\/schema\\\/person\\\/830e0c463a7c51633e79f9b14aadf794\"},\"headline\":\"\u2018Pensieri e Parole\u2019: Martin Luther King Jr\",\"datePublished\":\"2017-02-13T10:07:23+00:00\",\"dateModified\":\"2023-03-29T06:53:39+00:00\",\"mainEntityOfPage\":{\"@id\":\"https:\\\/\\\/www.socialchangeschool.org\\\/it\\\/13\\\/02\\\/2017\\\/pensieri-e-parole-martin-luther-king-jr\\\/\"},\"wordCount\":441,\"publisher\":{\"@id\":\"https:\\\/\\\/www.socialchangeschool.org\\\/it\\\/#organization\"},\"articleSection\":[\"Pensieri e Parole\"],\"inLanguage\":\"it-IT\"},{\"@type\":\"WebPage\",\"@id\":\"https:\\\/\\\/www.socialchangeschool.org\\\/it\\\/13\\\/02\\\/2017\\\/pensieri-e-parole-martin-luther-king-jr\\\/\",\"url\":\"https:\\\/\\\/www.socialchangeschool.org\\\/it\\\/13\\\/02\\\/2017\\\/pensieri-e-parole-martin-luther-king-jr\\\/\",\"name\":\"\u2018Pensieri e Parole\u2019: Martin Luther King Jr - SocialChangeSchool\",\"isPartOf\":{\"@id\":\"https:\\\/\\\/www.socialchangeschool.org\\\/it\\\/#website\"},\"datePublished\":\"2017-02-13T10:07:23+00:00\",\"dateModified\":\"2023-03-29T06:53:39+00:00\",\"description\":\"Non basta teorizzare, pensare, credere. Bisogna fare. Non bisogna aver paura delle nostre azioni.\",\"breadcrumb\":{\"@id\":\"https:\\\/\\\/www.socialchangeschool.org\\\/it\\\/13\\\/02\\\/2017\\\/pensieri-e-parole-martin-luther-king-jr\\\/#breadcrumb\"},\"inLanguage\":\"it-IT\",\"potentialAction\":[{\"@type\":\"ReadAction\",\"target\":[\"https:\\\/\\\/www.socialchangeschool.org\\\/it\\\/13\\\/02\\\/2017\\\/pensieri-e-parole-martin-luther-king-jr\\\/\"]}]},{\"@type\":\"BreadcrumbList\",\"@id\":\"https:\\\/\\\/www.socialchangeschool.org\\\/it\\\/13\\\/02\\\/2017\\\/pensieri-e-parole-martin-luther-king-jr\\\/#breadcrumb\",\"itemListElement\":[{\"@type\":\"ListItem\",\"position\":1,\"name\":\"Home\",\"item\":\"https:\\\/\\\/www.socialchangeschool.org\\\/it\\\/\"},{\"@type\":\"ListItem\",\"position\":2,\"name\":\"\u2018Pensieri e Parole\u2019: Martin Luther King Jr\"}]},{\"@type\":\"WebSite\",\"@id\":\"https:\\\/\\\/www.socialchangeschool.org\\\/it\\\/#website\",\"url\":\"https:\\\/\\\/www.socialchangeschool.org\\\/it\\\/\",\"name\":\"Social Change School\",\"description\":\"worldwide leader for training, connecting and certificating all professionals of Non Profit sector\",\"publisher\":{\"@id\":\"https:\\\/\\\/www.socialchangeschool.org\\\/it\\\/#organization\"},\"alternateName\":\"Leverage of Social Change transformational training institution\",\"potentialAction\":[{\"@type\":\"SearchAction\",\"target\":{\"@type\":\"EntryPoint\",\"urlTemplate\":\"https:\\\/\\\/www.socialchangeschool.org\\\/it\\\/?s={search_term_string}\"},\"query-input\":{\"@type\":\"PropertyValueSpecification\",\"valueRequired\":true,\"valueName\":\"search_term_string\"}}],\"inLanguage\":\"it-IT\"},{\"@type\":\"Organization\",\"@id\":\"https:\\\/\\\/www.socialchangeschool.org\\\/it\\\/#organization\",\"name\":\"Social Change School\",\"alternateName\":\"worldwide leader for training, connecting and certificating all professionals\",\"url\":\"https:\\\/\\\/www.socialchangeschool.org\\\/it\\\/\",\"logo\":{\"@type\":\"ImageObject\",\"inLanguage\":\"it-IT\",\"@id\":\"https:\\\/\\\/www.socialchangeschool.org\\\/it\\\/#\\\/schema\\\/logo\\\/image\\\/\",\"url\":\"https:\\\/\\\/www.socialchangeschool.org\\\/wp-content\\\/uploads\\\/2022\\\/06\\\/Logo-SocialChangeSchool.png\",\"contentUrl\":\"https:\\\/\\\/www.socialchangeschool.org\\\/wp-content\\\/uploads\\\/2022\\\/06\\\/Logo-SocialChangeSchool.png\",\"width\":1721,\"height\":1721,\"caption\":\"Social Change School\"},\"image\":{\"@id\":\"https:\\\/\\\/www.socialchangeschool.org\\\/it\\\/#\\\/schema\\\/logo\\\/image\\\/\"}},{\"@type\":\"Person\",\"@id\":\"https:\\\/\\\/www.socialchangeschool.org\\\/it\\\/#\\\/schema\\\/person\\\/830e0c463a7c51633e79f9b14aadf794\",\"name\":\"Laura Reiss\",\"url\":\"https:\\\/\\\/www.socialchangeschool.org\\\/it\\\/author\\\/ghost\\\/\"}]}<\/script>\n<!-- \/ Yoast SEO Premium plugin. -->","yoast_head_json":{"title":"\u2018Pensieri e Parole\u2019: Martin Luther King Jr - SocialChangeSchool","description":"Non basta teorizzare, pensare, credere. Bisogna fare. Non bisogna aver paura delle nostre azioni.","robots":{"index":"index","follow":"follow","max-snippet":"max-snippet:-1","max-image-preview":"max-image-preview:large","max-video-preview":"max-video-preview:-1"},"canonical":"https:\/\/www.socialchangeschool.org\/it\/13\/02\/2017\/pensieri-e-parole-martin-luther-king-jr\/","og_locale":"it_IT","og_type":"article","og_title":"\u2018Pensieri e Parole\u2019: Martin Luther King Jr","og_description":"Non basta teorizzare, pensare, credere. Bisogna fare. Non bisogna aver paura delle nostre azioni.","og_url":"https:\/\/www.socialchangeschool.org\/it\/13\/02\/2017\/pensieri-e-parole-martin-luther-king-jr\/","og_site_name":"SocialChangeSchool","article_published_time":"2017-02-13T10:07:23+00:00","article_modified_time":"2023-03-29T06:53:39+00:00","og_image":[{"width":1721,"height":1721,"url":"https:\/\/www.socialchangeschool.org\/wp-content\/uploads\/2022\/06\/Logo-SocialChangeSchool.png","type":"image\/png"}],"author":"Laura Reiss","twitter_card":"summary_large_image","twitter_misc":{"Scritto da":"Laura Reiss","Tempo di lettura stimato":"2 minuti"},"schema":{"@context":"https:\/\/schema.org","@graph":[{"@type":"Article","@id":"https:\/\/www.socialchangeschool.org\/it\/13\/02\/2017\/pensieri-e-parole-martin-luther-king-jr\/#article","isPartOf":{"@id":"https:\/\/www.socialchangeschool.org\/it\/13\/02\/2017\/pensieri-e-parole-martin-luther-king-jr\/"},"author":{"name":"Laura Reiss","@id":"https:\/\/www.socialchangeschool.org\/it\/#\/schema\/person\/830e0c463a7c51633e79f9b14aadf794"},"headline":"\u2018Pensieri e Parole\u2019: Martin Luther King Jr","datePublished":"2017-02-13T10:07:23+00:00","dateModified":"2023-03-29T06:53:39+00:00","mainEntityOfPage":{"@id":"https:\/\/www.socialchangeschool.org\/it\/13\/02\/2017\/pensieri-e-parole-martin-luther-king-jr\/"},"wordCount":441,"publisher":{"@id":"https:\/\/www.socialchangeschool.org\/it\/#organization"},"articleSection":["Pensieri e Parole"],"inLanguage":"it-IT"},{"@type":"WebPage","@id":"https:\/\/www.socialchangeschool.org\/it\/13\/02\/2017\/pensieri-e-parole-martin-luther-king-jr\/","url":"https:\/\/www.socialchangeschool.org\/it\/13\/02\/2017\/pensieri-e-parole-martin-luther-king-jr\/","name":"\u2018Pensieri e Parole\u2019: Martin Luther King Jr - SocialChangeSchool","isPartOf":{"@id":"https:\/\/www.socialchangeschool.org\/it\/#website"},"datePublished":"2017-02-13T10:07:23+00:00","dateModified":"2023-03-29T06:53:39+00:00","description":"Non basta teorizzare, pensare, credere. Bisogna fare. Non bisogna aver paura delle nostre azioni.","breadcrumb":{"@id":"https:\/\/www.socialchangeschool.org\/it\/13\/02\/2017\/pensieri-e-parole-martin-luther-king-jr\/#breadcrumb"},"inLanguage":"it-IT","potentialAction":[{"@type":"ReadAction","target":["https:\/\/www.socialchangeschool.org\/it\/13\/02\/2017\/pensieri-e-parole-martin-luther-king-jr\/"]}]},{"@type":"BreadcrumbList","@id":"https:\/\/www.socialchangeschool.org\/it\/13\/02\/2017\/pensieri-e-parole-martin-luther-king-jr\/#breadcrumb","itemListElement":[{"@type":"ListItem","position":1,"name":"Home","item":"https:\/\/www.socialchangeschool.org\/it\/"},{"@type":"ListItem","position":2,"name":"\u2018Pensieri e Parole\u2019: Martin Luther King Jr"}]},{"@type":"WebSite","@id":"https:\/\/www.socialchangeschool.org\/it\/#website","url":"https:\/\/www.socialchangeschool.org\/it\/","name":"Social Change School","description":"worldwide leader for training, connecting and certificating all professionals of Non Profit sector","publisher":{"@id":"https:\/\/www.socialchangeschool.org\/it\/#organization"},"alternateName":"Leverage of Social Change transformational training institution","potentialAction":[{"@type":"SearchAction","target":{"@type":"EntryPoint","urlTemplate":"https:\/\/www.socialchangeschool.org\/it\/?s={search_term_string}"},"query-input":{"@type":"PropertyValueSpecification","valueRequired":true,"valueName":"search_term_string"}}],"inLanguage":"it-IT"},{"@type":"Organization","@id":"https:\/\/www.socialchangeschool.org\/it\/#organization","name":"Social Change School","alternateName":"worldwide leader for training, connecting and certificating all professionals","url":"https:\/\/www.socialchangeschool.org\/it\/","logo":{"@type":"ImageObject","inLanguage":"it-IT","@id":"https:\/\/www.socialchangeschool.org\/it\/#\/schema\/logo\/image\/","url":"https:\/\/www.socialchangeschool.org\/wp-content\/uploads\/2022\/06\/Logo-SocialChangeSchool.png","contentUrl":"https:\/\/www.socialchangeschool.org\/wp-content\/uploads\/2022\/06\/Logo-SocialChangeSchool.png","width":1721,"height":1721,"caption":"Social Change School"},"image":{"@id":"https:\/\/www.socialchangeschool.org\/it\/#\/schema\/logo\/image\/"}},{"@type":"Person","@id":"https:\/\/www.socialchangeschool.org\/it\/#\/schema\/person\/830e0c463a7c51633e79f9b14aadf794","name":"Laura Reiss","url":"https:\/\/www.socialchangeschool.org\/it\/author\/ghost\/"}]}},"_links":{"self":[{"href":"https:\/\/www.socialchangeschool.org\/it\/wp-json\/wp\/v2\/posts\/37675","targetHints":{"allow":["GET"]}}],"collection":[{"href":"https:\/\/www.socialchangeschool.org\/it\/wp-json\/wp\/v2\/posts"}],"about":[{"href":"https:\/\/www.socialchangeschool.org\/it\/wp-json\/wp\/v2\/types\/post"}],"author":[{"embeddable":true,"href":"https:\/\/www.socialchangeschool.org\/it\/wp-json\/wp\/v2\/users\/2"}],"replies":[{"embeddable":true,"href":"https:\/\/www.socialchangeschool.org\/it\/wp-json\/wp\/v2\/comments?post=37675"}],"version-history":[{"count":0,"href":"https:\/\/www.socialchangeschool.org\/it\/wp-json\/wp\/v2\/posts\/37675\/revisions"}],"wp:attachment":[{"href":"https:\/\/www.socialchangeschool.org\/it\/wp-json\/wp\/v2\/media?parent=37675"}],"wp:term":[{"taxonomy":"category","embeddable":true,"href":"https:\/\/www.socialchangeschool.org\/it\/wp-json\/wp\/v2\/categories?post=37675"},{"taxonomy":"post_tag","embeddable":true,"href":"https:\/\/www.socialchangeschool.org\/it\/wp-json\/wp\/v2\/tags?post=37675"}],"curies":[{"name":"wp","href":"https:\/\/api.w.org\/{rel}","templated":true}]}}