{"id":37615,"date":"2016-03-15T12:04:43","date_gmt":"2016-03-15T12:04:43","guid":{"rendered":"http:\/\/socialchangeschool.org\/15\/03\/2016\/storiedalcampo-antonella-e-i-suoi-progetti-in-chad\/"},"modified":"2016-03-15T12:04:43","modified_gmt":"2016-03-15T12:04:43","slug":"storiedalcampo-antonella-e-i-suoi-progetti-in-chad","status":"publish","type":"post","link":"https:\/\/www.socialchangeschool.org\/it\/15\/03\/2016\/storiedalcampo-antonella-e-i-suoi-progetti-in-chad\/","title":{"rendered":"#StoriedalCampo: Antonella e i suoi progetti in Chad"},"content":{"rendered":"<p style=\"text-align: justify;\">Da sei anni faccio parte di un&#8217;<strong>Associazione Onlus \u201cAmiciad\u201d<\/strong>, con sede in Italia, <strong>che sostiene progetti nel sud del Ciad,<\/strong> al confine con il Centrafica, precisamente nell&#8217;ambito della Prefettura di Koumra.<\/p>\n<p style=\"text-align: justify;\">Durante questo periodo <strong>ho alternato il mio lavoro di Assistente Sociale con viaggi in Africa<\/strong> per conto dell&#8217;Associazione.<\/p>\n<p style=\"text-align: justify;\">Com&#8217;\u00e8 noto <strong>il Ciad \u00e8 il terz&#8217;ultimo paese pi\u00f9 povero al mondo<\/strong>, con gravi problemi legati alle malattie, alla malnutrizione e, ultimamente, all&#8217;instabilit\u00e0 politica. Bench\u00e8 ricco di risorse naturali (diamanti, petrolio terreni fertili) <strong>vive di un&#8217;economia prevalentemente di sussistenza.<\/strong> La scolarit\u00e0 \u00e8 bassissima. (dati Unicef 2015 ).<\/p>\n<p style=\"text-align: justify;\"><strong>Promuovere la scolarizzazione e sostenere l&#8217;evoluzione di un\u2019imprenditoria agricola<\/strong> attraverso modalit\u00e0 cooperativistiche, sono gli ambiti sui quali abbiamo concentrato il nostro lavoro.<\/p>\n<p style=\"text-align: justify;\">Il mio ruolo in tutto ci\u00f2 \u00e8 divenuto nel tempo sempre pi\u00f9 assiduo e importante. Conscia di non possedere gli strumenti necessari per poter svolgere in modo adeguato il mandato, nel 2014 ho scelto di frequentare i Master Asvi Social Change in <a href=\"https:\/\/www.socialchangeschool.org\/it\/master\/master-in-cooperazione-internazionale-europrogettazione-sviluppo-locale\/\">Project Manager per la Cooperazione Internazionale e lo sviluppo locale<\/a>, che ho concluso nel maggio 2015.<\/p>\n<p style=\"text-align: justify;\"><strong>La preparazione acquisita mi ha permesso da un lato di stimolare l&#8217;Associazione<\/strong> a ridefinire la propria organizzazione interna, chiarendo compiti, ambiti e modalit\u00e0 operative, <strong>dall&#8217;altro ha cambiato fondamentalmente il mio approccio<\/strong>, che, da professionista, riesce a vedere e a prevedere.<\/p>\n<p style=\"text-align: justify;\">Quest&#8217;anno, in seguito all&#8217;ottenimento di due importanti finanziamenti e all&#8217;alleanza instaurata con gli stakeholders locali, <strong>ho seguito l&#8217;avvio e il progressivo consolidamento di un&#8217;attivit\u00e0 di formazione<\/strong>, <strong>produzione e commercializzazione di prodotti agricoli in terreni dati\u00a0 in gestione ad una cooperativa locale<\/strong> da parte della Diocesi.<\/p>\n<p style=\"text-align: justify;\"><strong>Lavorare sul campo richiede molta flessibilit\u00e0, capacit\u00e0 relazionali e di mediazione,<\/strong> perch\u00e8 continui sono gli imprevisti e i cambiamenti.\u00a0 Se gli obiettivi sono chiari, precedentemente definiti e condivisi con gli attori locali e strutturati in modo da poterne valutare gli effetti, sia da un punto di vista economico che di impatto sociale \u00e8 possibile seguire processi di sviluppo che, consolidati, divengano nel tempo patrimonio della realt\u00e0 locale, inizio di un ulteriore successivo possibile cambiamento.\u00a0\u00a0\u00a0\u00a0\u00a0\u00a0\u00a0<\/p>\n<p style=\"text-align: justify;\">\u00a0<\/p>\n","protected":false},"excerpt":{"rendered":"<p>Da sei anni faccio parte di un&#8217;Associazione Onlus \u201cAmiciad\u201d, con sede in Italia, che sostiene progetti nel sud del Ciad, al confine con il Centrafica, precisamente nell&#8217;ambito della Prefettura di Koumra. Durante questo periodo ho alternato il mio lavoro di Assistente Sociale con viaggi in Africa per conto dell&#8217;Associazione. Com&#8217;\u00e8 noto il Ciad \u00e8 il [&hellip;]<\/p>\n","protected":false},"author":2,"featured_media":0,"comment_status":"closed","ping_status":"closed","sticky":false,"template":"","format":"standard","meta":{"site-sidebar-layout":"default","site-content-layout":"","ast-site-content-layout":"default","site-content-style":"default","site-sidebar-style":"default","ast-global-header-display":"","ast-banner-title-visibility":"","ast-main-header-display":"","ast-hfb-above-header-display":"","ast-hfb-below-header-display":"","ast-hfb-mobile-header-display":"","site-post-title":"","ast-breadcrumbs-content":"","ast-featured-img":"","footer-sml-layout":"","ast-disable-related-posts":"","theme-transparent-header-meta":"","adv-header-id-meta":"","stick-header-meta":"","header-above-stick-meta":"","header-main-stick-meta":"","header-below-stick-meta":"","astra-migrate-meta-layouts":"default","ast-page-background-enabled":"default","ast-page-background-meta":{"desktop":{"background-color":"","background-image":"","background-repeat":"repeat","background-position":"center center","background-size":"auto","background-attachment":"scroll","background-type":"","background-media":"","overlay-type":"","overlay-color":"","overlay-opacity":"","overlay-gradient":""},"tablet":{"background-color":"","background-image":"","background-repeat":"repeat","background-position":"center center","background-size":"auto","background-attachment":"scroll","background-type":"","background-media":"","overlay-type":"","overlay-color":"","overlay-opacity":"","overlay-gradient":""},"mobile":{"background-color":"","background-image":"","background-repeat":"repeat","background-position":"center center","background-size":"auto","background-attachment":"scroll","background-type":"","background-media":"","overlay-type":"","overlay-color":"","overlay-opacity":"","overlay-gradient":""}},"ast-content-background-meta":{"desktop":{"background-color":"var(--ast-global-color-5)","background-image":"","background-repeat":"repeat","background-position":"center center","background-size":"auto","background-attachment":"scroll","background-type":"","background-media":"","overlay-type":"","overlay-color":"","overlay-opacity":"","overlay-gradient":""},"tablet":{"background-color":"var(--ast-global-color-5)","background-image":"","background-repeat":"repeat","background-position":"center center","background-size":"auto","background-attachment":"scroll","background-type":"","background-media":"","overlay-type":"","overlay-color":"","overlay-opacity":"","overlay-gradient":""},"mobile":{"background-color":"var(--ast-global-color-5)","background-image":"","background-repeat":"repeat","background-position":"center center","background-size":"auto","background-attachment":"scroll","background-type":"","background-media":"","overlay-type":"","overlay-color":"","overlay-opacity":"","overlay-gradient":""}},"footnotes":""},"categories":[203],"tags":[],"class_list":["post-37615","post","type-post","status-publish","format-standard","hentry","category-storie-dal-campo"],"yoast_head":"<!-- This site is optimized with the Yoast SEO Premium plugin v27.2 (Yoast SEO v27.5) - https:\/\/yoast.com\/product\/yoast-seo-premium-wordpress\/ -->\n<title>#StoriedalCampo: Antonella e i suoi progetti in Chad - SocialChangeSchool<\/title>\n<meta name=\"robots\" content=\"index, follow, max-snippet:-1, max-image-preview:large, max-video-preview:-1\" \/>\n<link rel=\"canonical\" href=\"https:\/\/www.socialchangeschool.org\/it\/15\/03\/2016\/storiedalcampo-antonella-e-i-suoi-progetti-in-chad\/\" \/>\n<meta property=\"og:locale\" content=\"it_IT\" \/>\n<meta property=\"og:type\" content=\"article\" \/>\n<meta property=\"og:title\" content=\"#StoriedalCampo: Antonella e i suoi progetti in Chad\" \/>\n<meta property=\"og:description\" content=\"Da sei anni faccio parte di un&#8217;Associazione Onlus \u201cAmiciad\u201d, con sede in Italia, che sostiene progetti nel sud del Ciad, al confine con il Centrafica, precisamente nell&#8217;ambito della Prefettura di Koumra. Durante questo periodo ho alternato il mio lavoro di Assistente Sociale con viaggi in Africa per conto dell&#8217;Associazione. Com&#8217;\u00e8 noto il Ciad \u00e8 il [&hellip;]\" \/>\n<meta property=\"og:url\" content=\"https:\/\/www.socialchangeschool.org\/it\/15\/03\/2016\/storiedalcampo-antonella-e-i-suoi-progetti-in-chad\/\" \/>\n<meta property=\"og:site_name\" content=\"SocialChangeSchool\" \/>\n<meta property=\"article:published_time\" content=\"2016-03-15T12:04:43+00:00\" \/>\n<meta property=\"og:image\" content=\"https:\/\/www.socialchangeschool.org\/wp-content\/uploads\/2022\/06\/Logo-SocialChangeSchool.png\" \/>\n\t<meta property=\"og:image:width\" content=\"1721\" \/>\n\t<meta property=\"og:image:height\" content=\"1721\" \/>\n\t<meta property=\"og:image:type\" content=\"image\/png\" \/>\n<meta name=\"author\" content=\"Laura Reiss\" \/>\n<meta name=\"twitter:card\" content=\"summary_large_image\" \/>\n<meta name=\"twitter:label1\" content=\"Scritto da\" \/>\n\t<meta name=\"twitter:data1\" content=\"Laura Reiss\" \/>\n\t<meta name=\"twitter:label2\" content=\"Tempo di lettura stimato\" \/>\n\t<meta name=\"twitter:data2\" content=\"2 minuti\" \/>\n<script type=\"application\/ld+json\" class=\"yoast-schema-graph\">{\"@context\":\"https:\\\/\\\/schema.org\",\"@graph\":[{\"@type\":\"Article\",\"@id\":\"https:\\\/\\\/www.socialchangeschool.org\\\/it\\\/15\\\/03\\\/2016\\\/storiedalcampo-antonella-e-i-suoi-progetti-in-chad\\\/#article\",\"isPartOf\":{\"@id\":\"https:\\\/\\\/www.socialchangeschool.org\\\/it\\\/15\\\/03\\\/2016\\\/storiedalcampo-antonella-e-i-suoi-progetti-in-chad\\\/\"},\"author\":{\"name\":\"Laura Reiss\",\"@id\":\"https:\\\/\\\/www.socialchangeschool.org\\\/it\\\/#\\\/schema\\\/person\\\/830e0c463a7c51633e79f9b14aadf794\"},\"headline\":\"#StoriedalCampo: Antonella e i suoi progetti in Chad\",\"datePublished\":\"2016-03-15T12:04:43+00:00\",\"mainEntityOfPage\":{\"@id\":\"https:\\\/\\\/www.socialchangeschool.org\\\/it\\\/15\\\/03\\\/2016\\\/storiedalcampo-antonella-e-i-suoi-progetti-in-chad\\\/\"},\"wordCount\":350,\"publisher\":{\"@id\":\"https:\\\/\\\/www.socialchangeschool.org\\\/it\\\/#organization\"},\"articleSection\":[\"Storie dal Campo\"],\"inLanguage\":\"it-IT\"},{\"@type\":\"WebPage\",\"@id\":\"https:\\\/\\\/www.socialchangeschool.org\\\/it\\\/15\\\/03\\\/2016\\\/storiedalcampo-antonella-e-i-suoi-progetti-in-chad\\\/\",\"url\":\"https:\\\/\\\/www.socialchangeschool.org\\\/it\\\/15\\\/03\\\/2016\\\/storiedalcampo-antonella-e-i-suoi-progetti-in-chad\\\/\",\"name\":\"#StoriedalCampo: Antonella e i suoi progetti in Chad - SocialChangeSchool\",\"isPartOf\":{\"@id\":\"https:\\\/\\\/www.socialchangeschool.org\\\/it\\\/#website\"},\"datePublished\":\"2016-03-15T12:04:43+00:00\",\"breadcrumb\":{\"@id\":\"https:\\\/\\\/www.socialchangeschool.org\\\/it\\\/15\\\/03\\\/2016\\\/storiedalcampo-antonella-e-i-suoi-progetti-in-chad\\\/#breadcrumb\"},\"inLanguage\":\"it-IT\",\"potentialAction\":[{\"@type\":\"ReadAction\",\"target\":[\"https:\\\/\\\/www.socialchangeschool.org\\\/it\\\/15\\\/03\\\/2016\\\/storiedalcampo-antonella-e-i-suoi-progetti-in-chad\\\/\"]}]},{\"@type\":\"BreadcrumbList\",\"@id\":\"https:\\\/\\\/www.socialchangeschool.org\\\/it\\\/15\\\/03\\\/2016\\\/storiedalcampo-antonella-e-i-suoi-progetti-in-chad\\\/#breadcrumb\",\"itemListElement\":[{\"@type\":\"ListItem\",\"position\":1,\"name\":\"Home\",\"item\":\"https:\\\/\\\/www.socialchangeschool.org\\\/it\\\/\"},{\"@type\":\"ListItem\",\"position\":2,\"name\":\"#StoriedalCampo: Antonella e i suoi progetti in Chad\"}]},{\"@type\":\"WebSite\",\"@id\":\"https:\\\/\\\/www.socialchangeschool.org\\\/it\\\/#website\",\"url\":\"https:\\\/\\\/www.socialchangeschool.org\\\/it\\\/\",\"name\":\"Social Change School\",\"description\":\"worldwide leader for training, connecting and certificating all professionals of Non Profit sector\",\"publisher\":{\"@id\":\"https:\\\/\\\/www.socialchangeschool.org\\\/it\\\/#organization\"},\"alternateName\":\"Leverage of Social Change transformational training institution\",\"potentialAction\":[{\"@type\":\"SearchAction\",\"target\":{\"@type\":\"EntryPoint\",\"urlTemplate\":\"https:\\\/\\\/www.socialchangeschool.org\\\/it\\\/?s={search_term_string}\"},\"query-input\":{\"@type\":\"PropertyValueSpecification\",\"valueRequired\":true,\"valueName\":\"search_term_string\"}}],\"inLanguage\":\"it-IT\"},{\"@type\":\"Organization\",\"@id\":\"https:\\\/\\\/www.socialchangeschool.org\\\/it\\\/#organization\",\"name\":\"Social Change School\",\"alternateName\":\"worldwide leader for training, connecting and certificating all professionals\",\"url\":\"https:\\\/\\\/www.socialchangeschool.org\\\/it\\\/\",\"logo\":{\"@type\":\"ImageObject\",\"inLanguage\":\"it-IT\",\"@id\":\"https:\\\/\\\/www.socialchangeschool.org\\\/it\\\/#\\\/schema\\\/logo\\\/image\\\/\",\"url\":\"https:\\\/\\\/www.socialchangeschool.org\\\/wp-content\\\/uploads\\\/2022\\\/06\\\/Logo-SocialChangeSchool.png\",\"contentUrl\":\"https:\\\/\\\/www.socialchangeschool.org\\\/wp-content\\\/uploads\\\/2022\\\/06\\\/Logo-SocialChangeSchool.png\",\"width\":1721,\"height\":1721,\"caption\":\"Social Change School\"},\"image\":{\"@id\":\"https:\\\/\\\/www.socialchangeschool.org\\\/it\\\/#\\\/schema\\\/logo\\\/image\\\/\"}},{\"@type\":\"Person\",\"@id\":\"https:\\\/\\\/www.socialchangeschool.org\\\/it\\\/#\\\/schema\\\/person\\\/830e0c463a7c51633e79f9b14aadf794\",\"name\":\"Laura Reiss\",\"url\":\"https:\\\/\\\/www.socialchangeschool.org\\\/it\\\/author\\\/ghost\\\/\"}]}<\/script>\n<!-- \/ Yoast SEO Premium plugin. -->","yoast_head_json":{"title":"#StoriedalCampo: Antonella e i suoi progetti in Chad - SocialChangeSchool","robots":{"index":"index","follow":"follow","max-snippet":"max-snippet:-1","max-image-preview":"max-image-preview:large","max-video-preview":"max-video-preview:-1"},"canonical":"https:\/\/www.socialchangeschool.org\/it\/15\/03\/2016\/storiedalcampo-antonella-e-i-suoi-progetti-in-chad\/","og_locale":"it_IT","og_type":"article","og_title":"#StoriedalCampo: Antonella e i suoi progetti in Chad","og_description":"Da sei anni faccio parte di un&#8217;Associazione Onlus \u201cAmiciad\u201d, con sede in Italia, che sostiene progetti nel sud del Ciad, al confine con il Centrafica, precisamente nell&#8217;ambito della Prefettura di Koumra. Durante questo periodo ho alternato il mio lavoro di Assistente Sociale con viaggi in Africa per conto dell&#8217;Associazione. Com&#8217;\u00e8 noto il Ciad \u00e8 il [&hellip;]","og_url":"https:\/\/www.socialchangeschool.org\/it\/15\/03\/2016\/storiedalcampo-antonella-e-i-suoi-progetti-in-chad\/","og_site_name":"SocialChangeSchool","article_published_time":"2016-03-15T12:04:43+00:00","og_image":[{"width":1721,"height":1721,"url":"https:\/\/www.socialchangeschool.org\/wp-content\/uploads\/2022\/06\/Logo-SocialChangeSchool.png","type":"image\/png"}],"author":"Laura Reiss","twitter_card":"summary_large_image","twitter_misc":{"Scritto da":"Laura Reiss","Tempo di lettura stimato":"2 minuti"},"schema":{"@context":"https:\/\/schema.org","@graph":[{"@type":"Article","@id":"https:\/\/www.socialchangeschool.org\/it\/15\/03\/2016\/storiedalcampo-antonella-e-i-suoi-progetti-in-chad\/#article","isPartOf":{"@id":"https:\/\/www.socialchangeschool.org\/it\/15\/03\/2016\/storiedalcampo-antonella-e-i-suoi-progetti-in-chad\/"},"author":{"name":"Laura Reiss","@id":"https:\/\/www.socialchangeschool.org\/it\/#\/schema\/person\/830e0c463a7c51633e79f9b14aadf794"},"headline":"#StoriedalCampo: Antonella e i suoi progetti in Chad","datePublished":"2016-03-15T12:04:43+00:00","mainEntityOfPage":{"@id":"https:\/\/www.socialchangeschool.org\/it\/15\/03\/2016\/storiedalcampo-antonella-e-i-suoi-progetti-in-chad\/"},"wordCount":350,"publisher":{"@id":"https:\/\/www.socialchangeschool.org\/it\/#organization"},"articleSection":["Storie dal Campo"],"inLanguage":"it-IT"},{"@type":"WebPage","@id":"https:\/\/www.socialchangeschool.org\/it\/15\/03\/2016\/storiedalcampo-antonella-e-i-suoi-progetti-in-chad\/","url":"https:\/\/www.socialchangeschool.org\/it\/15\/03\/2016\/storiedalcampo-antonella-e-i-suoi-progetti-in-chad\/","name":"#StoriedalCampo: Antonella e i suoi progetti in Chad - SocialChangeSchool","isPartOf":{"@id":"https:\/\/www.socialchangeschool.org\/it\/#website"},"datePublished":"2016-03-15T12:04:43+00:00","breadcrumb":{"@id":"https:\/\/www.socialchangeschool.org\/it\/15\/03\/2016\/storiedalcampo-antonella-e-i-suoi-progetti-in-chad\/#breadcrumb"},"inLanguage":"it-IT","potentialAction":[{"@type":"ReadAction","target":["https:\/\/www.socialchangeschool.org\/it\/15\/03\/2016\/storiedalcampo-antonella-e-i-suoi-progetti-in-chad\/"]}]},{"@type":"BreadcrumbList","@id":"https:\/\/www.socialchangeschool.org\/it\/15\/03\/2016\/storiedalcampo-antonella-e-i-suoi-progetti-in-chad\/#breadcrumb","itemListElement":[{"@type":"ListItem","position":1,"name":"Home","item":"https:\/\/www.socialchangeschool.org\/it\/"},{"@type":"ListItem","position":2,"name":"#StoriedalCampo: Antonella e i suoi progetti in Chad"}]},{"@type":"WebSite","@id":"https:\/\/www.socialchangeschool.org\/it\/#website","url":"https:\/\/www.socialchangeschool.org\/it\/","name":"Social Change School","description":"worldwide leader for training, connecting and certificating all professionals of Non Profit sector","publisher":{"@id":"https:\/\/www.socialchangeschool.org\/it\/#organization"},"alternateName":"Leverage of Social Change transformational training institution","potentialAction":[{"@type":"SearchAction","target":{"@type":"EntryPoint","urlTemplate":"https:\/\/www.socialchangeschool.org\/it\/?s={search_term_string}"},"query-input":{"@type":"PropertyValueSpecification","valueRequired":true,"valueName":"search_term_string"}}],"inLanguage":"it-IT"},{"@type":"Organization","@id":"https:\/\/www.socialchangeschool.org\/it\/#organization","name":"Social Change School","alternateName":"worldwide leader for training, connecting and certificating all professionals","url":"https:\/\/www.socialchangeschool.org\/it\/","logo":{"@type":"ImageObject","inLanguage":"it-IT","@id":"https:\/\/www.socialchangeschool.org\/it\/#\/schema\/logo\/image\/","url":"https:\/\/www.socialchangeschool.org\/wp-content\/uploads\/2022\/06\/Logo-SocialChangeSchool.png","contentUrl":"https:\/\/www.socialchangeschool.org\/wp-content\/uploads\/2022\/06\/Logo-SocialChangeSchool.png","width":1721,"height":1721,"caption":"Social Change School"},"image":{"@id":"https:\/\/www.socialchangeschool.org\/it\/#\/schema\/logo\/image\/"}},{"@type":"Person","@id":"https:\/\/www.socialchangeschool.org\/it\/#\/schema\/person\/830e0c463a7c51633e79f9b14aadf794","name":"Laura Reiss","url":"https:\/\/www.socialchangeschool.org\/it\/author\/ghost\/"}]}},"_links":{"self":[{"href":"https:\/\/www.socialchangeschool.org\/it\/wp-json\/wp\/v2\/posts\/37615","targetHints":{"allow":["GET"]}}],"collection":[{"href":"https:\/\/www.socialchangeschool.org\/it\/wp-json\/wp\/v2\/posts"}],"about":[{"href":"https:\/\/www.socialchangeschool.org\/it\/wp-json\/wp\/v2\/types\/post"}],"author":[{"embeddable":true,"href":"https:\/\/www.socialchangeschool.org\/it\/wp-json\/wp\/v2\/users\/2"}],"replies":[{"embeddable":true,"href":"https:\/\/www.socialchangeschool.org\/it\/wp-json\/wp\/v2\/comments?post=37615"}],"version-history":[{"count":0,"href":"https:\/\/www.socialchangeschool.org\/it\/wp-json\/wp\/v2\/posts\/37615\/revisions"}],"wp:attachment":[{"href":"https:\/\/www.socialchangeschool.org\/it\/wp-json\/wp\/v2\/media?parent=37615"}],"wp:term":[{"taxonomy":"category","embeddable":true,"href":"https:\/\/www.socialchangeschool.org\/it\/wp-json\/wp\/v2\/categories?post=37615"},{"taxonomy":"post_tag","embeddable":true,"href":"https:\/\/www.socialchangeschool.org\/it\/wp-json\/wp\/v2\/tags?post=37615"}],"curies":[{"name":"wp","href":"https:\/\/api.w.org\/{rel}","templated":true}]}}