{"id":37580,"date":"2015-06-09T13:21:46","date_gmt":"2015-06-09T13:21:46","guid":{"rendered":"http:\/\/socialchangeschool.org\/09\/06\/2015\/prepararsi-al-futuro-la-csr-una-risposta-possibile\/"},"modified":"2015-06-09T13:21:46","modified_gmt":"2015-06-09T13:21:46","slug":"prepararsi-al-futuro-la-csr-una-risposta-possibile","status":"publish","type":"post","link":"https:\/\/www.socialchangeschool.org\/it\/09\/06\/2015\/prepararsi-al-futuro-la-csr-una-risposta-possibile\/","title":{"rendered":"Prepararsi al futuro: la CSR una risposta possibile?"},"content":{"rendered":"<p style=\"text-align: justify;\"><strong>Maria Carla Cardelli| 9 Giugno 2015<\/strong><\/p>\n<p style=\"text-align: justify;\">Con la <strong>crisi economica mondiale<\/strong> e la <strong>globalizzazione della cultura e dell\u2019economia<\/strong> in un contesto dove il pensiero politico ed economico dominante \u00e8 quello basato sui principi dell\u2019<strong>economia neoclassica <\/strong>ci si chiede quale sar\u00e0 la risposta futura da parte delle imprese rispetto alle necessit\u00e0 sociali ed umane del globo. Una risposta forse potrebbe arrivare dai risultati dell\u2019<strong>ultima indagine dell\u2019osservatorio Socialis di Errepi Comunicazione<\/strong>.<\/p>\n<p style=\"text-align: justify;\">Contrariamente alle aspettative, emerge un aumento del numero di imprese italiane impegnate nella <strong>responsabilit\u00e0 sociale d\u2019impresa.<\/strong> Ma <strong>le nuove strategie aziendali sono incentrate sul coinvolgimento dei dipendenti: lotta agli sprechi, ottimizzazione dei consumi energetici e ciclo dei rifiuti.<\/strong> E il volume degli investimenti \u00e8 diminuito rispetto agli anni precedenti.<\/p>\n<p style=\"text-align: justify;\">In ogni caso il rapporto registra uno sviluppo dell\u2019attenzione verso la <strong>responsabilit\u00e0 sociale<\/strong> a seguito della crisi, <strong>la Corporate Social Responsibility (CSR)<\/strong> <strong>viene infatti concepita come un potente strumento di riposizionamento strategico.<\/strong> La consapevolezza dell\u2019importanza della CSR si \u00e8 fatta pi\u00f9 diffusa tra le nostre aziende e ha permeato la loro stessa identit\u00e0.<\/p>\n<p style=\"text-align: justify;\">Per il futuro la direzione d\u2019investimento complessivamente pi\u00f9 referenziata \u00e8 quella della <strong>sostenibilit\u00e0 ambientale<\/strong>: <strong>riduzione degli sprechi in primis (64%)<\/strong>, seguita dalla <strong>riduzione dell\u2019inquinamento (51%<\/strong>). A seguire, ad una certa distanza percentuale, le <strong>pari opportunit\u00e0 (25%)<\/strong> e <strong>l\u2019integrazione sociale (21%)<\/strong>.<\/p>\n<p style=\"text-align: justify;\"><strong>Gli ambiti di investimento principali sono il risparmio energetico<\/strong> e <strong>contenimento degli sprechi<\/strong> e <strong>iniziative a favore dei dipendenti<\/strong>. Seguono lo smaltimento dei rifiuti, le iniziative di solidariet\u00e0 e sostegno umanitario, le attivit\u00e0 sportive e quelle artistiche e culturali. Nuove tecnologie per lo smaltimento dei rifiuti e il risparmio energetico, borse di studio alle universit\u00e0, possibilit\u00e0 di destinare direttamente dalla propria busta paga una quota ad associazioni attive sul territorio o <strong>iniziative di solidariet\u00e0<\/strong>, <strong>welfare aziendale<\/strong>, <strong>giornate di volontariato<\/strong>: tutte modalit\u00e0 di impegno che le aziende hanno citato nel rapporto, segno di una nuova spinta delle aziende ad essere attive sul territorio.<\/p>\n<p style=\"text-align: justify;\">Il ruolo di cittadini e istituzioni che devono rendere la responsabilit\u00e0 sociale, ambientale e fiscale delle imprese economicamente sostenibile, anzi conveniente, diventa fondamentale.<\/p>\n<p style=\"text-align: justify;\">Al <strong>salone della CSR del 6 maggio scorso<\/strong>, a Roma, \u00e8 stato fatto il punto della situazione. <strong><em>Vito Gulli (Asdomar)<\/em><\/strong> ha sottolineato la seguente questione: <strong>la responsabilit\u00e0 sociale, ambientale, fiscale delle imprese \u00e8 cosa bella, buona, giusta<\/strong>, da essa passa la nostra salvezza ed \u00e8 anche ci\u00f2 che pu\u00f2 rendere la nostra vita felice, <strong>ma il problema \u00e8 renderla economicamente sostenibile<\/strong> o conveniente. Un modo per far s\u00ec che ci\u00f2 avvenga \u00e8 dato dal comportamento di consumo della societ\u00e0 che deve scegliere anche sulla base dell\u2019etica delle aziende e non solo su criteri di costo.<\/p>\n<p style=\"text-align: justify;\"><strong>Le imprese sono stimolate ad attivarsi su questo fronte solo per migliorare l\u2019immagine<\/strong> e le proprie relazioni sul territorio, <strong>invece sarebbe necessaria una maggiore consapevolezza da parte delle istituzioni<\/strong> <strong>e della popolazione<\/strong> anche mediante i media e la formazione universitaria sul tema.<\/p>\n","protected":false},"excerpt":{"rendered":"<p>Maria Carla Cardelli| 9 Giugno 2015 Con la crisi economica mondiale e la globalizzazione della cultura e dell\u2019economia in un contesto dove il pensiero politico ed economico dominante \u00e8 quello basato sui principi dell\u2019economia neoclassica ci si chiede quale sar\u00e0 la risposta futura da parte delle imprese rispetto alle necessit\u00e0 sociali ed umane del globo. [&hellip;]<\/p>\n","protected":false},"author":2,"featured_media":0,"comment_status":"closed","ping_status":"closed","sticky":false,"template":"","format":"standard","meta":{"site-sidebar-layout":"default","site-content-layout":"","ast-site-content-layout":"default","site-content-style":"default","site-sidebar-style":"default","ast-global-header-display":"","ast-banner-title-visibility":"","ast-main-header-display":"","ast-hfb-above-header-display":"","ast-hfb-below-header-display":"","ast-hfb-mobile-header-display":"","site-post-title":"","ast-breadcrumbs-content":"","ast-featured-img":"","footer-sml-layout":"","ast-disable-related-posts":"","theme-transparent-header-meta":"","adv-header-id-meta":"","stick-header-meta":"","header-above-stick-meta":"","header-main-stick-meta":"","header-below-stick-meta":"","astra-migrate-meta-layouts":"default","ast-page-background-enabled":"default","ast-page-background-meta":{"desktop":{"background-color":"","background-image":"","background-repeat":"repeat","background-position":"center center","background-size":"auto","background-attachment":"scroll","background-type":"","background-media":"","overlay-type":"","overlay-color":"","overlay-opacity":"","overlay-gradient":""},"tablet":{"background-color":"","background-image":"","background-repeat":"repeat","background-position":"center center","background-size":"auto","background-attachment":"scroll","background-type":"","background-media":"","overlay-type":"","overlay-color":"","overlay-opacity":"","overlay-gradient":""},"mobile":{"background-color":"","background-image":"","background-repeat":"repeat","background-position":"center center","background-size":"auto","background-attachment":"scroll","background-type":"","background-media":"","overlay-type":"","overlay-color":"","overlay-opacity":"","overlay-gradient":""}},"ast-content-background-meta":{"desktop":{"background-color":"var(--ast-global-color-5)","background-image":"","background-repeat":"repeat","background-position":"center center","background-size":"auto","background-attachment":"scroll","background-type":"","background-media":"","overlay-type":"","overlay-color":"","overlay-opacity":"","overlay-gradient":""},"tablet":{"background-color":"var(--ast-global-color-5)","background-image":"","background-repeat":"repeat","background-position":"center center","background-size":"auto","background-attachment":"scroll","background-type":"","background-media":"","overlay-type":"","overlay-color":"","overlay-opacity":"","overlay-gradient":""},"mobile":{"background-color":"var(--ast-global-color-5)","background-image":"","background-repeat":"repeat","background-position":"center center","background-size":"auto","background-attachment":"scroll","background-type":"","background-media":"","overlay-type":"","overlay-color":"","overlay-opacity":"","overlay-gradient":""}},"footnotes":""},"categories":[197],"tags":[],"class_list":["post-37580","post","type-post","status-publish","format-standard","hentry","category-responsabilita-sociale-dimpresa"],"yoast_head":"<!-- This site is optimized with the Yoast SEO Premium plugin v27.2 (Yoast SEO v27.5) - https:\/\/yoast.com\/product\/yoast-seo-premium-wordpress\/ -->\n<title>Prepararsi al futuro: la CSR una risposta possibile? - SocialChangeSchool<\/title>\n<meta name=\"robots\" content=\"index, follow, max-snippet:-1, max-image-preview:large, max-video-preview:-1\" \/>\n<link rel=\"canonical\" href=\"https:\/\/www.socialchangeschool.org\/it\/09\/06\/2015\/prepararsi-al-futuro-la-csr-una-risposta-possibile\/\" \/>\n<meta property=\"og:locale\" content=\"it_IT\" \/>\n<meta property=\"og:type\" content=\"article\" \/>\n<meta property=\"og:title\" content=\"Prepararsi al futuro: la CSR una risposta possibile?\" \/>\n<meta property=\"og:description\" content=\"Maria Carla Cardelli| 9 Giugno 2015 Con la crisi economica mondiale e la globalizzazione della cultura e dell\u2019economia in un contesto dove il pensiero politico ed economico dominante \u00e8 quello basato sui principi dell\u2019economia neoclassica ci si chiede quale sar\u00e0 la risposta futura da parte delle imprese rispetto alle necessit\u00e0 sociali ed umane del globo. [&hellip;]\" \/>\n<meta property=\"og:url\" content=\"https:\/\/www.socialchangeschool.org\/it\/09\/06\/2015\/prepararsi-al-futuro-la-csr-una-risposta-possibile\/\" \/>\n<meta property=\"og:site_name\" content=\"SocialChangeSchool\" \/>\n<meta property=\"article:published_time\" content=\"2015-06-09T13:21:46+00:00\" \/>\n<meta property=\"og:image\" content=\"https:\/\/www.socialchangeschool.org\/wp-content\/uploads\/2022\/06\/Logo-SocialChangeSchool.png\" \/>\n\t<meta property=\"og:image:width\" content=\"1721\" \/>\n\t<meta property=\"og:image:height\" content=\"1721\" \/>\n\t<meta property=\"og:image:type\" content=\"image\/png\" \/>\n<meta name=\"author\" content=\"Laura Reiss\" \/>\n<meta name=\"twitter:card\" content=\"summary_large_image\" \/>\n<meta name=\"twitter:label1\" content=\"Scritto da\" \/>\n\t<meta name=\"twitter:data1\" content=\"Laura Reiss\" \/>\n\t<meta name=\"twitter:label2\" content=\"Tempo di lettura stimato\" \/>\n\t<meta name=\"twitter:data2\" content=\"2 minuti\" \/>\n<script type=\"application\/ld+json\" class=\"yoast-schema-graph\">{\"@context\":\"https:\\\/\\\/schema.org\",\"@graph\":[{\"@type\":\"Article\",\"@id\":\"https:\\\/\\\/www.socialchangeschool.org\\\/it\\\/09\\\/06\\\/2015\\\/prepararsi-al-futuro-la-csr-una-risposta-possibile\\\/#article\",\"isPartOf\":{\"@id\":\"https:\\\/\\\/www.socialchangeschool.org\\\/it\\\/09\\\/06\\\/2015\\\/prepararsi-al-futuro-la-csr-una-risposta-possibile\\\/\"},\"author\":{\"name\":\"Laura Reiss\",\"@id\":\"https:\\\/\\\/www.socialchangeschool.org\\\/it\\\/#\\\/schema\\\/person\\\/830e0c463a7c51633e79f9b14aadf794\"},\"headline\":\"Prepararsi al futuro: la CSR una risposta possibile?\",\"datePublished\":\"2015-06-09T13:21:46+00:00\",\"mainEntityOfPage\":{\"@id\":\"https:\\\/\\\/www.socialchangeschool.org\\\/it\\\/09\\\/06\\\/2015\\\/prepararsi-al-futuro-la-csr-una-risposta-possibile\\\/\"},\"wordCount\":477,\"publisher\":{\"@id\":\"https:\\\/\\\/www.socialchangeschool.org\\\/it\\\/#organization\"},\"articleSection\":[\"Responsabilit\u00e0 sociale d'impresa\"],\"inLanguage\":\"it-IT\"},{\"@type\":\"WebPage\",\"@id\":\"https:\\\/\\\/www.socialchangeschool.org\\\/it\\\/09\\\/06\\\/2015\\\/prepararsi-al-futuro-la-csr-una-risposta-possibile\\\/\",\"url\":\"https:\\\/\\\/www.socialchangeschool.org\\\/it\\\/09\\\/06\\\/2015\\\/prepararsi-al-futuro-la-csr-una-risposta-possibile\\\/\",\"name\":\"Prepararsi al futuro: la CSR una risposta possibile? - SocialChangeSchool\",\"isPartOf\":{\"@id\":\"https:\\\/\\\/www.socialchangeschool.org\\\/it\\\/#website\"},\"datePublished\":\"2015-06-09T13:21:46+00:00\",\"breadcrumb\":{\"@id\":\"https:\\\/\\\/www.socialchangeschool.org\\\/it\\\/09\\\/06\\\/2015\\\/prepararsi-al-futuro-la-csr-una-risposta-possibile\\\/#breadcrumb\"},\"inLanguage\":\"it-IT\",\"potentialAction\":[{\"@type\":\"ReadAction\",\"target\":[\"https:\\\/\\\/www.socialchangeschool.org\\\/it\\\/09\\\/06\\\/2015\\\/prepararsi-al-futuro-la-csr-una-risposta-possibile\\\/\"]}]},{\"@type\":\"BreadcrumbList\",\"@id\":\"https:\\\/\\\/www.socialchangeschool.org\\\/it\\\/09\\\/06\\\/2015\\\/prepararsi-al-futuro-la-csr-una-risposta-possibile\\\/#breadcrumb\",\"itemListElement\":[{\"@type\":\"ListItem\",\"position\":1,\"name\":\"Home\",\"item\":\"https:\\\/\\\/www.socialchangeschool.org\\\/it\\\/\"},{\"@type\":\"ListItem\",\"position\":2,\"name\":\"Prepararsi al futuro: la CSR una risposta possibile?\"}]},{\"@type\":\"WebSite\",\"@id\":\"https:\\\/\\\/www.socialchangeschool.org\\\/it\\\/#website\",\"url\":\"https:\\\/\\\/www.socialchangeschool.org\\\/it\\\/\",\"name\":\"Social Change School\",\"description\":\"worldwide leader for training, connecting and certificating all professionals of Non Profit sector\",\"publisher\":{\"@id\":\"https:\\\/\\\/www.socialchangeschool.org\\\/it\\\/#organization\"},\"alternateName\":\"Leverage of Social Change transformational training institution\",\"potentialAction\":[{\"@type\":\"SearchAction\",\"target\":{\"@type\":\"EntryPoint\",\"urlTemplate\":\"https:\\\/\\\/www.socialchangeschool.org\\\/it\\\/?s={search_term_string}\"},\"query-input\":{\"@type\":\"PropertyValueSpecification\",\"valueRequired\":true,\"valueName\":\"search_term_string\"}}],\"inLanguage\":\"it-IT\"},{\"@type\":\"Organization\",\"@id\":\"https:\\\/\\\/www.socialchangeschool.org\\\/it\\\/#organization\",\"name\":\"Social Change School\",\"alternateName\":\"worldwide leader for training, connecting and certificating all professionals\",\"url\":\"https:\\\/\\\/www.socialchangeschool.org\\\/it\\\/\",\"logo\":{\"@type\":\"ImageObject\",\"inLanguage\":\"it-IT\",\"@id\":\"https:\\\/\\\/www.socialchangeschool.org\\\/it\\\/#\\\/schema\\\/logo\\\/image\\\/\",\"url\":\"https:\\\/\\\/www.socialchangeschool.org\\\/wp-content\\\/uploads\\\/2022\\\/06\\\/Logo-SocialChangeSchool.png\",\"contentUrl\":\"https:\\\/\\\/www.socialchangeschool.org\\\/wp-content\\\/uploads\\\/2022\\\/06\\\/Logo-SocialChangeSchool.png\",\"width\":1721,\"height\":1721,\"caption\":\"Social Change School\"},\"image\":{\"@id\":\"https:\\\/\\\/www.socialchangeschool.org\\\/it\\\/#\\\/schema\\\/logo\\\/image\\\/\"}},{\"@type\":\"Person\",\"@id\":\"https:\\\/\\\/www.socialchangeschool.org\\\/it\\\/#\\\/schema\\\/person\\\/830e0c463a7c51633e79f9b14aadf794\",\"name\":\"Laura Reiss\",\"url\":\"https:\\\/\\\/www.socialchangeschool.org\\\/it\\\/author\\\/ghost\\\/\"}]}<\/script>\n<!-- \/ Yoast SEO Premium plugin. -->","yoast_head_json":{"title":"Prepararsi al futuro: la CSR una risposta possibile? - SocialChangeSchool","robots":{"index":"index","follow":"follow","max-snippet":"max-snippet:-1","max-image-preview":"max-image-preview:large","max-video-preview":"max-video-preview:-1"},"canonical":"https:\/\/www.socialchangeschool.org\/it\/09\/06\/2015\/prepararsi-al-futuro-la-csr-una-risposta-possibile\/","og_locale":"it_IT","og_type":"article","og_title":"Prepararsi al futuro: la CSR una risposta possibile?","og_description":"Maria Carla Cardelli| 9 Giugno 2015 Con la crisi economica mondiale e la globalizzazione della cultura e dell\u2019economia in un contesto dove il pensiero politico ed economico dominante \u00e8 quello basato sui principi dell\u2019economia neoclassica ci si chiede quale sar\u00e0 la risposta futura da parte delle imprese rispetto alle necessit\u00e0 sociali ed umane del globo. [&hellip;]","og_url":"https:\/\/www.socialchangeschool.org\/it\/09\/06\/2015\/prepararsi-al-futuro-la-csr-una-risposta-possibile\/","og_site_name":"SocialChangeSchool","article_published_time":"2015-06-09T13:21:46+00:00","og_image":[{"width":1721,"height":1721,"url":"https:\/\/www.socialchangeschool.org\/wp-content\/uploads\/2022\/06\/Logo-SocialChangeSchool.png","type":"image\/png"}],"author":"Laura Reiss","twitter_card":"summary_large_image","twitter_misc":{"Scritto da":"Laura Reiss","Tempo di lettura stimato":"2 minuti"},"schema":{"@context":"https:\/\/schema.org","@graph":[{"@type":"Article","@id":"https:\/\/www.socialchangeschool.org\/it\/09\/06\/2015\/prepararsi-al-futuro-la-csr-una-risposta-possibile\/#article","isPartOf":{"@id":"https:\/\/www.socialchangeschool.org\/it\/09\/06\/2015\/prepararsi-al-futuro-la-csr-una-risposta-possibile\/"},"author":{"name":"Laura Reiss","@id":"https:\/\/www.socialchangeschool.org\/it\/#\/schema\/person\/830e0c463a7c51633e79f9b14aadf794"},"headline":"Prepararsi al futuro: la CSR una risposta possibile?","datePublished":"2015-06-09T13:21:46+00:00","mainEntityOfPage":{"@id":"https:\/\/www.socialchangeschool.org\/it\/09\/06\/2015\/prepararsi-al-futuro-la-csr-una-risposta-possibile\/"},"wordCount":477,"publisher":{"@id":"https:\/\/www.socialchangeschool.org\/it\/#organization"},"articleSection":["Responsabilit\u00e0 sociale d'impresa"],"inLanguage":"it-IT"},{"@type":"WebPage","@id":"https:\/\/www.socialchangeschool.org\/it\/09\/06\/2015\/prepararsi-al-futuro-la-csr-una-risposta-possibile\/","url":"https:\/\/www.socialchangeschool.org\/it\/09\/06\/2015\/prepararsi-al-futuro-la-csr-una-risposta-possibile\/","name":"Prepararsi al futuro: la CSR una risposta possibile? - SocialChangeSchool","isPartOf":{"@id":"https:\/\/www.socialchangeschool.org\/it\/#website"},"datePublished":"2015-06-09T13:21:46+00:00","breadcrumb":{"@id":"https:\/\/www.socialchangeschool.org\/it\/09\/06\/2015\/prepararsi-al-futuro-la-csr-una-risposta-possibile\/#breadcrumb"},"inLanguage":"it-IT","potentialAction":[{"@type":"ReadAction","target":["https:\/\/www.socialchangeschool.org\/it\/09\/06\/2015\/prepararsi-al-futuro-la-csr-una-risposta-possibile\/"]}]},{"@type":"BreadcrumbList","@id":"https:\/\/www.socialchangeschool.org\/it\/09\/06\/2015\/prepararsi-al-futuro-la-csr-una-risposta-possibile\/#breadcrumb","itemListElement":[{"@type":"ListItem","position":1,"name":"Home","item":"https:\/\/www.socialchangeschool.org\/it\/"},{"@type":"ListItem","position":2,"name":"Prepararsi al futuro: la CSR una risposta possibile?"}]},{"@type":"WebSite","@id":"https:\/\/www.socialchangeschool.org\/it\/#website","url":"https:\/\/www.socialchangeschool.org\/it\/","name":"Social Change School","description":"worldwide leader for training, connecting and certificating all professionals of Non Profit sector","publisher":{"@id":"https:\/\/www.socialchangeschool.org\/it\/#organization"},"alternateName":"Leverage of Social Change transformational training institution","potentialAction":[{"@type":"SearchAction","target":{"@type":"EntryPoint","urlTemplate":"https:\/\/www.socialchangeschool.org\/it\/?s={search_term_string}"},"query-input":{"@type":"PropertyValueSpecification","valueRequired":true,"valueName":"search_term_string"}}],"inLanguage":"it-IT"},{"@type":"Organization","@id":"https:\/\/www.socialchangeschool.org\/it\/#organization","name":"Social Change School","alternateName":"worldwide leader for training, connecting and certificating all professionals","url":"https:\/\/www.socialchangeschool.org\/it\/","logo":{"@type":"ImageObject","inLanguage":"it-IT","@id":"https:\/\/www.socialchangeschool.org\/it\/#\/schema\/logo\/image\/","url":"https:\/\/www.socialchangeschool.org\/wp-content\/uploads\/2022\/06\/Logo-SocialChangeSchool.png","contentUrl":"https:\/\/www.socialchangeschool.org\/wp-content\/uploads\/2022\/06\/Logo-SocialChangeSchool.png","width":1721,"height":1721,"caption":"Social Change School"},"image":{"@id":"https:\/\/www.socialchangeschool.org\/it\/#\/schema\/logo\/image\/"}},{"@type":"Person","@id":"https:\/\/www.socialchangeschool.org\/it\/#\/schema\/person\/830e0c463a7c51633e79f9b14aadf794","name":"Laura Reiss","url":"https:\/\/www.socialchangeschool.org\/it\/author\/ghost\/"}]}},"_links":{"self":[{"href":"https:\/\/www.socialchangeschool.org\/it\/wp-json\/wp\/v2\/posts\/37580","targetHints":{"allow":["GET"]}}],"collection":[{"href":"https:\/\/www.socialchangeschool.org\/it\/wp-json\/wp\/v2\/posts"}],"about":[{"href":"https:\/\/www.socialchangeschool.org\/it\/wp-json\/wp\/v2\/types\/post"}],"author":[{"embeddable":true,"href":"https:\/\/www.socialchangeschool.org\/it\/wp-json\/wp\/v2\/users\/2"}],"replies":[{"embeddable":true,"href":"https:\/\/www.socialchangeschool.org\/it\/wp-json\/wp\/v2\/comments?post=37580"}],"version-history":[{"count":0,"href":"https:\/\/www.socialchangeschool.org\/it\/wp-json\/wp\/v2\/posts\/37580\/revisions"}],"wp:attachment":[{"href":"https:\/\/www.socialchangeschool.org\/it\/wp-json\/wp\/v2\/media?parent=37580"}],"wp:term":[{"taxonomy":"category","embeddable":true,"href":"https:\/\/www.socialchangeschool.org\/it\/wp-json\/wp\/v2\/categories?post=37580"},{"taxonomy":"post_tag","embeddable":true,"href":"https:\/\/www.socialchangeschool.org\/it\/wp-json\/wp\/v2\/tags?post=37580"}],"curies":[{"name":"wp","href":"https:\/\/api.w.org\/{rel}","templated":true}]}}