{"id":37552,"date":"2015-03-24T09:36:25","date_gmt":"2015-03-24T09:36:25","guid":{"rendered":"http:\/\/socialchangeschool.org\/24\/03\/2015\/il-futuro-delle-ong-internazionali-e-la-collaborazione-con-il-settore-privato\/"},"modified":"2015-03-24T09:36:25","modified_gmt":"2015-03-24T09:36:25","slug":"il-futuro-delle-ong-internazionali-e-la-collaborazione-con-il-settore-privato","status":"publish","type":"post","link":"https:\/\/www.socialchangeschool.org\/it\/24\/03\/2015\/il-futuro-delle-ong-internazionali-e-la-collaborazione-con-il-settore-privato\/","title":{"rendered":"Il futuro delle ONG internazionali e la collaborazione con il settore privato"},"content":{"rendered":"<p><strong>Federico Marcon | 24 Marzo 2015<\/strong><\/p>\n<p style=\"text-align: justify\">Federico Marcon, storico collaboratore di ASVI Social Change e docente sul Result-Based Management, ci propone una sua riflessione sul futuro delle ONG internazionali dal suo <strong>osservatorio di <a href=\"https:\/\/https:\/\/worldvision.com.au\/home\/default.aspx\">World Vision Australia<\/a><\/strong>.<br \/> Da oggi al 2020 dovremmo tenere presente una serie di trend. Tutti i maggiori player globali si porranno lo <strong>Sviluppo Economico<\/strong> come loro priorit\u00e0 numero 1. Per le ONG questo significher\u00e0 che ogni nuovo progetto, al fine di ottenere i fondi necessari da alcuni donors, dovr\u00e0 avere una componente di <strong>sviluppo economico (micro-finanza, social impact investing, social business e microfranchising)<\/strong>. Quindi e&#8217; fondamentale che, nel prossimo futuro, le ONG si dotino di competenze forti in questo settore perche&#8217; lo sviluppo economico sta diventando un tema cross-cutting e non semplicemente uno specifico e isolato.<br \/> Alcuni donors (tra cui, nello specifico, il governo australiano) si sono impegnati ad aumentare la quota di <strong>Aid for Trade<\/strong> nei prossimi anni, dando prominenza al coinvolgimento del settore privato. Qui non si parla solo di PPP (partenariato pubblico-privato), ma del fatto che ogni ONG deve avere un partner privato per presentare un progetto. Anche qui, sar\u00e0 fondamentale capire <strong>come imparare a lavorare con il settore privato, che si presenta alle ONG<\/strong> sotto una <strong>triplice veste<\/strong>:<strong> concorrente<\/strong> (per call aperte a tutti), <strong>partner e contractor<\/strong> (con l&#8217;ONG che agisce da sub-contractor).<br \/> Lo stesso discorso vale per i governi locali. Con la priorit\u00e0 data dai grandi donors al sistema di <strong>budgetary support<\/strong>, attraverso fondi canalizzati al governo in prima istanza, i governi diventano potenziali contractors di ONG, ma possono anche essere partner oppure concorrenti (su grandi iniziative quali <strong>Global Fund<\/strong>, con competizione aperta tra governi e ONG). Anche qui, occorre investire in <strong>capacity building per personale ONG<\/strong> su come lavorare coi governi in questa triplice veste.<br \/> Secondo il <strong>World Charity Index 2014<\/strong>, delle 20 Fondazioni erogatrici pi\u00f9 generose nel 2014, 14 sono americane. Dopo che Obama ha posto il Climate Change come altissima priorit\u00e0 nell\u2019agenda del suo governo, vediamo come le Fondazioni statunitensi stiano seguendo il trend e le ultime opportunit\u00e0 siano focalizzate proprio su questo. Di nuovo, occorre legare tale tema a quello della <strong>smart agriculture<\/strong> e dello <strong>sviluppo economico<\/strong>, per aiutare i contadini ad adottare tecniche agricole che non impattino sull&#8217;ambiente e affinch\u00e9 producano buoni profitti. Questa area tematica e&#8217; quella dove si concentreranno i maggiori margini di crescita nel breve-medio periodo.<\/p>\n","protected":false},"excerpt":{"rendered":"<p>Federico Marcon | 24 Marzo 2015 Federico Marcon, storico collaboratore di ASVI Social Change e docente sul Result-Based Management, ci propone una sua riflessione sul futuro delle ONG internazionali dal suo osservatorio di World Vision Australia. Da oggi al 2020 dovremmo tenere presente una serie di trend. Tutti i maggiori player globali si porranno lo [&hellip;]<\/p>\n","protected":false},"author":2,"featured_media":0,"comment_status":"closed","ping_status":"closed","sticky":false,"template":"","format":"standard","meta":{"site-sidebar-layout":"default","site-content-layout":"","ast-site-content-layout":"default","site-content-style":"default","site-sidebar-style":"default","ast-global-header-display":"","ast-banner-title-visibility":"","ast-main-header-display":"","ast-hfb-above-header-display":"","ast-hfb-below-header-display":"","ast-hfb-mobile-header-display":"","site-post-title":"","ast-breadcrumbs-content":"","ast-featured-img":"","footer-sml-layout":"","ast-disable-related-posts":"","theme-transparent-header-meta":"","adv-header-id-meta":"","stick-header-meta":"","header-above-stick-meta":"","header-main-stick-meta":"","header-below-stick-meta":"","astra-migrate-meta-layouts":"default","ast-page-background-enabled":"default","ast-page-background-meta":{"desktop":{"background-color":"","background-image":"","background-repeat":"repeat","background-position":"center center","background-size":"auto","background-attachment":"scroll","background-type":"","background-media":"","overlay-type":"","overlay-color":"","overlay-opacity":"","overlay-gradient":""},"tablet":{"background-color":"","background-image":"","background-repeat":"repeat","background-position":"center center","background-size":"auto","background-attachment":"scroll","background-type":"","background-media":"","overlay-type":"","overlay-color":"","overlay-opacity":"","overlay-gradient":""},"mobile":{"background-color":"","background-image":"","background-repeat":"repeat","background-position":"center center","background-size":"auto","background-attachment":"scroll","background-type":"","background-media":"","overlay-type":"","overlay-color":"","overlay-opacity":"","overlay-gradient":""}},"ast-content-background-meta":{"desktop":{"background-color":"var(--ast-global-color-5)","background-image":"","background-repeat":"repeat","background-position":"center center","background-size":"auto","background-attachment":"scroll","background-type":"","background-media":"","overlay-type":"","overlay-color":"","overlay-opacity":"","overlay-gradient":""},"tablet":{"background-color":"var(--ast-global-color-5)","background-image":"","background-repeat":"repeat","background-position":"center center","background-size":"auto","background-attachment":"scroll","background-type":"","background-media":"","overlay-type":"","overlay-color":"","overlay-opacity":"","overlay-gradient":""},"mobile":{"background-color":"var(--ast-global-color-5)","background-image":"","background-repeat":"repeat","background-position":"center center","background-size":"auto","background-attachment":"scroll","background-type":"","background-media":"","overlay-type":"","overlay-color":"","overlay-opacity":"","overlay-gradient":""}},"footnotes":""},"categories":[190],"tags":[],"class_list":["post-37552","post","type-post","status-publish","format-standard","hentry","category-social-business"],"yoast_head":"<!-- This site is optimized with the Yoast SEO Premium plugin v27.2 (Yoast SEO v27.5) - https:\/\/yoast.com\/product\/yoast-seo-premium-wordpress\/ -->\n<title>Il futuro delle ONG internazionali e la collaborazione con il settore privato - SocialChangeSchool<\/title>\n<meta name=\"robots\" content=\"index, follow, max-snippet:-1, max-image-preview:large, max-video-preview:-1\" \/>\n<link rel=\"canonical\" href=\"https:\/\/www.socialchangeschool.org\/it\/24\/03\/2015\/il-futuro-delle-ong-internazionali-e-la-collaborazione-con-il-settore-privato\/\" \/>\n<meta property=\"og:locale\" content=\"it_IT\" \/>\n<meta property=\"og:type\" content=\"article\" \/>\n<meta property=\"og:title\" content=\"Il futuro delle ONG internazionali e la collaborazione con il settore privato\" \/>\n<meta property=\"og:description\" content=\"Federico Marcon | 24 Marzo 2015 Federico Marcon, storico collaboratore di ASVI Social Change e docente sul Result-Based Management, ci propone una sua riflessione sul futuro delle ONG internazionali dal suo osservatorio di World Vision Australia. Da oggi al 2020 dovremmo tenere presente una serie di trend. Tutti i maggiori player globali si porranno lo [&hellip;]\" \/>\n<meta property=\"og:url\" content=\"https:\/\/www.socialchangeschool.org\/it\/24\/03\/2015\/il-futuro-delle-ong-internazionali-e-la-collaborazione-con-il-settore-privato\/\" \/>\n<meta property=\"og:site_name\" content=\"SocialChangeSchool\" \/>\n<meta property=\"article:published_time\" content=\"2015-03-24T09:36:25+00:00\" \/>\n<meta property=\"og:image\" content=\"https:\/\/www.socialchangeschool.org\/wp-content\/uploads\/2022\/06\/Logo-SocialChangeSchool.png\" \/>\n\t<meta property=\"og:image:width\" content=\"1721\" \/>\n\t<meta property=\"og:image:height\" content=\"1721\" \/>\n\t<meta property=\"og:image:type\" content=\"image\/png\" \/>\n<meta name=\"author\" content=\"Laura Reiss\" \/>\n<meta name=\"twitter:card\" content=\"summary_large_image\" \/>\n<meta name=\"twitter:label1\" content=\"Scritto da\" \/>\n\t<meta name=\"twitter:data1\" content=\"Laura Reiss\" \/>\n\t<meta name=\"twitter:label2\" content=\"Tempo di lettura stimato\" \/>\n\t<meta name=\"twitter:data2\" content=\"2 minuti\" \/>\n<script type=\"application\/ld+json\" class=\"yoast-schema-graph\">{\"@context\":\"https:\\\/\\\/schema.org\",\"@graph\":[{\"@type\":\"Article\",\"@id\":\"https:\\\/\\\/www.socialchangeschool.org\\\/it\\\/24\\\/03\\\/2015\\\/il-futuro-delle-ong-internazionali-e-la-collaborazione-con-il-settore-privato\\\/#article\",\"isPartOf\":{\"@id\":\"https:\\\/\\\/www.socialchangeschool.org\\\/it\\\/24\\\/03\\\/2015\\\/il-futuro-delle-ong-internazionali-e-la-collaborazione-con-il-settore-privato\\\/\"},\"author\":{\"name\":\"Laura Reiss\",\"@id\":\"https:\\\/\\\/www.socialchangeschool.org\\\/it\\\/#\\\/schema\\\/person\\\/830e0c463a7c51633e79f9b14aadf794\"},\"headline\":\"Il futuro delle ONG internazionali e la collaborazione con il settore privato\",\"datePublished\":\"2015-03-24T09:36:25+00:00\",\"mainEntityOfPage\":{\"@id\":\"https:\\\/\\\/www.socialchangeschool.org\\\/it\\\/24\\\/03\\\/2015\\\/il-futuro-delle-ong-internazionali-e-la-collaborazione-con-il-settore-privato\\\/\"},\"wordCount\":398,\"publisher\":{\"@id\":\"https:\\\/\\\/www.socialchangeschool.org\\\/it\\\/#organization\"},\"articleSection\":[\"Social business\"],\"inLanguage\":\"it-IT\"},{\"@type\":\"WebPage\",\"@id\":\"https:\\\/\\\/www.socialchangeschool.org\\\/it\\\/24\\\/03\\\/2015\\\/il-futuro-delle-ong-internazionali-e-la-collaborazione-con-il-settore-privato\\\/\",\"url\":\"https:\\\/\\\/www.socialchangeschool.org\\\/it\\\/24\\\/03\\\/2015\\\/il-futuro-delle-ong-internazionali-e-la-collaborazione-con-il-settore-privato\\\/\",\"name\":\"Il futuro delle ONG internazionali e la collaborazione con il settore privato - SocialChangeSchool\",\"isPartOf\":{\"@id\":\"https:\\\/\\\/www.socialchangeschool.org\\\/it\\\/#website\"},\"datePublished\":\"2015-03-24T09:36:25+00:00\",\"breadcrumb\":{\"@id\":\"https:\\\/\\\/www.socialchangeschool.org\\\/it\\\/24\\\/03\\\/2015\\\/il-futuro-delle-ong-internazionali-e-la-collaborazione-con-il-settore-privato\\\/#breadcrumb\"},\"inLanguage\":\"it-IT\",\"potentialAction\":[{\"@type\":\"ReadAction\",\"target\":[\"https:\\\/\\\/www.socialchangeschool.org\\\/it\\\/24\\\/03\\\/2015\\\/il-futuro-delle-ong-internazionali-e-la-collaborazione-con-il-settore-privato\\\/\"]}]},{\"@type\":\"BreadcrumbList\",\"@id\":\"https:\\\/\\\/www.socialchangeschool.org\\\/it\\\/24\\\/03\\\/2015\\\/il-futuro-delle-ong-internazionali-e-la-collaborazione-con-il-settore-privato\\\/#breadcrumb\",\"itemListElement\":[{\"@type\":\"ListItem\",\"position\":1,\"name\":\"Home\",\"item\":\"https:\\\/\\\/www.socialchangeschool.org\\\/it\\\/\"},{\"@type\":\"ListItem\",\"position\":2,\"name\":\"Il futuro delle ONG internazionali e la collaborazione con il settore privato\"}]},{\"@type\":\"WebSite\",\"@id\":\"https:\\\/\\\/www.socialchangeschool.org\\\/it\\\/#website\",\"url\":\"https:\\\/\\\/www.socialchangeschool.org\\\/it\\\/\",\"name\":\"Social Change School\",\"description\":\"worldwide leader for training, connecting and certificating all professionals of Non Profit sector\",\"publisher\":{\"@id\":\"https:\\\/\\\/www.socialchangeschool.org\\\/it\\\/#organization\"},\"alternateName\":\"Leverage of Social Change transformational training institution\",\"potentialAction\":[{\"@type\":\"SearchAction\",\"target\":{\"@type\":\"EntryPoint\",\"urlTemplate\":\"https:\\\/\\\/www.socialchangeschool.org\\\/it\\\/?s={search_term_string}\"},\"query-input\":{\"@type\":\"PropertyValueSpecification\",\"valueRequired\":true,\"valueName\":\"search_term_string\"}}],\"inLanguage\":\"it-IT\"},{\"@type\":\"Organization\",\"@id\":\"https:\\\/\\\/www.socialchangeschool.org\\\/it\\\/#organization\",\"name\":\"Social Change School\",\"alternateName\":\"worldwide leader for training, connecting and certificating all professionals\",\"url\":\"https:\\\/\\\/www.socialchangeschool.org\\\/it\\\/\",\"logo\":{\"@type\":\"ImageObject\",\"inLanguage\":\"it-IT\",\"@id\":\"https:\\\/\\\/www.socialchangeschool.org\\\/it\\\/#\\\/schema\\\/logo\\\/image\\\/\",\"url\":\"https:\\\/\\\/www.socialchangeschool.org\\\/wp-content\\\/uploads\\\/2022\\\/06\\\/Logo-SocialChangeSchool.png\",\"contentUrl\":\"https:\\\/\\\/www.socialchangeschool.org\\\/wp-content\\\/uploads\\\/2022\\\/06\\\/Logo-SocialChangeSchool.png\",\"width\":1721,\"height\":1721,\"caption\":\"Social Change School\"},\"image\":{\"@id\":\"https:\\\/\\\/www.socialchangeschool.org\\\/it\\\/#\\\/schema\\\/logo\\\/image\\\/\"}},{\"@type\":\"Person\",\"@id\":\"https:\\\/\\\/www.socialchangeschool.org\\\/it\\\/#\\\/schema\\\/person\\\/830e0c463a7c51633e79f9b14aadf794\",\"name\":\"Laura Reiss\",\"url\":\"https:\\\/\\\/www.socialchangeschool.org\\\/it\\\/author\\\/ghost\\\/\"}]}<\/script>\n<!-- \/ Yoast SEO Premium plugin. -->","yoast_head_json":{"title":"Il futuro delle ONG internazionali e la collaborazione con il settore privato - SocialChangeSchool","robots":{"index":"index","follow":"follow","max-snippet":"max-snippet:-1","max-image-preview":"max-image-preview:large","max-video-preview":"max-video-preview:-1"},"canonical":"https:\/\/www.socialchangeschool.org\/it\/24\/03\/2015\/il-futuro-delle-ong-internazionali-e-la-collaborazione-con-il-settore-privato\/","og_locale":"it_IT","og_type":"article","og_title":"Il futuro delle ONG internazionali e la collaborazione con il settore privato","og_description":"Federico Marcon | 24 Marzo 2015 Federico Marcon, storico collaboratore di ASVI Social Change e docente sul Result-Based Management, ci propone una sua riflessione sul futuro delle ONG internazionali dal suo osservatorio di World Vision Australia. Da oggi al 2020 dovremmo tenere presente una serie di trend. Tutti i maggiori player globali si porranno lo [&hellip;]","og_url":"https:\/\/www.socialchangeschool.org\/it\/24\/03\/2015\/il-futuro-delle-ong-internazionali-e-la-collaborazione-con-il-settore-privato\/","og_site_name":"SocialChangeSchool","article_published_time":"2015-03-24T09:36:25+00:00","og_image":[{"width":1721,"height":1721,"url":"https:\/\/www.socialchangeschool.org\/wp-content\/uploads\/2022\/06\/Logo-SocialChangeSchool.png","type":"image\/png"}],"author":"Laura Reiss","twitter_card":"summary_large_image","twitter_misc":{"Scritto da":"Laura Reiss","Tempo di lettura stimato":"2 minuti"},"schema":{"@context":"https:\/\/schema.org","@graph":[{"@type":"Article","@id":"https:\/\/www.socialchangeschool.org\/it\/24\/03\/2015\/il-futuro-delle-ong-internazionali-e-la-collaborazione-con-il-settore-privato\/#article","isPartOf":{"@id":"https:\/\/www.socialchangeschool.org\/it\/24\/03\/2015\/il-futuro-delle-ong-internazionali-e-la-collaborazione-con-il-settore-privato\/"},"author":{"name":"Laura Reiss","@id":"https:\/\/www.socialchangeschool.org\/it\/#\/schema\/person\/830e0c463a7c51633e79f9b14aadf794"},"headline":"Il futuro delle ONG internazionali e la collaborazione con il settore privato","datePublished":"2015-03-24T09:36:25+00:00","mainEntityOfPage":{"@id":"https:\/\/www.socialchangeschool.org\/it\/24\/03\/2015\/il-futuro-delle-ong-internazionali-e-la-collaborazione-con-il-settore-privato\/"},"wordCount":398,"publisher":{"@id":"https:\/\/www.socialchangeschool.org\/it\/#organization"},"articleSection":["Social business"],"inLanguage":"it-IT"},{"@type":"WebPage","@id":"https:\/\/www.socialchangeschool.org\/it\/24\/03\/2015\/il-futuro-delle-ong-internazionali-e-la-collaborazione-con-il-settore-privato\/","url":"https:\/\/www.socialchangeschool.org\/it\/24\/03\/2015\/il-futuro-delle-ong-internazionali-e-la-collaborazione-con-il-settore-privato\/","name":"Il futuro delle ONG internazionali e la collaborazione con il settore privato - SocialChangeSchool","isPartOf":{"@id":"https:\/\/www.socialchangeschool.org\/it\/#website"},"datePublished":"2015-03-24T09:36:25+00:00","breadcrumb":{"@id":"https:\/\/www.socialchangeschool.org\/it\/24\/03\/2015\/il-futuro-delle-ong-internazionali-e-la-collaborazione-con-il-settore-privato\/#breadcrumb"},"inLanguage":"it-IT","potentialAction":[{"@type":"ReadAction","target":["https:\/\/www.socialchangeschool.org\/it\/24\/03\/2015\/il-futuro-delle-ong-internazionali-e-la-collaborazione-con-il-settore-privato\/"]}]},{"@type":"BreadcrumbList","@id":"https:\/\/www.socialchangeschool.org\/it\/24\/03\/2015\/il-futuro-delle-ong-internazionali-e-la-collaborazione-con-il-settore-privato\/#breadcrumb","itemListElement":[{"@type":"ListItem","position":1,"name":"Home","item":"https:\/\/www.socialchangeschool.org\/it\/"},{"@type":"ListItem","position":2,"name":"Il futuro delle ONG internazionali e la collaborazione con il settore privato"}]},{"@type":"WebSite","@id":"https:\/\/www.socialchangeschool.org\/it\/#website","url":"https:\/\/www.socialchangeschool.org\/it\/","name":"Social Change School","description":"worldwide leader for training, connecting and certificating all professionals of Non Profit sector","publisher":{"@id":"https:\/\/www.socialchangeschool.org\/it\/#organization"},"alternateName":"Leverage of Social Change transformational training institution","potentialAction":[{"@type":"SearchAction","target":{"@type":"EntryPoint","urlTemplate":"https:\/\/www.socialchangeschool.org\/it\/?s={search_term_string}"},"query-input":{"@type":"PropertyValueSpecification","valueRequired":true,"valueName":"search_term_string"}}],"inLanguage":"it-IT"},{"@type":"Organization","@id":"https:\/\/www.socialchangeschool.org\/it\/#organization","name":"Social Change School","alternateName":"worldwide leader for training, connecting and certificating all professionals","url":"https:\/\/www.socialchangeschool.org\/it\/","logo":{"@type":"ImageObject","inLanguage":"it-IT","@id":"https:\/\/www.socialchangeschool.org\/it\/#\/schema\/logo\/image\/","url":"https:\/\/www.socialchangeschool.org\/wp-content\/uploads\/2022\/06\/Logo-SocialChangeSchool.png","contentUrl":"https:\/\/www.socialchangeschool.org\/wp-content\/uploads\/2022\/06\/Logo-SocialChangeSchool.png","width":1721,"height":1721,"caption":"Social Change School"},"image":{"@id":"https:\/\/www.socialchangeschool.org\/it\/#\/schema\/logo\/image\/"}},{"@type":"Person","@id":"https:\/\/www.socialchangeschool.org\/it\/#\/schema\/person\/830e0c463a7c51633e79f9b14aadf794","name":"Laura Reiss","url":"https:\/\/www.socialchangeschool.org\/it\/author\/ghost\/"}]}},"_links":{"self":[{"href":"https:\/\/www.socialchangeschool.org\/it\/wp-json\/wp\/v2\/posts\/37552","targetHints":{"allow":["GET"]}}],"collection":[{"href":"https:\/\/www.socialchangeschool.org\/it\/wp-json\/wp\/v2\/posts"}],"about":[{"href":"https:\/\/www.socialchangeschool.org\/it\/wp-json\/wp\/v2\/types\/post"}],"author":[{"embeddable":true,"href":"https:\/\/www.socialchangeschool.org\/it\/wp-json\/wp\/v2\/users\/2"}],"replies":[{"embeddable":true,"href":"https:\/\/www.socialchangeschool.org\/it\/wp-json\/wp\/v2\/comments?post=37552"}],"version-history":[{"count":0,"href":"https:\/\/www.socialchangeschool.org\/it\/wp-json\/wp\/v2\/posts\/37552\/revisions"}],"wp:attachment":[{"href":"https:\/\/www.socialchangeschool.org\/it\/wp-json\/wp\/v2\/media?parent=37552"}],"wp:term":[{"taxonomy":"category","embeddable":true,"href":"https:\/\/www.socialchangeschool.org\/it\/wp-json\/wp\/v2\/categories?post=37552"},{"taxonomy":"post_tag","embeddable":true,"href":"https:\/\/www.socialchangeschool.org\/it\/wp-json\/wp\/v2\/tags?post=37552"}],"curies":[{"name":"wp","href":"https:\/\/api.w.org\/{rel}","templated":true}]}}