{"id":37548,"date":"2015-02-24T11:39:29","date_gmt":"2015-02-24T11:39:29","guid":{"rendered":"http:\/\/socialchangeschool.org\/24\/02\/2015\/frittelle-e-sviluppo-una-chiave-per-la-qualita-parte-2\/"},"modified":"2023-03-28T09:07:17","modified_gmt":"2023-03-28T09:07:17","slug":"frittelle-e-sviluppo-una-chiave-per-la-qualita-parte-2","status":"publish","type":"post","link":"https:\/\/www.socialchangeschool.org\/it\/24\/02\/2015\/frittelle-e-sviluppo-una-chiave-per-la-qualita-parte-2\/","title":{"rendered":"Frittelle e sviluppo. Una chiave per la qualit\u00e0. Parte 2"},"content":{"rendered":"<p><strong>Andrea Stroppiana | 24 Febbraio 2015<\/strong><\/p>\n<p>Due anni fa sono stato a <strong>El Alto<\/strong>, una citt\u00e0 poverissima che si trova a 4.100 metri d\u2019altezza nei pressi dell\u2019aeroporto della citt\u00e0 di <strong>La Paz, in Bolivia<\/strong>. Abbiamo visitato un progetto <strong>UNICEF<\/strong> sulle scuole serali dove abbiamo incontrato centinaia di bambini che di giorno fanno i lavori pi\u00f9 umili e la notte vengono ad imparare qualcosa. Sono bambini per lo pi\u00f9 senza famiglia ed i loro lavori faticosi e mal pagati. Nella visita loro hanno raccontato quello che fanno e di come sia dura la quotidianit\u00e0 che vivono e difficile concentrarsi nell\u2019apprendimento. C\u2019era con noi il figlio di un collega italiano di 9 anni che ascoltava ogni cosa con il massimo dell\u2019attenzione. In macchina, tornando a La Paz gli ho chiesto cosa avrebbe voluto ottenere per quei bambini se avesse fatto lui un progetto. La mia domanda era per\u00f2 finalizzata a sapere come lui, digiuno di \u201cprogettese\u201d, mi avrebbe definito gli obiettivi del progetto che avevamo visitato: Mi ha risposto senza troppa esitazione: <strong>\u201cFare in modo che imparino le cose in modo da avere voglia di tornare a scuola tutte le sere\u201d<\/strong>. Mi sono accorto che era questo il vero beneficio auspicabile, e che concetti apparentemente complessi quali obiettivi e sostenibilit\u00e0 erano stati coniugati correttamente; \u00e8 proprio questo quello che mi aspetto di trovare in un progetto di qualit\u00e0. <strong>Era un obiettivo che<\/strong> non <strong>nasceva<\/strong> da un\u2019analisi dei bisogni, ma <strong>da un\u2019analisi delle persone e della loro situazione<\/strong>, e che poteva scaturire da qualcuno che sentiva dentro di s\u00e9 il dolore e la sofferenza di chi voleva aiutare. Lorenzo non avrebbe mai potuto rispondermi di voler ottenere percorsi educativi integrati, n\u00e9 che il territorio facesse rete locale.<\/p>\n<p><em><strong>Ma allora perch\u00e9 oggi gli obiettivi hanno assunto un significato cos\u00ec diametralmente opposto da ci\u00f2 di cui sto parlando? Perch\u00e9 in tutti i progetti che vedo, senza quasi eccezione gli obiettivi continuano a coincidere con le attivit\u00e0?<\/strong><\/em><\/p>\n<p>Le attivit\u00e0 sono diventate allo stesso tempo sia le cose che si fanno sia il motivo stesso per cui vengono fatte collocandosi, in questa seconda accezione, al posto degli obiettivi ed invadendo come la gramigna spazi che non dovrebbero assolutamente occupare. <strong>Le due cose diventano la stessa cosa, il punto di partenza coincide con il punto di arrivo; il \u201cche cosa\u201d equivale al perch\u00e9<\/strong>. Rimane ci\u00f2 che il progetto far\u00e0 e si butta via il motivo per cui lo far\u00e0. <strong>Della componente emotiva dei destinatari si \u00e8 persa ogni traccia<\/strong>, di essa non c\u2019\u00e8 pi\u00f9 alcuno dico alcuno spazio in questo cerchio che si chiude su se stesso, in questa linea che parte senza per\u00f2 arrivare da nessuna parte. Faccio un corso ed il mio obiettivo si esaurisce nell\u2019avere il corso fatto, ci pare normale buttare a mare le capacit\u00e0 che qualcuno dovrebbe aver acquisito ed il loro utilizzo; costruisco la scuola o l\u2019ospedale e l\u2019obiettivo \u00e8 la scuola o l\u2019ospedale costruiti; dell\u2019 educazione e della attenzione sanitaria non c\u2019\u00e8 pi\u00f9 nessuna traccia, non ci importa raggiungerli n\u00e9, meno che meno, valutarne la presenza perch\u00e9 non appaiono nel progetto e perch\u00e9 cos\u00ec si evita di mettere in dubbio il senso di ci\u00f2 che \u00e8 stato fatto.<\/p>\n<p>Il perch\u00e9 si facciano le cose non interessa pi\u00f9 nessuno e tale \u201cperch\u00e9\u201d si getta nella spazzatura come tutte le cose inutili o pericolose. Gli interventi sono autoreferenziali ed i beneficiari che si dovrebbero aiutare si perdono lasciando il posto ai veri beneficiari del nuovo millennio: i partenariati stessi che realizzeranno l\u2019intervento e che ne hanno dato origine con le loro schiere di consulenti. Nascono e prosperano i <strong>\u201cprogettifici\u201d<\/strong>, ed \u00e8 per loro stessi che si fanno i progetti.<\/p>\n<p>\u201cIn uno spazio infinitesimale la tangente dell\u2019angolo retto passa da pi\u00f9 infinito a meno infinito\u201d, diceva il mio professore di trigonometria spostando sulla lavagna una retta attorno ai 360\u00b0 della sua possibile rotazione; da studente questa cosa mi ha sempre affascinato e stupito; non ci potevo credere che bastasse cos\u00ec poco per avvicinare distanze da capogiro e che opposti cos\u00ec lontani fossero in realt\u00e0 tremendamente vicini. Ora l\u2019astrattezza della geometria trigonometrica mi sembra molto pi\u00f9 reale di un tempo. Anche noi stiamo facendo lo stesso e in un attimo ci siamo bevuti la qualit\u00e0 di quello che vogliamo realizzare; nel silenzio e senza accorgercene siamo diventati, in troppi casi, i <strong>burocrati della progettazione<\/strong>. Le emozioni che mettiamo in gioco, se ce ne sono, si riducono all\u2019apprensione per la sopravvivenza delle nostre organizzazioni se non ci vengono approvati abbastanza progetti da coprire i costi di funzionamento sempre pi\u00f9 elevati. Il sistema degli aiuti per lo sviluppo spende pi\u00f9 della met\u00e0 nelle risorse che vengono destinate a combattere la povert\u00e0 per mantenere se stesso ed i propri esperti, e con la stessa logica l\u2019analisi dei problemi \u00e8 diventata l\u2019analisi dei bisogni intesi come loro possibili soluzioni.<\/p>\n<p>Dopo aver letto i pronunciamenti della <strong>Dichiarazione di Parigi (2005)<\/strong> e del <strong>Forum di Accra (2008)<\/strong> sull\u2019efficacia degli interventi di sviluppo senza trovare alcun accenno a queste tematiche, mi chiedo se ci sia ancora spazio per aprire discussioni su questi aspetti apparentemente cos\u00ec irrilevanti e, purtroppo, finora, parlandone in giro e soppesando la volont\u00e0 e l\u2019interesse di affrontare certi argomenti, mi sono dato una risposta assolutamente negativa, e, ancora una volta, <strong>l\u2019amaro si mescola al piacevole gusto delle schicce di mia nonna<\/strong>&#8230;<\/p>\n<p>&nbsp;<\/p>\n","protected":false},"excerpt":{"rendered":"<p>Andrea Stroppiana | 24 Febbraio 2015 Due anni fa sono stato a El Alto, una citt\u00e0 poverissima che si trova a 4.100 metri d\u2019altezza nei pressi dell\u2019aeroporto della citt\u00e0 di La Paz, in Bolivia. Abbiamo visitato un progetto UNICEF sulle scuole serali dove abbiamo incontrato centinaia di bambini che di giorno fanno i lavori pi\u00f9 [&hellip;]<\/p>\n","protected":false},"author":2,"featured_media":0,"comment_status":"closed","ping_status":"closed","sticky":false,"template":"","format":"standard","meta":{"site-sidebar-layout":"default","site-content-layout":"","ast-site-content-layout":"default","site-content-style":"default","site-sidebar-style":"default","ast-global-header-display":"","ast-banner-title-visibility":"","ast-main-header-display":"","ast-hfb-above-header-display":"","ast-hfb-below-header-display":"","ast-hfb-mobile-header-display":"","site-post-title":"","ast-breadcrumbs-content":"","ast-featured-img":"","footer-sml-layout":"","ast-disable-related-posts":"","theme-transparent-header-meta":"","adv-header-id-meta":"","stick-header-meta":"","header-above-stick-meta":"","header-main-stick-meta":"","header-below-stick-meta":"","astra-migrate-meta-layouts":"default","ast-page-background-enabled":"default","ast-page-background-meta":{"desktop":{"background-color":"","background-image":"","background-repeat":"repeat","background-position":"center center","background-size":"auto","background-attachment":"scroll","background-type":"","background-media":"","overlay-type":"","overlay-color":"","overlay-opacity":"","overlay-gradient":""},"tablet":{"background-color":"","background-image":"","background-repeat":"repeat","background-position":"center center","background-size":"auto","background-attachment":"scroll","background-type":"","background-media":"","overlay-type":"","overlay-color":"","overlay-opacity":"","overlay-gradient":""},"mobile":{"background-color":"","background-image":"","background-repeat":"repeat","background-position":"center center","background-size":"auto","background-attachment":"scroll","background-type":"","background-media":"","overlay-type":"","overlay-color":"","overlay-opacity":"","overlay-gradient":""}},"ast-content-background-meta":{"desktop":{"background-color":"var(--ast-global-color-5)","background-image":"","background-repeat":"repeat","background-position":"center center","background-size":"auto","background-attachment":"scroll","background-type":"","background-media":"","overlay-type":"","overlay-color":"","overlay-opacity":"","overlay-gradient":""},"tablet":{"background-color":"var(--ast-global-color-5)","background-image":"","background-repeat":"repeat","background-position":"center center","background-size":"auto","background-attachment":"scroll","background-type":"","background-media":"","overlay-type":"","overlay-color":"","overlay-opacity":"","overlay-gradient":""},"mobile":{"background-color":"var(--ast-global-color-5)","background-image":"","background-repeat":"repeat","background-position":"center center","background-size":"auto","background-attachment":"scroll","background-type":"","background-media":"","overlay-type":"","overlay-color":"","overlay-opacity":"","overlay-gradient":""}},"footnotes":""},"categories":[191],"tags":[278],"class_list":["post-37548","post","type-post","status-publish","format-standard","hentry","category-cooperazione-per-lo-sviluppo","tag-blog-it"],"yoast_head":"<!-- This site is optimized with the Yoast SEO Premium plugin v27.2 (Yoast SEO v27.5) - https:\/\/yoast.com\/product\/yoast-seo-premium-wordpress\/ -->\n<title>Frittelle e sviluppo. Una chiave per la qualit\u00e0. Parte 2 - SocialChangeSchool<\/title>\n<meta name=\"robots\" content=\"index, follow, max-snippet:-1, max-image-preview:large, max-video-preview:-1\" \/>\n<link rel=\"canonical\" href=\"https:\/\/www.socialchangeschool.org\/it\/24\/02\/2015\/frittelle-e-sviluppo-una-chiave-per-la-qualita-parte-2\/\" \/>\n<meta property=\"og:locale\" content=\"it_IT\" \/>\n<meta property=\"og:type\" content=\"article\" \/>\n<meta property=\"og:title\" content=\"Frittelle e sviluppo. Una chiave per la qualit\u00e0. Parte 2\" \/>\n<meta property=\"og:description\" content=\"Andrea Stroppiana | 24 Febbraio 2015 Due anni fa sono stato a El Alto, una citt\u00e0 poverissima che si trova a 4.100 metri d\u2019altezza nei pressi dell\u2019aeroporto della citt\u00e0 di La Paz, in Bolivia. Abbiamo visitato un progetto UNICEF sulle scuole serali dove abbiamo incontrato centinaia di bambini che di giorno fanno i lavori pi\u00f9 [&hellip;]\" \/>\n<meta property=\"og:url\" content=\"https:\/\/www.socialchangeschool.org\/it\/24\/02\/2015\/frittelle-e-sviluppo-una-chiave-per-la-qualita-parte-2\/\" \/>\n<meta property=\"og:site_name\" content=\"SocialChangeSchool\" \/>\n<meta property=\"article:published_time\" content=\"2015-02-24T11:39:29+00:00\" \/>\n<meta property=\"article:modified_time\" content=\"2023-03-28T09:07:17+00:00\" \/>\n<meta property=\"og:image\" content=\"https:\/\/www.socialchangeschool.org\/wp-content\/uploads\/2022\/06\/Logo-SocialChangeSchool.png\" \/>\n\t<meta property=\"og:image:width\" content=\"1721\" \/>\n\t<meta property=\"og:image:height\" content=\"1721\" \/>\n\t<meta property=\"og:image:type\" content=\"image\/png\" \/>\n<meta name=\"author\" content=\"Laura Reiss\" \/>\n<meta name=\"twitter:card\" content=\"summary_large_image\" \/>\n<meta name=\"twitter:label1\" content=\"Scritto da\" \/>\n\t<meta name=\"twitter:data1\" content=\"Laura Reiss\" \/>\n\t<meta name=\"twitter:label2\" content=\"Tempo di lettura stimato\" \/>\n\t<meta name=\"twitter:data2\" content=\"4 minuti\" \/>\n<script type=\"application\/ld+json\" class=\"yoast-schema-graph\">{\"@context\":\"https:\\\/\\\/schema.org\",\"@graph\":[{\"@type\":\"Article\",\"@id\":\"https:\\\/\\\/www.socialchangeschool.org\\\/it\\\/24\\\/02\\\/2015\\\/frittelle-e-sviluppo-una-chiave-per-la-qualita-parte-2\\\/#article\",\"isPartOf\":{\"@id\":\"https:\\\/\\\/www.socialchangeschool.org\\\/it\\\/24\\\/02\\\/2015\\\/frittelle-e-sviluppo-una-chiave-per-la-qualita-parte-2\\\/\"},\"author\":{\"name\":\"Laura Reiss\",\"@id\":\"https:\\\/\\\/www.socialchangeschool.org\\\/it\\\/#\\\/schema\\\/person\\\/830e0c463a7c51633e79f9b14aadf794\"},\"headline\":\"Frittelle e sviluppo. Una chiave per la qualit\u00e0. Parte 2\",\"datePublished\":\"2015-02-24T11:39:29+00:00\",\"dateModified\":\"2023-03-28T09:07:17+00:00\",\"mainEntityOfPage\":{\"@id\":\"https:\\\/\\\/www.socialchangeschool.org\\\/it\\\/24\\\/02\\\/2015\\\/frittelle-e-sviluppo-una-chiave-per-la-qualita-parte-2\\\/\"},\"wordCount\":898,\"publisher\":{\"@id\":\"https:\\\/\\\/www.socialchangeschool.org\\\/it\\\/#organization\"},\"keywords\":[\"Blog\"],\"articleSection\":[\"Cooperazione per lo sviluppo\"],\"inLanguage\":\"it-IT\"},{\"@type\":\"WebPage\",\"@id\":\"https:\\\/\\\/www.socialchangeschool.org\\\/it\\\/24\\\/02\\\/2015\\\/frittelle-e-sviluppo-una-chiave-per-la-qualita-parte-2\\\/\",\"url\":\"https:\\\/\\\/www.socialchangeschool.org\\\/it\\\/24\\\/02\\\/2015\\\/frittelle-e-sviluppo-una-chiave-per-la-qualita-parte-2\\\/\",\"name\":\"Frittelle e sviluppo. Una chiave per la qualit\u00e0. Parte 2 - SocialChangeSchool\",\"isPartOf\":{\"@id\":\"https:\\\/\\\/www.socialchangeschool.org\\\/it\\\/#website\"},\"datePublished\":\"2015-02-24T11:39:29+00:00\",\"dateModified\":\"2023-03-28T09:07:17+00:00\",\"breadcrumb\":{\"@id\":\"https:\\\/\\\/www.socialchangeschool.org\\\/it\\\/24\\\/02\\\/2015\\\/frittelle-e-sviluppo-una-chiave-per-la-qualita-parte-2\\\/#breadcrumb\"},\"inLanguage\":\"it-IT\",\"potentialAction\":[{\"@type\":\"ReadAction\",\"target\":[\"https:\\\/\\\/www.socialchangeschool.org\\\/it\\\/24\\\/02\\\/2015\\\/frittelle-e-sviluppo-una-chiave-per-la-qualita-parte-2\\\/\"]}]},{\"@type\":\"BreadcrumbList\",\"@id\":\"https:\\\/\\\/www.socialchangeschool.org\\\/it\\\/24\\\/02\\\/2015\\\/frittelle-e-sviluppo-una-chiave-per-la-qualita-parte-2\\\/#breadcrumb\",\"itemListElement\":[{\"@type\":\"ListItem\",\"position\":1,\"name\":\"Home\",\"item\":\"https:\\\/\\\/www.socialchangeschool.org\\\/it\\\/\"},{\"@type\":\"ListItem\",\"position\":2,\"name\":\"Frittelle e sviluppo. Una chiave per la qualit\u00e0. Parte 2\"}]},{\"@type\":\"WebSite\",\"@id\":\"https:\\\/\\\/www.socialchangeschool.org\\\/it\\\/#website\",\"url\":\"https:\\\/\\\/www.socialchangeschool.org\\\/it\\\/\",\"name\":\"Social Change School\",\"description\":\"worldwide leader for training, connecting and certificating all professionals of Non Profit sector\",\"publisher\":{\"@id\":\"https:\\\/\\\/www.socialchangeschool.org\\\/it\\\/#organization\"},\"alternateName\":\"Leverage of Social Change transformational training institution\",\"potentialAction\":[{\"@type\":\"SearchAction\",\"target\":{\"@type\":\"EntryPoint\",\"urlTemplate\":\"https:\\\/\\\/www.socialchangeschool.org\\\/it\\\/?s={search_term_string}\"},\"query-input\":{\"@type\":\"PropertyValueSpecification\",\"valueRequired\":true,\"valueName\":\"search_term_string\"}}],\"inLanguage\":\"it-IT\"},{\"@type\":\"Organization\",\"@id\":\"https:\\\/\\\/www.socialchangeschool.org\\\/it\\\/#organization\",\"name\":\"Social Change School\",\"alternateName\":\"worldwide leader for training, connecting and certificating all professionals\",\"url\":\"https:\\\/\\\/www.socialchangeschool.org\\\/it\\\/\",\"logo\":{\"@type\":\"ImageObject\",\"inLanguage\":\"it-IT\",\"@id\":\"https:\\\/\\\/www.socialchangeschool.org\\\/it\\\/#\\\/schema\\\/logo\\\/image\\\/\",\"url\":\"https:\\\/\\\/www.socialchangeschool.org\\\/wp-content\\\/uploads\\\/2022\\\/06\\\/Logo-SocialChangeSchool.png\",\"contentUrl\":\"https:\\\/\\\/www.socialchangeschool.org\\\/wp-content\\\/uploads\\\/2022\\\/06\\\/Logo-SocialChangeSchool.png\",\"width\":1721,\"height\":1721,\"caption\":\"Social Change School\"},\"image\":{\"@id\":\"https:\\\/\\\/www.socialchangeschool.org\\\/it\\\/#\\\/schema\\\/logo\\\/image\\\/\"}},{\"@type\":\"Person\",\"@id\":\"https:\\\/\\\/www.socialchangeschool.org\\\/it\\\/#\\\/schema\\\/person\\\/830e0c463a7c51633e79f9b14aadf794\",\"name\":\"Laura Reiss\",\"url\":\"https:\\\/\\\/www.socialchangeschool.org\\\/it\\\/author\\\/ghost\\\/\"}]}<\/script>\n<!-- \/ Yoast SEO Premium plugin. -->","yoast_head_json":{"title":"Frittelle e sviluppo. Una chiave per la qualit\u00e0. Parte 2 - SocialChangeSchool","robots":{"index":"index","follow":"follow","max-snippet":"max-snippet:-1","max-image-preview":"max-image-preview:large","max-video-preview":"max-video-preview:-1"},"canonical":"https:\/\/www.socialchangeschool.org\/it\/24\/02\/2015\/frittelle-e-sviluppo-una-chiave-per-la-qualita-parte-2\/","og_locale":"it_IT","og_type":"article","og_title":"Frittelle e sviluppo. Una chiave per la qualit\u00e0. Parte 2","og_description":"Andrea Stroppiana | 24 Febbraio 2015 Due anni fa sono stato a El Alto, una citt\u00e0 poverissima che si trova a 4.100 metri d\u2019altezza nei pressi dell\u2019aeroporto della citt\u00e0 di La Paz, in Bolivia. Abbiamo visitato un progetto UNICEF sulle scuole serali dove abbiamo incontrato centinaia di bambini che di giorno fanno i lavori pi\u00f9 [&hellip;]","og_url":"https:\/\/www.socialchangeschool.org\/it\/24\/02\/2015\/frittelle-e-sviluppo-una-chiave-per-la-qualita-parte-2\/","og_site_name":"SocialChangeSchool","article_published_time":"2015-02-24T11:39:29+00:00","article_modified_time":"2023-03-28T09:07:17+00:00","og_image":[{"width":1721,"height":1721,"url":"https:\/\/www.socialchangeschool.org\/wp-content\/uploads\/2022\/06\/Logo-SocialChangeSchool.png","type":"image\/png"}],"author":"Laura Reiss","twitter_card":"summary_large_image","twitter_misc":{"Scritto da":"Laura Reiss","Tempo di lettura stimato":"4 minuti"},"schema":{"@context":"https:\/\/schema.org","@graph":[{"@type":"Article","@id":"https:\/\/www.socialchangeschool.org\/it\/24\/02\/2015\/frittelle-e-sviluppo-una-chiave-per-la-qualita-parte-2\/#article","isPartOf":{"@id":"https:\/\/www.socialchangeschool.org\/it\/24\/02\/2015\/frittelle-e-sviluppo-una-chiave-per-la-qualita-parte-2\/"},"author":{"name":"Laura Reiss","@id":"https:\/\/www.socialchangeschool.org\/it\/#\/schema\/person\/830e0c463a7c51633e79f9b14aadf794"},"headline":"Frittelle e sviluppo. Una chiave per la qualit\u00e0. Parte 2","datePublished":"2015-02-24T11:39:29+00:00","dateModified":"2023-03-28T09:07:17+00:00","mainEntityOfPage":{"@id":"https:\/\/www.socialchangeschool.org\/it\/24\/02\/2015\/frittelle-e-sviluppo-una-chiave-per-la-qualita-parte-2\/"},"wordCount":898,"publisher":{"@id":"https:\/\/www.socialchangeschool.org\/it\/#organization"},"keywords":["Blog"],"articleSection":["Cooperazione per lo sviluppo"],"inLanguage":"it-IT"},{"@type":"WebPage","@id":"https:\/\/www.socialchangeschool.org\/it\/24\/02\/2015\/frittelle-e-sviluppo-una-chiave-per-la-qualita-parte-2\/","url":"https:\/\/www.socialchangeschool.org\/it\/24\/02\/2015\/frittelle-e-sviluppo-una-chiave-per-la-qualita-parte-2\/","name":"Frittelle e sviluppo. Una chiave per la qualit\u00e0. Parte 2 - SocialChangeSchool","isPartOf":{"@id":"https:\/\/www.socialchangeschool.org\/it\/#website"},"datePublished":"2015-02-24T11:39:29+00:00","dateModified":"2023-03-28T09:07:17+00:00","breadcrumb":{"@id":"https:\/\/www.socialchangeschool.org\/it\/24\/02\/2015\/frittelle-e-sviluppo-una-chiave-per-la-qualita-parte-2\/#breadcrumb"},"inLanguage":"it-IT","potentialAction":[{"@type":"ReadAction","target":["https:\/\/www.socialchangeschool.org\/it\/24\/02\/2015\/frittelle-e-sviluppo-una-chiave-per-la-qualita-parte-2\/"]}]},{"@type":"BreadcrumbList","@id":"https:\/\/www.socialchangeschool.org\/it\/24\/02\/2015\/frittelle-e-sviluppo-una-chiave-per-la-qualita-parte-2\/#breadcrumb","itemListElement":[{"@type":"ListItem","position":1,"name":"Home","item":"https:\/\/www.socialchangeschool.org\/it\/"},{"@type":"ListItem","position":2,"name":"Frittelle e sviluppo. Una chiave per la qualit\u00e0. Parte 2"}]},{"@type":"WebSite","@id":"https:\/\/www.socialchangeschool.org\/it\/#website","url":"https:\/\/www.socialchangeschool.org\/it\/","name":"Social Change School","description":"worldwide leader for training, connecting and certificating all professionals of Non Profit sector","publisher":{"@id":"https:\/\/www.socialchangeschool.org\/it\/#organization"},"alternateName":"Leverage of Social Change transformational training institution","potentialAction":[{"@type":"SearchAction","target":{"@type":"EntryPoint","urlTemplate":"https:\/\/www.socialchangeschool.org\/it\/?s={search_term_string}"},"query-input":{"@type":"PropertyValueSpecification","valueRequired":true,"valueName":"search_term_string"}}],"inLanguage":"it-IT"},{"@type":"Organization","@id":"https:\/\/www.socialchangeschool.org\/it\/#organization","name":"Social Change School","alternateName":"worldwide leader for training, connecting and certificating all professionals","url":"https:\/\/www.socialchangeschool.org\/it\/","logo":{"@type":"ImageObject","inLanguage":"it-IT","@id":"https:\/\/www.socialchangeschool.org\/it\/#\/schema\/logo\/image\/","url":"https:\/\/www.socialchangeschool.org\/wp-content\/uploads\/2022\/06\/Logo-SocialChangeSchool.png","contentUrl":"https:\/\/www.socialchangeschool.org\/wp-content\/uploads\/2022\/06\/Logo-SocialChangeSchool.png","width":1721,"height":1721,"caption":"Social Change School"},"image":{"@id":"https:\/\/www.socialchangeschool.org\/it\/#\/schema\/logo\/image\/"}},{"@type":"Person","@id":"https:\/\/www.socialchangeschool.org\/it\/#\/schema\/person\/830e0c463a7c51633e79f9b14aadf794","name":"Laura Reiss","url":"https:\/\/www.socialchangeschool.org\/it\/author\/ghost\/"}]}},"_links":{"self":[{"href":"https:\/\/www.socialchangeschool.org\/it\/wp-json\/wp\/v2\/posts\/37548","targetHints":{"allow":["GET"]}}],"collection":[{"href":"https:\/\/www.socialchangeschool.org\/it\/wp-json\/wp\/v2\/posts"}],"about":[{"href":"https:\/\/www.socialchangeschool.org\/it\/wp-json\/wp\/v2\/types\/post"}],"author":[{"embeddable":true,"href":"https:\/\/www.socialchangeschool.org\/it\/wp-json\/wp\/v2\/users\/2"}],"replies":[{"embeddable":true,"href":"https:\/\/www.socialchangeschool.org\/it\/wp-json\/wp\/v2\/comments?post=37548"}],"version-history":[{"count":0,"href":"https:\/\/www.socialchangeschool.org\/it\/wp-json\/wp\/v2\/posts\/37548\/revisions"}],"wp:attachment":[{"href":"https:\/\/www.socialchangeschool.org\/it\/wp-json\/wp\/v2\/media?parent=37548"}],"wp:term":[{"taxonomy":"category","embeddable":true,"href":"https:\/\/www.socialchangeschool.org\/it\/wp-json\/wp\/v2\/categories?post=37548"},{"taxonomy":"post_tag","embeddable":true,"href":"https:\/\/www.socialchangeschool.org\/it\/wp-json\/wp\/v2\/tags?post=37548"}],"curies":[{"name":"wp","href":"https:\/\/api.w.org\/{rel}","templated":true}]}}