{"id":37490,"date":"2013-09-23T09:21:41","date_gmt":"2013-09-23T09:21:41","guid":{"rendered":"http:\/\/socialchangeschool.org\/23\/09\/2013\/vuoi-fare-innovazione-sociale-globale-rsvp-parte-1-2\/"},"modified":"2013-09-23T09:21:41","modified_gmt":"2013-09-23T09:21:41","slug":"vuoi-fare-innovazione-sociale-globale-rsvp-parte-1-2","status":"publish","type":"post","link":"https:\/\/www.socialchangeschool.org\/it\/23\/09\/2013\/vuoi-fare-innovazione-sociale-globale-rsvp-parte-1-2\/","title":{"rendered":"Vuoi fare innovazione sociale globale? RSVP parte 1 \/ 2"},"content":{"rendered":"<p class=\"MsoNormal\"><span style=\"color: #000000\"><strong>Sandro Calvani | 24 settembre 2013 <\/strong><\/span><\/p>\n<p class=\"MsoNormal\" style=\"margin-top: 8.5pt;margin-right: 0cm;margin-bottom: .0001pt;margin-left: 0cm;text-align: justify;line-height: 14.15pt\"><span><a href=\"https:\/\/www.asvi.it\/web\/wp-content\/uploads\/2013\/09\/spreco_denaro2.jpg\"><img decoding=\"async\" class=\"alignleft size-thumbnail wp-image-12219\" title=\"spreco_denaro2\" src=\"https:\/\/www.asvi.it\/web\/wp-content\/uploads\/2013\/09\/spreco_denaro2-109x150.jpg\" alt=\"\" width=\"109\" height=\"150\" \/><\/a>La domanda globale di cambiamento nei metodi di produzione e consumo di beni essenziali e di distribuzione del reddito \u00e8 chiara a tutti gli studiosi, a tutti governi, a una gran parte delle opinioni pubbliche del mondo intero: avanti cos\u00ec non si pu\u00f2 andare perch\u00e8 l\u2019umanit\u00e0 consuma il doppio di risorse naturali di quelle che il Pianeta pu\u00f2 sostenere in questa e nella prossima generazione. I due principali effetti killer di errati stili di vita (di produzione e di consumo) del genere umano sono la povert\u00e0 mondiale e il cambio climatico, ambedue condanne suicide causate dall\u2019<em>Homo Sapiens ( = <\/em>Intelligente<em>) <\/em>, che ne \u00e8 anche la vittima.<span>\u00a0\u00a0 <\/span><\/span><\/p>\n<p class=\"MsoNormal\" style=\"margin-top: 8.5pt;margin-right: 0cm;margin-bottom: .0001pt;margin-left: 0cm;text-align: justify;line-height: 14.15pt\"><strong><span>La forte riduzione della disuguaglianza \u00e8 dunque il nocciolo dell\u2019innovazione sociale che si aspetta il mondo ? <\/span><\/strong><span>O si tratta solo di un\u2019opinione vetero-comunista come recentemente l\u2019ha definita un deputato americano?<span>\u00a0 <\/span>Un dato chiaro lo offre il Credit Suisse -mai tacciato di opinioni politiche di sinistra- che sintetizza le dimensioni di tali preoccupanti <strong>deviazioni economiche che non sembrano certo intelligenti,<\/strong> nel suo rapporto mondiale sulla ricchezza nel 2012 (<em>Global Wealth Report<\/em>) pubblicato nel Giugno 2013. Il rapporto ha rivelato che l\u20198,1 % pi\u00f9 ricco della popolazione adulta nel mondo controlla beni finanziari e non per un totale di 183 trilioni di dollari, pari al 82,4% di tutta la ricchezza disponibile sul Pianeta, mentre il 69,3 % della gente, cio\u00e8 pi\u00f9 dei due terzi dell\u2019umanit\u00e0, ha a disposizione il 3,3 % della ricchezza. L\u2019Unicef ha commentato che, al ritmo attuale molto lento di riduzione della grave disuguaglianza di accesso ai beni dell\u2019umanit\u00e0, ridurre del 10% la povert\u00e0 del miliardo dei pi\u00f9 poveri al mondo richiederebbe otto secoli e mezzo.<\/span><\/p>\n<p class=\"MsoNormal\" style=\"margin-top: 8.5pt;margin-right: 0cm;margin-bottom: .0001pt;margin-left: 0cm;text-align: justify;line-height: 14.15pt\"><span>Allora a me pare chiaro che le risposte date finora dai governi, dalle organizzazioni internazionali, dalla solidariet\u00e0 e cooperazione allo sviluppo, alla domanda di giustizia e di equo accesso alle risorse fondamentali non ci sono state, o non hanno funzionato, o continuano ad arrivare troppo tardi; o addirittura non si pu\u00f2 escludere del tutto che le soluzioni adottate in risposta al problema siano divenute qualche volta parte del problema. <strong>Trovare alla svelta qualche altra risposta pi\u00f9 efficace pu\u00f2 essere una sfida essenziale per l\u2019innovazione sociale che spunta in tanti angoli del mondo<\/strong>. <\/span><\/p>\n<p class=\"MsoNormal\" style=\"margin-top: 8.5pt;margin-right: 0cm;margin-bottom: .0001pt;margin-left: 0cm;text-align: justify;line-height: 14.15pt\"><span style=\"color: black\">Persone ed istituzioni ben educate che vogliono aver risposta ad un qualche invito lo incoraggiano con un elegante RSVP, abbreviazione del francese <em>R<\/em><\/span><em><span style=\"color: black\">\u00e9pondez, s&#8217;il vous pla\u00eet<\/span><\/em><span style=\"color: black\">, cio\u00e8 \u201cRispondete per favore\u201d . <\/span><\/p>\n<p class=\"MsoNormal\" style=\"margin-top: 8.5pt;margin-right: 0cm;margin-bottom: .0001pt;margin-left: 0cm;text-align: justify;line-height: 14.15pt\"><strong><span style=\"color: black\">R S V P<span>\u00a0 <\/span>\u00e8 anche la mia formula di innovazione sociale<\/span><\/strong><span style=\"color: black\"> che ho proposto ai miei studenti di affari umanitari di analizzare, per accelerare la realizzazione di un mondo pi\u00f9 credibilmente <em>Sapiens. <\/em>Dato che insegno a Bangkok le parole chiave sono in inglese. <\/span><\/p>\n<p class=\"MsoNormal\" style=\"margin-top: 8.5pt;margin-right: 0cm;margin-bottom: .0001pt;margin-left: 0cm;text-align: justify;line-height: 14.15pt\"><span style=\"color: black\">Cominciano con <strong>cinque R, quelle che credo debbano essere i princ\u00ecpi fondanti della formula<\/strong>: <em><span>\u00a0<\/span><span style=\"text-decoration: underline\">Rapport<\/span>: <\/em>le cifre sopra menzionate devono causare a tutte le persone intellettualmente oneste dei brividi da shock. Sta morendo di povert\u00e0 un miliardo di persone con i quali dobbiamo sentire un <em>rapport<\/em> un <em>feeling<\/em> come se fossero figli nostri. <em><span style=\"text-decoration: underline\">Responsibility:<\/span> <\/em>dobbiamo scoprire (mettere a nudo e al lavoro) la nostra responsabilit\u00e0, cio\u00e8 la capacit\u00e0 di trovare le risposte giuste senza aspettare che siano solo i governi a farlo. Sono necessarie <em><span style=\"text-decoration: underline\">Resources <\/span><\/em><span>\u00a0<\/span>sia umane che finanziarie almeno dieci volte maggiori a quelle messe in campo finora. Non \u00e8 un\u2019opzione solo per i volontari o pochi eletti: \u00e8 uno sforzo dell\u2019umanit\u00e0 intera. <em><span style=\"text-decoration: underline\">Results<\/span><\/em>: invece che sulle ideologie e le teorie economico-sociali accademiche e politiche, bisogna puntare sui risultati, cio\u00e8 fare scelte basate sull\u2019evidenza dei risultati ottenuti dalle buone pratiche che funzionano. Infine <em><span style=\"text-decoration: underline\">Risk:<\/span><\/em> bisogna rischiare di pi\u00f9 nel cambiamento e non accontentarsi di formule vecchie, cio\u00e8 dobbiamo rinunciare alle risposte del passato per i problemi del futuro.<\/span><\/p>\n<p class=\"MsoNormal\" style=\"margin-top: 8.5pt;margin-right: 0cm;margin-bottom: .0001pt;margin-left: 0cm;text-align: justify;line-height: 14.15pt\"><strong><span style=\"color: black\">A brevissimo \u2013 su Blog4Change &#8211; il resto dell&#8217;invito ad agire.<\/span><\/strong><\/p>\n<p class=\"MsoNormal\" style=\"margin-top: 8.5pt;margin-right: 0cm;margin-bottom: .0001pt;margin-left: 0cm;text-align: justify;line-height: 14.15pt\">\u00a0<\/p>\n<p class=\"MsoNormal\" style=\"margin-top: 8.5pt;margin-right: 0cm;margin-bottom: .0001pt;margin-left: 0cm;text-align: justify;line-height: 14.15pt\"><a href=\"https:\/\/www.asvi.it\/master\/master-in-social-innovation-social-business-e-project-innovation\/\"><strong>MES<\/strong>. Primo master in italia per la formazione di Progettisti e Manager di Innovazione e Social Business.<\/a><\/p>\n","protected":false},"excerpt":{"rendered":"<p>Sandro Calvani | 24 settembre 2013 La domanda globale di cambiamento nei metodi di produzione e consumo di beni essenziali e di distribuzione del reddito \u00e8 chiara a tutti gli studiosi, a tutti governi, a una gran parte delle opinioni pubbliche del mondo intero: avanti cos\u00ec non si pu\u00f2 andare perch\u00e8 l\u2019umanit\u00e0 consuma il doppio [&hellip;]<\/p>\n","protected":false},"author":2,"featured_media":0,"comment_status":"closed","ping_status":"closed","sticky":false,"template":"","format":"standard","meta":{"site-sidebar-layout":"default","site-content-layout":"","ast-site-content-layout":"default","site-content-style":"default","site-sidebar-style":"default","ast-global-header-display":"","ast-banner-title-visibility":"","ast-main-header-display":"","ast-hfb-above-header-display":"","ast-hfb-below-header-display":"","ast-hfb-mobile-header-display":"","site-post-title":"","ast-breadcrumbs-content":"","ast-featured-img":"","footer-sml-layout":"","ast-disable-related-posts":"","theme-transparent-header-meta":"","adv-header-id-meta":"","stick-header-meta":"","header-above-stick-meta":"","header-main-stick-meta":"","header-below-stick-meta":"","astra-migrate-meta-layouts":"default","ast-page-background-enabled":"default","ast-page-background-meta":{"desktop":{"background-color":"","background-image":"","background-repeat":"repeat","background-position":"center center","background-size":"auto","background-attachment":"scroll","background-type":"","background-media":"","overlay-type":"","overlay-color":"","overlay-opacity":"","overlay-gradient":""},"tablet":{"background-color":"","background-image":"","background-repeat":"repeat","background-position":"center center","background-size":"auto","background-attachment":"scroll","background-type":"","background-media":"","overlay-type":"","overlay-color":"","overlay-opacity":"","overlay-gradient":""},"mobile":{"background-color":"","background-image":"","background-repeat":"repeat","background-position":"center center","background-size":"auto","background-attachment":"scroll","background-type":"","background-media":"","overlay-type":"","overlay-color":"","overlay-opacity":"","overlay-gradient":""}},"ast-content-background-meta":{"desktop":{"background-color":"var(--ast-global-color-5)","background-image":"","background-repeat":"repeat","background-position":"center center","background-size":"auto","background-attachment":"scroll","background-type":"","background-media":"","overlay-type":"","overlay-color":"","overlay-opacity":"","overlay-gradient":""},"tablet":{"background-color":"var(--ast-global-color-5)","background-image":"","background-repeat":"repeat","background-position":"center center","background-size":"auto","background-attachment":"scroll","background-type":"","background-media":"","overlay-type":"","overlay-color":"","overlay-opacity":"","overlay-gradient":""},"mobile":{"background-color":"var(--ast-global-color-5)","background-image":"","background-repeat":"repeat","background-position":"center center","background-size":"auto","background-attachment":"scroll","background-type":"","background-media":"","overlay-type":"","overlay-color":"","overlay-opacity":"","overlay-gradient":""}},"footnotes":""},"categories":[68],"tags":[],"class_list":["post-37490","post","type-post","status-publish","format-standard","hentry","category-social-innovation"],"yoast_head":"<!-- This site is optimized with the Yoast SEO Premium plugin v27.2 (Yoast SEO v27.5) - https:\/\/yoast.com\/product\/yoast-seo-premium-wordpress\/ -->\n<title>Vuoi fare innovazione sociale globale? RSVP parte 1 \/ 2 - SocialChangeSchool<\/title>\n<meta name=\"robots\" content=\"index, follow, max-snippet:-1, max-image-preview:large, max-video-preview:-1\" \/>\n<link rel=\"canonical\" href=\"https:\/\/www.socialchangeschool.org\/it\/23\/09\/2013\/vuoi-fare-innovazione-sociale-globale-rsvp-parte-1-2\/\" \/>\n<meta property=\"og:locale\" content=\"it_IT\" \/>\n<meta property=\"og:type\" content=\"article\" \/>\n<meta property=\"og:title\" content=\"Vuoi fare innovazione sociale globale? RSVP parte 1 \/ 2\" \/>\n<meta property=\"og:description\" content=\"Sandro Calvani | 24 settembre 2013 La domanda globale di cambiamento nei metodi di produzione e consumo di beni essenziali e di distribuzione del reddito \u00e8 chiara a tutti gli studiosi, a tutti governi, a una gran parte delle opinioni pubbliche del mondo intero: avanti cos\u00ec non si pu\u00f2 andare perch\u00e8 l\u2019umanit\u00e0 consuma il doppio [&hellip;]\" \/>\n<meta property=\"og:url\" content=\"https:\/\/www.socialchangeschool.org\/it\/23\/09\/2013\/vuoi-fare-innovazione-sociale-globale-rsvp-parte-1-2\/\" \/>\n<meta property=\"og:site_name\" content=\"SocialChangeSchool\" \/>\n<meta property=\"article:published_time\" content=\"2013-09-23T09:21:41+00:00\" \/>\n<meta property=\"og:image\" content=\"http:\/\/www.asvi.it\/web\/wp-content\/uploads\/2013\/09\/spreco_denaro2-109x150.jpg\" \/>\n<meta name=\"author\" content=\"Laura Reiss\" \/>\n<meta name=\"twitter:card\" content=\"summary_large_image\" \/>\n<meta name=\"twitter:label1\" content=\"Scritto da\" \/>\n\t<meta name=\"twitter:data1\" content=\"Laura Reiss\" \/>\n\t<meta name=\"twitter:label2\" content=\"Tempo di lettura stimato\" \/>\n\t<meta name=\"twitter:data2\" content=\"3 minuti\" \/>\n<script type=\"application\/ld+json\" class=\"yoast-schema-graph\">{\"@context\":\"https:\\\/\\\/schema.org\",\"@graph\":[{\"@type\":\"Article\",\"@id\":\"https:\\\/\\\/www.socialchangeschool.org\\\/it\\\/23\\\/09\\\/2013\\\/vuoi-fare-innovazione-sociale-globale-rsvp-parte-1-2\\\/#article\",\"isPartOf\":{\"@id\":\"https:\\\/\\\/www.socialchangeschool.org\\\/it\\\/23\\\/09\\\/2013\\\/vuoi-fare-innovazione-sociale-globale-rsvp-parte-1-2\\\/\"},\"author\":{\"name\":\"Laura Reiss\",\"@id\":\"https:\\\/\\\/www.socialchangeschool.org\\\/it\\\/#\\\/schema\\\/person\\\/830e0c463a7c51633e79f9b14aadf794\"},\"headline\":\"Vuoi fare innovazione sociale globale? RSVP parte 1 \\\/ 2\",\"datePublished\":\"2013-09-23T09:21:41+00:00\",\"mainEntityOfPage\":{\"@id\":\"https:\\\/\\\/www.socialchangeschool.org\\\/it\\\/23\\\/09\\\/2013\\\/vuoi-fare-innovazione-sociale-globale-rsvp-parte-1-2\\\/\"},\"wordCount\":645,\"publisher\":{\"@id\":\"https:\\\/\\\/www.socialchangeschool.org\\\/it\\\/#organization\"},\"image\":{\"@id\":\"https:\\\/\\\/www.socialchangeschool.org\\\/it\\\/23\\\/09\\\/2013\\\/vuoi-fare-innovazione-sociale-globale-rsvp-parte-1-2\\\/#primaryimage\"},\"thumbnailUrl\":\"http:\\\/\\\/www.asvi.it\\\/web\\\/wp-content\\\/uploads\\\/2013\\\/09\\\/spreco_denaro2-109x150.jpg\",\"articleSection\":[\"Social Innovation\"],\"inLanguage\":\"it-IT\"},{\"@type\":\"WebPage\",\"@id\":\"https:\\\/\\\/www.socialchangeschool.org\\\/it\\\/23\\\/09\\\/2013\\\/vuoi-fare-innovazione-sociale-globale-rsvp-parte-1-2\\\/\",\"url\":\"https:\\\/\\\/www.socialchangeschool.org\\\/it\\\/23\\\/09\\\/2013\\\/vuoi-fare-innovazione-sociale-globale-rsvp-parte-1-2\\\/\",\"name\":\"Vuoi fare innovazione sociale globale? RSVP parte 1 \\\/ 2 - SocialChangeSchool\",\"isPartOf\":{\"@id\":\"https:\\\/\\\/www.socialchangeschool.org\\\/it\\\/#website\"},\"primaryImageOfPage\":{\"@id\":\"https:\\\/\\\/www.socialchangeschool.org\\\/it\\\/23\\\/09\\\/2013\\\/vuoi-fare-innovazione-sociale-globale-rsvp-parte-1-2\\\/#primaryimage\"},\"image\":{\"@id\":\"https:\\\/\\\/www.socialchangeschool.org\\\/it\\\/23\\\/09\\\/2013\\\/vuoi-fare-innovazione-sociale-globale-rsvp-parte-1-2\\\/#primaryimage\"},\"thumbnailUrl\":\"http:\\\/\\\/www.asvi.it\\\/web\\\/wp-content\\\/uploads\\\/2013\\\/09\\\/spreco_denaro2-109x150.jpg\",\"datePublished\":\"2013-09-23T09:21:41+00:00\",\"breadcrumb\":{\"@id\":\"https:\\\/\\\/www.socialchangeschool.org\\\/it\\\/23\\\/09\\\/2013\\\/vuoi-fare-innovazione-sociale-globale-rsvp-parte-1-2\\\/#breadcrumb\"},\"inLanguage\":\"it-IT\",\"potentialAction\":[{\"@type\":\"ReadAction\",\"target\":[\"https:\\\/\\\/www.socialchangeschool.org\\\/it\\\/23\\\/09\\\/2013\\\/vuoi-fare-innovazione-sociale-globale-rsvp-parte-1-2\\\/\"]}]},{\"@type\":\"ImageObject\",\"inLanguage\":\"it-IT\",\"@id\":\"https:\\\/\\\/www.socialchangeschool.org\\\/it\\\/23\\\/09\\\/2013\\\/vuoi-fare-innovazione-sociale-globale-rsvp-parte-1-2\\\/#primaryimage\",\"url\":\"http:\\\/\\\/www.asvi.it\\\/web\\\/wp-content\\\/uploads\\\/2013\\\/09\\\/spreco_denaro2-109x150.jpg\",\"contentUrl\":\"http:\\\/\\\/www.asvi.it\\\/web\\\/wp-content\\\/uploads\\\/2013\\\/09\\\/spreco_denaro2-109x150.jpg\"},{\"@type\":\"BreadcrumbList\",\"@id\":\"https:\\\/\\\/www.socialchangeschool.org\\\/it\\\/23\\\/09\\\/2013\\\/vuoi-fare-innovazione-sociale-globale-rsvp-parte-1-2\\\/#breadcrumb\",\"itemListElement\":[{\"@type\":\"ListItem\",\"position\":1,\"name\":\"Home\",\"item\":\"https:\\\/\\\/www.socialchangeschool.org\\\/it\\\/\"},{\"@type\":\"ListItem\",\"position\":2,\"name\":\"Vuoi fare innovazione sociale globale? RSVP parte 1 \\\/ 2\"}]},{\"@type\":\"WebSite\",\"@id\":\"https:\\\/\\\/www.socialchangeschool.org\\\/it\\\/#website\",\"url\":\"https:\\\/\\\/www.socialchangeschool.org\\\/it\\\/\",\"name\":\"Social Change School\",\"description\":\"worldwide leader for training, connecting and certificating all professionals of Non Profit sector\",\"publisher\":{\"@id\":\"https:\\\/\\\/www.socialchangeschool.org\\\/it\\\/#organization\"},\"alternateName\":\"Leverage of Social Change transformational training institution\",\"potentialAction\":[{\"@type\":\"SearchAction\",\"target\":{\"@type\":\"EntryPoint\",\"urlTemplate\":\"https:\\\/\\\/www.socialchangeschool.org\\\/it\\\/?s={search_term_string}\"},\"query-input\":{\"@type\":\"PropertyValueSpecification\",\"valueRequired\":true,\"valueName\":\"search_term_string\"}}],\"inLanguage\":\"it-IT\"},{\"@type\":\"Organization\",\"@id\":\"https:\\\/\\\/www.socialchangeschool.org\\\/it\\\/#organization\",\"name\":\"Social Change School\",\"alternateName\":\"worldwide leader for training, connecting and certificating all professionals\",\"url\":\"https:\\\/\\\/www.socialchangeschool.org\\\/it\\\/\",\"logo\":{\"@type\":\"ImageObject\",\"inLanguage\":\"it-IT\",\"@id\":\"https:\\\/\\\/www.socialchangeschool.org\\\/it\\\/#\\\/schema\\\/logo\\\/image\\\/\",\"url\":\"https:\\\/\\\/www.socialchangeschool.org\\\/wp-content\\\/uploads\\\/2022\\\/06\\\/Logo-SocialChangeSchool.png\",\"contentUrl\":\"https:\\\/\\\/www.socialchangeschool.org\\\/wp-content\\\/uploads\\\/2022\\\/06\\\/Logo-SocialChangeSchool.png\",\"width\":1721,\"height\":1721,\"caption\":\"Social Change School\"},\"image\":{\"@id\":\"https:\\\/\\\/www.socialchangeschool.org\\\/it\\\/#\\\/schema\\\/logo\\\/image\\\/\"}},{\"@type\":\"Person\",\"@id\":\"https:\\\/\\\/www.socialchangeschool.org\\\/it\\\/#\\\/schema\\\/person\\\/830e0c463a7c51633e79f9b14aadf794\",\"name\":\"Laura Reiss\",\"url\":\"https:\\\/\\\/www.socialchangeschool.org\\\/it\\\/author\\\/ghost\\\/\"}]}<\/script>\n<!-- \/ Yoast SEO Premium plugin. -->","yoast_head_json":{"title":"Vuoi fare innovazione sociale globale? RSVP parte 1 \/ 2 - SocialChangeSchool","robots":{"index":"index","follow":"follow","max-snippet":"max-snippet:-1","max-image-preview":"max-image-preview:large","max-video-preview":"max-video-preview:-1"},"canonical":"https:\/\/www.socialchangeschool.org\/it\/23\/09\/2013\/vuoi-fare-innovazione-sociale-globale-rsvp-parte-1-2\/","og_locale":"it_IT","og_type":"article","og_title":"Vuoi fare innovazione sociale globale? RSVP parte 1 \/ 2","og_description":"Sandro Calvani | 24 settembre 2013 La domanda globale di cambiamento nei metodi di produzione e consumo di beni essenziali e di distribuzione del reddito \u00e8 chiara a tutti gli studiosi, a tutti governi, a una gran parte delle opinioni pubbliche del mondo intero: avanti cos\u00ec non si pu\u00f2 andare perch\u00e8 l\u2019umanit\u00e0 consuma il doppio [&hellip;]","og_url":"https:\/\/www.socialchangeschool.org\/it\/23\/09\/2013\/vuoi-fare-innovazione-sociale-globale-rsvp-parte-1-2\/","og_site_name":"SocialChangeSchool","article_published_time":"2013-09-23T09:21:41+00:00","og_image":[{"url":"http:\/\/www.asvi.it\/web\/wp-content\/uploads\/2013\/09\/spreco_denaro2-109x150.jpg","type":"","width":"","height":""}],"author":"Laura Reiss","twitter_card":"summary_large_image","twitter_misc":{"Scritto da":"Laura Reiss","Tempo di lettura stimato":"3 minuti"},"schema":{"@context":"https:\/\/schema.org","@graph":[{"@type":"Article","@id":"https:\/\/www.socialchangeschool.org\/it\/23\/09\/2013\/vuoi-fare-innovazione-sociale-globale-rsvp-parte-1-2\/#article","isPartOf":{"@id":"https:\/\/www.socialchangeschool.org\/it\/23\/09\/2013\/vuoi-fare-innovazione-sociale-globale-rsvp-parte-1-2\/"},"author":{"name":"Laura Reiss","@id":"https:\/\/www.socialchangeschool.org\/it\/#\/schema\/person\/830e0c463a7c51633e79f9b14aadf794"},"headline":"Vuoi fare innovazione sociale globale? RSVP parte 1 \/ 2","datePublished":"2013-09-23T09:21:41+00:00","mainEntityOfPage":{"@id":"https:\/\/www.socialchangeschool.org\/it\/23\/09\/2013\/vuoi-fare-innovazione-sociale-globale-rsvp-parte-1-2\/"},"wordCount":645,"publisher":{"@id":"https:\/\/www.socialchangeschool.org\/it\/#organization"},"image":{"@id":"https:\/\/www.socialchangeschool.org\/it\/23\/09\/2013\/vuoi-fare-innovazione-sociale-globale-rsvp-parte-1-2\/#primaryimage"},"thumbnailUrl":"http:\/\/www.asvi.it\/web\/wp-content\/uploads\/2013\/09\/spreco_denaro2-109x150.jpg","articleSection":["Social Innovation"],"inLanguage":"it-IT"},{"@type":"WebPage","@id":"https:\/\/www.socialchangeschool.org\/it\/23\/09\/2013\/vuoi-fare-innovazione-sociale-globale-rsvp-parte-1-2\/","url":"https:\/\/www.socialchangeschool.org\/it\/23\/09\/2013\/vuoi-fare-innovazione-sociale-globale-rsvp-parte-1-2\/","name":"Vuoi fare innovazione sociale globale? RSVP parte 1 \/ 2 - SocialChangeSchool","isPartOf":{"@id":"https:\/\/www.socialchangeschool.org\/it\/#website"},"primaryImageOfPage":{"@id":"https:\/\/www.socialchangeschool.org\/it\/23\/09\/2013\/vuoi-fare-innovazione-sociale-globale-rsvp-parte-1-2\/#primaryimage"},"image":{"@id":"https:\/\/www.socialchangeschool.org\/it\/23\/09\/2013\/vuoi-fare-innovazione-sociale-globale-rsvp-parte-1-2\/#primaryimage"},"thumbnailUrl":"http:\/\/www.asvi.it\/web\/wp-content\/uploads\/2013\/09\/spreco_denaro2-109x150.jpg","datePublished":"2013-09-23T09:21:41+00:00","breadcrumb":{"@id":"https:\/\/www.socialchangeschool.org\/it\/23\/09\/2013\/vuoi-fare-innovazione-sociale-globale-rsvp-parte-1-2\/#breadcrumb"},"inLanguage":"it-IT","potentialAction":[{"@type":"ReadAction","target":["https:\/\/www.socialchangeschool.org\/it\/23\/09\/2013\/vuoi-fare-innovazione-sociale-globale-rsvp-parte-1-2\/"]}]},{"@type":"ImageObject","inLanguage":"it-IT","@id":"https:\/\/www.socialchangeschool.org\/it\/23\/09\/2013\/vuoi-fare-innovazione-sociale-globale-rsvp-parte-1-2\/#primaryimage","url":"http:\/\/www.asvi.it\/web\/wp-content\/uploads\/2013\/09\/spreco_denaro2-109x150.jpg","contentUrl":"http:\/\/www.asvi.it\/web\/wp-content\/uploads\/2013\/09\/spreco_denaro2-109x150.jpg"},{"@type":"BreadcrumbList","@id":"https:\/\/www.socialchangeschool.org\/it\/23\/09\/2013\/vuoi-fare-innovazione-sociale-globale-rsvp-parte-1-2\/#breadcrumb","itemListElement":[{"@type":"ListItem","position":1,"name":"Home","item":"https:\/\/www.socialchangeschool.org\/it\/"},{"@type":"ListItem","position":2,"name":"Vuoi fare innovazione sociale globale? RSVP parte 1 \/ 2"}]},{"@type":"WebSite","@id":"https:\/\/www.socialchangeschool.org\/it\/#website","url":"https:\/\/www.socialchangeschool.org\/it\/","name":"Social Change School","description":"worldwide leader for training, connecting and certificating all professionals of Non Profit sector","publisher":{"@id":"https:\/\/www.socialchangeschool.org\/it\/#organization"},"alternateName":"Leverage of Social Change transformational training institution","potentialAction":[{"@type":"SearchAction","target":{"@type":"EntryPoint","urlTemplate":"https:\/\/www.socialchangeschool.org\/it\/?s={search_term_string}"},"query-input":{"@type":"PropertyValueSpecification","valueRequired":true,"valueName":"search_term_string"}}],"inLanguage":"it-IT"},{"@type":"Organization","@id":"https:\/\/www.socialchangeschool.org\/it\/#organization","name":"Social Change School","alternateName":"worldwide leader for training, connecting and certificating all professionals","url":"https:\/\/www.socialchangeschool.org\/it\/","logo":{"@type":"ImageObject","inLanguage":"it-IT","@id":"https:\/\/www.socialchangeschool.org\/it\/#\/schema\/logo\/image\/","url":"https:\/\/www.socialchangeschool.org\/wp-content\/uploads\/2022\/06\/Logo-SocialChangeSchool.png","contentUrl":"https:\/\/www.socialchangeschool.org\/wp-content\/uploads\/2022\/06\/Logo-SocialChangeSchool.png","width":1721,"height":1721,"caption":"Social Change School"},"image":{"@id":"https:\/\/www.socialchangeschool.org\/it\/#\/schema\/logo\/image\/"}},{"@type":"Person","@id":"https:\/\/www.socialchangeschool.org\/it\/#\/schema\/person\/830e0c463a7c51633e79f9b14aadf794","name":"Laura Reiss","url":"https:\/\/www.socialchangeschool.org\/it\/author\/ghost\/"}]}},"_links":{"self":[{"href":"https:\/\/www.socialchangeschool.org\/it\/wp-json\/wp\/v2\/posts\/37490","targetHints":{"allow":["GET"]}}],"collection":[{"href":"https:\/\/www.socialchangeschool.org\/it\/wp-json\/wp\/v2\/posts"}],"about":[{"href":"https:\/\/www.socialchangeschool.org\/it\/wp-json\/wp\/v2\/types\/post"}],"author":[{"embeddable":true,"href":"https:\/\/www.socialchangeschool.org\/it\/wp-json\/wp\/v2\/users\/2"}],"replies":[{"embeddable":true,"href":"https:\/\/www.socialchangeschool.org\/it\/wp-json\/wp\/v2\/comments?post=37490"}],"version-history":[{"count":0,"href":"https:\/\/www.socialchangeschool.org\/it\/wp-json\/wp\/v2\/posts\/37490\/revisions"}],"wp:attachment":[{"href":"https:\/\/www.socialchangeschool.org\/it\/wp-json\/wp\/v2\/media?parent=37490"}],"wp:term":[{"taxonomy":"category","embeddable":true,"href":"https:\/\/www.socialchangeschool.org\/it\/wp-json\/wp\/v2\/categories?post=37490"},{"taxonomy":"post_tag","embeddable":true,"href":"https:\/\/www.socialchangeschool.org\/it\/wp-json\/wp\/v2\/tags?post=37490"}],"curies":[{"name":"wp","href":"https:\/\/api.w.org\/{rel}","templated":true}]}}