{"id":37484,"date":"2013-07-30T13:17:03","date_gmt":"2013-07-30T13:17:03","guid":{"rendered":"http:\/\/socialchangeschool.org\/30\/07\/2013\/fondi-europei-il-tempo-per-linnovazione-e-gia-scaduto-parte-3-3\/"},"modified":"2013-07-30T13:17:03","modified_gmt":"2013-07-30T13:17:03","slug":"fondi-europei-il-tempo-per-linnovazione-e-gia-scaduto-parte-3-3","status":"publish","type":"post","link":"https:\/\/www.socialchangeschool.org\/it\/30\/07\/2013\/fondi-europei-il-tempo-per-linnovazione-e-gia-scaduto-parte-3-3\/","title":{"rendered":"Fondi Europei: il tempo per l\u2019innovazione \u00e8 gi\u00e0 scaduto? (parte 3 \/ 3)"},"content":{"rendered":"<p>Filippo Addarii | 30 Luglio 2013<\/p>\n<p>&nbsp;<\/p>\n<p><a href=\"https:\/\/www.asvi.it\/web\/wp-content\/uploads\/2013\/07\/addarii-ritaglio2.jpg\"><img decoding=\"async\" class=\"alignleft size-thumbnail wp-image-11329\" title=\"addarii ritaglio\" src=\"https:\/\/www.asvi.it\/web\/wp-content\/uploads\/2013\/07\/addarii-ritaglio2-150x112.jpg\" alt=\"\" width=\"150\" height=\"112\" \/><\/a>Vale la pena segnalare altri due sviluppi occorsi a <strong>Bruxelles<\/strong>.<\/p>\n<p>Si \u00e8 concluso il primo giro del <strong>Premio Europeo per l\u2019innovazione sociale<\/strong> organizzato dalla Commissione con tre vincitori che hanno ricevuto 20&#8217;000 euro per sviluppare le proprie iniziative (<a href=\"https:\/\/ec.europa.eu\/enterprise\/policies\/innovation\/policy\/social-innovation\/competition\/\">https:\/\/ec.europa.eu\/enterprise\/policies\/innovation\/policy\/social-innovation\/competition\/<\/a>).<\/p>\n<p>L\u201911 Ottobre sar\u00e0 lanciato a Milano il secondo giro del Premio europeo. La <strong>Unicredit Foundation<\/strong> \u00e8 partner dell\u2019iniziativa dopo il successo di Naples 2.0, la competizione internazionale di innovazione sociale (<a href=\"https:\/\/euclidnetwork.eu\/component\/content\/article\/1101-naples-20-social-innovation-competition-publication-we-want-to-hear-from-you.html\">https:\/\/euclidnetwork.eu\/component\/content\/article\/1101-naples-20-social-innovation-competition-publication-we-want-to-hear-from-you.html<\/a>). Un\u2019occasione da non perdere per promuovere questa agenda dato che parteciperanno le istituzioni Europee e quelle italiane.<\/p>\n<p>Anche il Parlamento Europeo si \u00e8 finalmente accorto del valore di questo settore e dopo un primo incontro organizzato dal parlamentare austriaco <strong>Heinz Becker<\/strong> per presentare casi di eccellenza in Europa, lo stesso Becker ha dato l\u2019avvio a un\u2019iniziativa per la creazione di un gruppo di interesse nel Parlamento (<a href=\"https:\/\/www.euclidnetwork.eu\/component\/content\/article\/1111-good-practice-collection-examples-of-social-innovation-projects-in-europe.html\">https:\/\/www.euclidnetwork.eu\/component\/content\/article\/1111-good-practice-collection-examples-of-social-innovation-projects-in-europe.html<\/a>).<\/p>\n<p>Ovviamente anche questa iniziativa non ha riscosso il plauso di tutti perch\u00e9 i lobbisti del sociale temono di perdere posizioni anche su questo fronte. Vedremo come andr\u00e0 a finire.<\/p>\n<p><strong>Per tirare le somme, che dobbiamo fare quindi?<\/strong> L\u2019Italia ha bisogno di essere pi\u00f9 presente sulla scena trovando il giusto equilibrio tra la propria tradizione e le nuove tendenze emergenti. Allo stesso tempo c\u2019\u00e8 bisogno di una campagna per spiegare agli italiani il valore di questa industria emergente che va ben al di l\u00e0 della trazione cooperativa e associazionistica per risolvere le reali difficolt\u00e0 del paese.<\/p>\n<p>La prima partita da giocare \u00e8 assicurare che questi temi siano adeguatamente inclusi nella prossima\u00a0 programmazione dei <strong>fondi strutturali<\/strong>, soprattutto nei lavori delle regioni, e che i funzionari incaricati ne comprendano il valore quale investimento per il futuro. La Conferenza di Strasburgo potrebbe essere un\u2019occasione per riunire i funzionari delle regioni e offrigli un corso accelerato.<\/p>\n<p>Un\u2019altra opportunit\u00e0 \u00e8 offerta dal gruppo di esperti che<strong> Danilo Giovanni Festa<\/strong>, dirigente del Ministero del Lavoro e rappresentate del governo al GECES, ha appena creato. Chi lavora nelle istituzioni ha bisogno di idee e soluzioni che vengano da chi operano sul campo senza troppi filtri che annacquano il messaggio.<\/p>\n<p>Allo stesso tempo il governo deve continuare sulla strada tracciata dal Ministro Profumo con l\u2019agenda italiana per l\u2019<strong>innovazione sociale<\/strong>. Persone dentro e fuori alle istituzioni come Fabrizio Cobis, il Prof. Mario Calderini e i ragazzi della task sono in prima linea per mantenere viva l\u2019agenda.<\/p>\n<p>Si devono trovare nuove risorse finanziarie smettendo di aspettare l\u2019intervento pubblico ma creando le opportunit\u00e0 per attirare risorse private, tanto quelle dei grandi come quelle dei piccoli, e combinando la <strong>finanza d\u2019impatto con il crowdfunding.<\/strong><\/p>\n<p>Qualcosa si sta muovendo: <strong>Terzo Valore di Banca Prossima,<\/strong> l\u2019iniziativa di social housing sostenuta da Oltre Venture e Fondazione CRT e le imprese a capitali ibridi promosse dal Consorzio CGM. Questo non \u00e8 abbastanza e le istituzioni devo mettere l\u2019acceleratore per abbattere le barriere all\u2019iniziativa privata.<\/p>\n<p>Infine io vedo la necessit\u00e0 di un intervento sistemico per promuovere l\u2019i<strong>nnovazione, l\u2019imprenditorialit\u00e0 e gli investimenti sociali<\/strong> nel paese coinvolgendo tanto il pubblico che il privato, tanto le organizzazioni costituite che le forze emergenti.<\/p>\n<p>In particolare c\u2019\u00e8 bisogno di costruire dei distretti che nella migliore tradizione industriale italiana combinino ricerca, formazione, sperimentazione, e produzione unendo le forze per un impatto a larga scala sul territorio e lo sviluppo di reti internazionali. Questo sicuramente sar\u00e0 il mio prossimo impegno in Italia.<\/p>\n<p>&nbsp;<\/p>\n<p>&nbsp;<\/p>\n","protected":false},"excerpt":{"rendered":"<p>Mentre si conclude il primo Premio Europeo per l&#8217;innovazione sociale a Bruxelles, in Italia le istituzioni devono abbattere le barriere dell&#8217;iniziativa privata per includere i temi della social innovation nella programmazione dei nuovi fondi strutturali. E&#8217; necessario promuovere l&#8217;imprenditorialit\u00e0 e l&#8217;investimento sociale in Italia coinvolgendo tutti gli attori sociali.<\/p>\n","protected":false},"author":2,"featured_media":0,"comment_status":"closed","ping_status":"closed","sticky":false,"template":"","format":"standard","meta":{"site-sidebar-layout":"default","site-content-layout":"","ast-site-content-layout":"default","site-content-style":"default","site-sidebar-style":"default","ast-global-header-display":"","ast-banner-title-visibility":"","ast-main-header-display":"","ast-hfb-above-header-display":"","ast-hfb-below-header-display":"","ast-hfb-mobile-header-display":"","site-post-title":"","ast-breadcrumbs-content":"","ast-featured-img":"","footer-sml-layout":"","ast-disable-related-posts":"","theme-transparent-header-meta":"","adv-header-id-meta":"","stick-header-meta":"","header-above-stick-meta":"","header-main-stick-meta":"","header-below-stick-meta":"","astra-migrate-meta-layouts":"default","ast-page-background-enabled":"default","ast-page-background-meta":{"desktop":{"background-color":"","background-image":"","background-repeat":"repeat","background-position":"center center","background-size":"auto","background-attachment":"scroll","background-type":"","background-media":"","overlay-type":"","overlay-color":"","overlay-opacity":"","overlay-gradient":""},"tablet":{"background-color":"","background-image":"","background-repeat":"repeat","background-position":"center center","background-size":"auto","background-attachment":"scroll","background-type":"","background-media":"","overlay-type":"","overlay-color":"","overlay-opacity":"","overlay-gradient":""},"mobile":{"background-color":"","background-image":"","background-repeat":"repeat","background-position":"center center","background-size":"auto","background-attachment":"scroll","background-type":"","background-media":"","overlay-type":"","overlay-color":"","overlay-opacity":"","overlay-gradient":""}},"ast-content-background-meta":{"desktop":{"background-color":"var(--ast-global-color-5)","background-image":"","background-repeat":"repeat","background-position":"center center","background-size":"auto","background-attachment":"scroll","background-type":"","background-media":"","overlay-type":"","overlay-color":"","overlay-opacity":"","overlay-gradient":""},"tablet":{"background-color":"var(--ast-global-color-5)","background-image":"","background-repeat":"repeat","background-position":"center center","background-size":"auto","background-attachment":"scroll","background-type":"","background-media":"","overlay-type":"","overlay-color":"","overlay-opacity":"","overlay-gradient":""},"mobile":{"background-color":"var(--ast-global-color-5)","background-image":"","background-repeat":"repeat","background-position":"center center","background-size":"auto","background-attachment":"scroll","background-type":"","background-media":"","overlay-type":"","overlay-color":"","overlay-opacity":"","overlay-gradient":""}},"footnotes":""},"categories":[192],"tags":[],"class_list":["post-37484","post","type-post","status-publish","format-standard","hentry","category-sviluppo-sostenibile"],"yoast_head":"<!-- This site is optimized with the Yoast SEO Premium plugin v27.2 (Yoast SEO v27.5) - https:\/\/yoast.com\/product\/yoast-seo-premium-wordpress\/ -->\n<title>Fondi Europei: il tempo per l\u2019innovazione \u00e8 gi\u00e0 scaduto? (parte 3 \/ 3) - SocialChangeSchool<\/title>\n<meta name=\"robots\" content=\"index, follow, max-snippet:-1, max-image-preview:large, max-video-preview:-1\" \/>\n<link rel=\"canonical\" href=\"https:\/\/www.socialchangeschool.org\/it\/30\/07\/2013\/fondi-europei-il-tempo-per-linnovazione-e-gia-scaduto-parte-3-3\/\" \/>\n<meta property=\"og:locale\" content=\"it_IT\" \/>\n<meta property=\"og:type\" content=\"article\" \/>\n<meta property=\"og:title\" content=\"Fondi Europei: il tempo per l\u2019innovazione \u00e8 gi\u00e0 scaduto? (parte 3 \/ 3)\" \/>\n<meta property=\"og:description\" content=\"Mentre si conclude il primo Premio Europeo per l&#039;innovazione sociale a Bruxelles, in Italia le istituzioni devono abbattere le barriere dell&#039;iniziativa privata per includere i temi della social innovation nella programmazione dei nuovi fondi strutturali. E&#039; necessario promuovere l&#039;imprenditorialit\u00e0 e l&#039;investimento sociale in Italia coinvolgendo tutti gli attori sociali.\" \/>\n<meta property=\"og:url\" content=\"https:\/\/www.socialchangeschool.org\/it\/30\/07\/2013\/fondi-europei-il-tempo-per-linnovazione-e-gia-scaduto-parte-3-3\/\" \/>\n<meta property=\"og:site_name\" content=\"SocialChangeSchool\" \/>\n<meta property=\"article:published_time\" content=\"2013-07-30T13:17:03+00:00\" \/>\n<meta property=\"og:image\" content=\"http:\/\/www.asvi.it\/web\/wp-content\/uploads\/2013\/07\/addarii-ritaglio2-150x112.jpg\" \/>\n<meta name=\"author\" content=\"Laura Reiss\" \/>\n<meta name=\"twitter:card\" content=\"summary_large_image\" \/>\n<meta name=\"twitter:label1\" content=\"Scritto da\" \/>\n\t<meta name=\"twitter:data1\" content=\"Laura Reiss\" \/>\n\t<meta name=\"twitter:label2\" content=\"Tempo di lettura stimato\" \/>\n\t<meta name=\"twitter:data2\" content=\"3 minuti\" \/>\n<script type=\"application\/ld+json\" class=\"yoast-schema-graph\">{\"@context\":\"https:\\\/\\\/schema.org\",\"@graph\":[{\"@type\":\"Article\",\"@id\":\"https:\\\/\\\/www.socialchangeschool.org\\\/it\\\/30\\\/07\\\/2013\\\/fondi-europei-il-tempo-per-linnovazione-e-gia-scaduto-parte-3-3\\\/#article\",\"isPartOf\":{\"@id\":\"https:\\\/\\\/www.socialchangeschool.org\\\/it\\\/30\\\/07\\\/2013\\\/fondi-europei-il-tempo-per-linnovazione-e-gia-scaduto-parte-3-3\\\/\"},\"author\":{\"name\":\"Laura Reiss\",\"@id\":\"https:\\\/\\\/www.socialchangeschool.org\\\/it\\\/#\\\/schema\\\/person\\\/830e0c463a7c51633e79f9b14aadf794\"},\"headline\":\"Fondi Europei: il tempo per l\u2019innovazione \u00e8 gi\u00e0 scaduto? (parte 3 \\\/ 3)\",\"datePublished\":\"2013-07-30T13:17:03+00:00\",\"mainEntityOfPage\":{\"@id\":\"https:\\\/\\\/www.socialchangeschool.org\\\/it\\\/30\\\/07\\\/2013\\\/fondi-europei-il-tempo-per-linnovazione-e-gia-scaduto-parte-3-3\\\/\"},\"wordCount\":595,\"publisher\":{\"@id\":\"https:\\\/\\\/www.socialchangeschool.org\\\/it\\\/#organization\"},\"image\":{\"@id\":\"https:\\\/\\\/www.socialchangeschool.org\\\/it\\\/30\\\/07\\\/2013\\\/fondi-europei-il-tempo-per-linnovazione-e-gia-scaduto-parte-3-3\\\/#primaryimage\"},\"thumbnailUrl\":\"http:\\\/\\\/www.asvi.it\\\/web\\\/wp-content\\\/uploads\\\/2013\\\/07\\\/addarii-ritaglio2-150x112.jpg\",\"articleSection\":[\"Sviluppo sostenibile\"],\"inLanguage\":\"it-IT\"},{\"@type\":\"WebPage\",\"@id\":\"https:\\\/\\\/www.socialchangeschool.org\\\/it\\\/30\\\/07\\\/2013\\\/fondi-europei-il-tempo-per-linnovazione-e-gia-scaduto-parte-3-3\\\/\",\"url\":\"https:\\\/\\\/www.socialchangeschool.org\\\/it\\\/30\\\/07\\\/2013\\\/fondi-europei-il-tempo-per-linnovazione-e-gia-scaduto-parte-3-3\\\/\",\"name\":\"Fondi Europei: il tempo per l\u2019innovazione \u00e8 gi\u00e0 scaduto? (parte 3 \\\/ 3) - SocialChangeSchool\",\"isPartOf\":{\"@id\":\"https:\\\/\\\/www.socialchangeschool.org\\\/it\\\/#website\"},\"primaryImageOfPage\":{\"@id\":\"https:\\\/\\\/www.socialchangeschool.org\\\/it\\\/30\\\/07\\\/2013\\\/fondi-europei-il-tempo-per-linnovazione-e-gia-scaduto-parte-3-3\\\/#primaryimage\"},\"image\":{\"@id\":\"https:\\\/\\\/www.socialchangeschool.org\\\/it\\\/30\\\/07\\\/2013\\\/fondi-europei-il-tempo-per-linnovazione-e-gia-scaduto-parte-3-3\\\/#primaryimage\"},\"thumbnailUrl\":\"http:\\\/\\\/www.asvi.it\\\/web\\\/wp-content\\\/uploads\\\/2013\\\/07\\\/addarii-ritaglio2-150x112.jpg\",\"datePublished\":\"2013-07-30T13:17:03+00:00\",\"breadcrumb\":{\"@id\":\"https:\\\/\\\/www.socialchangeschool.org\\\/it\\\/30\\\/07\\\/2013\\\/fondi-europei-il-tempo-per-linnovazione-e-gia-scaduto-parte-3-3\\\/#breadcrumb\"},\"inLanguage\":\"it-IT\",\"potentialAction\":[{\"@type\":\"ReadAction\",\"target\":[\"https:\\\/\\\/www.socialchangeschool.org\\\/it\\\/30\\\/07\\\/2013\\\/fondi-europei-il-tempo-per-linnovazione-e-gia-scaduto-parte-3-3\\\/\"]}]},{\"@type\":\"ImageObject\",\"inLanguage\":\"it-IT\",\"@id\":\"https:\\\/\\\/www.socialchangeschool.org\\\/it\\\/30\\\/07\\\/2013\\\/fondi-europei-il-tempo-per-linnovazione-e-gia-scaduto-parte-3-3\\\/#primaryimage\",\"url\":\"http:\\\/\\\/www.asvi.it\\\/web\\\/wp-content\\\/uploads\\\/2013\\\/07\\\/addarii-ritaglio2-150x112.jpg\",\"contentUrl\":\"http:\\\/\\\/www.asvi.it\\\/web\\\/wp-content\\\/uploads\\\/2013\\\/07\\\/addarii-ritaglio2-150x112.jpg\"},{\"@type\":\"BreadcrumbList\",\"@id\":\"https:\\\/\\\/www.socialchangeschool.org\\\/it\\\/30\\\/07\\\/2013\\\/fondi-europei-il-tempo-per-linnovazione-e-gia-scaduto-parte-3-3\\\/#breadcrumb\",\"itemListElement\":[{\"@type\":\"ListItem\",\"position\":1,\"name\":\"Home\",\"item\":\"https:\\\/\\\/www.socialchangeschool.org\\\/it\\\/\"},{\"@type\":\"ListItem\",\"position\":2,\"name\":\"Fondi Europei: il tempo per l\u2019innovazione \u00e8 gi\u00e0 scaduto? (parte 3 \\\/ 3)\"}]},{\"@type\":\"WebSite\",\"@id\":\"https:\\\/\\\/www.socialchangeschool.org\\\/it\\\/#website\",\"url\":\"https:\\\/\\\/www.socialchangeschool.org\\\/it\\\/\",\"name\":\"Social Change School\",\"description\":\"worldwide leader for training, connecting and certificating all professionals of Non Profit sector\",\"publisher\":{\"@id\":\"https:\\\/\\\/www.socialchangeschool.org\\\/it\\\/#organization\"},\"alternateName\":\"Leverage of Social Change transformational training institution\",\"potentialAction\":[{\"@type\":\"SearchAction\",\"target\":{\"@type\":\"EntryPoint\",\"urlTemplate\":\"https:\\\/\\\/www.socialchangeschool.org\\\/it\\\/?s={search_term_string}\"},\"query-input\":{\"@type\":\"PropertyValueSpecification\",\"valueRequired\":true,\"valueName\":\"search_term_string\"}}],\"inLanguage\":\"it-IT\"},{\"@type\":\"Organization\",\"@id\":\"https:\\\/\\\/www.socialchangeschool.org\\\/it\\\/#organization\",\"name\":\"Social Change School\",\"alternateName\":\"worldwide leader for training, connecting and certificating all professionals\",\"url\":\"https:\\\/\\\/www.socialchangeschool.org\\\/it\\\/\",\"logo\":{\"@type\":\"ImageObject\",\"inLanguage\":\"it-IT\",\"@id\":\"https:\\\/\\\/www.socialchangeschool.org\\\/it\\\/#\\\/schema\\\/logo\\\/image\\\/\",\"url\":\"https:\\\/\\\/www.socialchangeschool.org\\\/wp-content\\\/uploads\\\/2022\\\/06\\\/Logo-SocialChangeSchool.png\",\"contentUrl\":\"https:\\\/\\\/www.socialchangeschool.org\\\/wp-content\\\/uploads\\\/2022\\\/06\\\/Logo-SocialChangeSchool.png\",\"width\":1721,\"height\":1721,\"caption\":\"Social Change School\"},\"image\":{\"@id\":\"https:\\\/\\\/www.socialchangeschool.org\\\/it\\\/#\\\/schema\\\/logo\\\/image\\\/\"}},{\"@type\":\"Person\",\"@id\":\"https:\\\/\\\/www.socialchangeschool.org\\\/it\\\/#\\\/schema\\\/person\\\/830e0c463a7c51633e79f9b14aadf794\",\"name\":\"Laura Reiss\",\"url\":\"https:\\\/\\\/www.socialchangeschool.org\\\/it\\\/author\\\/ghost\\\/\"}]}<\/script>\n<!-- \/ Yoast SEO Premium plugin. -->","yoast_head_json":{"title":"Fondi Europei: il tempo per l\u2019innovazione \u00e8 gi\u00e0 scaduto? (parte 3 \/ 3) - SocialChangeSchool","robots":{"index":"index","follow":"follow","max-snippet":"max-snippet:-1","max-image-preview":"max-image-preview:large","max-video-preview":"max-video-preview:-1"},"canonical":"https:\/\/www.socialchangeschool.org\/it\/30\/07\/2013\/fondi-europei-il-tempo-per-linnovazione-e-gia-scaduto-parte-3-3\/","og_locale":"it_IT","og_type":"article","og_title":"Fondi Europei: il tempo per l\u2019innovazione \u00e8 gi\u00e0 scaduto? (parte 3 \/ 3)","og_description":"Mentre si conclude il primo Premio Europeo per l'innovazione sociale a Bruxelles, in Italia le istituzioni devono abbattere le barriere dell'iniziativa privata per includere i temi della social innovation nella programmazione dei nuovi fondi strutturali. E' necessario promuovere l'imprenditorialit\u00e0 e l'investimento sociale in Italia coinvolgendo tutti gli attori sociali.","og_url":"https:\/\/www.socialchangeschool.org\/it\/30\/07\/2013\/fondi-europei-il-tempo-per-linnovazione-e-gia-scaduto-parte-3-3\/","og_site_name":"SocialChangeSchool","article_published_time":"2013-07-30T13:17:03+00:00","og_image":[{"url":"http:\/\/www.asvi.it\/web\/wp-content\/uploads\/2013\/07\/addarii-ritaglio2-150x112.jpg","type":"","width":"","height":""}],"author":"Laura Reiss","twitter_card":"summary_large_image","twitter_misc":{"Scritto da":"Laura Reiss","Tempo di lettura stimato":"3 minuti"},"schema":{"@context":"https:\/\/schema.org","@graph":[{"@type":"Article","@id":"https:\/\/www.socialchangeschool.org\/it\/30\/07\/2013\/fondi-europei-il-tempo-per-linnovazione-e-gia-scaduto-parte-3-3\/#article","isPartOf":{"@id":"https:\/\/www.socialchangeschool.org\/it\/30\/07\/2013\/fondi-europei-il-tempo-per-linnovazione-e-gia-scaduto-parte-3-3\/"},"author":{"name":"Laura Reiss","@id":"https:\/\/www.socialchangeschool.org\/it\/#\/schema\/person\/830e0c463a7c51633e79f9b14aadf794"},"headline":"Fondi Europei: il tempo per l\u2019innovazione \u00e8 gi\u00e0 scaduto? (parte 3 \/ 3)","datePublished":"2013-07-30T13:17:03+00:00","mainEntityOfPage":{"@id":"https:\/\/www.socialchangeschool.org\/it\/30\/07\/2013\/fondi-europei-il-tempo-per-linnovazione-e-gia-scaduto-parte-3-3\/"},"wordCount":595,"publisher":{"@id":"https:\/\/www.socialchangeschool.org\/it\/#organization"},"image":{"@id":"https:\/\/www.socialchangeschool.org\/it\/30\/07\/2013\/fondi-europei-il-tempo-per-linnovazione-e-gia-scaduto-parte-3-3\/#primaryimage"},"thumbnailUrl":"http:\/\/www.asvi.it\/web\/wp-content\/uploads\/2013\/07\/addarii-ritaglio2-150x112.jpg","articleSection":["Sviluppo sostenibile"],"inLanguage":"it-IT"},{"@type":"WebPage","@id":"https:\/\/www.socialchangeschool.org\/it\/30\/07\/2013\/fondi-europei-il-tempo-per-linnovazione-e-gia-scaduto-parte-3-3\/","url":"https:\/\/www.socialchangeschool.org\/it\/30\/07\/2013\/fondi-europei-il-tempo-per-linnovazione-e-gia-scaduto-parte-3-3\/","name":"Fondi Europei: il tempo per l\u2019innovazione \u00e8 gi\u00e0 scaduto? (parte 3 \/ 3) - SocialChangeSchool","isPartOf":{"@id":"https:\/\/www.socialchangeschool.org\/it\/#website"},"primaryImageOfPage":{"@id":"https:\/\/www.socialchangeschool.org\/it\/30\/07\/2013\/fondi-europei-il-tempo-per-linnovazione-e-gia-scaduto-parte-3-3\/#primaryimage"},"image":{"@id":"https:\/\/www.socialchangeschool.org\/it\/30\/07\/2013\/fondi-europei-il-tempo-per-linnovazione-e-gia-scaduto-parte-3-3\/#primaryimage"},"thumbnailUrl":"http:\/\/www.asvi.it\/web\/wp-content\/uploads\/2013\/07\/addarii-ritaglio2-150x112.jpg","datePublished":"2013-07-30T13:17:03+00:00","breadcrumb":{"@id":"https:\/\/www.socialchangeschool.org\/it\/30\/07\/2013\/fondi-europei-il-tempo-per-linnovazione-e-gia-scaduto-parte-3-3\/#breadcrumb"},"inLanguage":"it-IT","potentialAction":[{"@type":"ReadAction","target":["https:\/\/www.socialchangeschool.org\/it\/30\/07\/2013\/fondi-europei-il-tempo-per-linnovazione-e-gia-scaduto-parte-3-3\/"]}]},{"@type":"ImageObject","inLanguage":"it-IT","@id":"https:\/\/www.socialchangeschool.org\/it\/30\/07\/2013\/fondi-europei-il-tempo-per-linnovazione-e-gia-scaduto-parte-3-3\/#primaryimage","url":"http:\/\/www.asvi.it\/web\/wp-content\/uploads\/2013\/07\/addarii-ritaglio2-150x112.jpg","contentUrl":"http:\/\/www.asvi.it\/web\/wp-content\/uploads\/2013\/07\/addarii-ritaglio2-150x112.jpg"},{"@type":"BreadcrumbList","@id":"https:\/\/www.socialchangeschool.org\/it\/30\/07\/2013\/fondi-europei-il-tempo-per-linnovazione-e-gia-scaduto-parte-3-3\/#breadcrumb","itemListElement":[{"@type":"ListItem","position":1,"name":"Home","item":"https:\/\/www.socialchangeschool.org\/it\/"},{"@type":"ListItem","position":2,"name":"Fondi Europei: il tempo per l\u2019innovazione \u00e8 gi\u00e0 scaduto? (parte 3 \/ 3)"}]},{"@type":"WebSite","@id":"https:\/\/www.socialchangeschool.org\/it\/#website","url":"https:\/\/www.socialchangeschool.org\/it\/","name":"Social Change School","description":"worldwide leader for training, connecting and certificating all professionals of Non Profit sector","publisher":{"@id":"https:\/\/www.socialchangeschool.org\/it\/#organization"},"alternateName":"Leverage of Social Change transformational training institution","potentialAction":[{"@type":"SearchAction","target":{"@type":"EntryPoint","urlTemplate":"https:\/\/www.socialchangeschool.org\/it\/?s={search_term_string}"},"query-input":{"@type":"PropertyValueSpecification","valueRequired":true,"valueName":"search_term_string"}}],"inLanguage":"it-IT"},{"@type":"Organization","@id":"https:\/\/www.socialchangeschool.org\/it\/#organization","name":"Social Change School","alternateName":"worldwide leader for training, connecting and certificating all professionals","url":"https:\/\/www.socialchangeschool.org\/it\/","logo":{"@type":"ImageObject","inLanguage":"it-IT","@id":"https:\/\/www.socialchangeschool.org\/it\/#\/schema\/logo\/image\/","url":"https:\/\/www.socialchangeschool.org\/wp-content\/uploads\/2022\/06\/Logo-SocialChangeSchool.png","contentUrl":"https:\/\/www.socialchangeschool.org\/wp-content\/uploads\/2022\/06\/Logo-SocialChangeSchool.png","width":1721,"height":1721,"caption":"Social Change School"},"image":{"@id":"https:\/\/www.socialchangeschool.org\/it\/#\/schema\/logo\/image\/"}},{"@type":"Person","@id":"https:\/\/www.socialchangeschool.org\/it\/#\/schema\/person\/830e0c463a7c51633e79f9b14aadf794","name":"Laura Reiss","url":"https:\/\/www.socialchangeschool.org\/it\/author\/ghost\/"}]}},"_links":{"self":[{"href":"https:\/\/www.socialchangeschool.org\/it\/wp-json\/wp\/v2\/posts\/37484","targetHints":{"allow":["GET"]}}],"collection":[{"href":"https:\/\/www.socialchangeschool.org\/it\/wp-json\/wp\/v2\/posts"}],"about":[{"href":"https:\/\/www.socialchangeschool.org\/it\/wp-json\/wp\/v2\/types\/post"}],"author":[{"embeddable":true,"href":"https:\/\/www.socialchangeschool.org\/it\/wp-json\/wp\/v2\/users\/2"}],"replies":[{"embeddable":true,"href":"https:\/\/www.socialchangeschool.org\/it\/wp-json\/wp\/v2\/comments?post=37484"}],"version-history":[{"count":0,"href":"https:\/\/www.socialchangeschool.org\/it\/wp-json\/wp\/v2\/posts\/37484\/revisions"}],"wp:attachment":[{"href":"https:\/\/www.socialchangeschool.org\/it\/wp-json\/wp\/v2\/media?parent=37484"}],"wp:term":[{"taxonomy":"category","embeddable":true,"href":"https:\/\/www.socialchangeschool.org\/it\/wp-json\/wp\/v2\/categories?post=37484"},{"taxonomy":"post_tag","embeddable":true,"href":"https:\/\/www.socialchangeschool.org\/it\/wp-json\/wp\/v2\/tags?post=37484"}],"curies":[{"name":"wp","href":"https:\/\/api.w.org\/{rel}","templated":true}]}}