{"id":37483,"date":"2013-07-25T14:09:47","date_gmt":"2013-07-25T14:09:47","guid":{"rendered":"http:\/\/socialchangeschool.org\/25\/07\/2013\/fondi-europei-il-tempo-per-linnovazione-e-gia-scaduto-parte-2-3\/"},"modified":"2013-07-25T14:09:47","modified_gmt":"2013-07-25T14:09:47","slug":"fondi-europei-il-tempo-per-linnovazione-e-gia-scaduto-parte-2-3","status":"publish","type":"post","link":"https:\/\/www.socialchangeschool.org\/it\/25\/07\/2013\/fondi-europei-il-tempo-per-linnovazione-e-gia-scaduto-parte-2-3\/","title":{"rendered":"Fondi Europei : il tempo per l\u2019innovazione \u00e8 gi\u00e0 scaduto? (parte 2 \/ 3)"},"content":{"rendered":"<p><a href=\"https:\/\/www.asvi.it\/web\/wp-content\/uploads\/2013\/07\/Filippo-Addarri-ritaglio-22.jpg\"><img decoding=\"async\" class=\"alignleft size-thumbnail wp-image-11311\" title=\"Filippo-Addarri-ritaglio-2\" src=\"https:\/\/www.asvi.it\/web\/wp-content\/uploads\/2013\/07\/Filippo-Addarri-ritaglio-22-150x144.jpg\" alt=\"\" width=\"150\" height=\"144\" \/><\/a>Filippo Addarii | 25 luglio 2013<\/p>\n<p>&nbsp;<\/p>\n<p>La mia impressione generale \u00e8 che siano stati avviati molti cantieri che possono fare fiorire questa industria rilanciando la crescita e il lavoro in Europa, ma l\u2019evoluzione dei lavori procede lentamente perch\u00e9 questo \u00e8 diventato terreno di scontro per diversi gruppi d\u2019interesse, soprattutto tra i rappresentati dell\u2019economia sociale tradizionale \u2013 cooperative, mutue, e fornitori non profit del welfare state \u2013 e tutte le nuove forme d\u2019imprenditorialit\u00e0 sociale che emergono ovunque in Europa, ma che ancora non hanno trovato una forma coerente e unitaria per dar voce alle proprie esigenze e bilanciare le richieste dei lobbisti del sociale avvezzi alle negoziazioni estenuanti nei corridoi di Bruxelles.<\/p>\n<p>Tanto \u00e8 vero che anche questa volta non sono mancate cene e incontri dei diversi gruppi di interesse prima e dopo la riunione ufficiale del GECES.<\/p>\n<p>Sono tutti preoccupati perch\u00e9 non hanno pi\u00f9 il controllo del processo.<\/p>\n<p>Comunque il punto del programma che ha occupato met\u00e0 della giornata \u00e8 stata la conferenza che la Commissione vuole organizzare a Strasburgo il 16 \u2013 17 Gennaio dell\u2019anno prossimo. Cos\u00ec come avevano gi\u00e0 fatto per il lancio della Social Business Initiative nel Novembre del 2011, la Commissione si prepara a un nuovo evento grand public.<\/p>\n<p>Questa volta per\u00f2 con una prospettiva di adesione tre volte pi\u00f9 grande del primo. Infatti vogliono riunire 2000 delegati.<\/p>\n<p>Si pu\u00f2 criticare la Commissione per tutto eccetto che per la capacit\u00e0 di organizzare eventi di questa taglia cos\u00ec come un tempo facevano i regimi per guadagnarsi il consenso popolare. In fondo \u00e8 pi\u00f9 facile organizzare eventi che fare riforme, non \u00e8 vero?\u00a0<\/p>\n<p>Di sicuro questa sar\u00e0 l\u2019occasione per produrre un manifesto per il prossimo Parlamento e Commissione sperando che questi ultimi non rivolgano la propria attenzione altrove. Detto questo, per\u00f2, anche da quest\u2019ultima riunione del GECES ho portato a casa un risultato.<\/p>\n<p>La campagna iniziata da Euclid Network per estendere la SBI ai programmi dell\u2019Unione Europea al di fuori dell\u2019Unione ha finalmente ricevuto risposta dal Commissario Fule che integrer\u00e0 le nuove politiche nei programmi a favore dei paesi di prossima adesione: Balcani e Turchia (<a href=\"https:\/\/euclidnetwork.eu\/component\/content\/article\/1100-commissioner-fuele-supports-social-innovation-and-social-entrepreneurship-in-the-western-balkans.html\">https:\/\/euclidnetwork.eu\/component\/content\/article\/1100-commissioner-fuele-supports-social-innovation-and-social-entrepreneurship-in-the-western-balkans.html<\/a>).<\/p>\n<p>Il tema sar\u00e0 discusso anche a Strasburgo dove spero di allargare ulteriormente il raggio d\u2019azione ai paesi del Mediterraneo, dell\u2019Est, a quelli in via di sviluppo, alle economie emergenti e, perch\u00e9 no, alla negoziazioni per un accordo commerciale quadro con gli Stati Uniti.<\/p>\n","protected":false},"excerpt":{"rendered":"<p>L&#8217;ultima riunione del GESEC porta a casa un risultato: la nuova campagna iniziata da Euclid Network! Per estendere la Social Business Initiative ai programmi dell\u2019Unione Europea al di fuori di essa, verranno integrate le nuove politiche nei programmi a favore di Balcani e Turchia, paesi di prossima adesione.<\/p>\n","protected":false},"author":2,"featured_media":0,"comment_status":"closed","ping_status":"closed","sticky":false,"template":"","format":"standard","meta":{"site-sidebar-layout":"default","site-content-layout":"","ast-site-content-layout":"default","site-content-style":"default","site-sidebar-style":"default","ast-global-header-display":"","ast-banner-title-visibility":"","ast-main-header-display":"","ast-hfb-above-header-display":"","ast-hfb-below-header-display":"","ast-hfb-mobile-header-display":"","site-post-title":"","ast-breadcrumbs-content":"","ast-featured-img":"","footer-sml-layout":"","ast-disable-related-posts":"","theme-transparent-header-meta":"","adv-header-id-meta":"","stick-header-meta":"","header-above-stick-meta":"","header-main-stick-meta":"","header-below-stick-meta":"","astra-migrate-meta-layouts":"default","ast-page-background-enabled":"default","ast-page-background-meta":{"desktop":{"background-color":"","background-image":"","background-repeat":"repeat","background-position":"center center","background-size":"auto","background-attachment":"scroll","background-type":"","background-media":"","overlay-type":"","overlay-color":"","overlay-opacity":"","overlay-gradient":""},"tablet":{"background-color":"","background-image":"","background-repeat":"repeat","background-position":"center center","background-size":"auto","background-attachment":"scroll","background-type":"","background-media":"","overlay-type":"","overlay-color":"","overlay-opacity":"","overlay-gradient":""},"mobile":{"background-color":"","background-image":"","background-repeat":"repeat","background-position":"center center","background-size":"auto","background-attachment":"scroll","background-type":"","background-media":"","overlay-type":"","overlay-color":"","overlay-opacity":"","overlay-gradient":""}},"ast-content-background-meta":{"desktop":{"background-color":"var(--ast-global-color-5)","background-image":"","background-repeat":"repeat","background-position":"center center","background-size":"auto","background-attachment":"scroll","background-type":"","background-media":"","overlay-type":"","overlay-color":"","overlay-opacity":"","overlay-gradient":""},"tablet":{"background-color":"var(--ast-global-color-5)","background-image":"","background-repeat":"repeat","background-position":"center center","background-size":"auto","background-attachment":"scroll","background-type":"","background-media":"","overlay-type":"","overlay-color":"","overlay-opacity":"","overlay-gradient":""},"mobile":{"background-color":"var(--ast-global-color-5)","background-image":"","background-repeat":"repeat","background-position":"center center","background-size":"auto","background-attachment":"scroll","background-type":"","background-media":"","overlay-type":"","overlay-color":"","overlay-opacity":"","overlay-gradient":""}},"footnotes":""},"categories":[196],"tags":[],"class_list":["post-37483","post","type-post","status-publish","format-standard","hentry","category-europrogettazione-e-finanziamenti-europei"],"yoast_head":"<!-- This site is optimized with the Yoast SEO Premium plugin v27.2 (Yoast SEO v27.5) - https:\/\/yoast.com\/product\/yoast-seo-premium-wordpress\/ -->\n<title>Fondi Europei : il tempo per l\u2019innovazione \u00e8 gi\u00e0 scaduto? (parte 2 \/ 3) - SocialChangeSchool<\/title>\n<meta name=\"robots\" content=\"index, follow, max-snippet:-1, max-image-preview:large, max-video-preview:-1\" \/>\n<link rel=\"canonical\" href=\"https:\/\/www.socialchangeschool.org\/it\/25\/07\/2013\/fondi-europei-il-tempo-per-linnovazione-e-gia-scaduto-parte-2-3\/\" \/>\n<meta property=\"og:locale\" content=\"it_IT\" \/>\n<meta property=\"og:type\" content=\"article\" \/>\n<meta property=\"og:title\" content=\"Fondi Europei : il tempo per l\u2019innovazione \u00e8 gi\u00e0 scaduto? (parte 2 \/ 3)\" \/>\n<meta property=\"og:description\" content=\"L&#039;ultima riunione del GESEC porta a casa un risultato: la nuova campagna iniziata da Euclid Network! Per estendere la Social Business Initiative ai programmi dell\u2019Unione Europea al di fuori di essa, verranno integrate le nuove politiche nei programmi a favore di Balcani e Turchia, paesi di prossima adesione.\" \/>\n<meta property=\"og:url\" content=\"https:\/\/www.socialchangeschool.org\/it\/25\/07\/2013\/fondi-europei-il-tempo-per-linnovazione-e-gia-scaduto-parte-2-3\/\" \/>\n<meta property=\"og:site_name\" content=\"SocialChangeSchool\" \/>\n<meta property=\"article:published_time\" content=\"2013-07-25T14:09:47+00:00\" \/>\n<meta property=\"og:image\" content=\"http:\/\/www.asvi.it\/web\/wp-content\/uploads\/2013\/07\/Filippo-Addarri-ritaglio-22-150x144.jpg\" \/>\n<meta name=\"author\" content=\"Laura Reiss\" \/>\n<meta name=\"twitter:card\" content=\"summary_large_image\" \/>\n<meta name=\"twitter:label1\" content=\"Scritto da\" \/>\n\t<meta name=\"twitter:data1\" content=\"Laura Reiss\" \/>\n\t<meta name=\"twitter:label2\" content=\"Tempo di lettura stimato\" \/>\n\t<meta name=\"twitter:data2\" content=\"2 minuti\" \/>\n<script type=\"application\/ld+json\" class=\"yoast-schema-graph\">{\"@context\":\"https:\\\/\\\/schema.org\",\"@graph\":[{\"@type\":\"Article\",\"@id\":\"https:\\\/\\\/www.socialchangeschool.org\\\/it\\\/25\\\/07\\\/2013\\\/fondi-europei-il-tempo-per-linnovazione-e-gia-scaduto-parte-2-3\\\/#article\",\"isPartOf\":{\"@id\":\"https:\\\/\\\/www.socialchangeschool.org\\\/it\\\/25\\\/07\\\/2013\\\/fondi-europei-il-tempo-per-linnovazione-e-gia-scaduto-parte-2-3\\\/\"},\"author\":{\"name\":\"Laura Reiss\",\"@id\":\"https:\\\/\\\/www.socialchangeschool.org\\\/it\\\/#\\\/schema\\\/person\\\/830e0c463a7c51633e79f9b14aadf794\"},\"headline\":\"Fondi Europei : il tempo per l\u2019innovazione \u00e8 gi\u00e0 scaduto? (parte 2 \\\/ 3)\",\"datePublished\":\"2013-07-25T14:09:47+00:00\",\"mainEntityOfPage\":{\"@id\":\"https:\\\/\\\/www.socialchangeschool.org\\\/it\\\/25\\\/07\\\/2013\\\/fondi-europei-il-tempo-per-linnovazione-e-gia-scaduto-parte-2-3\\\/\"},\"wordCount\":404,\"publisher\":{\"@id\":\"https:\\\/\\\/www.socialchangeschool.org\\\/it\\\/#organization\"},\"image\":{\"@id\":\"https:\\\/\\\/www.socialchangeschool.org\\\/it\\\/25\\\/07\\\/2013\\\/fondi-europei-il-tempo-per-linnovazione-e-gia-scaduto-parte-2-3\\\/#primaryimage\"},\"thumbnailUrl\":\"http:\\\/\\\/www.asvi.it\\\/web\\\/wp-content\\\/uploads\\\/2013\\\/07\\\/Filippo-Addarri-ritaglio-22-150x144.jpg\",\"articleSection\":[\"Europrogettazione e finanziamenti europei\"],\"inLanguage\":\"it-IT\"},{\"@type\":\"WebPage\",\"@id\":\"https:\\\/\\\/www.socialchangeschool.org\\\/it\\\/25\\\/07\\\/2013\\\/fondi-europei-il-tempo-per-linnovazione-e-gia-scaduto-parte-2-3\\\/\",\"url\":\"https:\\\/\\\/www.socialchangeschool.org\\\/it\\\/25\\\/07\\\/2013\\\/fondi-europei-il-tempo-per-linnovazione-e-gia-scaduto-parte-2-3\\\/\",\"name\":\"Fondi Europei : il tempo per l\u2019innovazione \u00e8 gi\u00e0 scaduto? (parte 2 \\\/ 3) - SocialChangeSchool\",\"isPartOf\":{\"@id\":\"https:\\\/\\\/www.socialchangeschool.org\\\/it\\\/#website\"},\"primaryImageOfPage\":{\"@id\":\"https:\\\/\\\/www.socialchangeschool.org\\\/it\\\/25\\\/07\\\/2013\\\/fondi-europei-il-tempo-per-linnovazione-e-gia-scaduto-parte-2-3\\\/#primaryimage\"},\"image\":{\"@id\":\"https:\\\/\\\/www.socialchangeschool.org\\\/it\\\/25\\\/07\\\/2013\\\/fondi-europei-il-tempo-per-linnovazione-e-gia-scaduto-parte-2-3\\\/#primaryimage\"},\"thumbnailUrl\":\"http:\\\/\\\/www.asvi.it\\\/web\\\/wp-content\\\/uploads\\\/2013\\\/07\\\/Filippo-Addarri-ritaglio-22-150x144.jpg\",\"datePublished\":\"2013-07-25T14:09:47+00:00\",\"breadcrumb\":{\"@id\":\"https:\\\/\\\/www.socialchangeschool.org\\\/it\\\/25\\\/07\\\/2013\\\/fondi-europei-il-tempo-per-linnovazione-e-gia-scaduto-parte-2-3\\\/#breadcrumb\"},\"inLanguage\":\"it-IT\",\"potentialAction\":[{\"@type\":\"ReadAction\",\"target\":[\"https:\\\/\\\/www.socialchangeschool.org\\\/it\\\/25\\\/07\\\/2013\\\/fondi-europei-il-tempo-per-linnovazione-e-gia-scaduto-parte-2-3\\\/\"]}]},{\"@type\":\"ImageObject\",\"inLanguage\":\"it-IT\",\"@id\":\"https:\\\/\\\/www.socialchangeschool.org\\\/it\\\/25\\\/07\\\/2013\\\/fondi-europei-il-tempo-per-linnovazione-e-gia-scaduto-parte-2-3\\\/#primaryimage\",\"url\":\"http:\\\/\\\/www.asvi.it\\\/web\\\/wp-content\\\/uploads\\\/2013\\\/07\\\/Filippo-Addarri-ritaglio-22-150x144.jpg\",\"contentUrl\":\"http:\\\/\\\/www.asvi.it\\\/web\\\/wp-content\\\/uploads\\\/2013\\\/07\\\/Filippo-Addarri-ritaglio-22-150x144.jpg\"},{\"@type\":\"BreadcrumbList\",\"@id\":\"https:\\\/\\\/www.socialchangeschool.org\\\/it\\\/25\\\/07\\\/2013\\\/fondi-europei-il-tempo-per-linnovazione-e-gia-scaduto-parte-2-3\\\/#breadcrumb\",\"itemListElement\":[{\"@type\":\"ListItem\",\"position\":1,\"name\":\"Home\",\"item\":\"https:\\\/\\\/www.socialchangeschool.org\\\/it\\\/\"},{\"@type\":\"ListItem\",\"position\":2,\"name\":\"Fondi Europei : il tempo per l\u2019innovazione \u00e8 gi\u00e0 scaduto? (parte 2 \\\/ 3)\"}]},{\"@type\":\"WebSite\",\"@id\":\"https:\\\/\\\/www.socialchangeschool.org\\\/it\\\/#website\",\"url\":\"https:\\\/\\\/www.socialchangeschool.org\\\/it\\\/\",\"name\":\"Social Change School\",\"description\":\"worldwide leader for training, connecting and certificating all professionals of Non Profit sector\",\"publisher\":{\"@id\":\"https:\\\/\\\/www.socialchangeschool.org\\\/it\\\/#organization\"},\"alternateName\":\"Leverage of Social Change transformational training institution\",\"potentialAction\":[{\"@type\":\"SearchAction\",\"target\":{\"@type\":\"EntryPoint\",\"urlTemplate\":\"https:\\\/\\\/www.socialchangeschool.org\\\/it\\\/?s={search_term_string}\"},\"query-input\":{\"@type\":\"PropertyValueSpecification\",\"valueRequired\":true,\"valueName\":\"search_term_string\"}}],\"inLanguage\":\"it-IT\"},{\"@type\":\"Organization\",\"@id\":\"https:\\\/\\\/www.socialchangeschool.org\\\/it\\\/#organization\",\"name\":\"Social Change School\",\"alternateName\":\"worldwide leader for training, connecting and certificating all professionals\",\"url\":\"https:\\\/\\\/www.socialchangeschool.org\\\/it\\\/\",\"logo\":{\"@type\":\"ImageObject\",\"inLanguage\":\"it-IT\",\"@id\":\"https:\\\/\\\/www.socialchangeschool.org\\\/it\\\/#\\\/schema\\\/logo\\\/image\\\/\",\"url\":\"https:\\\/\\\/www.socialchangeschool.org\\\/wp-content\\\/uploads\\\/2022\\\/06\\\/Logo-SocialChangeSchool.png\",\"contentUrl\":\"https:\\\/\\\/www.socialchangeschool.org\\\/wp-content\\\/uploads\\\/2022\\\/06\\\/Logo-SocialChangeSchool.png\",\"width\":1721,\"height\":1721,\"caption\":\"Social Change School\"},\"image\":{\"@id\":\"https:\\\/\\\/www.socialchangeschool.org\\\/it\\\/#\\\/schema\\\/logo\\\/image\\\/\"}},{\"@type\":\"Person\",\"@id\":\"https:\\\/\\\/www.socialchangeschool.org\\\/it\\\/#\\\/schema\\\/person\\\/830e0c463a7c51633e79f9b14aadf794\",\"name\":\"Laura Reiss\",\"url\":\"https:\\\/\\\/www.socialchangeschool.org\\\/it\\\/author\\\/ghost\\\/\"}]}<\/script>\n<!-- \/ Yoast SEO Premium plugin. -->","yoast_head_json":{"title":"Fondi Europei : il tempo per l\u2019innovazione \u00e8 gi\u00e0 scaduto? (parte 2 \/ 3) - SocialChangeSchool","robots":{"index":"index","follow":"follow","max-snippet":"max-snippet:-1","max-image-preview":"max-image-preview:large","max-video-preview":"max-video-preview:-1"},"canonical":"https:\/\/www.socialchangeschool.org\/it\/25\/07\/2013\/fondi-europei-il-tempo-per-linnovazione-e-gia-scaduto-parte-2-3\/","og_locale":"it_IT","og_type":"article","og_title":"Fondi Europei : il tempo per l\u2019innovazione \u00e8 gi\u00e0 scaduto? (parte 2 \/ 3)","og_description":"L'ultima riunione del GESEC porta a casa un risultato: la nuova campagna iniziata da Euclid Network! Per estendere la Social Business Initiative ai programmi dell\u2019Unione Europea al di fuori di essa, verranno integrate le nuove politiche nei programmi a favore di Balcani e Turchia, paesi di prossima adesione.","og_url":"https:\/\/www.socialchangeschool.org\/it\/25\/07\/2013\/fondi-europei-il-tempo-per-linnovazione-e-gia-scaduto-parte-2-3\/","og_site_name":"SocialChangeSchool","article_published_time":"2013-07-25T14:09:47+00:00","og_image":[{"url":"http:\/\/www.asvi.it\/web\/wp-content\/uploads\/2013\/07\/Filippo-Addarri-ritaglio-22-150x144.jpg","type":"","width":"","height":""}],"author":"Laura Reiss","twitter_card":"summary_large_image","twitter_misc":{"Scritto da":"Laura Reiss","Tempo di lettura stimato":"2 minuti"},"schema":{"@context":"https:\/\/schema.org","@graph":[{"@type":"Article","@id":"https:\/\/www.socialchangeschool.org\/it\/25\/07\/2013\/fondi-europei-il-tempo-per-linnovazione-e-gia-scaduto-parte-2-3\/#article","isPartOf":{"@id":"https:\/\/www.socialchangeschool.org\/it\/25\/07\/2013\/fondi-europei-il-tempo-per-linnovazione-e-gia-scaduto-parte-2-3\/"},"author":{"name":"Laura Reiss","@id":"https:\/\/www.socialchangeschool.org\/it\/#\/schema\/person\/830e0c463a7c51633e79f9b14aadf794"},"headline":"Fondi Europei : il tempo per l\u2019innovazione \u00e8 gi\u00e0 scaduto? (parte 2 \/ 3)","datePublished":"2013-07-25T14:09:47+00:00","mainEntityOfPage":{"@id":"https:\/\/www.socialchangeschool.org\/it\/25\/07\/2013\/fondi-europei-il-tempo-per-linnovazione-e-gia-scaduto-parte-2-3\/"},"wordCount":404,"publisher":{"@id":"https:\/\/www.socialchangeschool.org\/it\/#organization"},"image":{"@id":"https:\/\/www.socialchangeschool.org\/it\/25\/07\/2013\/fondi-europei-il-tempo-per-linnovazione-e-gia-scaduto-parte-2-3\/#primaryimage"},"thumbnailUrl":"http:\/\/www.asvi.it\/web\/wp-content\/uploads\/2013\/07\/Filippo-Addarri-ritaglio-22-150x144.jpg","articleSection":["Europrogettazione e finanziamenti europei"],"inLanguage":"it-IT"},{"@type":"WebPage","@id":"https:\/\/www.socialchangeschool.org\/it\/25\/07\/2013\/fondi-europei-il-tempo-per-linnovazione-e-gia-scaduto-parte-2-3\/","url":"https:\/\/www.socialchangeschool.org\/it\/25\/07\/2013\/fondi-europei-il-tempo-per-linnovazione-e-gia-scaduto-parte-2-3\/","name":"Fondi Europei : il tempo per l\u2019innovazione \u00e8 gi\u00e0 scaduto? (parte 2 \/ 3) - SocialChangeSchool","isPartOf":{"@id":"https:\/\/www.socialchangeschool.org\/it\/#website"},"primaryImageOfPage":{"@id":"https:\/\/www.socialchangeschool.org\/it\/25\/07\/2013\/fondi-europei-il-tempo-per-linnovazione-e-gia-scaduto-parte-2-3\/#primaryimage"},"image":{"@id":"https:\/\/www.socialchangeschool.org\/it\/25\/07\/2013\/fondi-europei-il-tempo-per-linnovazione-e-gia-scaduto-parte-2-3\/#primaryimage"},"thumbnailUrl":"http:\/\/www.asvi.it\/web\/wp-content\/uploads\/2013\/07\/Filippo-Addarri-ritaglio-22-150x144.jpg","datePublished":"2013-07-25T14:09:47+00:00","breadcrumb":{"@id":"https:\/\/www.socialchangeschool.org\/it\/25\/07\/2013\/fondi-europei-il-tempo-per-linnovazione-e-gia-scaduto-parte-2-3\/#breadcrumb"},"inLanguage":"it-IT","potentialAction":[{"@type":"ReadAction","target":["https:\/\/www.socialchangeschool.org\/it\/25\/07\/2013\/fondi-europei-il-tempo-per-linnovazione-e-gia-scaduto-parte-2-3\/"]}]},{"@type":"ImageObject","inLanguage":"it-IT","@id":"https:\/\/www.socialchangeschool.org\/it\/25\/07\/2013\/fondi-europei-il-tempo-per-linnovazione-e-gia-scaduto-parte-2-3\/#primaryimage","url":"http:\/\/www.asvi.it\/web\/wp-content\/uploads\/2013\/07\/Filippo-Addarri-ritaglio-22-150x144.jpg","contentUrl":"http:\/\/www.asvi.it\/web\/wp-content\/uploads\/2013\/07\/Filippo-Addarri-ritaglio-22-150x144.jpg"},{"@type":"BreadcrumbList","@id":"https:\/\/www.socialchangeschool.org\/it\/25\/07\/2013\/fondi-europei-il-tempo-per-linnovazione-e-gia-scaduto-parte-2-3\/#breadcrumb","itemListElement":[{"@type":"ListItem","position":1,"name":"Home","item":"https:\/\/www.socialchangeschool.org\/it\/"},{"@type":"ListItem","position":2,"name":"Fondi Europei : il tempo per l\u2019innovazione \u00e8 gi\u00e0 scaduto? (parte 2 \/ 3)"}]},{"@type":"WebSite","@id":"https:\/\/www.socialchangeschool.org\/it\/#website","url":"https:\/\/www.socialchangeschool.org\/it\/","name":"Social Change School","description":"worldwide leader for training, connecting and certificating all professionals of Non Profit sector","publisher":{"@id":"https:\/\/www.socialchangeschool.org\/it\/#organization"},"alternateName":"Leverage of Social Change transformational training institution","potentialAction":[{"@type":"SearchAction","target":{"@type":"EntryPoint","urlTemplate":"https:\/\/www.socialchangeschool.org\/it\/?s={search_term_string}"},"query-input":{"@type":"PropertyValueSpecification","valueRequired":true,"valueName":"search_term_string"}}],"inLanguage":"it-IT"},{"@type":"Organization","@id":"https:\/\/www.socialchangeschool.org\/it\/#organization","name":"Social Change School","alternateName":"worldwide leader for training, connecting and certificating all professionals","url":"https:\/\/www.socialchangeschool.org\/it\/","logo":{"@type":"ImageObject","inLanguage":"it-IT","@id":"https:\/\/www.socialchangeschool.org\/it\/#\/schema\/logo\/image\/","url":"https:\/\/www.socialchangeschool.org\/wp-content\/uploads\/2022\/06\/Logo-SocialChangeSchool.png","contentUrl":"https:\/\/www.socialchangeschool.org\/wp-content\/uploads\/2022\/06\/Logo-SocialChangeSchool.png","width":1721,"height":1721,"caption":"Social Change School"},"image":{"@id":"https:\/\/www.socialchangeschool.org\/it\/#\/schema\/logo\/image\/"}},{"@type":"Person","@id":"https:\/\/www.socialchangeschool.org\/it\/#\/schema\/person\/830e0c463a7c51633e79f9b14aadf794","name":"Laura Reiss","url":"https:\/\/www.socialchangeschool.org\/it\/author\/ghost\/"}]}},"_links":{"self":[{"href":"https:\/\/www.socialchangeschool.org\/it\/wp-json\/wp\/v2\/posts\/37483","targetHints":{"allow":["GET"]}}],"collection":[{"href":"https:\/\/www.socialchangeschool.org\/it\/wp-json\/wp\/v2\/posts"}],"about":[{"href":"https:\/\/www.socialchangeschool.org\/it\/wp-json\/wp\/v2\/types\/post"}],"author":[{"embeddable":true,"href":"https:\/\/www.socialchangeschool.org\/it\/wp-json\/wp\/v2\/users\/2"}],"replies":[{"embeddable":true,"href":"https:\/\/www.socialchangeschool.org\/it\/wp-json\/wp\/v2\/comments?post=37483"}],"version-history":[{"count":0,"href":"https:\/\/www.socialchangeschool.org\/it\/wp-json\/wp\/v2\/posts\/37483\/revisions"}],"wp:attachment":[{"href":"https:\/\/www.socialchangeschool.org\/it\/wp-json\/wp\/v2\/media?parent=37483"}],"wp:term":[{"taxonomy":"category","embeddable":true,"href":"https:\/\/www.socialchangeschool.org\/it\/wp-json\/wp\/v2\/categories?post=37483"},{"taxonomy":"post_tag","embeddable":true,"href":"https:\/\/www.socialchangeschool.org\/it\/wp-json\/wp\/v2\/tags?post=37483"}],"curies":[{"name":"wp","href":"https:\/\/api.w.org\/{rel}","templated":true}]}}