{"id":37482,"date":"2013-07-23T14:05:16","date_gmt":"2013-07-23T14:05:16","guid":{"rendered":"http:\/\/socialchangeschool.org\/23\/07\/2013\/fondi-europei-il-tempo-per-linnovazione-e-gia-scaduto-parte-1-3\/"},"modified":"2013-07-23T14:05:16","modified_gmt":"2013-07-23T14:05:16","slug":"fondi-europei-il-tempo-per-linnovazione-e-gia-scaduto-parte-1-3","status":"publish","type":"post","link":"https:\/\/www.socialchangeschool.org\/it\/23\/07\/2013\/fondi-europei-il-tempo-per-linnovazione-e-gia-scaduto-parte-1-3\/","title":{"rendered":"Fondi Europei : il tempo per l\u2019innovazione \u00e8 gi\u00e0 scaduto? (parte 1 \/ 3)"},"content":{"rendered":"<p><a href=\"https:\/\/www.asvi.it\/web\/wp-content\/uploads\/2013\/07\/Filippo-Addarri-ritaglio-2.jpg\"><img decoding=\"async\" class=\"alignleft size-thumbnail wp-image-11306\" title=\"Filippo-Addarri ritaglio 2\" src=\"https:\/\/www.asvi.it\/web\/wp-content\/uploads\/2013\/07\/Filippo-Addarri-ritaglio-2-150x144.jpg\" alt=\"\" width=\"150\" height=\"144\" \/><\/a>Filippo Addarii | 23 luglio 2013<\/p>\n<p>&nbsp;<\/p>\n<p style=\"text-align: justify\">Siamo a un anno dalle elezioni del Parlamento Europeo che si terranno a Maggio del 2014 e a Bruxelles ci si prepara di gi\u00e0 al cambiamento. In altre parole, i funzionari non si prendono la briga di avviare nuove iniziative, ma cercano soltanto di chiudere quelle gi\u00e0 avviate e preparano l\u2019ordine del giorno per i prossimi ospiti delle istituzioni europee.<\/p>\n<p style=\"text-align: justify\">Mi asterr\u00f2 dal rivelare che se questo \u00e8 il ciclo politico di Bruxelles il sistema europeo \u00e8 chiaramente inadeguato per tenere il passo di un mondo che si globalizza a vista d\u2019occhio.<br \/>Tale inadeguatezza si rileva anche nell\u2019evoluzione dell\u2019agenda europea per l\u2019innovazione, l\u2019imprenditorialit\u00e0 e gli investimenti sociali.<\/p>\n<p style=\"text-align: justify\">Il 6 giugno si \u00e8 riunito nuovamente il gruppo di esperti sull\u2019 imprenditorialit\u00e0 sociale (chiamato GECES, <a href=\"https:\/\/ec.europa.eu\/internal_market\/social_business\/expert-group\/index_en.htm\">https:\/\/ec.europa.eu\/internal_market\/social_business\/expert-group\/index_en.htm<\/a>) voluto dal Commissario Barnier.<\/p>\n<p style=\"text-align: justify\">La scelta della data \u00e8 stata quanto mai infelice, coincidendo con quella del Forum sugli investimenti sociali voluto dal Primo Ministro Britannico Cameron in preparazione del G8 (<a href=\"https:\/\/www.gov.uk\/government\/news\/social-impact-investment-forum\">https:\/\/www.gov.uk\/government\/news\/social-impact-investment-forum<\/a>). Tanto \u00e8 vero che non solo tutti i membri inglesi del GECES erano a Londra, ma lo stesso Commissario Barnier ha preferito partecipare al forum londinese disertando la riunione di Bruxelles.<\/p>\n<p style=\"text-align: justify\">La cosa non mi stupisce visti i risultati dell\u2019evento di Londra rispetto a quello di Bruxelles. Cameron ha lanciato la Borsa Sociale (London Stock Exchange), una commissione per rilevare i dati disponibili in questa industria emergente, un comitato che riunisce i rappresentati dei paesi pi\u00f9 ricchi al mondo per promuovere gli investimenti sociali insieme ad altre misure rilevanti per il suo paese.<\/p>\n<p style=\"text-align: justify\">Al contrario, a Bruxelles le novit\u00e0 sul tavolo non sono altrettanto eccitanti a parte il lancio di Social Impact Accelerator, il fondo di fondi di 60 milioni di \u20ac creato dalla Banca Europea d\u2019Investimenti insieme al Fondo Europeo di Investimenti, Deutsche Bank e Credit Cooperatif (<a href=\"https:\/\/www.eif.org\/what_we_do\/equity\/news\/2013\/social_impact_accelerator.htm\">https:\/\/www.eif.org\/what_we_do\/equity\/news\/2013\/social_impact_accelerator.htm<\/a>).<\/p>\n<p style=\"text-align: justify\">L\u2019impresa sociale \u00e8 tra le priorit\u00e0 dei fondi strutturali,ma la programmazione \u00e8 ormai nelle mani degli Stati Membri. \u00c8 stata approvata la certificazione per i fondi per investimenti sociali. Il crowdfunding \u00e8 diventato di moda, ma siamo ancora lontani da una legislazione che ne permetta l\u2019uso su larga scala.<\/p>\n<p style=\"text-align: justify\">Procedono i lavori del sottogruppo sulla misurazione dell\u2019impatto sociale, ma le conclusioni sono ancora molto lontane. Sono stati avviati due progetti per meglio definire il settore in Europa: l\u2019uno sulla mappatura dell\u2019impresa sociale, l\u2019altro sulla raccolta dei dati statistici.<\/p>\n<p style=\"text-align: justify\">Trovate tutti i riferimenti specifici nel sito della Commissione:\u00a0<\/p>\n<p style=\"text-align: justify\"><a href=\"https:\/\/ec.europa.eu\/internal_market\/social_business\/index_en.htm\">https:\/\/ec.europa.eu\/internal_market\/social_business\/index_en.htm<\/a><\/p>\n<p style=\"text-align: justify\"><a href=\"https:\/\/www.asvi.it\/web\/wp-content\/uploads\/2013\/07\/1-Sandro-Calvani2.jpg\"><br \/><\/a><\/p>\n","protected":false},"excerpt":{"rendered":"<p>\u00c8 stata approvata la certificazione per i fondi per investimenti sociali. L\u2019impresa sociale \u00e8 tra le priorit\u00e0 dei fondi strutturali,ma la programmazione \u00e8 nelle mani degli Stati Membri. Ad un anno dalle elezioni del Parlamento Europeo a Bruxelles ci si prepara al cambiamento.<\/p>\n","protected":false},"author":2,"featured_media":0,"comment_status":"closed","ping_status":"closed","sticky":false,"template":"","format":"standard","meta":{"site-sidebar-layout":"default","site-content-layout":"","ast-site-content-layout":"default","site-content-style":"default","site-sidebar-style":"default","ast-global-header-display":"","ast-banner-title-visibility":"","ast-main-header-display":"","ast-hfb-above-header-display":"","ast-hfb-below-header-display":"","ast-hfb-mobile-header-display":"","site-post-title":"","ast-breadcrumbs-content":"","ast-featured-img":"","footer-sml-layout":"","ast-disable-related-posts":"","theme-transparent-header-meta":"","adv-header-id-meta":"","stick-header-meta":"","header-above-stick-meta":"","header-main-stick-meta":"","header-below-stick-meta":"","astra-migrate-meta-layouts":"default","ast-page-background-enabled":"default","ast-page-background-meta":{"desktop":{"background-color":"","background-image":"","background-repeat":"repeat","background-position":"center center","background-size":"auto","background-attachment":"scroll","background-type":"","background-media":"","overlay-type":"","overlay-color":"","overlay-opacity":"","overlay-gradient":""},"tablet":{"background-color":"","background-image":"","background-repeat":"repeat","background-position":"center center","background-size":"auto","background-attachment":"scroll","background-type":"","background-media":"","overlay-type":"","overlay-color":"","overlay-opacity":"","overlay-gradient":""},"mobile":{"background-color":"","background-image":"","background-repeat":"repeat","background-position":"center center","background-size":"auto","background-attachment":"scroll","background-type":"","background-media":"","overlay-type":"","overlay-color":"","overlay-opacity":"","overlay-gradient":""}},"ast-content-background-meta":{"desktop":{"background-color":"var(--ast-global-color-5)","background-image":"","background-repeat":"repeat","background-position":"center center","background-size":"auto","background-attachment":"scroll","background-type":"","background-media":"","overlay-type":"","overlay-color":"","overlay-opacity":"","overlay-gradient":""},"tablet":{"background-color":"var(--ast-global-color-5)","background-image":"","background-repeat":"repeat","background-position":"center center","background-size":"auto","background-attachment":"scroll","background-type":"","background-media":"","overlay-type":"","overlay-color":"","overlay-opacity":"","overlay-gradient":""},"mobile":{"background-color":"var(--ast-global-color-5)","background-image":"","background-repeat":"repeat","background-position":"center center","background-size":"auto","background-attachment":"scroll","background-type":"","background-media":"","overlay-type":"","overlay-color":"","overlay-opacity":"","overlay-gradient":""}},"footnotes":""},"categories":[196],"tags":[],"class_list":["post-37482","post","type-post","status-publish","format-standard","hentry","category-europrogettazione-e-finanziamenti-europei"],"yoast_head":"<!-- This site is optimized with the Yoast SEO Premium plugin v27.2 (Yoast SEO v27.5) - https:\/\/yoast.com\/product\/yoast-seo-premium-wordpress\/ -->\n<title>Fondi Europei : il tempo per l\u2019innovazione \u00e8 gi\u00e0 scaduto? (parte 1 \/ 3) - SocialChangeSchool<\/title>\n<meta name=\"robots\" content=\"index, follow, max-snippet:-1, max-image-preview:large, max-video-preview:-1\" \/>\n<link rel=\"canonical\" href=\"https:\/\/www.socialchangeschool.org\/it\/23\/07\/2013\/fondi-europei-il-tempo-per-linnovazione-e-gia-scaduto-parte-1-3\/\" \/>\n<meta property=\"og:locale\" content=\"it_IT\" \/>\n<meta property=\"og:type\" content=\"article\" \/>\n<meta property=\"og:title\" content=\"Fondi Europei : il tempo per l\u2019innovazione \u00e8 gi\u00e0 scaduto? (parte 1 \/ 3)\" \/>\n<meta property=\"og:description\" content=\"\u00c8 stata approvata la certificazione per i fondi per investimenti sociali. L\u2019impresa sociale \u00e8 tra le priorit\u00e0 dei fondi strutturali,ma la programmazione \u00e8 nelle mani degli Stati Membri. Ad un anno dalle elezioni del Parlamento Europeo a Bruxelles ci si prepara al cambiamento.\" \/>\n<meta property=\"og:url\" content=\"https:\/\/www.socialchangeschool.org\/it\/23\/07\/2013\/fondi-europei-il-tempo-per-linnovazione-e-gia-scaduto-parte-1-3\/\" \/>\n<meta property=\"og:site_name\" content=\"SocialChangeSchool\" \/>\n<meta property=\"article:published_time\" content=\"2013-07-23T14:05:16+00:00\" \/>\n<meta property=\"og:image\" content=\"http:\/\/www.asvi.it\/web\/wp-content\/uploads\/2013\/07\/Filippo-Addarri-ritaglio-2-150x144.jpg\" \/>\n<meta name=\"author\" content=\"Laura Reiss\" \/>\n<meta name=\"twitter:card\" content=\"summary_large_image\" \/>\n<meta name=\"twitter:label1\" content=\"Scritto da\" \/>\n\t<meta name=\"twitter:data1\" content=\"Laura Reiss\" \/>\n\t<meta name=\"twitter:label2\" content=\"Tempo di lettura stimato\" \/>\n\t<meta name=\"twitter:data2\" content=\"2 minuti\" \/>\n<script type=\"application\/ld+json\" class=\"yoast-schema-graph\">{\"@context\":\"https:\\\/\\\/schema.org\",\"@graph\":[{\"@type\":\"Article\",\"@id\":\"https:\\\/\\\/www.socialchangeschool.org\\\/it\\\/23\\\/07\\\/2013\\\/fondi-europei-il-tempo-per-linnovazione-e-gia-scaduto-parte-1-3\\\/#article\",\"isPartOf\":{\"@id\":\"https:\\\/\\\/www.socialchangeschool.org\\\/it\\\/23\\\/07\\\/2013\\\/fondi-europei-il-tempo-per-linnovazione-e-gia-scaduto-parte-1-3\\\/\"},\"author\":{\"name\":\"Laura Reiss\",\"@id\":\"https:\\\/\\\/www.socialchangeschool.org\\\/it\\\/#\\\/schema\\\/person\\\/830e0c463a7c51633e79f9b14aadf794\"},\"headline\":\"Fondi Europei : il tempo per l\u2019innovazione \u00e8 gi\u00e0 scaduto? (parte 1 \\\/ 3)\",\"datePublished\":\"2013-07-23T14:05:16+00:00\",\"mainEntityOfPage\":{\"@id\":\"https:\\\/\\\/www.socialchangeschool.org\\\/it\\\/23\\\/07\\\/2013\\\/fondi-europei-il-tempo-per-linnovazione-e-gia-scaduto-parte-1-3\\\/\"},\"wordCount\":448,\"publisher\":{\"@id\":\"https:\\\/\\\/www.socialchangeschool.org\\\/it\\\/#organization\"},\"image\":{\"@id\":\"https:\\\/\\\/www.socialchangeschool.org\\\/it\\\/23\\\/07\\\/2013\\\/fondi-europei-il-tempo-per-linnovazione-e-gia-scaduto-parte-1-3\\\/#primaryimage\"},\"thumbnailUrl\":\"http:\\\/\\\/www.asvi.it\\\/web\\\/wp-content\\\/uploads\\\/2013\\\/07\\\/Filippo-Addarri-ritaglio-2-150x144.jpg\",\"articleSection\":[\"Europrogettazione e finanziamenti europei\"],\"inLanguage\":\"it-IT\"},{\"@type\":\"WebPage\",\"@id\":\"https:\\\/\\\/www.socialchangeschool.org\\\/it\\\/23\\\/07\\\/2013\\\/fondi-europei-il-tempo-per-linnovazione-e-gia-scaduto-parte-1-3\\\/\",\"url\":\"https:\\\/\\\/www.socialchangeschool.org\\\/it\\\/23\\\/07\\\/2013\\\/fondi-europei-il-tempo-per-linnovazione-e-gia-scaduto-parte-1-3\\\/\",\"name\":\"Fondi Europei : il tempo per l\u2019innovazione \u00e8 gi\u00e0 scaduto? (parte 1 \\\/ 3) - SocialChangeSchool\",\"isPartOf\":{\"@id\":\"https:\\\/\\\/www.socialchangeschool.org\\\/it\\\/#website\"},\"primaryImageOfPage\":{\"@id\":\"https:\\\/\\\/www.socialchangeschool.org\\\/it\\\/23\\\/07\\\/2013\\\/fondi-europei-il-tempo-per-linnovazione-e-gia-scaduto-parte-1-3\\\/#primaryimage\"},\"image\":{\"@id\":\"https:\\\/\\\/www.socialchangeschool.org\\\/it\\\/23\\\/07\\\/2013\\\/fondi-europei-il-tempo-per-linnovazione-e-gia-scaduto-parte-1-3\\\/#primaryimage\"},\"thumbnailUrl\":\"http:\\\/\\\/www.asvi.it\\\/web\\\/wp-content\\\/uploads\\\/2013\\\/07\\\/Filippo-Addarri-ritaglio-2-150x144.jpg\",\"datePublished\":\"2013-07-23T14:05:16+00:00\",\"breadcrumb\":{\"@id\":\"https:\\\/\\\/www.socialchangeschool.org\\\/it\\\/23\\\/07\\\/2013\\\/fondi-europei-il-tempo-per-linnovazione-e-gia-scaduto-parte-1-3\\\/#breadcrumb\"},\"inLanguage\":\"it-IT\",\"potentialAction\":[{\"@type\":\"ReadAction\",\"target\":[\"https:\\\/\\\/www.socialchangeschool.org\\\/it\\\/23\\\/07\\\/2013\\\/fondi-europei-il-tempo-per-linnovazione-e-gia-scaduto-parte-1-3\\\/\"]}]},{\"@type\":\"ImageObject\",\"inLanguage\":\"it-IT\",\"@id\":\"https:\\\/\\\/www.socialchangeschool.org\\\/it\\\/23\\\/07\\\/2013\\\/fondi-europei-il-tempo-per-linnovazione-e-gia-scaduto-parte-1-3\\\/#primaryimage\",\"url\":\"http:\\\/\\\/www.asvi.it\\\/web\\\/wp-content\\\/uploads\\\/2013\\\/07\\\/Filippo-Addarri-ritaglio-2-150x144.jpg\",\"contentUrl\":\"http:\\\/\\\/www.asvi.it\\\/web\\\/wp-content\\\/uploads\\\/2013\\\/07\\\/Filippo-Addarri-ritaglio-2-150x144.jpg\"},{\"@type\":\"BreadcrumbList\",\"@id\":\"https:\\\/\\\/www.socialchangeschool.org\\\/it\\\/23\\\/07\\\/2013\\\/fondi-europei-il-tempo-per-linnovazione-e-gia-scaduto-parte-1-3\\\/#breadcrumb\",\"itemListElement\":[{\"@type\":\"ListItem\",\"position\":1,\"name\":\"Home\",\"item\":\"https:\\\/\\\/www.socialchangeschool.org\\\/it\\\/\"},{\"@type\":\"ListItem\",\"position\":2,\"name\":\"Fondi Europei : il tempo per l\u2019innovazione \u00e8 gi\u00e0 scaduto? (parte 1 \\\/ 3)\"}]},{\"@type\":\"WebSite\",\"@id\":\"https:\\\/\\\/www.socialchangeschool.org\\\/it\\\/#website\",\"url\":\"https:\\\/\\\/www.socialchangeschool.org\\\/it\\\/\",\"name\":\"Social Change School\",\"description\":\"worldwide leader for training, connecting and certificating all professionals of Non Profit sector\",\"publisher\":{\"@id\":\"https:\\\/\\\/www.socialchangeschool.org\\\/it\\\/#organization\"},\"alternateName\":\"Leverage of Social Change transformational training institution\",\"potentialAction\":[{\"@type\":\"SearchAction\",\"target\":{\"@type\":\"EntryPoint\",\"urlTemplate\":\"https:\\\/\\\/www.socialchangeschool.org\\\/it\\\/?s={search_term_string}\"},\"query-input\":{\"@type\":\"PropertyValueSpecification\",\"valueRequired\":true,\"valueName\":\"search_term_string\"}}],\"inLanguage\":\"it-IT\"},{\"@type\":\"Organization\",\"@id\":\"https:\\\/\\\/www.socialchangeschool.org\\\/it\\\/#organization\",\"name\":\"Social Change School\",\"alternateName\":\"worldwide leader for training, connecting and certificating all professionals\",\"url\":\"https:\\\/\\\/www.socialchangeschool.org\\\/it\\\/\",\"logo\":{\"@type\":\"ImageObject\",\"inLanguage\":\"it-IT\",\"@id\":\"https:\\\/\\\/www.socialchangeschool.org\\\/it\\\/#\\\/schema\\\/logo\\\/image\\\/\",\"url\":\"https:\\\/\\\/www.socialchangeschool.org\\\/wp-content\\\/uploads\\\/2022\\\/06\\\/Logo-SocialChangeSchool.png\",\"contentUrl\":\"https:\\\/\\\/www.socialchangeschool.org\\\/wp-content\\\/uploads\\\/2022\\\/06\\\/Logo-SocialChangeSchool.png\",\"width\":1721,\"height\":1721,\"caption\":\"Social Change School\"},\"image\":{\"@id\":\"https:\\\/\\\/www.socialchangeschool.org\\\/it\\\/#\\\/schema\\\/logo\\\/image\\\/\"}},{\"@type\":\"Person\",\"@id\":\"https:\\\/\\\/www.socialchangeschool.org\\\/it\\\/#\\\/schema\\\/person\\\/830e0c463a7c51633e79f9b14aadf794\",\"name\":\"Laura Reiss\",\"url\":\"https:\\\/\\\/www.socialchangeschool.org\\\/it\\\/author\\\/ghost\\\/\"}]}<\/script>\n<!-- \/ Yoast SEO Premium plugin. -->","yoast_head_json":{"title":"Fondi Europei : il tempo per l\u2019innovazione \u00e8 gi\u00e0 scaduto? (parte 1 \/ 3) - SocialChangeSchool","robots":{"index":"index","follow":"follow","max-snippet":"max-snippet:-1","max-image-preview":"max-image-preview:large","max-video-preview":"max-video-preview:-1"},"canonical":"https:\/\/www.socialchangeschool.org\/it\/23\/07\/2013\/fondi-europei-il-tempo-per-linnovazione-e-gia-scaduto-parte-1-3\/","og_locale":"it_IT","og_type":"article","og_title":"Fondi Europei : il tempo per l\u2019innovazione \u00e8 gi\u00e0 scaduto? (parte 1 \/ 3)","og_description":"\u00c8 stata approvata la certificazione per i fondi per investimenti sociali. L\u2019impresa sociale \u00e8 tra le priorit\u00e0 dei fondi strutturali,ma la programmazione \u00e8 nelle mani degli Stati Membri. Ad un anno dalle elezioni del Parlamento Europeo a Bruxelles ci si prepara al cambiamento.","og_url":"https:\/\/www.socialchangeschool.org\/it\/23\/07\/2013\/fondi-europei-il-tempo-per-linnovazione-e-gia-scaduto-parte-1-3\/","og_site_name":"SocialChangeSchool","article_published_time":"2013-07-23T14:05:16+00:00","og_image":[{"url":"http:\/\/www.asvi.it\/web\/wp-content\/uploads\/2013\/07\/Filippo-Addarri-ritaglio-2-150x144.jpg","type":"","width":"","height":""}],"author":"Laura Reiss","twitter_card":"summary_large_image","twitter_misc":{"Scritto da":"Laura Reiss","Tempo di lettura stimato":"2 minuti"},"schema":{"@context":"https:\/\/schema.org","@graph":[{"@type":"Article","@id":"https:\/\/www.socialchangeschool.org\/it\/23\/07\/2013\/fondi-europei-il-tempo-per-linnovazione-e-gia-scaduto-parte-1-3\/#article","isPartOf":{"@id":"https:\/\/www.socialchangeschool.org\/it\/23\/07\/2013\/fondi-europei-il-tempo-per-linnovazione-e-gia-scaduto-parte-1-3\/"},"author":{"name":"Laura Reiss","@id":"https:\/\/www.socialchangeschool.org\/it\/#\/schema\/person\/830e0c463a7c51633e79f9b14aadf794"},"headline":"Fondi Europei : il tempo per l\u2019innovazione \u00e8 gi\u00e0 scaduto? (parte 1 \/ 3)","datePublished":"2013-07-23T14:05:16+00:00","mainEntityOfPage":{"@id":"https:\/\/www.socialchangeschool.org\/it\/23\/07\/2013\/fondi-europei-il-tempo-per-linnovazione-e-gia-scaduto-parte-1-3\/"},"wordCount":448,"publisher":{"@id":"https:\/\/www.socialchangeschool.org\/it\/#organization"},"image":{"@id":"https:\/\/www.socialchangeschool.org\/it\/23\/07\/2013\/fondi-europei-il-tempo-per-linnovazione-e-gia-scaduto-parte-1-3\/#primaryimage"},"thumbnailUrl":"http:\/\/www.asvi.it\/web\/wp-content\/uploads\/2013\/07\/Filippo-Addarri-ritaglio-2-150x144.jpg","articleSection":["Europrogettazione e finanziamenti europei"],"inLanguage":"it-IT"},{"@type":"WebPage","@id":"https:\/\/www.socialchangeschool.org\/it\/23\/07\/2013\/fondi-europei-il-tempo-per-linnovazione-e-gia-scaduto-parte-1-3\/","url":"https:\/\/www.socialchangeschool.org\/it\/23\/07\/2013\/fondi-europei-il-tempo-per-linnovazione-e-gia-scaduto-parte-1-3\/","name":"Fondi Europei : il tempo per l\u2019innovazione \u00e8 gi\u00e0 scaduto? (parte 1 \/ 3) - SocialChangeSchool","isPartOf":{"@id":"https:\/\/www.socialchangeschool.org\/it\/#website"},"primaryImageOfPage":{"@id":"https:\/\/www.socialchangeschool.org\/it\/23\/07\/2013\/fondi-europei-il-tempo-per-linnovazione-e-gia-scaduto-parte-1-3\/#primaryimage"},"image":{"@id":"https:\/\/www.socialchangeschool.org\/it\/23\/07\/2013\/fondi-europei-il-tempo-per-linnovazione-e-gia-scaduto-parte-1-3\/#primaryimage"},"thumbnailUrl":"http:\/\/www.asvi.it\/web\/wp-content\/uploads\/2013\/07\/Filippo-Addarri-ritaglio-2-150x144.jpg","datePublished":"2013-07-23T14:05:16+00:00","breadcrumb":{"@id":"https:\/\/www.socialchangeschool.org\/it\/23\/07\/2013\/fondi-europei-il-tempo-per-linnovazione-e-gia-scaduto-parte-1-3\/#breadcrumb"},"inLanguage":"it-IT","potentialAction":[{"@type":"ReadAction","target":["https:\/\/www.socialchangeschool.org\/it\/23\/07\/2013\/fondi-europei-il-tempo-per-linnovazione-e-gia-scaduto-parte-1-3\/"]}]},{"@type":"ImageObject","inLanguage":"it-IT","@id":"https:\/\/www.socialchangeschool.org\/it\/23\/07\/2013\/fondi-europei-il-tempo-per-linnovazione-e-gia-scaduto-parte-1-3\/#primaryimage","url":"http:\/\/www.asvi.it\/web\/wp-content\/uploads\/2013\/07\/Filippo-Addarri-ritaglio-2-150x144.jpg","contentUrl":"http:\/\/www.asvi.it\/web\/wp-content\/uploads\/2013\/07\/Filippo-Addarri-ritaglio-2-150x144.jpg"},{"@type":"BreadcrumbList","@id":"https:\/\/www.socialchangeschool.org\/it\/23\/07\/2013\/fondi-europei-il-tempo-per-linnovazione-e-gia-scaduto-parte-1-3\/#breadcrumb","itemListElement":[{"@type":"ListItem","position":1,"name":"Home","item":"https:\/\/www.socialchangeschool.org\/it\/"},{"@type":"ListItem","position":2,"name":"Fondi Europei : il tempo per l\u2019innovazione \u00e8 gi\u00e0 scaduto? (parte 1 \/ 3)"}]},{"@type":"WebSite","@id":"https:\/\/www.socialchangeschool.org\/it\/#website","url":"https:\/\/www.socialchangeschool.org\/it\/","name":"Social Change School","description":"worldwide leader for training, connecting and certificating all professionals of Non Profit sector","publisher":{"@id":"https:\/\/www.socialchangeschool.org\/it\/#organization"},"alternateName":"Leverage of Social Change transformational training institution","potentialAction":[{"@type":"SearchAction","target":{"@type":"EntryPoint","urlTemplate":"https:\/\/www.socialchangeschool.org\/it\/?s={search_term_string}"},"query-input":{"@type":"PropertyValueSpecification","valueRequired":true,"valueName":"search_term_string"}}],"inLanguage":"it-IT"},{"@type":"Organization","@id":"https:\/\/www.socialchangeschool.org\/it\/#organization","name":"Social Change School","alternateName":"worldwide leader for training, connecting and certificating all professionals","url":"https:\/\/www.socialchangeschool.org\/it\/","logo":{"@type":"ImageObject","inLanguage":"it-IT","@id":"https:\/\/www.socialchangeschool.org\/it\/#\/schema\/logo\/image\/","url":"https:\/\/www.socialchangeschool.org\/wp-content\/uploads\/2022\/06\/Logo-SocialChangeSchool.png","contentUrl":"https:\/\/www.socialchangeschool.org\/wp-content\/uploads\/2022\/06\/Logo-SocialChangeSchool.png","width":1721,"height":1721,"caption":"Social Change School"},"image":{"@id":"https:\/\/www.socialchangeschool.org\/it\/#\/schema\/logo\/image\/"}},{"@type":"Person","@id":"https:\/\/www.socialchangeschool.org\/it\/#\/schema\/person\/830e0c463a7c51633e79f9b14aadf794","name":"Laura Reiss","url":"https:\/\/www.socialchangeschool.org\/it\/author\/ghost\/"}]}},"_links":{"self":[{"href":"https:\/\/www.socialchangeschool.org\/it\/wp-json\/wp\/v2\/posts\/37482","targetHints":{"allow":["GET"]}}],"collection":[{"href":"https:\/\/www.socialchangeschool.org\/it\/wp-json\/wp\/v2\/posts"}],"about":[{"href":"https:\/\/www.socialchangeschool.org\/it\/wp-json\/wp\/v2\/types\/post"}],"author":[{"embeddable":true,"href":"https:\/\/www.socialchangeschool.org\/it\/wp-json\/wp\/v2\/users\/2"}],"replies":[{"embeddable":true,"href":"https:\/\/www.socialchangeschool.org\/it\/wp-json\/wp\/v2\/comments?post=37482"}],"version-history":[{"count":0,"href":"https:\/\/www.socialchangeschool.org\/it\/wp-json\/wp\/v2\/posts\/37482\/revisions"}],"wp:attachment":[{"href":"https:\/\/www.socialchangeschool.org\/it\/wp-json\/wp\/v2\/media?parent=37482"}],"wp:term":[{"taxonomy":"category","embeddable":true,"href":"https:\/\/www.socialchangeschool.org\/it\/wp-json\/wp\/v2\/categories?post=37482"},{"taxonomy":"post_tag","embeddable":true,"href":"https:\/\/www.socialchangeschool.org\/it\/wp-json\/wp\/v2\/tags?post=37482"}],"curies":[{"name":"wp","href":"https:\/\/api.w.org\/{rel}","templated":true}]}}