{"id":37466,"date":"2013-05-23T08:43:43","date_gmt":"2013-05-23T08:43:43","guid":{"rendered":"http:\/\/socialchangeschool.org\/23\/05\/2013\/autunno-anno-nuovo-innovazione-nuova-2\/"},"modified":"2013-05-23T08:43:43","modified_gmt":"2013-05-23T08:43:43","slug":"autunno-anno-nuovo-innovazione-nuova-2","status":"publish","type":"post","link":"https:\/\/www.socialchangeschool.org\/it\/23\/05\/2013\/autunno-anno-nuovo-innovazione-nuova-2\/","title":{"rendered":"Autunno: anno nuovo&#8230; innovazione nuova!"},"content":{"rendered":"<p>Adriano Noli |\u00a023 maggio 2013<\/p>\n<p>&nbsp;<\/p>\n<p>Chi dice che a Settembre deve prenderci la malinconia? Quest&#8217;anno l&#8217;autunno sar\u00e0 un periodo di progetti ed opportunit\u00e0 per gli innovatori sociali.<\/p>\n<p>La Said Business School dell&#8217;Universit\u00e0 di Oxford ospita la quinta edizione di ISIRC &#8211; International Social Innovation Research Conference, dal 2 al 4 settembre. Ma attenzione, il 3 giugno scadono i termini per sottoporre agli organizzatori un proprio lavoro!<\/p>\n<p>In ogni caso, una bella occasione per proporre un articolo o un progetto, in una delle otto sezioni indicate; Social investment and financial innovation, Social impact and performance measurement, Creating shared value and corporate social innovation, Hybridity and organizational innovation, Public sector innovation, Governance and stakeholder relationships, Policy and politics, Critical perspectives on social innovation.<\/p>\n<p>Ci sar\u00e0 anche, per le migliori papers, un premio da parte di Nesta, importante partner di ASVI.<\/p>\n<p>La call for papers si pu\u00f2 trovare qui; https:\/\/www.sbs.ox.ac.uk\/Documents\/newsletters\/skoll_cfp_mailer.html<\/p>\n<p>Ma non \u00e8 finita; EIB Institute (che sta per European Investment Bank) organizza la seconda edizione del Social Innovation Tournament! E qui purtroppo siamo in ritardo; la scadenza per sottoporre i progetti, che verranno premiati a Budapest a met\u00e0 ottobre, \u00e8 appena passata.<\/p>\n<p>Resta per\u00f2 interessantissimo un giro sul sito per prepararsi bene alla prossima edizione, e per capire meglio come funzionano questi incubatori di idee; ad esempio, non \u00e8 fantastico che il programma preveda una mentorship per i progetti finalisti? Come dire; uno vince, ma tutti possono crescere. Il programma si trova qui; https:\/\/institute.eib.org\/programmes\/social\/social-innovation-tournament\/<\/p>\n<p>Il master in Social Innovation di ASVI finisce proprio ad ottobre; intanto possiamo fare un salto a Oxford o Budapest a fare un po&#8217; di networking&#8230;\u00a0 Aspettando il nostro turno! Ai lettori chiedo di segnalare altre opportunit\u00e0 simili.<\/p>\n","protected":false},"excerpt":{"rendered":"<p>Adriano Noli |\u00a023 maggio 2013 &nbsp; Chi dice che a Settembre deve prenderci la malinconia? Quest&#8217;anno l&#8217;autunno sar\u00e0 un periodo di progetti ed opportunit\u00e0 per gli innovatori sociali. La Said Business School dell&#8217;Universit\u00e0 di Oxford ospita la quinta edizione di ISIRC &#8211; International Social Innovation Research Conference, dal 2 al 4 settembre. Ma attenzione, il [&hellip;]<\/p>\n","protected":false},"author":2,"featured_media":0,"comment_status":"closed","ping_status":"closed","sticky":false,"template":"","format":"standard","meta":{"site-sidebar-layout":"default","site-content-layout":"","ast-site-content-layout":"default","site-content-style":"default","site-sidebar-style":"default","ast-global-header-display":"","ast-banner-title-visibility":"","ast-main-header-display":"","ast-hfb-above-header-display":"","ast-hfb-below-header-display":"","ast-hfb-mobile-header-display":"","site-post-title":"","ast-breadcrumbs-content":"","ast-featured-img":"","footer-sml-layout":"","ast-disable-related-posts":"","theme-transparent-header-meta":"","adv-header-id-meta":"","stick-header-meta":"","header-above-stick-meta":"","header-main-stick-meta":"","header-below-stick-meta":"","astra-migrate-meta-layouts":"default","ast-page-background-enabled":"default","ast-page-background-meta":{"desktop":{"background-color":"","background-image":"","background-repeat":"repeat","background-position":"center center","background-size":"auto","background-attachment":"scroll","background-type":"","background-media":"","overlay-type":"","overlay-color":"","overlay-opacity":"","overlay-gradient":""},"tablet":{"background-color":"","background-image":"","background-repeat":"repeat","background-position":"center center","background-size":"auto","background-attachment":"scroll","background-type":"","background-media":"","overlay-type":"","overlay-color":"","overlay-opacity":"","overlay-gradient":""},"mobile":{"background-color":"","background-image":"","background-repeat":"repeat","background-position":"center center","background-size":"auto","background-attachment":"scroll","background-type":"","background-media":"","overlay-type":"","overlay-color":"","overlay-opacity":"","overlay-gradient":""}},"ast-content-background-meta":{"desktop":{"background-color":"var(--ast-global-color-5)","background-image":"","background-repeat":"repeat","background-position":"center center","background-size":"auto","background-attachment":"scroll","background-type":"","background-media":"","overlay-type":"","overlay-color":"","overlay-opacity":"","overlay-gradient":""},"tablet":{"background-color":"var(--ast-global-color-5)","background-image":"","background-repeat":"repeat","background-position":"center center","background-size":"auto","background-attachment":"scroll","background-type":"","background-media":"","overlay-type":"","overlay-color":"","overlay-opacity":"","overlay-gradient":""},"mobile":{"background-color":"var(--ast-global-color-5)","background-image":"","background-repeat":"repeat","background-position":"center center","background-size":"auto","background-attachment":"scroll","background-type":"","background-media":"","overlay-type":"","overlay-color":"","overlay-opacity":"","overlay-gradient":""}},"footnotes":""},"categories":[68],"tags":[],"class_list":["post-37466","post","type-post","status-publish","format-standard","hentry","category-social-innovation"],"yoast_head":"<!-- This site is optimized with the Yoast SEO Premium plugin v27.2 (Yoast SEO v27.5) - https:\/\/yoast.com\/product\/yoast-seo-premium-wordpress\/ -->\n<title>Autunno: anno nuovo... innovazione nuova! - SocialChangeSchool<\/title>\n<meta name=\"robots\" content=\"index, follow, max-snippet:-1, max-image-preview:large, max-video-preview:-1\" \/>\n<link rel=\"canonical\" href=\"https:\/\/www.socialchangeschool.org\/it\/23\/05\/2013\/autunno-anno-nuovo-innovazione-nuova-2\/\" \/>\n<meta property=\"og:locale\" content=\"it_IT\" \/>\n<meta property=\"og:type\" content=\"article\" \/>\n<meta property=\"og:title\" content=\"Autunno: anno nuovo... innovazione nuova!\" \/>\n<meta property=\"og:description\" content=\"Adriano Noli |\u00a023 maggio 2013 &nbsp; Chi dice che a Settembre deve prenderci la malinconia? Quest&#8217;anno l&#8217;autunno sar\u00e0 un periodo di progetti ed opportunit\u00e0 per gli innovatori sociali. La Said Business School dell&#8217;Universit\u00e0 di Oxford ospita la quinta edizione di ISIRC &#8211; International Social Innovation Research Conference, dal 2 al 4 settembre. Ma attenzione, il [&hellip;]\" \/>\n<meta property=\"og:url\" content=\"https:\/\/www.socialchangeschool.org\/it\/23\/05\/2013\/autunno-anno-nuovo-innovazione-nuova-2\/\" \/>\n<meta property=\"og:site_name\" content=\"SocialChangeSchool\" \/>\n<meta property=\"article:published_time\" content=\"2013-05-23T08:43:43+00:00\" \/>\n<meta property=\"og:image\" content=\"https:\/\/www.socialchangeschool.org\/wp-content\/uploads\/2022\/06\/Logo-SocialChangeSchool.png\" \/>\n\t<meta property=\"og:image:width\" content=\"1721\" \/>\n\t<meta property=\"og:image:height\" content=\"1721\" \/>\n\t<meta property=\"og:image:type\" content=\"image\/png\" \/>\n<meta name=\"author\" content=\"Laura Reiss\" \/>\n<meta name=\"twitter:card\" content=\"summary_large_image\" \/>\n<meta name=\"twitter:label1\" content=\"Scritto da\" \/>\n\t<meta name=\"twitter:data1\" content=\"Laura Reiss\" \/>\n\t<meta name=\"twitter:label2\" content=\"Tempo di lettura stimato\" \/>\n\t<meta name=\"twitter:data2\" content=\"1 minuto\" \/>\n<script type=\"application\/ld+json\" class=\"yoast-schema-graph\">{\"@context\":\"https:\\\/\\\/schema.org\",\"@graph\":[{\"@type\":\"Article\",\"@id\":\"https:\\\/\\\/www.socialchangeschool.org\\\/it\\\/23\\\/05\\\/2013\\\/autunno-anno-nuovo-innovazione-nuova-2\\\/#article\",\"isPartOf\":{\"@id\":\"https:\\\/\\\/www.socialchangeschool.org\\\/it\\\/23\\\/05\\\/2013\\\/autunno-anno-nuovo-innovazione-nuova-2\\\/\"},\"author\":{\"name\":\"Laura Reiss\",\"@id\":\"https:\\\/\\\/www.socialchangeschool.org\\\/it\\\/#\\\/schema\\\/person\\\/830e0c463a7c51633e79f9b14aadf794\"},\"headline\":\"Autunno: anno nuovo&#8230; innovazione nuova!\",\"datePublished\":\"2013-05-23T08:43:43+00:00\",\"mainEntityOfPage\":{\"@id\":\"https:\\\/\\\/www.socialchangeschool.org\\\/it\\\/23\\\/05\\\/2013\\\/autunno-anno-nuovo-innovazione-nuova-2\\\/\"},\"wordCount\":298,\"publisher\":{\"@id\":\"https:\\\/\\\/www.socialchangeschool.org\\\/it\\\/#organization\"},\"articleSection\":[\"Social Innovation\"],\"inLanguage\":\"it-IT\"},{\"@type\":\"WebPage\",\"@id\":\"https:\\\/\\\/www.socialchangeschool.org\\\/it\\\/23\\\/05\\\/2013\\\/autunno-anno-nuovo-innovazione-nuova-2\\\/\",\"url\":\"https:\\\/\\\/www.socialchangeschool.org\\\/it\\\/23\\\/05\\\/2013\\\/autunno-anno-nuovo-innovazione-nuova-2\\\/\",\"name\":\"Autunno: anno nuovo... innovazione nuova! - SocialChangeSchool\",\"isPartOf\":{\"@id\":\"https:\\\/\\\/www.socialchangeschool.org\\\/it\\\/#website\"},\"datePublished\":\"2013-05-23T08:43:43+00:00\",\"breadcrumb\":{\"@id\":\"https:\\\/\\\/www.socialchangeschool.org\\\/it\\\/23\\\/05\\\/2013\\\/autunno-anno-nuovo-innovazione-nuova-2\\\/#breadcrumb\"},\"inLanguage\":\"it-IT\",\"potentialAction\":[{\"@type\":\"ReadAction\",\"target\":[\"https:\\\/\\\/www.socialchangeschool.org\\\/it\\\/23\\\/05\\\/2013\\\/autunno-anno-nuovo-innovazione-nuova-2\\\/\"]}]},{\"@type\":\"BreadcrumbList\",\"@id\":\"https:\\\/\\\/www.socialchangeschool.org\\\/it\\\/23\\\/05\\\/2013\\\/autunno-anno-nuovo-innovazione-nuova-2\\\/#breadcrumb\",\"itemListElement\":[{\"@type\":\"ListItem\",\"position\":1,\"name\":\"Home\",\"item\":\"https:\\\/\\\/www.socialchangeschool.org\\\/it\\\/\"},{\"@type\":\"ListItem\",\"position\":2,\"name\":\"Autunno: anno nuovo&#8230; innovazione nuova!\"}]},{\"@type\":\"WebSite\",\"@id\":\"https:\\\/\\\/www.socialchangeschool.org\\\/it\\\/#website\",\"url\":\"https:\\\/\\\/www.socialchangeschool.org\\\/it\\\/\",\"name\":\"Social Change School\",\"description\":\"worldwide leader for training, connecting and certificating all professionals of Non Profit sector\",\"publisher\":{\"@id\":\"https:\\\/\\\/www.socialchangeschool.org\\\/it\\\/#organization\"},\"alternateName\":\"Leverage of Social Change transformational training institution\",\"potentialAction\":[{\"@type\":\"SearchAction\",\"target\":{\"@type\":\"EntryPoint\",\"urlTemplate\":\"https:\\\/\\\/www.socialchangeschool.org\\\/it\\\/?s={search_term_string}\"},\"query-input\":{\"@type\":\"PropertyValueSpecification\",\"valueRequired\":true,\"valueName\":\"search_term_string\"}}],\"inLanguage\":\"it-IT\"},{\"@type\":\"Organization\",\"@id\":\"https:\\\/\\\/www.socialchangeschool.org\\\/it\\\/#organization\",\"name\":\"Social Change School\",\"alternateName\":\"worldwide leader for training, connecting and certificating all professionals\",\"url\":\"https:\\\/\\\/www.socialchangeschool.org\\\/it\\\/\",\"logo\":{\"@type\":\"ImageObject\",\"inLanguage\":\"it-IT\",\"@id\":\"https:\\\/\\\/www.socialchangeschool.org\\\/it\\\/#\\\/schema\\\/logo\\\/image\\\/\",\"url\":\"https:\\\/\\\/www.socialchangeschool.org\\\/wp-content\\\/uploads\\\/2022\\\/06\\\/Logo-SocialChangeSchool.png\",\"contentUrl\":\"https:\\\/\\\/www.socialchangeschool.org\\\/wp-content\\\/uploads\\\/2022\\\/06\\\/Logo-SocialChangeSchool.png\",\"width\":1721,\"height\":1721,\"caption\":\"Social Change School\"},\"image\":{\"@id\":\"https:\\\/\\\/www.socialchangeschool.org\\\/it\\\/#\\\/schema\\\/logo\\\/image\\\/\"}},{\"@type\":\"Person\",\"@id\":\"https:\\\/\\\/www.socialchangeschool.org\\\/it\\\/#\\\/schema\\\/person\\\/830e0c463a7c51633e79f9b14aadf794\",\"name\":\"Laura Reiss\",\"url\":\"https:\\\/\\\/www.socialchangeschool.org\\\/it\\\/author\\\/ghost\\\/\"}]}<\/script>\n<!-- \/ Yoast SEO Premium plugin. -->","yoast_head_json":{"title":"Autunno: anno nuovo... innovazione nuova! - SocialChangeSchool","robots":{"index":"index","follow":"follow","max-snippet":"max-snippet:-1","max-image-preview":"max-image-preview:large","max-video-preview":"max-video-preview:-1"},"canonical":"https:\/\/www.socialchangeschool.org\/it\/23\/05\/2013\/autunno-anno-nuovo-innovazione-nuova-2\/","og_locale":"it_IT","og_type":"article","og_title":"Autunno: anno nuovo... innovazione nuova!","og_description":"Adriano Noli |\u00a023 maggio 2013 &nbsp; Chi dice che a Settembre deve prenderci la malinconia? Quest&#8217;anno l&#8217;autunno sar\u00e0 un periodo di progetti ed opportunit\u00e0 per gli innovatori sociali. La Said Business School dell&#8217;Universit\u00e0 di Oxford ospita la quinta edizione di ISIRC &#8211; International Social Innovation Research Conference, dal 2 al 4 settembre. Ma attenzione, il [&hellip;]","og_url":"https:\/\/www.socialchangeschool.org\/it\/23\/05\/2013\/autunno-anno-nuovo-innovazione-nuova-2\/","og_site_name":"SocialChangeSchool","article_published_time":"2013-05-23T08:43:43+00:00","og_image":[{"width":1721,"height":1721,"url":"https:\/\/www.socialchangeschool.org\/wp-content\/uploads\/2022\/06\/Logo-SocialChangeSchool.png","type":"image\/png"}],"author":"Laura Reiss","twitter_card":"summary_large_image","twitter_misc":{"Scritto da":"Laura Reiss","Tempo di lettura stimato":"1 minuto"},"schema":{"@context":"https:\/\/schema.org","@graph":[{"@type":"Article","@id":"https:\/\/www.socialchangeschool.org\/it\/23\/05\/2013\/autunno-anno-nuovo-innovazione-nuova-2\/#article","isPartOf":{"@id":"https:\/\/www.socialchangeschool.org\/it\/23\/05\/2013\/autunno-anno-nuovo-innovazione-nuova-2\/"},"author":{"name":"Laura Reiss","@id":"https:\/\/www.socialchangeschool.org\/it\/#\/schema\/person\/830e0c463a7c51633e79f9b14aadf794"},"headline":"Autunno: anno nuovo&#8230; innovazione nuova!","datePublished":"2013-05-23T08:43:43+00:00","mainEntityOfPage":{"@id":"https:\/\/www.socialchangeschool.org\/it\/23\/05\/2013\/autunno-anno-nuovo-innovazione-nuova-2\/"},"wordCount":298,"publisher":{"@id":"https:\/\/www.socialchangeschool.org\/it\/#organization"},"articleSection":["Social Innovation"],"inLanguage":"it-IT"},{"@type":"WebPage","@id":"https:\/\/www.socialchangeschool.org\/it\/23\/05\/2013\/autunno-anno-nuovo-innovazione-nuova-2\/","url":"https:\/\/www.socialchangeschool.org\/it\/23\/05\/2013\/autunno-anno-nuovo-innovazione-nuova-2\/","name":"Autunno: anno nuovo... innovazione nuova! - SocialChangeSchool","isPartOf":{"@id":"https:\/\/www.socialchangeschool.org\/it\/#website"},"datePublished":"2013-05-23T08:43:43+00:00","breadcrumb":{"@id":"https:\/\/www.socialchangeschool.org\/it\/23\/05\/2013\/autunno-anno-nuovo-innovazione-nuova-2\/#breadcrumb"},"inLanguage":"it-IT","potentialAction":[{"@type":"ReadAction","target":["https:\/\/www.socialchangeschool.org\/it\/23\/05\/2013\/autunno-anno-nuovo-innovazione-nuova-2\/"]}]},{"@type":"BreadcrumbList","@id":"https:\/\/www.socialchangeschool.org\/it\/23\/05\/2013\/autunno-anno-nuovo-innovazione-nuova-2\/#breadcrumb","itemListElement":[{"@type":"ListItem","position":1,"name":"Home","item":"https:\/\/www.socialchangeschool.org\/it\/"},{"@type":"ListItem","position":2,"name":"Autunno: anno nuovo&#8230; innovazione nuova!"}]},{"@type":"WebSite","@id":"https:\/\/www.socialchangeschool.org\/it\/#website","url":"https:\/\/www.socialchangeschool.org\/it\/","name":"Social Change School","description":"worldwide leader for training, connecting and certificating all professionals of Non Profit sector","publisher":{"@id":"https:\/\/www.socialchangeschool.org\/it\/#organization"},"alternateName":"Leverage of Social Change transformational training institution","potentialAction":[{"@type":"SearchAction","target":{"@type":"EntryPoint","urlTemplate":"https:\/\/www.socialchangeschool.org\/it\/?s={search_term_string}"},"query-input":{"@type":"PropertyValueSpecification","valueRequired":true,"valueName":"search_term_string"}}],"inLanguage":"it-IT"},{"@type":"Organization","@id":"https:\/\/www.socialchangeschool.org\/it\/#organization","name":"Social Change School","alternateName":"worldwide leader for training, connecting and certificating all professionals","url":"https:\/\/www.socialchangeschool.org\/it\/","logo":{"@type":"ImageObject","inLanguage":"it-IT","@id":"https:\/\/www.socialchangeschool.org\/it\/#\/schema\/logo\/image\/","url":"https:\/\/www.socialchangeschool.org\/wp-content\/uploads\/2022\/06\/Logo-SocialChangeSchool.png","contentUrl":"https:\/\/www.socialchangeschool.org\/wp-content\/uploads\/2022\/06\/Logo-SocialChangeSchool.png","width":1721,"height":1721,"caption":"Social Change School"},"image":{"@id":"https:\/\/www.socialchangeschool.org\/it\/#\/schema\/logo\/image\/"}},{"@type":"Person","@id":"https:\/\/www.socialchangeschool.org\/it\/#\/schema\/person\/830e0c463a7c51633e79f9b14aadf794","name":"Laura Reiss","url":"https:\/\/www.socialchangeschool.org\/it\/author\/ghost\/"}]}},"_links":{"self":[{"href":"https:\/\/www.socialchangeschool.org\/it\/wp-json\/wp\/v2\/posts\/37466","targetHints":{"allow":["GET"]}}],"collection":[{"href":"https:\/\/www.socialchangeschool.org\/it\/wp-json\/wp\/v2\/posts"}],"about":[{"href":"https:\/\/www.socialchangeschool.org\/it\/wp-json\/wp\/v2\/types\/post"}],"author":[{"embeddable":true,"href":"https:\/\/www.socialchangeschool.org\/it\/wp-json\/wp\/v2\/users\/2"}],"replies":[{"embeddable":true,"href":"https:\/\/www.socialchangeschool.org\/it\/wp-json\/wp\/v2\/comments?post=37466"}],"version-history":[{"count":0,"href":"https:\/\/www.socialchangeschool.org\/it\/wp-json\/wp\/v2\/posts\/37466\/revisions"}],"wp:attachment":[{"href":"https:\/\/www.socialchangeschool.org\/it\/wp-json\/wp\/v2\/media?parent=37466"}],"wp:term":[{"taxonomy":"category","embeddable":true,"href":"https:\/\/www.socialchangeschool.org\/it\/wp-json\/wp\/v2\/categories?post=37466"},{"taxonomy":"post_tag","embeddable":true,"href":"https:\/\/www.socialchangeschool.org\/it\/wp-json\/wp\/v2\/tags?post=37466"}],"curies":[{"name":"wp","href":"https:\/\/api.w.org\/{rel}","templated":true}]}}