{"id":36566,"date":"2022-08-25T13:48:00","date_gmt":"2022-08-25T12:48:00","guid":{"rendered":"http:\/\/socialchangeschool.org\/25\/08\/2022\/daniela-fatarella\/"},"modified":"2026-03-18T11:24:31","modified_gmt":"2026-03-18T10:24:31","slug":"daniela-fatarella","status":"publish","type":"post","link":"https:\/\/www.socialchangeschool.org\/it\/25\/08\/2022\/daniela-fatarella\/","title":{"rendered":"Daniela Fatarella"},"content":{"rendered":"\t\t<div data-elementor-type=\"wp-post\" data-elementor-id=\"36566\" class=\"elementor elementor-36566 elementor-35301\" data-elementor-post-type=\"post\">\n\t\t\t\t\t\t<section class=\"elementor-section elementor-top-section elementor-element elementor-element-44e5b00 elementor-section-boxed elementor-section-height-default elementor-section-height-default\" data-id=\"44e5b00\" data-element_type=\"section\" data-e-type=\"section\">\n\t\t\t\t\t\t<div class=\"elementor-container elementor-column-gap-default\">\n\t\t\t\t\t<div class=\"elementor-column elementor-col-100 elementor-top-column elementor-element elementor-element-87e325a\" data-id=\"87e325a\" data-element_type=\"column\" data-e-type=\"column\">\n\t\t\t<div class=\"elementor-widget-wrap\">\n\t\t\t\t\t\t\t<\/div>\n\t\t<\/div>\n\t\t\t\t\t<\/div>\n\t\t<\/section>\n\t\t<div class=\"elementor-element elementor-element-5ae91c8 e-flex e-con-boxed e-con e-parent\" data-id=\"5ae91c8\" data-element_type=\"container\" data-e-type=\"container\">\n\t\t\t\t\t<div class=\"e-con-inner\">\n\t\t\t\t<div class=\"elementor-element elementor-element-1ad3b04 elementor-widget elementor-widget-heading\" data-id=\"1ad3b04\" data-element_type=\"widget\" data-e-type=\"widget\" data-widget_type=\"heading.default\">\n\t\t\t\t<div class=\"elementor-widget-container\">\n\t\t\t\t\t<h1 class=\"elementor-heading-title elementor-size-default\">Daniela Fatarella<\/h1>\t\t\t\t<\/div>\n\t\t\t\t<\/div>\n\t\t\t\t<div class=\"elementor-element elementor-element-3e0f673 elementor-widget elementor-widget-image\" data-id=\"3e0f673\" data-element_type=\"widget\" data-e-type=\"widget\" data-widget_type=\"image.default\">\n\t\t\t\t<div class=\"elementor-widget-container\">\n\t\t\t\t\t\t\t\t\t\t\t\t\t\t\t<img fetchpriority=\"high\" decoding=\"async\" width=\"308\" height=\"313\" src=\"https:\/\/www.socialchangeschool.org\/wp-content\/uploads\/2022\/08\/Daniela-Fatarella-1.png\" class=\"attachment-large size-large wp-image-50240\" alt=\"\" srcset=\"https:\/\/www.socialchangeschool.org\/wp-content\/uploads\/2022\/08\/Daniela-Fatarella-1.png 308w, https:\/\/www.socialchangeschool.org\/wp-content\/uploads\/2022\/08\/Daniela-Fatarella-1-295x300.png 295w\" sizes=\"(max-width: 308px) 100vw, 308px\" \/>\t\t\t\t\t\t\t\t\t\t\t\t\t\t\t<\/div>\n\t\t\t\t<\/div>\n\t\t\t\t\t<\/div>\n\t\t\t\t<\/div>\n\t\t\t\t<section class=\"elementor-section elementor-top-section elementor-element elementor-element-9ab423a elementor-section-boxed elementor-section-height-default elementor-section-height-default\" data-id=\"9ab423a\" data-element_type=\"section\" data-e-type=\"section\">\n\t\t\t\t\t\t<div class=\"elementor-container elementor-column-gap-default\">\n\t\t\t\t\t<div class=\"elementor-column elementor-col-100 elementor-top-column elementor-element elementor-element-0098520\" data-id=\"0098520\" data-element_type=\"column\" data-e-type=\"column\">\n\t\t\t<div class=\"elementor-widget-wrap elementor-element-populated\">\n\t\t\t\t\t\t<div class=\"elementor-element elementor-element-39ab33e elementor-widget elementor-widget-text-editor\" data-id=\"39ab33e\" data-element_type=\"widget\" data-e-type=\"widget\" data-widget_type=\"text-editor.default\">\n\t\t\t\t<div class=\"elementor-widget-container\">\n\t\t\t\t\t\t\t\t\t<p style=\"text-align: justify;\"><b>Daniela Fatarella<\/b> \u00e8 attualmente <strong>Direttore Generale&nbsp;a Save the Children Italia<\/strong>.<\/p>\n<p style=\"text-align: justify;\">Precedentemente&nbsp;<strong>Head of Marketing Communications <\/strong>sempre di<strong> Save the Children Italia, <\/strong>in passato <strong>ha lavorato come Direttore Marketing e Fundraising presso Greenpeace Italia<\/strong> e come <strong>Direttore Nazionale di CBM-Christian Blind Mission<\/strong>, dove ha seguito Missioni cristiane per i ciechi nel mondo per la quale ha curato lo start up italiano (acquisendo 140.000 donatori nei primi tre anni). <strong>Esperta di&nbsp;comunicazione sociale<\/strong>, <strong>tecniche di raccolta fondi<\/strong> e&nbsp;<strong>Direct e-Mail Marketing&nbsp;<\/strong>in ambito sociale, consulente e formatore di importanti organizzazioni Non profit italiane e internazionali.<\/p>\n<p style=\"text-align: justify;\">Nata a Pisa nel 1974, maturit\u00e0 linguistica, laurea in Scienze della Comunicazione. Ha lavorato come consulente presso lo Studio Lentati, attivit\u00e0 stimolante che le ha permesso di sviluppare le proprie competenze e collaborare con alcune delle maggiori realt\u00e0 Non profit italiane. <strong>Alumna di Social Change School, classe 1999.<\/strong><\/p>\n<p style=\"text-align: justify;\"><strong>Si occupa anche di&nbsp;<\/strong><a href=\"https:\/\/www.socialchangeschool.org\/it\/master\/lead-strategic-management-terzo-settore\/\" target=\"_blank\"><b>formazione in ambito <i>Non profit<\/i><\/b><\/a>, collaborando con strutture quali Il Sole 24 Ore e Social Change School. <strong>Ha viaggiato in Africa e in India<\/strong>. Ama profondamente&nbsp;<a href=\"https:\/\/www.socialchangeschool.org\/en\/midha-master-in-project-management-for-international-development-and-humanitarian-aid\/\" target=\"_blank\"><b>il mondo della cooperazione<\/b><\/a>&nbsp;e il suo lavoro. Le <strong>esperienze vissute nei paesi in via di sviluppo<\/strong> hanno arricchito non solo il suo bagaglio culturale, ma soprattutto il suo spirito. Ritiene che lo scrittore Luis Sep\u00falveda abbia detto una grande verit\u00e0 \u201cVola solo chi osa farlo\u201d (cfr.&nbsp;<em>Storia di una gabbanella e del gatto che le insegn\u00f2 a volare<\/em>).<\/p>\t\t\t\t\t\t\t\t<\/div>\n\t\t\t\t<\/div>\n\t\t\t\t\t<\/div>\n\t\t<\/div>\n\t\t\t\t\t<\/div>\n\t\t<\/section>\n\t\t<div class=\"elementor-element elementor-element-d6612f9 e-flex e-con-boxed e-con e-parent\" data-id=\"d6612f9\" data-element_type=\"container\" data-e-type=\"container\">\n\t\t\t\t\t<div class=\"e-con-inner\">\n\t\t\t\t<div class=\"elementor-element elementor-element-81d92d9 elementor-widget elementor-widget-heading\" data-id=\"81d92d9\" data-element_type=\"widget\" data-e-type=\"widget\" data-widget_type=\"heading.default\">\n\t\t\t\t<div class=\"elementor-widget-container\">\n\t\t\t\t\t<h2 class=\"elementor-heading-title elementor-size-default\">Sei pronto a lavorare per le ONG? <\/h2>\t\t\t\t<\/div>\n\t\t\t\t<\/div>\n\t\t\t\t\t<\/div>\n\t\t\t\t<\/div>\n\t\t<div class=\"elementor-element elementor-element-18cc51d e-grid e-con-boxed e-con e-parent\" data-id=\"18cc51d\" data-element_type=\"container\" data-e-type=\"container\">\n\t\t\t\t\t<div class=\"e-con-inner\">\n\t\t<div class=\"elementor-element elementor-element-f0d0336 e-con-full e-flex e-con e-child\" data-id=\"f0d0336\" data-element_type=\"container\" data-e-type=\"container\">\n\t\t\t\t<div class=\"elementor-element elementor-element-05f4626 elementor-widget elementor-widget-image\" data-id=\"05f4626\" data-element_type=\"widget\" data-e-type=\"widget\" data-widget_type=\"image.default\">\n\t\t\t\t<div class=\"elementor-widget-container\">\n\t\t\t\t\t\t\t\t\t\t\t\t\t\t\t\t<a href=\"https:\/\/www.socialchangeschool.org\/it\/hope-master-in-humanitarian-operations-in-emergencies\/\">\n\t\t\t\t\t\t\t<img decoding=\"async\" width=\"768\" height=\"395\" src=\"https:\/\/www.socialchangeschool.org\/wp-content\/uploads\/2022\/08\/Hope-Box-Clicca-qui.webp\" class=\"attachment-large size-large wp-image-50248\" alt=\"\" srcset=\"https:\/\/www.socialchangeschool.org\/wp-content\/uploads\/2022\/08\/Hope-Box-Clicca-qui.webp 768w, https:\/\/www.socialchangeschool.org\/wp-content\/uploads\/2022\/08\/Hope-Box-Clicca-qui-300x154.webp 300w\" sizes=\"(max-width: 768px) 100vw, 768px\" \/>\t\t\t\t\t\t\t\t<\/a>\n\t\t\t\t\t\t\t\t\t\t\t\t\t\t\t<\/div>\n\t\t\t\t<\/div>\n\t\t\t\t<\/div>\n\t\t<div class=\"elementor-element elementor-element-1cc653f e-con-full e-flex e-con e-child\" data-id=\"1cc653f\" data-element_type=\"container\" data-e-type=\"container\">\n\t\t\t\t<div class=\"elementor-element elementor-element-80f762c elementor-widget elementor-widget-image\" data-id=\"80f762c\" data-element_type=\"widget\" data-e-type=\"widget\" data-widget_type=\"image.default\">\n\t\t\t\t<div class=\"elementor-widget-container\">\n\t\t\t\t\t\t\t\t\t\t\t\t\t\t\t\t<a href=\"https:\/\/www.socialchangeschool.org\/it\/pmc-master-project-management-per-la-cooperazione-internazionale\/\">\n\t\t\t\t\t\t\t<img decoding=\"async\" width=\"1024\" height=\"536\" src=\"https:\/\/www.socialchangeschool.org\/wp-content\/uploads\/2022\/08\/PMC-Clicca-Qui-2.webp\" class=\"attachment-large size-large wp-image-50250\" alt=\"\" srcset=\"https:\/\/www.socialchangeschool.org\/wp-content\/uploads\/2022\/08\/PMC-Clicca-Qui-2.webp 1024w, https:\/\/www.socialchangeschool.org\/wp-content\/uploads\/2022\/08\/PMC-Clicca-Qui-2-300x157.webp 300w, https:\/\/www.socialchangeschool.org\/wp-content\/uploads\/2022\/08\/PMC-Clicca-Qui-2-768x402.webp 768w\" sizes=\"(max-width: 1024px) 100vw, 1024px\" \/>\t\t\t\t\t\t\t\t<\/a>\n\t\t\t\t\t\t\t\t\t\t\t\t\t\t\t<\/div>\n\t\t\t\t<\/div>\n\t\t\t\t<\/div>\n\t\t<div class=\"elementor-element elementor-element-9862db9 e-con-full e-flex e-con e-child\" data-id=\"9862db9\" data-element_type=\"container\" data-e-type=\"container\">\n\t\t\t\t<div class=\"elementor-element elementor-element-ae8dec3 elementor-widget elementor-widget-image\" data-id=\"ae8dec3\" data-element_type=\"widget\" data-e-type=\"widget\" data-widget_type=\"image.default\">\n\t\t\t\t<div class=\"elementor-widget-container\">\n\t\t\t\t\t\t\t\t\t\t\t\t\t\t\t\t<a href=\"https:\/\/www.socialchangeschool.org\/en\/midha-master-in-project-management-for-international-development-and-humanitarian-aid\/\">\n\t\t\t\t\t\t\t<img loading=\"lazy\" decoding=\"async\" width=\"768\" height=\"513\" src=\"https:\/\/www.socialchangeschool.org\/wp-content\/uploads\/2022\/08\/Midha-Box-SCS.webp\" class=\"attachment-large size-large wp-image-50257\" alt=\"\" srcset=\"https:\/\/www.socialchangeschool.org\/wp-content\/uploads\/2022\/08\/Midha-Box-SCS.webp 768w, https:\/\/www.socialchangeschool.org\/wp-content\/uploads\/2022\/08\/Midha-Box-SCS-300x200.webp 300w\" sizes=\"(max-width: 768px) 100vw, 768px\" \/>\t\t\t\t\t\t\t\t<\/a>\n\t\t\t\t\t\t\t\t\t\t\t\t\t\t\t<\/div>\n\t\t\t\t<\/div>\n\t\t\t\t<\/div>\n\t\t<div class=\"elementor-element elementor-element-225ee9a e-con-full e-flex e-con e-child\" data-id=\"225ee9a\" data-element_type=\"container\" data-e-type=\"container\">\n\t\t\t\t<div class=\"elementor-element elementor-element-b58d3a8 elementor-widget elementor-widget-image\" data-id=\"b58d3a8\" data-element_type=\"widget\" data-e-type=\"widget\" data-widget_type=\"image.default\">\n\t\t\t\t<div class=\"elementor-widget-container\">\n\t\t\t\t\t\t\t\t\t\t\t\t\t\t\t\t<a href=\"https:\/\/www.socialchangeschool.org\/it\/master\/lead-strategic-management-terzo-settore\/\">\n\t\t\t\t\t\t\t<img loading=\"lazy\" decoding=\"async\" width=\"1024\" height=\"682\" src=\"https:\/\/www.socialchangeschool.org\/wp-content\/uploads\/2022\/08\/Lead-Box-SCS.webp\" class=\"attachment-large size-large wp-image-50261\" alt=\"\" srcset=\"https:\/\/www.socialchangeschool.org\/wp-content\/uploads\/2022\/08\/Lead-Box-SCS.webp 1024w, https:\/\/www.socialchangeschool.org\/wp-content\/uploads\/2022\/08\/Lead-Box-SCS-300x200.webp 300w, https:\/\/www.socialchangeschool.org\/wp-content\/uploads\/2022\/08\/Lead-Box-SCS-768x512.webp 768w\" sizes=\"(max-width: 1024px) 100vw, 1024px\" \/>\t\t\t\t\t\t\t\t<\/a>\n\t\t\t\t\t\t\t\t\t\t\t\t\t\t\t<\/div>\n\t\t\t\t<\/div>\n\t\t\t\t<\/div>\n\t\t\t\t\t<\/div>\n\t\t\t\t<\/div>\n\t\t\t\t<\/div>\n\t\t","protected":false},"excerpt":{"rendered":"<p>Daniela Fatarella Daniela Fatarella \u00e8 attualmente Direttore Generale&nbsp;a Save the Children Italia. Precedentemente&nbsp;Head of Marketing Communications sempre di Save the Children Italia, in passato ha lavorato come Direttore Marketing e Fundraising presso Greenpeace Italia e come Direttore Nazionale di CBM-Christian Blind Mission, dove ha seguito Missioni cristiane per i ciechi nel mondo per la quale [&hellip;]<\/p>\n","protected":false},"author":2,"featured_media":35304,"comment_status":"closed","ping_status":"closed","sticky":false,"template":"","format":"standard","meta":{"site-sidebar-layout":"default","site-content-layout":"","ast-site-content-layout":"default","site-content-style":"default","site-sidebar-style":"default","ast-global-header-display":"","ast-banner-title-visibility":"","ast-main-header-display":"","ast-hfb-above-header-display":"","ast-hfb-below-header-display":"","ast-hfb-mobile-header-display":"","site-post-title":"","ast-breadcrumbs-content":"","ast-featured-img":"disabled","footer-sml-layout":"","ast-disable-related-posts":"","theme-transparent-header-meta":"","adv-header-id-meta":"","stick-header-meta":"","header-above-stick-meta":"","header-main-stick-meta":"","header-below-stick-meta":"","astra-migrate-meta-layouts":"default","ast-page-background-enabled":"default","ast-page-background-meta":{"desktop":{"background-color":"","background-image":"","background-repeat":"repeat","background-position":"center center","background-size":"auto","background-attachment":"scroll","background-type":"","background-media":"","overlay-type":"","overlay-color":"","overlay-opacity":"","overlay-gradient":""},"tablet":{"background-color":"","background-image":"","background-repeat":"repeat","background-position":"center center","background-size":"auto","background-attachment":"scroll","background-type":"","background-media":"","overlay-type":"","overlay-color":"","overlay-opacity":"","overlay-gradient":""},"mobile":{"background-color":"","background-image":"","background-repeat":"repeat","background-position":"center center","background-size":"auto","background-attachment":"scroll","background-type":"","background-media":"","overlay-type":"","overlay-color":"","overlay-opacity":"","overlay-gradient":""}},"ast-content-background-meta":{"desktop":{"background-color":"var(--ast-global-color-5)","background-image":"","background-repeat":"repeat","background-position":"center center","background-size":"auto","background-attachment":"scroll","background-type":"","background-media":"","overlay-type":"","overlay-color":"","overlay-opacity":"","overlay-gradient":""},"tablet":{"background-color":"var(--ast-global-color-5)","background-image":"","background-repeat":"repeat","background-position":"center center","background-size":"auto","background-attachment":"scroll","background-type":"","background-media":"","overlay-type":"","overlay-color":"","overlay-opacity":"","overlay-gradient":""},"mobile":{"background-color":"var(--ast-global-color-5)","background-image":"","background-repeat":"repeat","background-position":"center center","background-size":"auto","background-attachment":"scroll","background-type":"","background-media":"","overlay-type":"","overlay-color":"","overlay-opacity":"","overlay-gradient":""}},"footnotes":""},"categories":[116],"tags":[141,145,247],"class_list":["post-36566","post","type-post","status-publish","format-standard","has-post-thumbnail","hentry","category-staff","tag-advisor-strategico","tag-frame-it","tag-staff-it"],"yoast_head":"<!-- This site is optimized with the Yoast SEO Premium plugin v27.2 (Yoast SEO v27.5) - https:\/\/yoast.com\/product\/yoast-seo-premium-wordpress\/ -->\n<title>Daniela Fatarella - SocialChangeSchool<\/title>\n<meta name=\"description\" content=\"Daniela Fatarella \u00e8 vice direttrice a Save the Children Italia. Si occupa anche di formazione in ambito Non profit\" \/>\n<meta name=\"robots\" content=\"index, follow, max-snippet:-1, max-image-preview:large, max-video-preview:-1\" \/>\n<link rel=\"canonical\" href=\"https:\/\/www.socialchangeschool.org\/it\/25\/08\/2022\/daniela-fatarella\/\" \/>\n<meta property=\"og:locale\" content=\"it_IT\" \/>\n<meta property=\"og:type\" content=\"article\" \/>\n<meta property=\"og:title\" content=\"Daniela Fatarella\" \/>\n<meta property=\"og:description\" content=\"Daniela Fatarella \u00e8 vice direttrice a Save the Children Italia. Si occupa anche di formazione in ambito Non profit\" \/>\n<meta property=\"og:url\" content=\"https:\/\/www.socialchangeschool.org\/it\/25\/08\/2022\/daniela-fatarella\/\" \/>\n<meta property=\"og:site_name\" content=\"SocialChangeSchool\" \/>\n<meta property=\"article:published_time\" content=\"2022-08-25T12:48:00+00:00\" \/>\n<meta property=\"article:modified_time\" content=\"2026-03-18T10:24:31+00:00\" \/>\n<meta property=\"og:image\" content=\"http:\/\/socialchangeschool.org\/wp-content\/uploads\/2022\/08\/SCS-Staff-Marco-Crescenzi-300x300.jpg\" \/>\n<meta name=\"author\" content=\"Laura Reiss\" \/>\n<meta name=\"twitter:card\" content=\"summary_large_image\" \/>\n<meta name=\"twitter:title\" content=\"Daniela Fatarella\" \/>\n<meta name=\"twitter:description\" content=\"Daniela Fatarella \u00e8 vice direttrice a Save the Children Italia. Si occupa anche di formazione in ambito Non profit\" \/>\n<meta name=\"twitter:image\" content=\"http:\/\/socialchangeschool.org\/wp-content\/uploads\/2022\/08\/SCS-Staff-Marco-Crescenzi.jpg\" \/>\n<meta name=\"twitter:label1\" content=\"Scritto da\" \/>\n\t<meta name=\"twitter:data1\" content=\"Laura Reiss\" \/>\n\t<meta name=\"twitter:label2\" content=\"Tempo di lettura stimato\" \/>\n\t<meta name=\"twitter:data2\" content=\"3 minuti\" \/>\n<script type=\"application\/ld+json\" class=\"yoast-schema-graph\">{\"@context\":\"https:\\\/\\\/schema.org\",\"@graph\":[{\"@type\":\"Article\",\"@id\":\"https:\\\/\\\/www.socialchangeschool.org\\\/it\\\/25\\\/08\\\/2022\\\/daniela-fatarella\\\/#article\",\"isPartOf\":{\"@id\":\"https:\\\/\\\/www.socialchangeschool.org\\\/it\\\/25\\\/08\\\/2022\\\/daniela-fatarella\\\/\"},\"author\":{\"name\":\"Laura Reiss\",\"@id\":\"https:\\\/\\\/www.socialchangeschool.org\\\/it\\\/#\\\/schema\\\/person\\\/830e0c463a7c51633e79f9b14aadf794\"},\"headline\":\"Daniela Fatarella\",\"datePublished\":\"2022-08-25T12:48:00+00:00\",\"dateModified\":\"2026-03-18T10:24:31+00:00\",\"mainEntityOfPage\":{\"@id\":\"https:\\\/\\\/www.socialchangeschool.org\\\/it\\\/25\\\/08\\\/2022\\\/daniela-fatarella\\\/\"},\"wordCount\":247,\"publisher\":{\"@id\":\"https:\\\/\\\/www.socialchangeschool.org\\\/it\\\/#organization\"},\"image\":{\"@id\":\"https:\\\/\\\/www.socialchangeschool.org\\\/it\\\/25\\\/08\\\/2022\\\/daniela-fatarella\\\/#primaryimage\"},\"thumbnailUrl\":\"https:\\\/\\\/www.socialchangeschool.org\\\/wp-content\\\/uploads\\\/2022\\\/08\\\/SCS-Staff-Daniela-Fatarella.jpg\",\"keywords\":[\"Advisor strategico\",\"Frame\",\"Staff\"],\"articleSection\":[\"SCS - Staff\"],\"inLanguage\":\"it-IT\"},{\"@type\":\"WebPage\",\"@id\":\"https:\\\/\\\/www.socialchangeschool.org\\\/it\\\/25\\\/08\\\/2022\\\/daniela-fatarella\\\/\",\"url\":\"https:\\\/\\\/www.socialchangeschool.org\\\/it\\\/25\\\/08\\\/2022\\\/daniela-fatarella\\\/\",\"name\":\"Daniela Fatarella - SocialChangeSchool\",\"isPartOf\":{\"@id\":\"https:\\\/\\\/www.socialchangeschool.org\\\/it\\\/#website\"},\"primaryImageOfPage\":{\"@id\":\"https:\\\/\\\/www.socialchangeschool.org\\\/it\\\/25\\\/08\\\/2022\\\/daniela-fatarella\\\/#primaryimage\"},\"image\":{\"@id\":\"https:\\\/\\\/www.socialchangeschool.org\\\/it\\\/25\\\/08\\\/2022\\\/daniela-fatarella\\\/#primaryimage\"},\"thumbnailUrl\":\"https:\\\/\\\/www.socialchangeschool.org\\\/wp-content\\\/uploads\\\/2022\\\/08\\\/SCS-Staff-Daniela-Fatarella.jpg\",\"datePublished\":\"2022-08-25T12:48:00+00:00\",\"dateModified\":\"2026-03-18T10:24:31+00:00\",\"description\":\"Daniela Fatarella \u00e8 vice direttrice a Save the Children Italia. Si occupa anche di formazione in ambito Non profit\",\"breadcrumb\":{\"@id\":\"https:\\\/\\\/www.socialchangeschool.org\\\/it\\\/25\\\/08\\\/2022\\\/daniela-fatarella\\\/#breadcrumb\"},\"inLanguage\":\"it-IT\",\"potentialAction\":[{\"@type\":\"ReadAction\",\"target\":[\"https:\\\/\\\/www.socialchangeschool.org\\\/it\\\/25\\\/08\\\/2022\\\/daniela-fatarella\\\/\"]}]},{\"@type\":\"ImageObject\",\"inLanguage\":\"it-IT\",\"@id\":\"https:\\\/\\\/www.socialchangeschool.org\\\/it\\\/25\\\/08\\\/2022\\\/daniela-fatarella\\\/#primaryimage\",\"url\":\"https:\\\/\\\/www.socialchangeschool.org\\\/wp-content\\\/uploads\\\/2022\\\/08\\\/SCS-Staff-Daniela-Fatarella.jpg\",\"contentUrl\":\"https:\\\/\\\/www.socialchangeschool.org\\\/wp-content\\\/uploads\\\/2022\\\/08\\\/SCS-Staff-Daniela-Fatarella.jpg\",\"width\":400,\"height\":400,\"caption\":\"SCS - Staff - Daniela Fatarella\"},{\"@type\":\"BreadcrumbList\",\"@id\":\"https:\\\/\\\/www.socialchangeschool.org\\\/it\\\/25\\\/08\\\/2022\\\/daniela-fatarella\\\/#breadcrumb\",\"itemListElement\":[{\"@type\":\"ListItem\",\"position\":1,\"name\":\"Home\",\"item\":\"https:\\\/\\\/www.socialchangeschool.org\\\/it\\\/\"},{\"@type\":\"ListItem\",\"position\":2,\"name\":\"Daniela Fatarella\"}]},{\"@type\":\"WebSite\",\"@id\":\"https:\\\/\\\/www.socialchangeschool.org\\\/it\\\/#website\",\"url\":\"https:\\\/\\\/www.socialchangeschool.org\\\/it\\\/\",\"name\":\"Social Change School\",\"description\":\"worldwide leader for training, connecting and certificating all professionals of Non Profit sector\",\"publisher\":{\"@id\":\"https:\\\/\\\/www.socialchangeschool.org\\\/it\\\/#organization\"},\"alternateName\":\"Leverage of Social Change transformational training institution\",\"potentialAction\":[{\"@type\":\"SearchAction\",\"target\":{\"@type\":\"EntryPoint\",\"urlTemplate\":\"https:\\\/\\\/www.socialchangeschool.org\\\/it\\\/?s={search_term_string}\"},\"query-input\":{\"@type\":\"PropertyValueSpecification\",\"valueRequired\":true,\"valueName\":\"search_term_string\"}}],\"inLanguage\":\"it-IT\"},{\"@type\":\"Organization\",\"@id\":\"https:\\\/\\\/www.socialchangeschool.org\\\/it\\\/#organization\",\"name\":\"Social Change School\",\"alternateName\":\"worldwide leader for training, connecting and certificating all professionals\",\"url\":\"https:\\\/\\\/www.socialchangeschool.org\\\/it\\\/\",\"logo\":{\"@type\":\"ImageObject\",\"inLanguage\":\"it-IT\",\"@id\":\"https:\\\/\\\/www.socialchangeschool.org\\\/it\\\/#\\\/schema\\\/logo\\\/image\\\/\",\"url\":\"https:\\\/\\\/www.socialchangeschool.org\\\/wp-content\\\/uploads\\\/2022\\\/06\\\/Logo-SocialChangeSchool.png\",\"contentUrl\":\"https:\\\/\\\/www.socialchangeschool.org\\\/wp-content\\\/uploads\\\/2022\\\/06\\\/Logo-SocialChangeSchool.png\",\"width\":1721,\"height\":1721,\"caption\":\"Social Change School\"},\"image\":{\"@id\":\"https:\\\/\\\/www.socialchangeschool.org\\\/it\\\/#\\\/schema\\\/logo\\\/image\\\/\"}},{\"@type\":\"Person\",\"@id\":\"https:\\\/\\\/www.socialchangeschool.org\\\/it\\\/#\\\/schema\\\/person\\\/830e0c463a7c51633e79f9b14aadf794\",\"name\":\"Laura Reiss\",\"url\":\"https:\\\/\\\/www.socialchangeschool.org\\\/it\\\/author\\\/ghost\\\/\"}]}<\/script>\n<!-- \/ Yoast SEO Premium plugin. -->","yoast_head_json":{"title":"Daniela Fatarella - SocialChangeSchool","description":"Daniela Fatarella \u00e8 vice direttrice a Save the Children Italia. Si occupa anche di formazione in ambito Non profit","robots":{"index":"index","follow":"follow","max-snippet":"max-snippet:-1","max-image-preview":"max-image-preview:large","max-video-preview":"max-video-preview:-1"},"canonical":"https:\/\/www.socialchangeschool.org\/it\/25\/08\/2022\/daniela-fatarella\/","og_locale":"it_IT","og_type":"article","og_title":"Daniela Fatarella","og_description":"Daniela Fatarella \u00e8 vice direttrice a Save the Children Italia. Si occupa anche di formazione in ambito Non profit","og_url":"https:\/\/www.socialchangeschool.org\/it\/25\/08\/2022\/daniela-fatarella\/","og_site_name":"SocialChangeSchool","article_published_time":"2022-08-25T12:48:00+00:00","article_modified_time":"2026-03-18T10:24:31+00:00","og_image":[{"url":"http:\/\/socialchangeschool.org\/wp-content\/uploads\/2022\/08\/SCS-Staff-Marco-Crescenzi-300x300.jpg","type":"","width":"","height":""}],"author":"Laura Reiss","twitter_card":"summary_large_image","twitter_title":"Daniela Fatarella","twitter_description":"Daniela Fatarella \u00e8 vice direttrice a Save the Children Italia. Si occupa anche di formazione in ambito Non profit","twitter_image":"http:\/\/socialchangeschool.org\/wp-content\/uploads\/2022\/08\/SCS-Staff-Marco-Crescenzi.jpg","twitter_misc":{"Scritto da":"Laura Reiss","Tempo di lettura stimato":"3 minuti"},"schema":{"@context":"https:\/\/schema.org","@graph":[{"@type":"Article","@id":"https:\/\/www.socialchangeschool.org\/it\/25\/08\/2022\/daniela-fatarella\/#article","isPartOf":{"@id":"https:\/\/www.socialchangeschool.org\/it\/25\/08\/2022\/daniela-fatarella\/"},"author":{"name":"Laura Reiss","@id":"https:\/\/www.socialchangeschool.org\/it\/#\/schema\/person\/830e0c463a7c51633e79f9b14aadf794"},"headline":"Daniela Fatarella","datePublished":"2022-08-25T12:48:00+00:00","dateModified":"2026-03-18T10:24:31+00:00","mainEntityOfPage":{"@id":"https:\/\/www.socialchangeschool.org\/it\/25\/08\/2022\/daniela-fatarella\/"},"wordCount":247,"publisher":{"@id":"https:\/\/www.socialchangeschool.org\/it\/#organization"},"image":{"@id":"https:\/\/www.socialchangeschool.org\/it\/25\/08\/2022\/daniela-fatarella\/#primaryimage"},"thumbnailUrl":"https:\/\/www.socialchangeschool.org\/wp-content\/uploads\/2022\/08\/SCS-Staff-Daniela-Fatarella.jpg","keywords":["Advisor strategico","Frame","Staff"],"articleSection":["SCS - Staff"],"inLanguage":"it-IT"},{"@type":"WebPage","@id":"https:\/\/www.socialchangeschool.org\/it\/25\/08\/2022\/daniela-fatarella\/","url":"https:\/\/www.socialchangeschool.org\/it\/25\/08\/2022\/daniela-fatarella\/","name":"Daniela Fatarella - SocialChangeSchool","isPartOf":{"@id":"https:\/\/www.socialchangeschool.org\/it\/#website"},"primaryImageOfPage":{"@id":"https:\/\/www.socialchangeschool.org\/it\/25\/08\/2022\/daniela-fatarella\/#primaryimage"},"image":{"@id":"https:\/\/www.socialchangeschool.org\/it\/25\/08\/2022\/daniela-fatarella\/#primaryimage"},"thumbnailUrl":"https:\/\/www.socialchangeschool.org\/wp-content\/uploads\/2022\/08\/SCS-Staff-Daniela-Fatarella.jpg","datePublished":"2022-08-25T12:48:00+00:00","dateModified":"2026-03-18T10:24:31+00:00","description":"Daniela Fatarella \u00e8 vice direttrice a Save the Children Italia. Si occupa anche di formazione in ambito Non profit","breadcrumb":{"@id":"https:\/\/www.socialchangeschool.org\/it\/25\/08\/2022\/daniela-fatarella\/#breadcrumb"},"inLanguage":"it-IT","potentialAction":[{"@type":"ReadAction","target":["https:\/\/www.socialchangeschool.org\/it\/25\/08\/2022\/daniela-fatarella\/"]}]},{"@type":"ImageObject","inLanguage":"it-IT","@id":"https:\/\/www.socialchangeschool.org\/it\/25\/08\/2022\/daniela-fatarella\/#primaryimage","url":"https:\/\/www.socialchangeschool.org\/wp-content\/uploads\/2022\/08\/SCS-Staff-Daniela-Fatarella.jpg","contentUrl":"https:\/\/www.socialchangeschool.org\/wp-content\/uploads\/2022\/08\/SCS-Staff-Daniela-Fatarella.jpg","width":400,"height":400,"caption":"SCS - Staff - Daniela Fatarella"},{"@type":"BreadcrumbList","@id":"https:\/\/www.socialchangeschool.org\/it\/25\/08\/2022\/daniela-fatarella\/#breadcrumb","itemListElement":[{"@type":"ListItem","position":1,"name":"Home","item":"https:\/\/www.socialchangeschool.org\/it\/"},{"@type":"ListItem","position":2,"name":"Daniela Fatarella"}]},{"@type":"WebSite","@id":"https:\/\/www.socialchangeschool.org\/it\/#website","url":"https:\/\/www.socialchangeschool.org\/it\/","name":"Social Change School","description":"worldwide leader for training, connecting and certificating all professionals of Non Profit sector","publisher":{"@id":"https:\/\/www.socialchangeschool.org\/it\/#organization"},"alternateName":"Leverage of Social Change transformational training institution","potentialAction":[{"@type":"SearchAction","target":{"@type":"EntryPoint","urlTemplate":"https:\/\/www.socialchangeschool.org\/it\/?s={search_term_string}"},"query-input":{"@type":"PropertyValueSpecification","valueRequired":true,"valueName":"search_term_string"}}],"inLanguage":"it-IT"},{"@type":"Organization","@id":"https:\/\/www.socialchangeschool.org\/it\/#organization","name":"Social Change School","alternateName":"worldwide leader for training, connecting and certificating all professionals","url":"https:\/\/www.socialchangeschool.org\/it\/","logo":{"@type":"ImageObject","inLanguage":"it-IT","@id":"https:\/\/www.socialchangeschool.org\/it\/#\/schema\/logo\/image\/","url":"https:\/\/www.socialchangeschool.org\/wp-content\/uploads\/2022\/06\/Logo-SocialChangeSchool.png","contentUrl":"https:\/\/www.socialchangeschool.org\/wp-content\/uploads\/2022\/06\/Logo-SocialChangeSchool.png","width":1721,"height":1721,"caption":"Social Change School"},"image":{"@id":"https:\/\/www.socialchangeschool.org\/it\/#\/schema\/logo\/image\/"}},{"@type":"Person","@id":"https:\/\/www.socialchangeschool.org\/it\/#\/schema\/person\/830e0c463a7c51633e79f9b14aadf794","name":"Laura Reiss","url":"https:\/\/www.socialchangeschool.org\/it\/author\/ghost\/"}]}},"_links":{"self":[{"href":"https:\/\/www.socialchangeschool.org\/it\/wp-json\/wp\/v2\/posts\/36566","targetHints":{"allow":["GET"]}}],"collection":[{"href":"https:\/\/www.socialchangeschool.org\/it\/wp-json\/wp\/v2\/posts"}],"about":[{"href":"https:\/\/www.socialchangeschool.org\/it\/wp-json\/wp\/v2\/types\/post"}],"author":[{"embeddable":true,"href":"https:\/\/www.socialchangeschool.org\/it\/wp-json\/wp\/v2\/users\/2"}],"replies":[{"embeddable":true,"href":"https:\/\/www.socialchangeschool.org\/it\/wp-json\/wp\/v2\/comments?post=36566"}],"version-history":[{"count":39,"href":"https:\/\/www.socialchangeschool.org\/it\/wp-json\/wp\/v2\/posts\/36566\/revisions"}],"predecessor-version":[{"id":51054,"href":"https:\/\/www.socialchangeschool.org\/it\/wp-json\/wp\/v2\/posts\/36566\/revisions\/51054"}],"wp:featuredmedia":[{"embeddable":true,"href":"https:\/\/www.socialchangeschool.org\/it\/wp-json\/wp\/v2\/media\/35304"}],"wp:attachment":[{"href":"https:\/\/www.socialchangeschool.org\/it\/wp-json\/wp\/v2\/media?parent=36566"}],"wp:term":[{"taxonomy":"category","embeddable":true,"href":"https:\/\/www.socialchangeschool.org\/it\/wp-json\/wp\/v2\/categories?post=36566"},{"taxonomy":"post_tag","embeddable":true,"href":"https:\/\/www.socialchangeschool.org\/it\/wp-json\/wp\/v2\/tags?post=36566"}],"curies":[{"name":"wp","href":"https:\/\/api.w.org\/{rel}","templated":true}]}}