{"id":36562,"date":"2022-08-25T14:00:13","date_gmt":"2022-08-25T14:00:13","guid":{"rendered":"http:\/\/socialchangeschool.org\/25\/08\/2022\/elena-maria-crescenzi\/"},"modified":"2022-09-07T09:12:19","modified_gmt":"2022-09-07T09:12:19","slug":"elena-maria-crescenzi","status":"publish","type":"post","link":"https:\/\/www.socialchangeschool.org\/it\/25\/08\/2022\/elena-maria-crescenzi\/","title":{"rendered":"Elena Maria Crescenzi"},"content":{"rendered":"\t\t<div data-elementor-type=\"wp-post\" data-elementor-id=\"36562\" class=\"elementor elementor-36562 elementor-35321\" data-elementor-post-type=\"post\">\n\t\t\t\t\t\t<section class=\"elementor-section elementor-top-section elementor-element elementor-element-44e5b00 elementor-section-boxed elementor-section-height-default elementor-section-height-default\" data-id=\"44e5b00\" data-element_type=\"section\" data-e-type=\"section\">\n\t\t\t\t\t\t<div class=\"elementor-container elementor-column-gap-default\">\n\t\t\t\t\t<div class=\"elementor-column elementor-col-100 elementor-top-column elementor-element elementor-element-87e325a\" data-id=\"87e325a\" data-element_type=\"column\" data-e-type=\"column\">\n\t\t\t<div class=\"elementor-widget-wrap\">\n\t\t\t\t\t\t\t<\/div>\n\t\t<\/div>\n\t\t\t\t\t<\/div>\n\t\t<\/section>\n\t\t\t\t<section class=\"elementor-section elementor-top-section elementor-element elementor-element-9ab423a elementor-section-boxed elementor-section-height-default elementor-section-height-default\" data-id=\"9ab423a\" data-element_type=\"section\" data-e-type=\"section\">\n\t\t\t\t\t\t<div class=\"elementor-container elementor-column-gap-default\">\n\t\t\t\t\t<div class=\"elementor-column elementor-col-100 elementor-top-column elementor-element elementor-element-0098520\" data-id=\"0098520\" data-element_type=\"column\" data-e-type=\"column\">\n\t\t\t<div class=\"elementor-widget-wrap elementor-element-populated\">\n\t\t\t\t\t\t<div class=\"elementor-element elementor-element-9486298 elementor-flip-box--direction-down elementor-flip-box--3d elementor-flip-box--effect-flip elementor-widget elementor-widget-flip-box\" data-id=\"9486298\" data-element_type=\"widget\" data-e-type=\"widget\" data-widget_type=\"flip-box.default\">\n\t\t\t\t<div class=\"elementor-widget-container\">\n\t\t\t\t\t\t\t<div class=\"elementor-flip-box\" tabindex=\"0\">\n\t\t\t<div class=\"elementor-flip-box__layer elementor-flip-box__front\">\n\t\t\t\t<div class=\"elementor-flip-box__layer__overlay\">\n\t\t\t\t\t<div class=\"elementor-flip-box__layer__inner\">\n\t\t\t\t\t\t\n\t\t\t\t\t\t\t\t\t\t\t\t\t<h3 class=\"elementor-flip-box__layer__title\">\n\t\t\t\t\t\t\t\tElena Maria Crescenzi\t\t\t\t\t\t\t<\/h3>\n\t\t\t\t\t\t\n\t\t\t\t\t\t\t\t\t\t\t\t\t<div class=\"elementor-flip-box__layer__description\">\n\t\t\t\t\t\t\t\tCareer Development Service\t\t\t\t\t\t\t<\/div>\n\t\t\t\t\t\t\t\t\t\t\t<\/div>\n\t\t\t\t<\/div>\n\t\t\t<\/div>\n\t\t\t<div class=\"elementor-flip-box__layer elementor-flip-box__back\">\n\t\t\t<div class=\"elementor-flip-box__layer__overlay\">\n\t\t\t\t<div class=\"elementor-flip-box__layer__inner\">\n\t\t\t\t\t\n\t\t\t\t\t\n\t\t\t\t\t\t\t\t<\/div>\n\t\t<\/div>\n\t\t<\/div>\n\t\t<\/div>\n\t\t\t\t\t\t<\/div>\n\t\t\t\t<\/div>\n\t\t\t\t<div class=\"elementor-element elementor-element-39ab33e elementor-widget elementor-widget-text-editor\" data-id=\"39ab33e\" data-element_type=\"widget\" data-e-type=\"widget\" data-widget_type=\"text-editor.default\">\n\t\t\t\t<div class=\"elementor-widget-container\">\n\t\t\t\t\t\t\t\t\tNata e cresciuta a Roma, fin da bambina Elena \u00e8 stata stimolata dal padre ad avvicinarsi a un <b>ambiente internazionale<\/b>, quindi incoraggiata a viaggiare e imparare le lingue. Ci\u00f2 l\u2019ha portata a frequentare il Liceo Linguistico, dove ha potuto apprendere approfonditamente l\u2019<b>Inglese<\/b>, il <b>Francese<\/b> e lo <b>Spagnolo<\/b>.\r\n\r\nVista la sua sensibilit\u00e0 per le tematiche sociali e ambientali, durante le scuole medie e il liceo ha svolto attivit\u00e0 di volontariato nella <b>comunit\u00e0 di Sant\u2019Egidio<\/b>, dove andava nei tristi e abbandonati istituti degli anziani con lo scopo di fargli compagnia, organizzando attivit\u00e0 o semplicemente ascoltando le loro storie. Inoltre, all\u2019et\u00e0 di 17 anni \u00e8 riuscita a motivare la sua classe del liceo ad adottare un bambino a distanza per un anno attraverso l\u2019organizzazione <b>Save the Children<\/b>.\r\n\r\nIn agosto 2018, a 19 anni appena compiuti e a liceo finito, si \u00e8 trasferita a <b>Madrid<\/b> per un anno con lo scopo di fare esperienza all\u2019estero, approfondire la conoscenza dello spagnolo e fare esperienza lavorativa.\r\n\r\nTerminato il suo anno in Spagna, Elena si trasferisce in Scozia, a <b>Edimburgo<\/b>, dove frequenta la <b>Facolt\u00e0 di Psicologia alla Queen Margaret University<\/b>. Da sempre incoraggiata da entrambi i genitori ad essere indipendente, Elena concilia gli studi con il lavoro in un ristorante per poter pagare l\u2019affitto. Questa esperienza che la metter\u00e0 a dura prova, considerati i ritmi stressanti e la barriera linguistica. Nonostante le iniziali difficolt\u00e0 alla fine riuscir\u00e0 a adattarsi e a portare il suo contributo.\r\n\r\nTornata in Italia a causa della pandemia, nell\u2019estate 2020 Elena decide di approfondire il suo interesse per le tematiche spirituali come lo <b>yoga<\/b> e il <b>reiki<\/b> (una pratica energetica giapponese per il bilanciamento dei chakra), frequentando e portando a termine un corso di primo livello di reiki.<span class=\"Apple-converted-space\">\u00a0 <\/span>Questo le permette di fare trattamenti reiki che per ora svolge alla limitata cerchia dei suoi coinquilini &#8211; uno spagnolo, uno irlandese e una italiana.\r\n\r\nAl momento Elena sta frequentando il secondo anno di universit\u00e0 e lavorando con una delle sue pi\u00f9 grandi passioni, i bambini, grazie all\u2019<b>agenzia <i>Supermums<\/i><\/b>, che le permette di lavorare come aiuto maestra o nelle famiglie come child-carer.\r\n\r\nAma la natura, scrivere e stare tra persone di valore, con mente aperta e curiosa, come lei. Sempre pronta e interessata al cambiamento e alle diversit\u00e0, non vede l\u2019ora di viaggiare ancora e visitare il mondo intero.\r\n\r\nDicono di lei: spontanea, divertente e un po\u2019 hippie.\t\t\t\t\t\t\t\t<\/div>\n\t\t\t\t<\/div>\n\t\t\t\t\t<\/div>\n\t\t<\/div>\n\t\t\t\t\t<\/div>\n\t\t<\/section>\n\t\t\t\t<\/div>\n\t\t","protected":false},"excerpt":{"rendered":"<p>Elena Maria Crescenzi Career Development Service Nata e cresciuta a Roma, fin da bambina Elena \u00e8 stata stimolata dal padre ad avvicinarsi a un ambiente internazionale, quindi incoraggiata a viaggiare e imparare le lingue. Ci\u00f2 l\u2019ha portata a frequentare il Liceo Linguistico, dove ha potuto apprendere approfonditamente l\u2019Inglese, il Francese e lo Spagnolo. Vista la [&hellip;]<\/p>\n","protected":false},"author":2,"featured_media":35324,"comment_status":"closed","ping_status":"closed","sticky":false,"template":"","format":"standard","meta":{"site-sidebar-layout":"default","site-content-layout":"","ast-site-content-layout":"default","site-content-style":"default","site-sidebar-style":"default","ast-global-header-display":"","ast-banner-title-visibility":"","ast-main-header-display":"","ast-hfb-above-header-display":"","ast-hfb-below-header-display":"","ast-hfb-mobile-header-display":"","site-post-title":"","ast-breadcrumbs-content":"","ast-featured-img":"disabled","footer-sml-layout":"","ast-disable-related-posts":"","theme-transparent-header-meta":"","adv-header-id-meta":"","stick-header-meta":"","header-above-stick-meta":"","header-main-stick-meta":"","header-below-stick-meta":"","astra-migrate-meta-layouts":"default","ast-page-background-enabled":"default","ast-page-background-meta":{"desktop":{"background-color":"","background-image":"","background-repeat":"repeat","background-position":"center center","background-size":"auto","background-attachment":"scroll","background-type":"","background-media":"","overlay-type":"","overlay-color":"","overlay-opacity":"","overlay-gradient":""},"tablet":{"background-color":"","background-image":"","background-repeat":"repeat","background-position":"center center","background-size":"auto","background-attachment":"scroll","background-type":"","background-media":"","overlay-type":"","overlay-color":"","overlay-opacity":"","overlay-gradient":""},"mobile":{"background-color":"","background-image":"","background-repeat":"repeat","background-position":"center center","background-size":"auto","background-attachment":"scroll","background-type":"","background-media":"","overlay-type":"","overlay-color":"","overlay-opacity":"","overlay-gradient":""}},"ast-content-background-meta":{"desktop":{"background-color":"var(--ast-global-color-5)","background-image":"","background-repeat":"repeat","background-position":"center center","background-size":"auto","background-attachment":"scroll","background-type":"","background-media":"","overlay-type":"","overlay-color":"","overlay-opacity":"","overlay-gradient":""},"tablet":{"background-color":"var(--ast-global-color-5)","background-image":"","background-repeat":"repeat","background-position":"center center","background-size":"auto","background-attachment":"scroll","background-type":"","background-media":"","overlay-type":"","overlay-color":"","overlay-opacity":"","overlay-gradient":""},"mobile":{"background-color":"var(--ast-global-color-5)","background-image":"","background-repeat":"repeat","background-position":"center center","background-size":"auto","background-attachment":"scroll","background-type":"","background-media":"","overlay-type":"","overlay-color":"","overlay-opacity":"","overlay-gradient":""}},"footnotes":""},"categories":[139],"tags":[142,143,247],"class_list":["post-36562","post","type-post","status-publish","format-standard","has-post-thumbnail","hentry","category-scs-staff","tag-career-development-services-it","tag-orientamento-e-stage","tag-staff-it"],"yoast_head":"<!-- This site is optimized with the Yoast SEO Premium plugin v27.2 (Yoast SEO v27.4) - https:\/\/yoast.com\/product\/yoast-seo-premium-wordpress\/ -->\n<title>Elena Maria Crescenzi - SocialChangeSchool<\/title>\n<meta name=\"description\" content=\"Elena Sofia Crescenzi - Career Development Service per Social Change School - \u00e8 sensibile alle tematiche sociali ed ambientali.\" \/>\n<meta name=\"robots\" content=\"index, follow, max-snippet:-1, max-image-preview:large, max-video-preview:-1\" \/>\n<link rel=\"canonical\" href=\"https:\/\/www.socialchangeschool.org\/it\/25\/08\/2022\/elena-maria-crescenzi\/\" \/>\n<meta property=\"og:locale\" content=\"it_IT\" \/>\n<meta property=\"og:type\" content=\"article\" \/>\n<meta property=\"og:title\" content=\"Elena Maria Crescenzi\" \/>\n<meta property=\"og:description\" content=\"Elena Sofia Crescenzi - Career Development Service per Social Change School - \u00e8 sensibile alle tematiche sociali ed ambientali.\" \/>\n<meta property=\"og:url\" content=\"https:\/\/www.socialchangeschool.org\/it\/25\/08\/2022\/elena-maria-crescenzi\/\" \/>\n<meta property=\"og:site_name\" content=\"SocialChangeSchool\" \/>\n<meta property=\"article:published_time\" content=\"2022-08-25T14:00:13+00:00\" \/>\n<meta property=\"article:modified_time\" content=\"2022-09-07T09:12:19+00:00\" \/>\n<meta property=\"og:image\" content=\"http:\/\/socialchangeschool.org\/wp-content\/uploads\/2022\/08\/SCS-Staff-Marco-Crescenzi-300x300.jpg\" \/>\n<meta name=\"author\" content=\"Laura Reiss\" \/>\n<meta name=\"twitter:card\" content=\"summary_large_image\" \/>\n<meta name=\"twitter:title\" content=\"Elena Maria Crescenzi\" \/>\n<meta name=\"twitter:description\" content=\"Elena Sofia Crescenzi - Career Development Service per Social Change School - \u00e8 sensibile alle tematiche sociali ed ambientali.\" \/>\n<meta name=\"twitter:image\" content=\"http:\/\/socialchangeschool.org\/wp-content\/uploads\/2022\/08\/SCS-Staff-Marco-Crescenzi.jpg\" \/>\n<meta name=\"twitter:label1\" content=\"Scritto da\" \/>\n\t<meta name=\"twitter:data1\" content=\"Laura Reiss\" \/>\n\t<meta name=\"twitter:label2\" content=\"Tempo di lettura stimato\" \/>\n\t<meta name=\"twitter:data2\" content=\"2 minuti\" \/>\n<script type=\"application\/ld+json\" class=\"yoast-schema-graph\">{\"@context\":\"https:\\\/\\\/schema.org\",\"@graph\":[{\"@type\":\"Article\",\"@id\":\"https:\\\/\\\/www.socialchangeschool.org\\\/it\\\/25\\\/08\\\/2022\\\/elena-maria-crescenzi\\\/#article\",\"isPartOf\":{\"@id\":\"https:\\\/\\\/www.socialchangeschool.org\\\/it\\\/25\\\/08\\\/2022\\\/elena-maria-crescenzi\\\/\"},\"author\":{\"name\":\"Laura Reiss\",\"@id\":\"https:\\\/\\\/www.socialchangeschool.org\\\/it\\\/#\\\/schema\\\/person\\\/830e0c463a7c51633e79f9b14aadf794\"},\"headline\":\"Elena Maria Crescenzi\",\"datePublished\":\"2022-08-25T14:00:13+00:00\",\"dateModified\":\"2022-09-07T09:12:19+00:00\",\"mainEntityOfPage\":{\"@id\":\"https:\\\/\\\/www.socialchangeschool.org\\\/it\\\/25\\\/08\\\/2022\\\/elena-maria-crescenzi\\\/\"},\"wordCount\":405,\"publisher\":{\"@id\":\"https:\\\/\\\/www.socialchangeschool.org\\\/it\\\/#organization\"},\"image\":{\"@id\":\"https:\\\/\\\/www.socialchangeschool.org\\\/it\\\/25\\\/08\\\/2022\\\/elena-maria-crescenzi\\\/#primaryimage\"},\"thumbnailUrl\":\"https:\\\/\\\/www.socialchangeschool.org\\\/wp-content\\\/uploads\\\/2022\\\/08\\\/SCS-Staff-Elena-Maria-Crescenzi.jpg\",\"keywords\":[\"Career Development Services\",\"Orientamento e Stage\",\"Staff\"],\"articleSection\":[\"SCS - Staff\"],\"inLanguage\":\"it-IT\"},{\"@type\":\"WebPage\",\"@id\":\"https:\\\/\\\/www.socialchangeschool.org\\\/it\\\/25\\\/08\\\/2022\\\/elena-maria-crescenzi\\\/\",\"url\":\"https:\\\/\\\/www.socialchangeschool.org\\\/it\\\/25\\\/08\\\/2022\\\/elena-maria-crescenzi\\\/\",\"name\":\"Elena Maria Crescenzi - SocialChangeSchool\",\"isPartOf\":{\"@id\":\"https:\\\/\\\/www.socialchangeschool.org\\\/it\\\/#website\"},\"primaryImageOfPage\":{\"@id\":\"https:\\\/\\\/www.socialchangeschool.org\\\/it\\\/25\\\/08\\\/2022\\\/elena-maria-crescenzi\\\/#primaryimage\"},\"image\":{\"@id\":\"https:\\\/\\\/www.socialchangeschool.org\\\/it\\\/25\\\/08\\\/2022\\\/elena-maria-crescenzi\\\/#primaryimage\"},\"thumbnailUrl\":\"https:\\\/\\\/www.socialchangeschool.org\\\/wp-content\\\/uploads\\\/2022\\\/08\\\/SCS-Staff-Elena-Maria-Crescenzi.jpg\",\"datePublished\":\"2022-08-25T14:00:13+00:00\",\"dateModified\":\"2022-09-07T09:12:19+00:00\",\"description\":\"Elena Sofia Crescenzi - Career Development Service per Social Change School - \u00e8 sensibile alle tematiche sociali ed ambientali.\",\"breadcrumb\":{\"@id\":\"https:\\\/\\\/www.socialchangeschool.org\\\/it\\\/25\\\/08\\\/2022\\\/elena-maria-crescenzi\\\/#breadcrumb\"},\"inLanguage\":\"it-IT\",\"potentialAction\":[{\"@type\":\"ReadAction\",\"target\":[\"https:\\\/\\\/www.socialchangeschool.org\\\/it\\\/25\\\/08\\\/2022\\\/elena-maria-crescenzi\\\/\"]}]},{\"@type\":\"ImageObject\",\"inLanguage\":\"it-IT\",\"@id\":\"https:\\\/\\\/www.socialchangeschool.org\\\/it\\\/25\\\/08\\\/2022\\\/elena-maria-crescenzi\\\/#primaryimage\",\"url\":\"https:\\\/\\\/www.socialchangeschool.org\\\/wp-content\\\/uploads\\\/2022\\\/08\\\/SCS-Staff-Elena-Maria-Crescenzi.jpg\",\"contentUrl\":\"https:\\\/\\\/www.socialchangeschool.org\\\/wp-content\\\/uploads\\\/2022\\\/08\\\/SCS-Staff-Elena-Maria-Crescenzi.jpg\",\"width\":550,\"height\":400,\"caption\":\"SCS - Staff - Elena Maria Crescenzi\"},{\"@type\":\"BreadcrumbList\",\"@id\":\"https:\\\/\\\/www.socialchangeschool.org\\\/it\\\/25\\\/08\\\/2022\\\/elena-maria-crescenzi\\\/#breadcrumb\",\"itemListElement\":[{\"@type\":\"ListItem\",\"position\":1,\"name\":\"Home\",\"item\":\"https:\\\/\\\/www.socialchangeschool.org\\\/it\\\/\"},{\"@type\":\"ListItem\",\"position\":2,\"name\":\"Elena Maria Crescenzi\"}]},{\"@type\":\"WebSite\",\"@id\":\"https:\\\/\\\/www.socialchangeschool.org\\\/it\\\/#website\",\"url\":\"https:\\\/\\\/www.socialchangeschool.org\\\/it\\\/\",\"name\":\"Social Change School\",\"description\":\"worldwide leader for training, connecting and certificating all professionals of Non Profit sector\",\"publisher\":{\"@id\":\"https:\\\/\\\/www.socialchangeschool.org\\\/it\\\/#organization\"},\"alternateName\":\"Leverage of Social Change transformational training institution\",\"potentialAction\":[{\"@type\":\"SearchAction\",\"target\":{\"@type\":\"EntryPoint\",\"urlTemplate\":\"https:\\\/\\\/www.socialchangeschool.org\\\/it\\\/?s={search_term_string}\"},\"query-input\":{\"@type\":\"PropertyValueSpecification\",\"valueRequired\":true,\"valueName\":\"search_term_string\"}}],\"inLanguage\":\"it-IT\"},{\"@type\":\"Organization\",\"@id\":\"https:\\\/\\\/www.socialchangeschool.org\\\/it\\\/#organization\",\"name\":\"Social Change School\",\"alternateName\":\"worldwide leader for training, connecting and certificating all professionals\",\"url\":\"https:\\\/\\\/www.socialchangeschool.org\\\/it\\\/\",\"logo\":{\"@type\":\"ImageObject\",\"inLanguage\":\"it-IT\",\"@id\":\"https:\\\/\\\/www.socialchangeschool.org\\\/it\\\/#\\\/schema\\\/logo\\\/image\\\/\",\"url\":\"https:\\\/\\\/www.socialchangeschool.org\\\/wp-content\\\/uploads\\\/2022\\\/06\\\/Logo-SocialChangeSchool.png\",\"contentUrl\":\"https:\\\/\\\/www.socialchangeschool.org\\\/wp-content\\\/uploads\\\/2022\\\/06\\\/Logo-SocialChangeSchool.png\",\"width\":1721,\"height\":1721,\"caption\":\"Social Change School\"},\"image\":{\"@id\":\"https:\\\/\\\/www.socialchangeschool.org\\\/it\\\/#\\\/schema\\\/logo\\\/image\\\/\"}},{\"@type\":\"Person\",\"@id\":\"https:\\\/\\\/www.socialchangeschool.org\\\/it\\\/#\\\/schema\\\/person\\\/830e0c463a7c51633e79f9b14aadf794\",\"name\":\"Laura Reiss\",\"url\":\"https:\\\/\\\/www.socialchangeschool.org\\\/it\\\/author\\\/ghost\\\/\"}]}<\/script>\n<!-- \/ Yoast SEO Premium plugin. -->","yoast_head_json":{"title":"Elena Maria Crescenzi - SocialChangeSchool","description":"Elena Sofia Crescenzi - Career Development Service per Social Change School - \u00e8 sensibile alle tematiche sociali ed ambientali.","robots":{"index":"index","follow":"follow","max-snippet":"max-snippet:-1","max-image-preview":"max-image-preview:large","max-video-preview":"max-video-preview:-1"},"canonical":"https:\/\/www.socialchangeschool.org\/it\/25\/08\/2022\/elena-maria-crescenzi\/","og_locale":"it_IT","og_type":"article","og_title":"Elena Maria Crescenzi","og_description":"Elena Sofia Crescenzi - Career Development Service per Social Change School - \u00e8 sensibile alle tematiche sociali ed ambientali.","og_url":"https:\/\/www.socialchangeschool.org\/it\/25\/08\/2022\/elena-maria-crescenzi\/","og_site_name":"SocialChangeSchool","article_published_time":"2022-08-25T14:00:13+00:00","article_modified_time":"2022-09-07T09:12:19+00:00","og_image":[{"url":"http:\/\/socialchangeschool.org\/wp-content\/uploads\/2022\/08\/SCS-Staff-Marco-Crescenzi-300x300.jpg","type":"","width":"","height":""}],"author":"Laura Reiss","twitter_card":"summary_large_image","twitter_title":"Elena Maria Crescenzi","twitter_description":"Elena Sofia Crescenzi - Career Development Service per Social Change School - \u00e8 sensibile alle tematiche sociali ed ambientali.","twitter_image":"http:\/\/socialchangeschool.org\/wp-content\/uploads\/2022\/08\/SCS-Staff-Marco-Crescenzi.jpg","twitter_misc":{"Scritto da":"Laura Reiss","Tempo di lettura stimato":"2 minuti"},"schema":{"@context":"https:\/\/schema.org","@graph":[{"@type":"Article","@id":"https:\/\/www.socialchangeschool.org\/it\/25\/08\/2022\/elena-maria-crescenzi\/#article","isPartOf":{"@id":"https:\/\/www.socialchangeschool.org\/it\/25\/08\/2022\/elena-maria-crescenzi\/"},"author":{"name":"Laura Reiss","@id":"https:\/\/www.socialchangeschool.org\/it\/#\/schema\/person\/830e0c463a7c51633e79f9b14aadf794"},"headline":"Elena Maria Crescenzi","datePublished":"2022-08-25T14:00:13+00:00","dateModified":"2022-09-07T09:12:19+00:00","mainEntityOfPage":{"@id":"https:\/\/www.socialchangeschool.org\/it\/25\/08\/2022\/elena-maria-crescenzi\/"},"wordCount":405,"publisher":{"@id":"https:\/\/www.socialchangeschool.org\/it\/#organization"},"image":{"@id":"https:\/\/www.socialchangeschool.org\/it\/25\/08\/2022\/elena-maria-crescenzi\/#primaryimage"},"thumbnailUrl":"https:\/\/www.socialchangeschool.org\/wp-content\/uploads\/2022\/08\/SCS-Staff-Elena-Maria-Crescenzi.jpg","keywords":["Career Development Services","Orientamento e Stage","Staff"],"articleSection":["SCS - Staff"],"inLanguage":"it-IT"},{"@type":"WebPage","@id":"https:\/\/www.socialchangeschool.org\/it\/25\/08\/2022\/elena-maria-crescenzi\/","url":"https:\/\/www.socialchangeschool.org\/it\/25\/08\/2022\/elena-maria-crescenzi\/","name":"Elena Maria Crescenzi - SocialChangeSchool","isPartOf":{"@id":"https:\/\/www.socialchangeschool.org\/it\/#website"},"primaryImageOfPage":{"@id":"https:\/\/www.socialchangeschool.org\/it\/25\/08\/2022\/elena-maria-crescenzi\/#primaryimage"},"image":{"@id":"https:\/\/www.socialchangeschool.org\/it\/25\/08\/2022\/elena-maria-crescenzi\/#primaryimage"},"thumbnailUrl":"https:\/\/www.socialchangeschool.org\/wp-content\/uploads\/2022\/08\/SCS-Staff-Elena-Maria-Crescenzi.jpg","datePublished":"2022-08-25T14:00:13+00:00","dateModified":"2022-09-07T09:12:19+00:00","description":"Elena Sofia Crescenzi - Career Development Service per Social Change School - \u00e8 sensibile alle tematiche sociali ed ambientali.","breadcrumb":{"@id":"https:\/\/www.socialchangeschool.org\/it\/25\/08\/2022\/elena-maria-crescenzi\/#breadcrumb"},"inLanguage":"it-IT","potentialAction":[{"@type":"ReadAction","target":["https:\/\/www.socialchangeschool.org\/it\/25\/08\/2022\/elena-maria-crescenzi\/"]}]},{"@type":"ImageObject","inLanguage":"it-IT","@id":"https:\/\/www.socialchangeschool.org\/it\/25\/08\/2022\/elena-maria-crescenzi\/#primaryimage","url":"https:\/\/www.socialchangeschool.org\/wp-content\/uploads\/2022\/08\/SCS-Staff-Elena-Maria-Crescenzi.jpg","contentUrl":"https:\/\/www.socialchangeschool.org\/wp-content\/uploads\/2022\/08\/SCS-Staff-Elena-Maria-Crescenzi.jpg","width":550,"height":400,"caption":"SCS - Staff - Elena Maria Crescenzi"},{"@type":"BreadcrumbList","@id":"https:\/\/www.socialchangeschool.org\/it\/25\/08\/2022\/elena-maria-crescenzi\/#breadcrumb","itemListElement":[{"@type":"ListItem","position":1,"name":"Home","item":"https:\/\/www.socialchangeschool.org\/it\/"},{"@type":"ListItem","position":2,"name":"Elena Maria Crescenzi"}]},{"@type":"WebSite","@id":"https:\/\/www.socialchangeschool.org\/it\/#website","url":"https:\/\/www.socialchangeschool.org\/it\/","name":"Social Change School","description":"worldwide leader for training, connecting and certificating all professionals of Non Profit sector","publisher":{"@id":"https:\/\/www.socialchangeschool.org\/it\/#organization"},"alternateName":"Leverage of Social Change transformational training institution","potentialAction":[{"@type":"SearchAction","target":{"@type":"EntryPoint","urlTemplate":"https:\/\/www.socialchangeschool.org\/it\/?s={search_term_string}"},"query-input":{"@type":"PropertyValueSpecification","valueRequired":true,"valueName":"search_term_string"}}],"inLanguage":"it-IT"},{"@type":"Organization","@id":"https:\/\/www.socialchangeschool.org\/it\/#organization","name":"Social Change School","alternateName":"worldwide leader for training, connecting and certificating all professionals","url":"https:\/\/www.socialchangeschool.org\/it\/","logo":{"@type":"ImageObject","inLanguage":"it-IT","@id":"https:\/\/www.socialchangeschool.org\/it\/#\/schema\/logo\/image\/","url":"https:\/\/www.socialchangeschool.org\/wp-content\/uploads\/2022\/06\/Logo-SocialChangeSchool.png","contentUrl":"https:\/\/www.socialchangeschool.org\/wp-content\/uploads\/2022\/06\/Logo-SocialChangeSchool.png","width":1721,"height":1721,"caption":"Social Change School"},"image":{"@id":"https:\/\/www.socialchangeschool.org\/it\/#\/schema\/logo\/image\/"}},{"@type":"Person","@id":"https:\/\/www.socialchangeschool.org\/it\/#\/schema\/person\/830e0c463a7c51633e79f9b14aadf794","name":"Laura Reiss","url":"https:\/\/www.socialchangeschool.org\/it\/author\/ghost\/"}]}},"_links":{"self":[{"href":"https:\/\/www.socialchangeschool.org\/it\/wp-json\/wp\/v2\/posts\/36562","targetHints":{"allow":["GET"]}}],"collection":[{"href":"https:\/\/www.socialchangeschool.org\/it\/wp-json\/wp\/v2\/posts"}],"about":[{"href":"https:\/\/www.socialchangeschool.org\/it\/wp-json\/wp\/v2\/types\/post"}],"author":[{"embeddable":true,"href":"https:\/\/www.socialchangeschool.org\/it\/wp-json\/wp\/v2\/users\/2"}],"replies":[{"embeddable":true,"href":"https:\/\/www.socialchangeschool.org\/it\/wp-json\/wp\/v2\/comments?post=36562"}],"version-history":[{"count":0,"href":"https:\/\/www.socialchangeschool.org\/it\/wp-json\/wp\/v2\/posts\/36562\/revisions"}],"wp:featuredmedia":[{"embeddable":true,"href":"https:\/\/www.socialchangeschool.org\/it\/wp-json\/wp\/v2\/media\/35324"}],"wp:attachment":[{"href":"https:\/\/www.socialchangeschool.org\/it\/wp-json\/wp\/v2\/media?parent=36562"}],"wp:term":[{"taxonomy":"category","embeddable":true,"href":"https:\/\/www.socialchangeschool.org\/it\/wp-json\/wp\/v2\/categories?post=36562"},{"taxonomy":"post_tag","embeddable":true,"href":"https:\/\/www.socialchangeschool.org\/it\/wp-json\/wp\/v2\/tags?post=36562"}],"curies":[{"name":"wp","href":"https:\/\/api.w.org\/{rel}","templated":true}]}}